{"id":19428,"date":"2025-11-08T07:09:03","date_gmt":"2025-11-08T06:09:03","guid":{"rendered":"https:\/\/veritasinfo.org\/?p=19428"},"modified":"2025-11-08T16:49:08","modified_gmt":"2025-11-08T15:49:08","slug":"bislimi-raporti-i-progresit-per-kosoven-eshte-me-objektiv-se-sa-me-pare","status":"publish","type":"post","link":"https:\/\/veritasinfo.org\/?p=19428","title":{"rendered":"Bislimi: Raporti i Progresit p\u00ebr Kosov\u00ebn \u00ebsht\u00eb m\u00eb objektiv se sa m\u00eb par\u00eb"},"content":{"rendered":"<p>Prishtin\u00eb, 8 n\u00ebntor 2025<\/p>\n<p>Z\u00ebvend\u00ebskryeministri n\u00eb detyr\u00eb, Besnik Bislimi, n\u00eb nj\u00eb intervist\u00eb p\u00ebr RTK-n\u00eb ka folur p\u00ebr Raportin e Progresit t\u00eb Komisionit Evropian p\u00ebr Kosov\u00ebn p\u00ebr vitin 2025, p\u00ebr situat\u00ebn e brendshme politike, masat nd\u00ebshkuese t\u00eb Bashkimit Evropian dhe zhvillimet e fundit institucionale n\u00eb vend.<\/p>\n<p>Bislimi theksoi se raporti i sivjetm\u00eb p\u00ebr Kosov\u00ebn nuk p\u00ebrmban nj\u00eb vler\u00ebsim p\u00ebrfundimtar, si\u00e7 \u00ebsht\u00eb pretenduar nga disa gazetar\u00eb, por jep vler\u00ebsime t\u00eb ve\u00e7anta p\u00ebr secilin kapitull t\u00eb agjend\u00ebs s\u00eb integrimeve evropiane.<\/p>\n<p>\u201cRaporti nuk ka asnj\u00eb cil\u00ebsim apo not\u00eb p\u00ebrfundimtare. Rrjedhimisht ky konstatimi q\u00eb paska nj\u00eb cil\u00ebsim mes \u2018p\u00ebrkrahjes s\u00eb kufizuar\u2019 apo \u2018stagnim\u2019 \u00ebsht\u00eb nj\u00eb lapsus q\u00eb ka lindur nga disa gazetar\u00eb. Raporti ndan vler\u00ebsime p\u00ebr kapituj individual\u00eb dhe n\u00eb 35 prej tyre ka progres t\u00eb limituar ose progres t\u00eb mir\u00eb. Vet\u00ebm n\u00eb tri fusha konstatohet munges\u00eb progresi. N\u00eb nj\u00ebr\u00ebn prej tyre edhe nuk kemi mundur t\u00eb kemi progres sepse flitet p\u00ebr peshkatarin\u00eb. Duke qen\u00eb se Kosova nuk ka dalje n\u00eb det, nuk e ka si sektor t\u00eb zhvilluar dhe nuk kemi se si t\u00eb koncentrojm\u00eb energjin\u00eb resurset tona n\u00eb zhvillimin e k\u00ebtij sektori\u201d, tha Bislimi.<\/p>\n<p>Ai shtoi se raporti i k\u00ebtij viti \u00ebsht\u00eb duksh\u00ebm m\u00eb objektiv dhe m\u00eb korrekt n\u00eb krahasim me vitet paraprake.<\/p>\n<p>\u201c\u00cbsht\u00eb hera e par\u00eb q\u00eb nuk kemi nevoj\u00eb t\u00eb shpenzojm\u00eb energji p\u00ebr t\u00eb bindur partner\u00ebt n\u00eb Bruksel se disa nga vler\u00ebsimet kan\u00eb qen\u00eb t\u00eb gabuara ose jan\u00eb karakterizuar me subjektivitet t\u00eb madh. Pjesa m\u00eb e madhe e vler\u00ebsimeve \u00ebsht\u00eb brenda suazave t\u00eb korrekt\u00ebsis\u00eb\u201d, theksoi Bislimi.<\/p>\n<p>Sipas tij, raporti duhet par\u00eb n\u00eb kontekstin e kufizimeve q\u00eb ka pasur Kosova gjat\u00eb k\u00ebsaj periudhe, p\u00ebrfshir\u00eb munges\u00ebn e institucioneve t\u00eb konsoliduara, masat nd\u00ebshkuese t\u00eb BE-s\u00eb dhe pamund\u00ebsin\u00eb e ratifikimit t\u00eb instrumentit t\u00eb Planit t\u00eb Rritjes n\u00eb Kuvend.<\/p>\n<p>\u201cN\u00ebse i kemi parasysh k\u00ebto kufizime, raporti tregon nj\u00eb sukses mbi proporcional t\u00eb Kosov\u00ebs,\u201d tha Bislimi.<\/p>\n<p>Z\u00ebvend\u00ebskryeministri n\u00eb detyr\u00eb foli edhe p\u00ebr situat\u00ebn e krijuar pas zgjedhjeve t\u00eb fundit, duke theksuar se ng\u00ebr\u00e7i institucional ka ardhur si pasoj\u00eb e refuzimit t\u00eb disa subjekteve politike p\u00ebr t\u00eb pranuar rezultatin zgjedhor.<\/p>\n<p>\u201cNg\u00ebr\u00e7i institucional \u00ebsht\u00eb krijuar n\u00eb at\u00eb moment kur nj\u00eb pjes\u00eb e spektrit politik ka refuzuar ta pranoj\u00eb rezultatin zgjedhor. Edhe pse i ke marr\u00eb 15% ke dashur t\u00eb sjell\u00ebsh dhe t\u00eb trajtohesh si fitues i zgjedhjeve dhe kjo \u00ebsht\u00eb pak a shum\u00eb e palogjikshme. Dhe n\u00eb k\u00ebt\u00eb kontekst ka dominuar ideja q\u00eb ai q\u00eb \u00ebsht\u00eb i madhi duhet t\u00eb l\u00ebshoj\u00eb pe e t\u00eb b\u00ebj\u00eb kompromise. Dhe n\u00ebse e ndiqni me kujdes ecjen q\u00eb nga fundi i muajit mars e deri m\u00eb tani, ka vet\u00ebm nj\u00eb subjekt politik i cili n\u00eb k\u00ebt\u00eb ng\u00ebr\u00e7 institucional \u00ebsht\u00eb sjell\u00eb me p\u00ebrgjegj\u00ebsi dhe ka ofruar zgjidhje dhe kompromise. Na \u00ebsht\u00eb th\u00ebn\u00eb ne nuk e votojm\u00eb gruan m\u00eb t\u00eb votuar n\u00eb Kosov\u00eb, ish-ministren e drejt\u00ebsis\u00eb, e ju si parti e madhe duhet t\u00eb b\u00ebni kompromis, por edhe kur b\u00ebni kompromis ne prap\u00eb nuk ju votojm\u00eb\u201d, tha Bislimi, duke iu referuar q\u00ebndrimeve t\u00eb LDK-s\u00eb.<\/p>\n<p>\u201cKy ka qen\u00eb q\u00ebndrimi i LDK-s\u00eb; Ju duhet t\u00eb reflektoni duhet ta ndryshoni kandidatin, por edhe kur e ndryshoni ne nuk ju votojm\u00eb. Duhet t\u00eb ecni edhe me kandidatin p\u00ebr kryeminist\u00ebr por edhe kur e ndryshoni ne nuk ju votojm\u00eb.\u00a0 Pra, \u00ebsht\u00eb nj\u00eb subjekt q\u00eb ofron kompromise, q\u00eb b\u00ebn ftesa dhe ka subjekte tjera q\u00eb refuzojn\u00eb ftesat dhe t\u00eb kritikojn\u00eb q\u00eb nuk po b\u00ebn kompromise dhe pastaj kur b\u00ebn kompromise thon\u00eb se kjo nuk qon pesh\u00eb p\u00ebr neve se prap\u00eb nuk l\u00ebvizim prej pozicioni, por kompromisi duhet\u201d, n\u00ebnvizoi Bislimi.<\/p>\n<p>Sipas tij nuk mund t\u00eb flas\u00ebsh p\u00ebr kompromis kur refuzon t\u00eb l\u00ebviz\u00ebsh nga pozicioni, e i cili si i till\u00eb sipas tij \u00ebsht\u00eb pozicion bllokues.<\/p>\n<p>\u201cK\u00ebt\u00eb e kemi par\u00eb te zgjedhja e kryetarit t\u00eb Kuvendit, e kemi par\u00eb te zgjedhja e n\u00ebnkryetar\u00ebve t\u00eb kuvendit, e kemi par\u00eb te votimi i qeveris\u00eb dhe po e shohim edhe tani te ftesa q\u00eb ne po u b\u00ebjm\u00eb q\u00eb t\u00eb ecim p\u00ebrpara me disa momente me r\u00ebnd\u00ebsi, si miratimi i Ligjit p\u00ebr Buxhetin e vitit 2026, miratimi i buxheteve 2025 p\u00ebr komunat e Prishtin\u00ebs, Gjilanit dhe Zubin Potokut si dhe miratimi i Planit t\u00eb Rritjes, si dhe alkimi i buxhetit p\u00ebr RTK-n\u00eb. Jan\u00eb kat\u00ebr vendime q\u00eb kan\u00eb nj\u00eb doz\u00eb urgjence, q\u00eb Kuvendi si i konstituuar ka mund\u00ebsi t\u00eb ec\u00eb p\u00ebrpara, por ka nj\u00eb hezitim apo rezistenc\u00eb\u201d, shtoi ai.<\/p>\n<p>Duke folur p\u00ebr masat nd\u00ebshkuese t\u00eb Bashkimit Evropian, Bislimi tha se tani Brukseli po pret transferin e qet\u00eb t\u00eb pushtetit lokal n\u00eb kat\u00ebr komunat veriore.<\/p>\n<p>\u201cAjo \u00e7far\u00eb kemi d\u00ebgjuar s\u00eb fundmi \u00ebsht\u00eb se ata po presin se si do t\u00eb ndodh\u00eb transferi i pushtetit lokal n\u00eb kat\u00ebr komunat n\u00eb veri, pasi q\u00eb fituesit e k\u00ebtyre zgjedhjeve jan\u00eb t\u00eb ndrysh\u00ebm nga kryetar\u00ebt aktual. Si duket ka lindur si anekdot\u00eb brenda institucioneve t\u00eb caktuara BE-s\u00eb ndonj\u00eb frik\u00eb apo breng\u00eb se mund t\u00eb ket\u00eb tensione brenda k\u00ebtij transferi. Ata duhet t\u00eb binden se kjo nuk ndodh dhe pastaj t\u00eb hiqen masat\u201d, u shpreh Bislimi.<\/p>\n<p>Sa i p\u00ebrket munges\u00ebs s\u00eb emrit t\u00eb tij n\u00eb kabinetin e propozuar nga mandatari i par\u00eb p\u00ebr krijimin e qeveris\u00eb, Albin Kurti, Bislimi theksoi se ka qen\u00eb k\u00ebrkes\u00eb e tij p\u00ebr t\u00eb mos vazhduar m\u00eb tej n\u00eb qeveri.<\/p>\n<p>\u201cJam jasht\u00ebzakonisht shum\u00eb i lumtur dhe krenar q\u00eb m\u00eb \u00ebsht\u00eb dh\u00ebn\u00eb mund\u00ebsia q\u00eb p\u00ebrgjat\u00eb k\u00ebtyre kat\u00ebr viteve, pothuajse pes\u00eb, t\u2019 i ndihmoj\u00eb z.Kurti n\u00eb avancimin e proceseve p\u00ebr t\u00eb cilat ai ka b\u00ebr\u00eb zotime n\u00eb fushat\u00ebn e vitit 2021 dhe ka marr\u00eb p\u00ebrgjegj\u00ebsin\u00eb pas votimit t\u00eb qeveris\u00eb. P\u00ebr mua kjo ka qen\u00eb ve\u00e7an\u00ebrisht me r\u00ebnd\u00ebsi, p\u00ebr arsye se un\u00eb nuk kam kaluar n\u00ebp\u00ebr ato fazat e testimit n\u00eb zgjedhje, pra nuk kam qen\u00eb pjes\u00eb e listave zgjedhore. Dhe t\u00eb marr\u00ebsh dik\u00eb q\u00eb nuk ka qen\u00eb pjes\u00eb e list\u00ebs zgjedhore dhe ta vendos\u00ebsh si z\u00ebvend\u00ebskryeminist\u00ebr t\u00eb par\u00eb dhe t\u2019i jap\u00ebsh bukur kompetenca nuk ka qen\u00eb e leht\u00eb as p\u00ebr kryeministrin. Ka qen\u00eb vendim i imi, meqen\u00ebse ky angazhim ka qen\u00eb shum\u00eb i lodhsh\u00ebm dhe kam nevoj\u00eb p\u00ebr pak pushim, pak koh\u00eb p\u00ebr familje\u201d, tha Bislimi, i cili paralajm\u00ebroi se kontributin e tij n\u00eb t\u00eb ardhmen mund ta jap\u00eb n\u00eb nj\u00eb fush\u00eb tjet\u00ebr, por pa dh\u00ebn\u00eb holl\u00ebsi tjera.<\/p>\n<p>N\u00eb fund, ai theksoi se n\u00ebse mandatari i dyt\u00eb p\u00ebr krijimin e qeveris\u00eb nuk arrin t\u00eb marr\u00eb 61 votat e nevojshme, at\u00ebher\u00eb vendi n\u00eb dhjetor do t\u00eb shkoj\u00eb n\u00eb zgjedhje t\u00eb jasht\u00ebzakonshme.<\/p>\n<p>\u201cN\u00eb qoft\u00eb se kemi konstatim se p\u00ebr 9 muaj ne nuk kemi arritur t\u2019i kryejm\u00eb detyrat edhe vizavi BE-s\u00eb por edhe vizavi qytetar\u00ebve, si\u00e7 \u00ebsht\u00eb rasti me buxhetet e komunave, me buxhetin e RTK-s\u00eb, me Planin e Rritjes etj, \u00ebsht\u00eb shum\u00eb me r\u00ebnd\u00ebsi q\u00eb qytetar\u00ebve t\u2019ia shpjegojm\u00eb ku ka ndodhur ngecja, ku ka ndodhur bllokada, kush jan\u00eb p\u00ebrgjegj\u00ebsit. Kush ka vepruar konform rezultatit zgjedhor t\u00eb 9 shkurtit, e kush ka tentuar ta nd\u00ebrroj\u00eb rezultatin n\u00ebn tavolin\u00eb. Kush ka menduar q\u00eb me 15 p\u00ebrqind fal\u00eb ambasadave, fal\u00eb bllokadave, fal\u00eb inateve mundet t\u00eb shpallet fitues\u201d, theksoi Bislimi.<\/p>\n<p>Ai ka th\u00ebn\u00eb se qytetar\u00ebt do ta ken\u00eb t\u00eb qart\u00eb situat\u00ebn dhe n\u00eb t\u00eb ardhmen nuk do t\u00eb lejojn\u00eb q\u00eb p\u00ebrmes vot\u00ebs s\u00eb tyre ta mund\u00ebsojn\u00eb nj\u00eb bllokad\u00eb t\u00eb till\u00eb.<\/p>\n<p>\u201cN\u00eb politik\u00eb ky\u00e7esh p\u00ebr t\u00eb shtyr\u00eb proceset p\u00ebrpara, jo p\u00ebr t\u00eb bllokuar proceset\u201d, p\u00ebrfundoi Bislimi, teksa akuzoi partit\u00eb e tjera se jan\u00eb bllokuese n\u00eb krijimin e institucioneve pas zgjedhjeve t\u00eb 9 shkurtit.<\/p>\n<p>&nbsp;<\/p>\n","protected":false},"excerpt":{"rendered":"<p>Prishtin\u00eb, 8 n\u00ebntor 2025 Z\u00ebvend\u00ebskryeministri n\u00eb detyr\u00eb, Besnik Bislimi, n\u00eb nj\u00eb intervist\u00eb p\u00ebr RTK-n\u00eb ka folur p\u00ebr Raportin e Progresit t\u00eb Komisionit Evropian p\u00ebr Kosov\u00ebn<\/p>\n","protected":false},"author":7,"featured_media":19429,"comment_status":"open","ping_status":"open","sticky":false,"template":"","format":"standard","meta":{"footnotes":""},"categories":[58],"tags":[],"class_list":["post-19428","post","type-post","status-publish","format-standard","has-post-thumbnail","hentry","category-politike-sq"],"yoast_head":"<!-- This site is optimized with the Yoast SEO plugin v25.3.1 - https:\/\/yoast.com\/wordpress\/plugins\/seo\/ -->\n<title>Bislimi: Raporti i Progresit p\u00ebr Kosov\u00ebn \u00ebsht\u00eb m\u00eb objektiv se sa m\u00eb par\u00eb -<\/title>\n<meta name=\"robots\" content=\"index, follow, max-snippet:-1, max-image-preview:large, max-video-preview:-1\" \/>\n<link rel=\"canonical\" href=\"https:\/\/veritasinfo.org\/?p=19428\" \/>\n<meta property=\"og:locale\" content=\"en_US\" \/>\n<meta property=\"og:type\" content=\"article\" \/>\n<meta property=\"og:title\" content=\"Bislimi: Raporti i Progresit p\u00ebr Kosov\u00ebn \u00ebsht\u00eb m\u00eb objektiv se sa m\u00eb par\u00eb -\" \/>\n<meta property=\"og:description\" content=\"Prishtin\u00eb, 8 n\u00ebntor 2025 Z\u00ebvend\u00ebskryeministri n\u00eb detyr\u00eb, Besnik Bislimi, n\u00eb nj\u00eb intervist\u00eb p\u00ebr RTK-n\u00eb ka folur p\u00ebr Raportin e Progresit t\u00eb Komisionit Evropian p\u00ebr Kosov\u00ebn\" \/>\n<meta property=\"og:url\" content=\"https:\/\/veritasinfo.org\/?p=19428\" \/>\n<meta property=\"article:published_time\" content=\"2025-11-08T06:09:03+00:00\" \/>\n<meta property=\"article:modified_time\" content=\"2025-11-08T15:49:08+00:00\" \/>\n<meta property=\"og:image\" content=\"https:\/\/veritasinfo.org\/wp-content\/uploads\/2025\/11\/576962724_889767280052406_6515502463137733045_n.jpg\" \/>\n\t<meta property=\"og:image:width\" content=\"2048\" \/>\n\t<meta property=\"og:image:height\" content=\"1365\" \/>\n\t<meta property=\"og:image:type\" content=\"image\/jpeg\" \/>\n<meta name=\"author\" content=\"US6\" \/>\n<meta name=\"twitter:card\" content=\"summary_large_image\" \/>\n<meta name=\"twitter:label1\" content=\"Written by\" \/>\n\t<meta name=\"twitter:data1\" content=\"US6\" \/>\n\t<meta name=\"twitter:label2\" content=\"Est. reading time\" \/>\n\t<meta name=\"twitter:data2\" content=\"6 minutes\" \/>\n<script type=\"application\/ld+json\" class=\"yoast-schema-graph\">{\"@context\":\"https:\/\/schema.org\",\"@graph\":[{\"@type\":\"WebPage\",\"@id\":\"https:\/\/veritasinfo.org\/?p=19428\",\"url\":\"https:\/\/veritasinfo.org\/?p=19428\",\"name\":\"Bislimi: Raporti i Progresit p\u00ebr Kosov\u00ebn \u00ebsht\u00eb m\u00eb objektiv se sa m\u00eb par\u00eb -\",\"isPartOf\":{\"@id\":\"https:\/\/veritasinfo.org\/#website\"},\"primaryImageOfPage\":{\"@id\":\"https:\/\/veritasinfo.org\/?p=19428#primaryimage\"},\"image\":{\"@id\":\"https:\/\/veritasinfo.org\/?p=19428#primaryimage\"},\"thumbnailUrl\":\"https:\/\/veritasinfo.org\/wp-content\/uploads\/2025\/11\/576962724_889767280052406_6515502463137733045_n.jpg\",\"datePublished\":\"2025-11-08T06:09:03+00:00\",\"dateModified\":\"2025-11-08T15:49:08+00:00\",\"author\":{\"@id\":\"https:\/\/veritasinfo.org\/#\/schema\/person\/fe199eede04c3937362892b7444747cc\"},\"breadcrumb\":{\"@id\":\"https:\/\/veritasinfo.org\/?p=19428#breadcrumb\"},\"inLanguage\":\"en-US\",\"potentialAction\":[{\"@type\":\"ReadAction\",\"target\":[\"https:\/\/veritasinfo.org\/?p=19428\"]}]},{\"@type\":\"ImageObject\",\"inLanguage\":\"en-US\",\"@id\":\"https:\/\/veritasinfo.org\/?p=19428#primaryimage\",\"url\":\"https:\/\/veritasinfo.org\/wp-content\/uploads\/2025\/11\/576962724_889767280052406_6515502463137733045_n.jpg\",\"contentUrl\":\"https:\/\/veritasinfo.org\/wp-content\/uploads\/2025\/11\/576962724_889767280052406_6515502463137733045_n.jpg\",\"width\":2048,\"height\":1365},{\"@type\":\"BreadcrumbList\",\"@id\":\"https:\/\/veritasinfo.org\/?p=19428#breadcrumb\",\"itemListElement\":[{\"@type\":\"ListItem\",\"position\":1,\"name\":\"Home\",\"item\":\"https:\/\/veritasinfo.org\/\"},{\"@type\":\"ListItem\",\"position\":2,\"name\":\"Bislimi: Raporti i Progresit p\u00ebr Kosov\u00ebn \u00ebsht\u00eb m\u00eb objektiv se sa m\u00eb par\u00eb\"}]},{\"@type\":\"WebSite\",\"@id\":\"https:\/\/veritasinfo.org\/#website\",\"url\":\"https:\/\/veritasinfo.org\/\",\"name\":\"\",\"description\":\"\",\"potentialAction\":[{\"@type\":\"SearchAction\",\"target\":{\"@type\":\"EntryPoint\",\"urlTemplate\":\"https:\/\/veritasinfo.org\/?s={search_term_string}\"},\"query-input\":{\"@type\":\"PropertyValueSpecification\",\"valueRequired\":true,\"valueName\":\"search_term_string\"}}],\"inLanguage\":\"en-US\"},{\"@type\":\"Person\",\"@id\":\"https:\/\/veritasinfo.org\/#\/schema\/person\/fe199eede04c3937362892b7444747cc\",\"name\":\"US6\",\"image\":{\"@type\":\"ImageObject\",\"inLanguage\":\"en-US\",\"@id\":\"https:\/\/veritasinfo.org\/#\/schema\/person\/image\/\",\"url\":\"https:\/\/secure.gravatar.com\/avatar\/cb16c3c31c9d23b9b8c705964598220b3014e42ff51eb540ff23cefa3ae8c15f?s=96&d=mm&r=g\",\"contentUrl\":\"https:\/\/secure.gravatar.com\/avatar\/cb16c3c31c9d23b9b8c705964598220b3014e42ff51eb540ff23cefa3ae8c15f?s=96&d=mm&r=g\",\"caption\":\"US6\"},\"url\":\"https:\/\/veritasinfo.org\/?author=7\"}]}<\/script>\n<!-- \/ Yoast SEO plugin. -->","yoast_head_json":{"title":"Bislimi: Raporti i Progresit p\u00ebr Kosov\u00ebn \u00ebsht\u00eb m\u00eb objektiv se sa m\u00eb par\u00eb -","robots":{"index":"index","follow":"follow","max-snippet":"max-snippet:-1","max-image-preview":"max-image-preview:large","max-video-preview":"max-video-preview:-1"},"canonical":"https:\/\/veritasinfo.org\/?p=19428","og_locale":"en_US","og_type":"article","og_title":"Bislimi: Raporti i Progresit p\u00ebr Kosov\u00ebn \u00ebsht\u00eb m\u00eb objektiv se sa m\u00eb par\u00eb -","og_description":"Prishtin\u00eb, 8 n\u00ebntor 2025 Z\u00ebvend\u00ebskryeministri n\u00eb detyr\u00eb, Besnik Bislimi, n\u00eb nj\u00eb intervist\u00eb p\u00ebr RTK-n\u00eb ka folur p\u00ebr Raportin e Progresit t\u00eb Komisionit Evropian p\u00ebr Kosov\u00ebn","og_url":"https:\/\/veritasinfo.org\/?p=19428","article_published_time":"2025-11-08T06:09:03+00:00","article_modified_time":"2025-11-08T15:49:08+00:00","og_image":[{"width":2048,"height":1365,"url":"https:\/\/veritasinfo.org\/wp-content\/uploads\/2025\/11\/576962724_889767280052406_6515502463137733045_n.jpg","type":"image\/jpeg"}],"author":"US6","twitter_card":"summary_large_image","twitter_misc":{"Written by":"US6","Est. reading time":"6 minutes"},"schema":{"@context":"https:\/\/schema.org","@graph":[{"@type":"WebPage","@id":"https:\/\/veritasinfo.org\/?p=19428","url":"https:\/\/veritasinfo.org\/?p=19428","name":"Bislimi: Raporti i Progresit p\u00ebr Kosov\u00ebn \u00ebsht\u00eb m\u00eb objektiv se sa m\u00eb par\u00eb -","isPartOf":{"@id":"https:\/\/veritasinfo.org\/#website"},"primaryImageOfPage":{"@id":"https:\/\/veritasinfo.org\/?p=19428#primaryimage"},"image":{"@id":"https:\/\/veritasinfo.org\/?p=19428#primaryimage"},"thumbnailUrl":"https:\/\/veritasinfo.org\/wp-content\/uploads\/2025\/11\/576962724_889767280052406_6515502463137733045_n.jpg","datePublished":"2025-11-08T06:09:03+00:00","dateModified":"2025-11-08T15:49:08+00:00","author":{"@id":"https:\/\/veritasinfo.org\/#\/schema\/person\/fe199eede04c3937362892b7444747cc"},"breadcrumb":{"@id":"https:\/\/veritasinfo.org\/?p=19428#breadcrumb"},"inLanguage":"en-US","potentialAction":[{"@type":"ReadAction","target":["https:\/\/veritasinfo.org\/?p=19428"]}]},{"@type":"ImageObject","inLanguage":"en-US","@id":"https:\/\/veritasinfo.org\/?p=19428#primaryimage","url":"https:\/\/veritasinfo.org\/wp-content\/uploads\/2025\/11\/576962724_889767280052406_6515502463137733045_n.jpg","contentUrl":"https:\/\/veritasinfo.org\/wp-content\/uploads\/2025\/11\/576962724_889767280052406_6515502463137733045_n.jpg","width":2048,"height":1365},{"@type":"BreadcrumbList","@id":"https:\/\/veritasinfo.org\/?p=19428#breadcrumb","itemListElement":[{"@type":"ListItem","position":1,"name":"Home","item":"https:\/\/veritasinfo.org\/"},{"@type":"ListItem","position":2,"name":"Bislimi: Raporti i Progresit p\u00ebr Kosov\u00ebn \u00ebsht\u00eb m\u00eb objektiv se sa m\u00eb par\u00eb"}]},{"@type":"WebSite","@id":"https:\/\/veritasinfo.org\/#website","url":"https:\/\/veritasinfo.org\/","name":"","description":"","potentialAction":[{"@type":"SearchAction","target":{"@type":"EntryPoint","urlTemplate":"https:\/\/veritasinfo.org\/?s={search_term_string}"},"query-input":{"@type":"PropertyValueSpecification","valueRequired":true,"valueName":"search_term_string"}}],"inLanguage":"en-US"},{"@type":"Person","@id":"https:\/\/veritasinfo.org\/#\/schema\/person\/fe199eede04c3937362892b7444747cc","name":"US6","image":{"@type":"ImageObject","inLanguage":"en-US","@id":"https:\/\/veritasinfo.org\/#\/schema\/person\/image\/","url":"https:\/\/secure.gravatar.com\/avatar\/cb16c3c31c9d23b9b8c705964598220b3014e42ff51eb540ff23cefa3ae8c15f?s=96&d=mm&r=g","contentUrl":"https:\/\/secure.gravatar.com\/avatar\/cb16c3c31c9d23b9b8c705964598220b3014e42ff51eb540ff23cefa3ae8c15f?s=96&d=mm&r=g","caption":"US6"},"url":"https:\/\/veritasinfo.org\/?author=7"}]}},"featured_image_urls":{"full":["https:\/\/veritasinfo.org\/wp-content\/uploads\/2025\/11\/576962724_889767280052406_6515502463137733045_n.jpg",2048,1365,false],"thumbnail":["https:\/\/veritasinfo.org\/wp-content\/uploads\/2025\/11\/576962724_889767280052406_6515502463137733045_n-150x150.jpg",150,150,true],"medium":["https:\/\/veritasinfo.org\/wp-content\/uploads\/2025\/11\/576962724_889767280052406_6515502463137733045_n-300x200.jpg",300,200,true],"medium_large":["https:\/\/veritasinfo.org\/wp-content\/uploads\/2025\/11\/576962724_889767280052406_6515502463137733045_n-768x512.jpg",640,427,true],"large":["https:\/\/veritasinfo.org\/wp-content\/uploads\/2025\/11\/576962724_889767280052406_6515502463137733045_n-1024x683.jpg",640,427,true],"1536x1536":["https:\/\/veritasinfo.org\/wp-content\/uploads\/2025\/11\/576962724_889767280052406_6515502463137733045_n-1536x1024.jpg",1536,1024,true],"2048x2048":["https:\/\/veritasinfo.org\/wp-content\/uploads\/2025\/11\/576962724_889767280052406_6515502463137733045_n.jpg",2048,1365,false],"kreeti-slider-full":["https:\/\/veritasinfo.org\/wp-content\/uploads\/2025\/11\/576962724_889767280052406_6515502463137733045_n.jpg",1080,720,false],"kreeti-featured":["https:\/\/veritasinfo.org\/wp-content\/uploads\/2025\/11\/576962724_889767280052406_6515502463137733045_n.jpg",1024,683,false],"kreeti-medium":["https:\/\/veritasinfo.org\/wp-content\/uploads\/2025\/11\/576962724_889767280052406_6515502463137733045_n.jpg",720,480,false],"kreeti-medium-square":["https:\/\/veritasinfo.org\/wp-content\/uploads\/2025\/11\/576962724_889767280052406_6515502463137733045_n.jpg",350,233,false]},"author_info":{"info":["US6"]},"category_info":"<a href=\"https:\/\/veritasinfo.org\/?cat=58\" rel=\"category\">Politik\u00eb<\/a>","tag_info":"Politik\u00eb","comment_count":"0","_links":{"self":[{"href":"https:\/\/veritasinfo.org\/index.php?rest_route=\/wp\/v2\/posts\/19428","targetHints":{"allow":["GET"]}}],"collection":[{"href":"https:\/\/veritasinfo.org\/index.php?rest_route=\/wp\/v2\/posts"}],"about":[{"href":"https:\/\/veritasinfo.org\/index.php?rest_route=\/wp\/v2\/types\/post"}],"author":[{"embeddable":true,"href":"https:\/\/veritasinfo.org\/index.php?rest_route=\/wp\/v2\/users\/7"}],"replies":[{"embeddable":true,"href":"https:\/\/veritasinfo.org\/index.php?rest_route=%2Fwp%2Fv2%2Fcomments&post=19428"}],"version-history":[{"count":2,"href":"https:\/\/veritasinfo.org\/index.php?rest_route=\/wp\/v2\/posts\/19428\/revisions"}],"predecessor-version":[{"id":19494,"href":"https:\/\/veritasinfo.org\/index.php?rest_route=\/wp\/v2\/posts\/19428\/revisions\/19494"}],"wp:featuredmedia":[{"embeddable":true,"href":"https:\/\/veritasinfo.org\/index.php?rest_route=\/wp\/v2\/media\/19429"}],"wp:attachment":[{"href":"https:\/\/veritasinfo.org\/index.php?rest_route=%2Fwp%2Fv2%2Fmedia&parent=19428"}],"wp:term":[{"taxonomy":"category","embeddable":true,"href":"https:\/\/veritasinfo.org\/index.php?rest_route=%2Fwp%2Fv2%2Fcategories&post=19428"},{"taxonomy":"post_tag","embeddable":true,"href":"https:\/\/veritasinfo.org\/index.php?rest_route=%2Fwp%2Fv2%2Ftags&post=19428"}],"curies":[{"name":"wp","href":"https:\/\/api.w.org\/{rel}","templated":true}]}}