{"id":1938,"date":"2025-06-29T11:34:51","date_gmt":"2025-06-29T09:34:51","guid":{"rendered":"https:\/\/veritasinfo.org\/?p=1938"},"modified":"2025-06-29T11:36:17","modified_gmt":"2025-06-29T09:36:17","slug":"deshtimi-i-seances-se-39-te-per-konstituimin-e-kuvendit-te-kosoves","status":"publish","type":"post","link":"https:\/\/veritasinfo.org\/?p=1938","title":{"rendered":"D\u00ebshton  Seanca e 39-t\u00eb p\u00ebr Konstituimin e Kuvendit t\u00eb Kosov\u00ebs"},"content":{"rendered":"<div class=\"html-div xdj266r x14z9mp xat24cr x1lziwak xexx8yu xyri2b x18d9i69 x1c1uobl x78zum5 x15zctf7\">\n<div class=\"html-div xdj266r x14z9mp xat24cr x1lziwak xexx8yu xyri2b x18d9i69 x1c1uobl xeuugli x1vjfegm\">\n<div>\n<div class=\"html-div xdj266r x14z9mp xat24cr x1lziwak xexx8yu xyri2b x18d9i69 x1c1uobl x78zum5 xh8yej3\" role=\"presentation\">\n<div class=\"x78zum5 xdt5ytf x193iq5w x1n2onr6 x1kxipp6 xuk3077\">\n<div class=\"x78zum5 xh8yej3\" role=\"none\">\n<div class=\"html-div xdj266r x14z9mp xat24cr x1lziwak xexx8yu xyri2b x18d9i69 x1c1uobl x6ikm8r x10wlt62\">\n<div class=\"html-div xdj266r x14z9mp xat24cr x1lziwak x14ctfv x13sv91t x6ikm8r x10wlt62 xerhiuh x1pn3fxy x10zy8in xm9bcq3 x1n2onr6 x1vjfegm x1k4qllp x1mzt3pk x13faqbe x11jlvup xpmdkuv xrmkrer x12z03op x9wyiwl x13fuv20 x18b5jzi x1q0q8m5 x1t7ytsu x12lizq0 x1nrdd72 x1ybe9c6 xx487zo xaymx6s x1lu5o8o x1ou5ly4 xofb2d2\" role=\"presentation\">\n<div class=\"html-div xexx8yu xyri2b x18d9i69 x1c1uobl x1gslohp x14z9mp x12nagc x1lziwak x1yc453h x126k92a xyk4ms5\" dir=\"auto\">\n<p>Prishtin\u00eb 29.06.202025<\/p>\n<p>Edhe seanca e 39-t\u00eb p\u00ebr konstituimin e Kuvendit t\u00eb Kosov\u00ebs ka d\u00ebshtuar t\u00eb mbahet sot, duke thelluar kriz\u00ebn institucionale q\u00eb po zvarritet prej disa jav\u00ebsh. Deputet\u00ebt nuk arrit\u00ebn t\u00eb sigurojn\u00eb kuorumin e nevojsh\u00ebm p\u00ebr t\u00eb vazhduar me procedurat e zgjedhjes s\u00eb kryetarit t\u00eb Kuvendit dhe themelimin e organeve tjera parlamentare.<\/p>\n<p>Mungesa e konsensusit nd\u00ebrmjet partive politike dhe p\u00ebrplasjet p\u00ebr ndarjen e posteve udh\u00ebheq\u00ebse jan\u00eb duke e penguar funksionalizimin e legjislativit t\u00eb ri.<br \/>\nN\u00eb deklaratat e tyre p\u00ebr media, p\u00ebrfaq\u00ebsues t\u00eb disa partive opozitare faj\u00ebsuan L\u00ebvizjen Vet\u00ebvendosje p\u00ebr bllokim t\u00eb q\u00ebllimsh\u00ebm t\u00eb k\u00ebtij procesi.<\/p>\n<p>Zvarritja e k\u00ebtij procesi mund t\u00eb ket\u00eb ndikim negativ edhe n\u00eb marr\u00ebdh\u00ebniet me partner\u00ebt nd\u00ebrkomb\u00ebtar\u00eb t\u00eb Kosov\u00ebs. N\u00eb munges\u00eb t\u00eb ndonj\u00eb marr\u00ebveshjeje konkrete, nuk \u00ebsht\u00eb caktuar ende data p\u00ebr nj\u00eb seanc\u00eb t\u00eb re, nd\u00ebrkoh\u00eb q\u00eb Gjykata Kushtetuese ka l\u00ebn\u00eb t\u00eb qart\u00eb se vonesat e pajustifikuara p\u00ebrb\u00ebjn\u00eb shkelje t\u00eb rendit kushtetues.<br \/>\nSituata mbetet e pa kjart\u00eb, nd\u00ebrsa vendi edhe m\u00eb tutje pa nj\u00eb Kuvend funksional.<\/p>\n<\/div>\n<div dir=\"auto\"><\/div>\n<\/div>\n<\/div>\n<\/div>\n<\/div>\n<\/div>\n<\/div>\n<\/div>\n<\/div>\n","protected":false},"excerpt":{"rendered":"<p>Prishtin\u00eb 29.06.202025 Edhe seanca e 39-t\u00eb p\u00ebr konstituimin e Kuvendit t\u00eb Kosov\u00ebs ka d\u00ebshtuar t\u00eb mbahet sot, duke thelluar kriz\u00ebn institucionale q\u00eb po zvarritet prej<\/p>\n","protected":false},"author":1,"featured_media":1944,"comment_status":"open","ping_status":"open","sticky":false,"template":"","format":"standard","meta":{"footnotes":""},"categories":[60,15],"tags":[],"class_list":["post-1938","post","type-post","status-publish","format-standard","has-post-thumbnail","hentry","category-shoqerore-sq","category-uncategorized-sq"],"yoast_head":"<!-- This site is optimized with the Yoast SEO plugin v25.3.1 - https:\/\/yoast.com\/wordpress\/plugins\/seo\/ -->\n<title>D\u00ebshton Seanca e 39-t\u00eb p\u00ebr Konstituimin e Kuvendit t\u00eb Kosov\u00ebs -<\/title>\n<meta name=\"robots\" content=\"index, follow, max-snippet:-1, max-image-preview:large, max-video-preview:-1\" \/>\n<link rel=\"canonical\" href=\"https:\/\/veritasinfo.org\/?p=1938\" \/>\n<meta property=\"og:locale\" content=\"en_US\" \/>\n<meta property=\"og:type\" content=\"article\" \/>\n<meta property=\"og:title\" content=\"D\u00ebshton Seanca e 39-t\u00eb p\u00ebr Konstituimin e Kuvendit t\u00eb Kosov\u00ebs -\" \/>\n<meta property=\"og:description\" content=\"Prishtin\u00eb 29.06.202025 Edhe seanca e 39-t\u00eb p\u00ebr konstituimin e Kuvendit t\u00eb Kosov\u00ebs ka d\u00ebshtuar t\u00eb mbahet sot, duke thelluar kriz\u00ebn institucionale q\u00eb po zvarritet prej\" \/>\n<meta property=\"og:url\" content=\"https:\/\/veritasinfo.org\/?p=1938\" \/>\n<meta property=\"article:published_time\" content=\"2025-06-29T09:34:51+00:00\" \/>\n<meta property=\"article:modified_time\" content=\"2025-06-29T09:36:17+00:00\" \/>\n<meta property=\"og:image\" content=\"https:\/\/veritasinfo.org\/wp-content\/uploads\/2025\/06\/kuvendiii-.jpg\" \/>\n\t<meta property=\"og:image:width\" content=\"1024\" \/>\n\t<meta property=\"og:image:height\" content=\"576\" \/>\n\t<meta property=\"og:image:type\" content=\"image\/jpeg\" \/>\n<meta name=\"author\" content=\"admin\" \/>\n<meta name=\"twitter:card\" content=\"summary_large_image\" \/>\n<meta name=\"twitter:label1\" content=\"Written by\" \/>\n\t<meta name=\"twitter:data1\" content=\"admin\" \/>\n\t<meta name=\"twitter:label2\" content=\"Est. reading time\" \/>\n\t<meta name=\"twitter:data2\" content=\"1 minute\" \/>\n<script type=\"application\/ld+json\" class=\"yoast-schema-graph\">{\"@context\":\"https:\/\/schema.org\",\"@graph\":[{\"@type\":\"WebPage\",\"@id\":\"https:\/\/veritasinfo.org\/?p=1938\",\"url\":\"https:\/\/veritasinfo.org\/?p=1938\",\"name\":\"D\u00ebshton Seanca e 39-t\u00eb p\u00ebr Konstituimin e Kuvendit t\u00eb Kosov\u00ebs -\",\"isPartOf\":{\"@id\":\"https:\/\/veritasinfo.org\/#website\"},\"primaryImageOfPage\":{\"@id\":\"https:\/\/veritasinfo.org\/?p=1938#primaryimage\"},\"image\":{\"@id\":\"https:\/\/veritasinfo.org\/?p=1938#primaryimage\"},\"thumbnailUrl\":\"https:\/\/veritasinfo.org\/wp-content\/uploads\/2025\/06\/kuvendiii-.jpg\",\"datePublished\":\"2025-06-29T09:34:51+00:00\",\"dateModified\":\"2025-06-29T09:36:17+00:00\",\"author\":{\"@id\":\"https:\/\/veritasinfo.org\/#\/schema\/person\/7701f8c088bece422266b100a712374f\"},\"breadcrumb\":{\"@id\":\"https:\/\/veritasinfo.org\/?p=1938#breadcrumb\"},\"inLanguage\":\"en-US\",\"potentialAction\":[{\"@type\":\"ReadAction\",\"target\":[\"https:\/\/veritasinfo.org\/?p=1938\"]}]},{\"@type\":\"ImageObject\",\"inLanguage\":\"en-US\",\"@id\":\"https:\/\/veritasinfo.org\/?p=1938#primaryimage\",\"url\":\"https:\/\/veritasinfo.org\/wp-content\/uploads\/2025\/06\/kuvendiii-.jpg\",\"contentUrl\":\"https:\/\/veritasinfo.org\/wp-content\/uploads\/2025\/06\/kuvendiii-.jpg\",\"width\":1024,\"height\":576},{\"@type\":\"BreadcrumbList\",\"@id\":\"https:\/\/veritasinfo.org\/?p=1938#breadcrumb\",\"itemListElement\":[{\"@type\":\"ListItem\",\"position\":1,\"name\":\"Home\",\"item\":\"https:\/\/veritasinfo.org\/\"},{\"@type\":\"ListItem\",\"position\":2,\"name\":\"D\u00ebshton Seanca e 39-t\u00eb p\u00ebr Konstituimin e Kuvendit t\u00eb Kosov\u00ebs\"}]},{\"@type\":\"WebSite\",\"@id\":\"https:\/\/veritasinfo.org\/#website\",\"url\":\"https:\/\/veritasinfo.org\/\",\"name\":\"\",\"description\":\"\",\"potentialAction\":[{\"@type\":\"SearchAction\",\"target\":{\"@type\":\"EntryPoint\",\"urlTemplate\":\"https:\/\/veritasinfo.org\/?s={search_term_string}\"},\"query-input\":{\"@type\":\"PropertyValueSpecification\",\"valueRequired\":true,\"valueName\":\"search_term_string\"}}],\"inLanguage\":\"en-US\"},{\"@type\":\"Person\",\"@id\":\"https:\/\/veritasinfo.org\/#\/schema\/person\/7701f8c088bece422266b100a712374f\",\"name\":\"admin\",\"image\":{\"@type\":\"ImageObject\",\"inLanguage\":\"en-US\",\"@id\":\"https:\/\/veritasinfo.org\/#\/schema\/person\/image\/\",\"url\":\"https:\/\/secure.gravatar.com\/avatar\/ea53aa3bf6c9a12d5fde8ce4deff43fef3885ae33cf60184161a50d6987cfd2f?s=96&d=mm&r=g\",\"contentUrl\":\"https:\/\/secure.gravatar.com\/avatar\/ea53aa3bf6c9a12d5fde8ce4deff43fef3885ae33cf60184161a50d6987cfd2f?s=96&d=mm&r=g\",\"caption\":\"admin\"},\"sameAs\":[\"https:\/\/veritasinfo.org\"],\"url\":\"https:\/\/veritasinfo.org\/?author=1\"}]}<\/script>\n<!-- \/ Yoast SEO plugin. -->","yoast_head_json":{"title":"D\u00ebshton Seanca e 39-t\u00eb p\u00ebr Konstituimin e Kuvendit t\u00eb Kosov\u00ebs -","robots":{"index":"index","follow":"follow","max-snippet":"max-snippet:-1","max-image-preview":"max-image-preview:large","max-video-preview":"max-video-preview:-1"},"canonical":"https:\/\/veritasinfo.org\/?p=1938","og_locale":"en_US","og_type":"article","og_title":"D\u00ebshton Seanca e 39-t\u00eb p\u00ebr Konstituimin e Kuvendit t\u00eb Kosov\u00ebs -","og_description":"Prishtin\u00eb 29.06.202025 Edhe seanca e 39-t\u00eb p\u00ebr konstituimin e Kuvendit t\u00eb Kosov\u00ebs ka d\u00ebshtuar t\u00eb mbahet sot, duke thelluar kriz\u00ebn institucionale q\u00eb po zvarritet prej","og_url":"https:\/\/veritasinfo.org\/?p=1938","article_published_time":"2025-06-29T09:34:51+00:00","article_modified_time":"2025-06-29T09:36:17+00:00","og_image":[{"width":1024,"height":576,"url":"https:\/\/veritasinfo.org\/wp-content\/uploads\/2025\/06\/kuvendiii-.jpg","type":"image\/jpeg"}],"author":"admin","twitter_card":"summary_large_image","twitter_misc":{"Written by":"admin","Est. reading time":"1 minute"},"schema":{"@context":"https:\/\/schema.org","@graph":[{"@type":"WebPage","@id":"https:\/\/veritasinfo.org\/?p=1938","url":"https:\/\/veritasinfo.org\/?p=1938","name":"D\u00ebshton Seanca e 39-t\u00eb p\u00ebr Konstituimin e Kuvendit t\u00eb Kosov\u00ebs -","isPartOf":{"@id":"https:\/\/veritasinfo.org\/#website"},"primaryImageOfPage":{"@id":"https:\/\/veritasinfo.org\/?p=1938#primaryimage"},"image":{"@id":"https:\/\/veritasinfo.org\/?p=1938#primaryimage"},"thumbnailUrl":"https:\/\/veritasinfo.org\/wp-content\/uploads\/2025\/06\/kuvendiii-.jpg","datePublished":"2025-06-29T09:34:51+00:00","dateModified":"2025-06-29T09:36:17+00:00","author":{"@id":"https:\/\/veritasinfo.org\/#\/schema\/person\/7701f8c088bece422266b100a712374f"},"breadcrumb":{"@id":"https:\/\/veritasinfo.org\/?p=1938#breadcrumb"},"inLanguage":"en-US","potentialAction":[{"@type":"ReadAction","target":["https:\/\/veritasinfo.org\/?p=1938"]}]},{"@type":"ImageObject","inLanguage":"en-US","@id":"https:\/\/veritasinfo.org\/?p=1938#primaryimage","url":"https:\/\/veritasinfo.org\/wp-content\/uploads\/2025\/06\/kuvendiii-.jpg","contentUrl":"https:\/\/veritasinfo.org\/wp-content\/uploads\/2025\/06\/kuvendiii-.jpg","width":1024,"height":576},{"@type":"BreadcrumbList","@id":"https:\/\/veritasinfo.org\/?p=1938#breadcrumb","itemListElement":[{"@type":"ListItem","position":1,"name":"Home","item":"https:\/\/veritasinfo.org\/"},{"@type":"ListItem","position":2,"name":"D\u00ebshton Seanca e 39-t\u00eb p\u00ebr Konstituimin e Kuvendit t\u00eb Kosov\u00ebs"}]},{"@type":"WebSite","@id":"https:\/\/veritasinfo.org\/#website","url":"https:\/\/veritasinfo.org\/","name":"","description":"","potentialAction":[{"@type":"SearchAction","target":{"@type":"EntryPoint","urlTemplate":"https:\/\/veritasinfo.org\/?s={search_term_string}"},"query-input":{"@type":"PropertyValueSpecification","valueRequired":true,"valueName":"search_term_string"}}],"inLanguage":"en-US"},{"@type":"Person","@id":"https:\/\/veritasinfo.org\/#\/schema\/person\/7701f8c088bece422266b100a712374f","name":"admin","image":{"@type":"ImageObject","inLanguage":"en-US","@id":"https:\/\/veritasinfo.org\/#\/schema\/person\/image\/","url":"https:\/\/secure.gravatar.com\/avatar\/ea53aa3bf6c9a12d5fde8ce4deff43fef3885ae33cf60184161a50d6987cfd2f?s=96&d=mm&r=g","contentUrl":"https:\/\/secure.gravatar.com\/avatar\/ea53aa3bf6c9a12d5fde8ce4deff43fef3885ae33cf60184161a50d6987cfd2f?s=96&d=mm&r=g","caption":"admin"},"sameAs":["https:\/\/veritasinfo.org"],"url":"https:\/\/veritasinfo.org\/?author=1"}]}},"featured_image_urls":{"full":["https:\/\/veritasinfo.org\/wp-content\/uploads\/2025\/06\/kuvendiii-.jpg",1024,576,false],"thumbnail":["https:\/\/veritasinfo.org\/wp-content\/uploads\/2025\/06\/kuvendiii--150x150.jpg",150,150,true],"medium":["https:\/\/veritasinfo.org\/wp-content\/uploads\/2025\/06\/kuvendiii--300x169.jpg",300,169,true],"medium_large":["https:\/\/veritasinfo.org\/wp-content\/uploads\/2025\/06\/kuvendiii--768x432.jpg",640,360,true],"large":["https:\/\/veritasinfo.org\/wp-content\/uploads\/2025\/06\/kuvendiii-.jpg",640,360,false],"1536x1536":["https:\/\/veritasinfo.org\/wp-content\/uploads\/2025\/06\/kuvendiii-.jpg",1024,576,false],"2048x2048":["https:\/\/veritasinfo.org\/wp-content\/uploads\/2025\/06\/kuvendiii-.jpg",1024,576,false],"kreeti-slider-full":["https:\/\/veritasinfo.org\/wp-content\/uploads\/2025\/06\/kuvendiii-.jpg",1024,576,false],"kreeti-featured":["https:\/\/veritasinfo.org\/wp-content\/uploads\/2025\/06\/kuvendiii-.jpg",1024,576,false],"kreeti-medium":["https:\/\/veritasinfo.org\/wp-content\/uploads\/2025\/06\/kuvendiii-.jpg",720,405,false],"kreeti-medium-square":["https:\/\/veritasinfo.org\/wp-content\/uploads\/2025\/06\/kuvendiii-.jpg",350,197,false]},"author_info":{"info":["admin"]},"category_info":"<a href=\"https:\/\/veritasinfo.org\/?cat=60\" rel=\"category\">Shoq\u00ebrore<\/a> <a href=\"https:\/\/veritasinfo.org\/?cat=15\" rel=\"category\">Uncategorized<\/a>","tag_info":"Uncategorized","comment_count":"0","_links":{"self":[{"href":"https:\/\/veritasinfo.org\/index.php?rest_route=\/wp\/v2\/posts\/1938","targetHints":{"allow":["GET"]}}],"collection":[{"href":"https:\/\/veritasinfo.org\/index.php?rest_route=\/wp\/v2\/posts"}],"about":[{"href":"https:\/\/veritasinfo.org\/index.php?rest_route=\/wp\/v2\/types\/post"}],"author":[{"embeddable":true,"href":"https:\/\/veritasinfo.org\/index.php?rest_route=\/wp\/v2\/users\/1"}],"replies":[{"embeddable":true,"href":"https:\/\/veritasinfo.org\/index.php?rest_route=%2Fwp%2Fv2%2Fcomments&post=1938"}],"version-history":[{"count":3,"href":"https:\/\/veritasinfo.org\/index.php?rest_route=\/wp\/v2\/posts\/1938\/revisions"}],"predecessor-version":[{"id":1946,"href":"https:\/\/veritasinfo.org\/index.php?rest_route=\/wp\/v2\/posts\/1938\/revisions\/1946"}],"wp:featuredmedia":[{"embeddable":true,"href":"https:\/\/veritasinfo.org\/index.php?rest_route=\/wp\/v2\/media\/1944"}],"wp:attachment":[{"href":"https:\/\/veritasinfo.org\/index.php?rest_route=%2Fwp%2Fv2%2Fmedia&parent=1938"}],"wp:term":[{"taxonomy":"category","embeddable":true,"href":"https:\/\/veritasinfo.org\/index.php?rest_route=%2Fwp%2Fv2%2Fcategories&post=1938"},{"taxonomy":"post_tag","embeddable":true,"href":"https:\/\/veritasinfo.org\/index.php?rest_route=%2Fwp%2Fv2%2Ftags&post=1938"}],"curies":[{"name":"wp","href":"https:\/\/api.w.org\/{rel}","templated":true}]}}