{"id":19323,"date":"2025-11-07T10:38:48","date_gmt":"2025-11-07T09:38:48","guid":{"rendered":"https:\/\/veritasinfo.org\/?p=19323"},"modified":"2025-11-07T10:38:48","modified_gmt":"2025-11-07T09:38:48","slug":"rritje-e-sigurise-kamera-sigurie-vendosen-ne-zvecan","status":"publish","type":"post","link":"https:\/\/veritasinfo.org\/?p=19323","title":{"rendered":"Rritje e siguris\u00eb: Kamera sigurie vendosen n\u00eb Zve\u00e7an"},"content":{"rendered":"<p>Zve\u00e7an, 7 n\u00ebntor 2025<\/p>\n<p>N\u00eb kuad\u00ebr t\u00eb angazhimeve p\u00ebr rritjen e siguris\u00eb publike dhe p\u00ebr kontrollin e situatave emergjente, Policia e Kosov\u00ebs ka vazhduar vendosjen e infrastruktur\u00ebs p\u00ebr instalimin e kamerave n\u00eb Zve\u00e7an, konkretisht n\u00eb rrug\u00ebn q\u00eb lidh k\u00ebt\u00eb komun\u00eb me Mitrovic\u00ebn.<\/p>\n<p>Z\u00ebvend\u00ebskomandanti i Policis\u00eb s\u00eb Kosov\u00ebs p\u00ebr rajonin e Veriut, Veton Elshani, ka th\u00ebn\u00eb se ky \u00ebsht\u00eb nj\u00eb plan i gjer\u00eb q\u00eb p\u00ebrfshin t\u00eb gjitha komunat e pjes\u00ebs veriore t\u00eb Republik\u00ebs s\u00eb Kosov\u00ebs.<br \/>\n\u201cPo, kemi vazhduar vendosjen e infrastruktur\u00ebs p\u00ebr kamerat n\u00eb Zve\u00e7an, por jo vet\u00ebm kaq \u2013 po rregullohen edhe kabllot e ndri\u00e7imit n\u00eb k\u00ebt\u00eb segment t\u00eb rrug\u00ebs,\u201d ka konfirmuar ai p\u00ebr media.<\/p>\n<p>B\u00ebhet fjal\u00eb p\u00ebr vazhdim t\u00eb aksionit q\u00eb kishte filluar vitin e kaluar n\u00eb pjes\u00ebn veriore t\u00eb Mitrovic\u00ebs.<\/p>\n<p>\u201cAshtu si\u00e7 kemi filluar n\u00eb Mitrovic\u00eb, tani po vazhdojm\u00eb n\u00eb Zve\u00e7an, pastaj edhe n\u00eb Leposaviq e Zubin Potok. Pra, do t\u00eb ket\u00eb kamera kudo, ashtu si\u00e7 e kemi paralajm\u00ebruar vitin e kaluar,\u201d shtoi ai.<br \/>\nElshani ka theksuar se b\u00ebhet fjal\u00eb p\u00ebr kamera sigurie dhe jo p\u00ebr kamera trafiku.<br \/>\n\u201cK\u00ebto jan\u00eb vet\u00ebm p\u00ebr siguri; nuk matin shpejt\u00ebsin\u00eb. Megjithat\u00eb, mund t\u00eb p\u00ebrdoren edhe p\u00ebr k\u00ebt\u00eb q\u00ebllim n\u00eb raste t\u00eb ve\u00e7anta,\u201d ka shpjeguar ai.<\/p>\n","protected":false},"excerpt":{"rendered":"<p>Zve\u00e7an, 7 n\u00ebntor 2025 N\u00eb kuad\u00ebr t\u00eb angazhimeve p\u00ebr rritjen e siguris\u00eb publike dhe p\u00ebr kontrollin e situatave emergjente, Policia e Kosov\u00ebs ka vazhduar vendosjen<\/p>\n","protected":false},"author":7,"featured_media":19324,"comment_status":"open","ping_status":"open","sticky":false,"template":"","format":"standard","meta":{"footnotes":""},"categories":[52],"tags":[],"class_list":["post-19323","post","type-post","status-publish","format-standard","has-post-thumbnail","hentry","category-komunat-sq"],"yoast_head":"<!-- This site is optimized with the Yoast SEO plugin v25.3.1 - https:\/\/yoast.com\/wordpress\/plugins\/seo\/ -->\n<title>Rritje e siguris\u00eb: Kamera sigurie vendosen n\u00eb Zve\u00e7an -<\/title>\n<meta name=\"robots\" content=\"index, follow, max-snippet:-1, max-image-preview:large, max-video-preview:-1\" \/>\n<link rel=\"canonical\" href=\"https:\/\/veritasinfo.org\/?p=19323\" \/>\n<meta property=\"og:locale\" content=\"en_US\" \/>\n<meta property=\"og:type\" content=\"article\" \/>\n<meta property=\"og:title\" content=\"Rritje e siguris\u00eb: Kamera sigurie vendosen n\u00eb Zve\u00e7an -\" \/>\n<meta property=\"og:description\" content=\"Zve\u00e7an, 7 n\u00ebntor 2025 N\u00eb kuad\u00ebr t\u00eb angazhimeve p\u00ebr rritjen e siguris\u00eb publike dhe p\u00ebr kontrollin e situatave emergjente, Policia e Kosov\u00ebs ka vazhduar vendosjen\" \/>\n<meta property=\"og:url\" content=\"https:\/\/veritasinfo.org\/?p=19323\" \/>\n<meta property=\"article:published_time\" content=\"2025-11-07T09:38:48+00:00\" \/>\n<meta property=\"og:image\" content=\"https:\/\/veritasinfo.org\/wp-content\/uploads\/2025\/11\/1000075294.jpg\" \/>\n\t<meta property=\"og:image:width\" content=\"945\" \/>\n\t<meta property=\"og:image:height\" content=\"576\" \/>\n\t<meta property=\"og:image:type\" content=\"image\/jpeg\" \/>\n<meta name=\"author\" content=\"US6\" \/>\n<meta name=\"twitter:card\" content=\"summary_large_image\" \/>\n<meta name=\"twitter:label1\" content=\"Written by\" \/>\n\t<meta name=\"twitter:data1\" content=\"US6\" \/>\n\t<meta name=\"twitter:label2\" content=\"Est. reading time\" \/>\n\t<meta name=\"twitter:data2\" content=\"2 minutes\" \/>\n<script type=\"application\/ld+json\" class=\"yoast-schema-graph\">{\"@context\":\"https:\/\/schema.org\",\"@graph\":[{\"@type\":\"WebPage\",\"@id\":\"https:\/\/veritasinfo.org\/?p=19323\",\"url\":\"https:\/\/veritasinfo.org\/?p=19323\",\"name\":\"Rritje e siguris\u00eb: Kamera sigurie vendosen n\u00eb Zve\u00e7an -\",\"isPartOf\":{\"@id\":\"https:\/\/veritasinfo.org\/#website\"},\"primaryImageOfPage\":{\"@id\":\"https:\/\/veritasinfo.org\/?p=19323#primaryimage\"},\"image\":{\"@id\":\"https:\/\/veritasinfo.org\/?p=19323#primaryimage\"},\"thumbnailUrl\":\"https:\/\/veritasinfo.org\/wp-content\/uploads\/2025\/11\/1000075294.jpg\",\"datePublished\":\"2025-11-07T09:38:48+00:00\",\"author\":{\"@id\":\"https:\/\/veritasinfo.org\/#\/schema\/person\/fe199eede04c3937362892b7444747cc\"},\"breadcrumb\":{\"@id\":\"https:\/\/veritasinfo.org\/?p=19323#breadcrumb\"},\"inLanguage\":\"en-US\",\"potentialAction\":[{\"@type\":\"ReadAction\",\"target\":[\"https:\/\/veritasinfo.org\/?p=19323\"]}]},{\"@type\":\"ImageObject\",\"inLanguage\":\"en-US\",\"@id\":\"https:\/\/veritasinfo.org\/?p=19323#primaryimage\",\"url\":\"https:\/\/veritasinfo.org\/wp-content\/uploads\/2025\/11\/1000075294.jpg\",\"contentUrl\":\"https:\/\/veritasinfo.org\/wp-content\/uploads\/2025\/11\/1000075294.jpg\",\"width\":945,\"height\":576},{\"@type\":\"BreadcrumbList\",\"@id\":\"https:\/\/veritasinfo.org\/?p=19323#breadcrumb\",\"itemListElement\":[{\"@type\":\"ListItem\",\"position\":1,\"name\":\"Home\",\"item\":\"https:\/\/veritasinfo.org\/\"},{\"@type\":\"ListItem\",\"position\":2,\"name\":\"Rritje e siguris\u00eb: Kamera sigurie vendosen n\u00eb Zve\u00e7an\"}]},{\"@type\":\"WebSite\",\"@id\":\"https:\/\/veritasinfo.org\/#website\",\"url\":\"https:\/\/veritasinfo.org\/\",\"name\":\"\",\"description\":\"\",\"potentialAction\":[{\"@type\":\"SearchAction\",\"target\":{\"@type\":\"EntryPoint\",\"urlTemplate\":\"https:\/\/veritasinfo.org\/?s={search_term_string}\"},\"query-input\":{\"@type\":\"PropertyValueSpecification\",\"valueRequired\":true,\"valueName\":\"search_term_string\"}}],\"inLanguage\":\"en-US\"},{\"@type\":\"Person\",\"@id\":\"https:\/\/veritasinfo.org\/#\/schema\/person\/fe199eede04c3937362892b7444747cc\",\"name\":\"US6\",\"image\":{\"@type\":\"ImageObject\",\"inLanguage\":\"en-US\",\"@id\":\"https:\/\/veritasinfo.org\/#\/schema\/person\/image\/\",\"url\":\"https:\/\/secure.gravatar.com\/avatar\/cb16c3c31c9d23b9b8c705964598220b3014e42ff51eb540ff23cefa3ae8c15f?s=96&d=mm&r=g\",\"contentUrl\":\"https:\/\/secure.gravatar.com\/avatar\/cb16c3c31c9d23b9b8c705964598220b3014e42ff51eb540ff23cefa3ae8c15f?s=96&d=mm&r=g\",\"caption\":\"US6\"},\"url\":\"https:\/\/veritasinfo.org\/?author=7\"}]}<\/script>\n<!-- \/ Yoast SEO plugin. -->","yoast_head_json":{"title":"Rritje e siguris\u00eb: Kamera sigurie vendosen n\u00eb Zve\u00e7an -","robots":{"index":"index","follow":"follow","max-snippet":"max-snippet:-1","max-image-preview":"max-image-preview:large","max-video-preview":"max-video-preview:-1"},"canonical":"https:\/\/veritasinfo.org\/?p=19323","og_locale":"en_US","og_type":"article","og_title":"Rritje e siguris\u00eb: Kamera sigurie vendosen n\u00eb Zve\u00e7an -","og_description":"Zve\u00e7an, 7 n\u00ebntor 2025 N\u00eb kuad\u00ebr t\u00eb angazhimeve p\u00ebr rritjen e siguris\u00eb publike dhe p\u00ebr kontrollin e situatave emergjente, Policia e Kosov\u00ebs ka vazhduar vendosjen","og_url":"https:\/\/veritasinfo.org\/?p=19323","article_published_time":"2025-11-07T09:38:48+00:00","og_image":[{"width":945,"height":576,"url":"https:\/\/veritasinfo.org\/wp-content\/uploads\/2025\/11\/1000075294.jpg","type":"image\/jpeg"}],"author":"US6","twitter_card":"summary_large_image","twitter_misc":{"Written by":"US6","Est. reading time":"2 minutes"},"schema":{"@context":"https:\/\/schema.org","@graph":[{"@type":"WebPage","@id":"https:\/\/veritasinfo.org\/?p=19323","url":"https:\/\/veritasinfo.org\/?p=19323","name":"Rritje e siguris\u00eb: Kamera sigurie vendosen n\u00eb Zve\u00e7an -","isPartOf":{"@id":"https:\/\/veritasinfo.org\/#website"},"primaryImageOfPage":{"@id":"https:\/\/veritasinfo.org\/?p=19323#primaryimage"},"image":{"@id":"https:\/\/veritasinfo.org\/?p=19323#primaryimage"},"thumbnailUrl":"https:\/\/veritasinfo.org\/wp-content\/uploads\/2025\/11\/1000075294.jpg","datePublished":"2025-11-07T09:38:48+00:00","author":{"@id":"https:\/\/veritasinfo.org\/#\/schema\/person\/fe199eede04c3937362892b7444747cc"},"breadcrumb":{"@id":"https:\/\/veritasinfo.org\/?p=19323#breadcrumb"},"inLanguage":"en-US","potentialAction":[{"@type":"ReadAction","target":["https:\/\/veritasinfo.org\/?p=19323"]}]},{"@type":"ImageObject","inLanguage":"en-US","@id":"https:\/\/veritasinfo.org\/?p=19323#primaryimage","url":"https:\/\/veritasinfo.org\/wp-content\/uploads\/2025\/11\/1000075294.jpg","contentUrl":"https:\/\/veritasinfo.org\/wp-content\/uploads\/2025\/11\/1000075294.jpg","width":945,"height":576},{"@type":"BreadcrumbList","@id":"https:\/\/veritasinfo.org\/?p=19323#breadcrumb","itemListElement":[{"@type":"ListItem","position":1,"name":"Home","item":"https:\/\/veritasinfo.org\/"},{"@type":"ListItem","position":2,"name":"Rritje e siguris\u00eb: Kamera sigurie vendosen n\u00eb Zve\u00e7an"}]},{"@type":"WebSite","@id":"https:\/\/veritasinfo.org\/#website","url":"https:\/\/veritasinfo.org\/","name":"","description":"","potentialAction":[{"@type":"SearchAction","target":{"@type":"EntryPoint","urlTemplate":"https:\/\/veritasinfo.org\/?s={search_term_string}"},"query-input":{"@type":"PropertyValueSpecification","valueRequired":true,"valueName":"search_term_string"}}],"inLanguage":"en-US"},{"@type":"Person","@id":"https:\/\/veritasinfo.org\/#\/schema\/person\/fe199eede04c3937362892b7444747cc","name":"US6","image":{"@type":"ImageObject","inLanguage":"en-US","@id":"https:\/\/veritasinfo.org\/#\/schema\/person\/image\/","url":"https:\/\/secure.gravatar.com\/avatar\/cb16c3c31c9d23b9b8c705964598220b3014e42ff51eb540ff23cefa3ae8c15f?s=96&d=mm&r=g","contentUrl":"https:\/\/secure.gravatar.com\/avatar\/cb16c3c31c9d23b9b8c705964598220b3014e42ff51eb540ff23cefa3ae8c15f?s=96&d=mm&r=g","caption":"US6"},"url":"https:\/\/veritasinfo.org\/?author=7"}]}},"featured_image_urls":{"full":["https:\/\/veritasinfo.org\/wp-content\/uploads\/2025\/11\/1000075294.jpg",945,576,false],"thumbnail":["https:\/\/veritasinfo.org\/wp-content\/uploads\/2025\/11\/1000075294-150x150.jpg",150,150,true],"medium":["https:\/\/veritasinfo.org\/wp-content\/uploads\/2025\/11\/1000075294-300x183.jpg",300,183,true],"medium_large":["https:\/\/veritasinfo.org\/wp-content\/uploads\/2025\/11\/1000075294-768x468.jpg",640,390,true],"large":["https:\/\/veritasinfo.org\/wp-content\/uploads\/2025\/11\/1000075294.jpg",640,390,false],"1536x1536":["https:\/\/veritasinfo.org\/wp-content\/uploads\/2025\/11\/1000075294.jpg",945,576,false],"2048x2048":["https:\/\/veritasinfo.org\/wp-content\/uploads\/2025\/11\/1000075294.jpg",945,576,false],"kreeti-slider-full":["https:\/\/veritasinfo.org\/wp-content\/uploads\/2025\/11\/1000075294.jpg",945,576,false],"kreeti-featured":["https:\/\/veritasinfo.org\/wp-content\/uploads\/2025\/11\/1000075294.jpg",945,576,false],"kreeti-medium":["https:\/\/veritasinfo.org\/wp-content\/uploads\/2025\/11\/1000075294.jpg",720,439,false],"kreeti-medium-square":["https:\/\/veritasinfo.org\/wp-content\/uploads\/2025\/11\/1000075294.jpg",350,213,false]},"author_info":{"info":["US6"]},"category_info":"<a href=\"https:\/\/veritasinfo.org\/?cat=52\" rel=\"category\">Komunat<\/a>","tag_info":"Komunat","comment_count":"0","_links":{"self":[{"href":"https:\/\/veritasinfo.org\/index.php?rest_route=\/wp\/v2\/posts\/19323","targetHints":{"allow":["GET"]}}],"collection":[{"href":"https:\/\/veritasinfo.org\/index.php?rest_route=\/wp\/v2\/posts"}],"about":[{"href":"https:\/\/veritasinfo.org\/index.php?rest_route=\/wp\/v2\/types\/post"}],"author":[{"embeddable":true,"href":"https:\/\/veritasinfo.org\/index.php?rest_route=\/wp\/v2\/users\/7"}],"replies":[{"embeddable":true,"href":"https:\/\/veritasinfo.org\/index.php?rest_route=%2Fwp%2Fv2%2Fcomments&post=19323"}],"version-history":[{"count":1,"href":"https:\/\/veritasinfo.org\/index.php?rest_route=\/wp\/v2\/posts\/19323\/revisions"}],"predecessor-version":[{"id":19325,"href":"https:\/\/veritasinfo.org\/index.php?rest_route=\/wp\/v2\/posts\/19323\/revisions\/19325"}],"wp:featuredmedia":[{"embeddable":true,"href":"https:\/\/veritasinfo.org\/index.php?rest_route=\/wp\/v2\/media\/19324"}],"wp:attachment":[{"href":"https:\/\/veritasinfo.org\/index.php?rest_route=%2Fwp%2Fv2%2Fmedia&parent=19323"}],"wp:term":[{"taxonomy":"category","embeddable":true,"href":"https:\/\/veritasinfo.org\/index.php?rest_route=%2Fwp%2Fv2%2Fcategories&post=19323"},{"taxonomy":"post_tag","embeddable":true,"href":"https:\/\/veritasinfo.org\/index.php?rest_route=%2Fwp%2Fv2%2Ftags&post=19323"}],"curies":[{"name":"wp","href":"https:\/\/api.w.org\/{rel}","templated":true}]}}