{"id":19313,"date":"2025-11-07T10:01:26","date_gmt":"2025-11-07T09:01:26","guid":{"rendered":"https:\/\/veritasinfo.org\/?p=19313"},"modified":"2025-11-07T10:01:26","modified_gmt":"2025-11-07T09:01:26","slug":"dijana-hrka-vazhdon-greven-e-urise-ne-beograd","status":"publish","type":"post","link":"https:\/\/veritasinfo.org\/?p=19313","title":{"rendered":"Dijana Hrka vazhdon grev\u00ebn e uris\u00eb n\u00eb Beograd"},"content":{"rendered":"<p>Beograd 07  N\u00ebntor 2025<\/p>\n<p>Dijana Hrka, djali i s\u00eb cil\u00ebs, Stefani, vdiq nga shembja e nj\u00eb tend\u00eb n\u00eb Stacionin Hekurudhor t\u00eb Novi Sadit, vazhdon grev\u00ebn e saj t\u00eb uris\u00eb n\u00eb Kuvendit t\u00eb Serbis\u00eb.<\/p>\n<p>Dijana Hrka filloi nj\u00eb grev\u00eb urie p\u00ebrpara kuvendit serb t\u00eb diel\u00ebn, duke k\u00ebrkuar t\u00eb v\u00ebrtet\u00ebn dhe p\u00ebrgjegj\u00ebsi p\u00ebr vdekjen e djalit t\u00eb saj dhe 15 personave t\u00eb tjer\u00eb nga shembja e nj\u00eb tend\u00eb, lirimin e t\u00eb gjith\u00eb student\u00ebve t\u00eb arrestuar gjat\u00eb protestave dhe zgjedhje t\u00eb parakohshme.<\/p>\n<p>Mediat serbe raportojn\u00eb se Unioni i Nx\u00ebn\u00ebsve t\u00eb Shkollave t\u00eb Mesme t\u00eb Serbis\u00eb (UNSS) njoftoi se disa nx\u00ebn\u00ebs n\u00eb m\u00eb shum\u00eb se 20 shkolla t\u00eb mesme dhe gjimnaze n\u00eb Beograd shpall\u00ebn nj\u00eb bllokad\u00eb dy-ditore t\u00eb enjten dhe t\u00eb premten n\u00eb m\u00ebnyr\u00eb q\u00eb, si\u00e7 than\u00eb ata, t\u00eb shprehnin mb\u00ebshtetje p\u00ebr Dijana Hrk\u00ebn.<\/p>\n<p>P\u00ebr t\u00eb nj\u00ebjt\u00ebn arsye, disa nx\u00ebn\u00ebs n\u00eb gjimnazet n\u00eb \u00c7a\u00e7ak dhe Pan\u00e7ev\u00eb gjithashtu shpall\u00ebn nj\u00eb bllokad\u00eb dy-ditore.<\/p>\n<p>Nx\u00ebn\u00ebs nga disa shkolla t\u00eb mesme t\u00eb Beogradit ec\u00ebn dje nga disa drejtime t\u00eb qytetit drejt Kuvendit p\u00ebr t\u00eb vizituar Dijana Hrk\u00ebn dhe p\u00ebr t\u00eb shprehur mb\u00ebshtetjen e saj<\/p>\n","protected":false},"excerpt":{"rendered":"<p>Beograd 07 N\u00ebntor 2025 Dijana Hrka, djali i s\u00eb cil\u00ebs, Stefani, vdiq nga shembja e nj\u00eb tend\u00eb n\u00eb Stacionin Hekurudhor t\u00eb Novi Sadit, vazhdon grev\u00ebn<\/p>\n","protected":false},"author":6,"featured_media":19314,"comment_status":"open","ping_status":"open","sticky":false,"template":"","format":"standard","meta":{"footnotes":""},"categories":[58],"tags":[],"class_list":["post-19313","post","type-post","status-publish","format-standard","has-post-thumbnail","hentry","category-politike-sq"],"yoast_head":"<!-- This site is optimized with the Yoast SEO plugin v25.3.1 - https:\/\/yoast.com\/wordpress\/plugins\/seo\/ -->\n<title>Dijana Hrka vazhdon grev\u00ebn e uris\u00eb n\u00eb Beograd -<\/title>\n<meta name=\"robots\" content=\"index, follow, max-snippet:-1, max-image-preview:large, max-video-preview:-1\" \/>\n<link rel=\"canonical\" href=\"https:\/\/veritasinfo.org\/?p=19313\" \/>\n<meta property=\"og:locale\" content=\"en_US\" \/>\n<meta property=\"og:type\" content=\"article\" \/>\n<meta property=\"og:title\" content=\"Dijana Hrka vazhdon grev\u00ebn e uris\u00eb n\u00eb Beograd -\" \/>\n<meta property=\"og:description\" content=\"Beograd 07 N\u00ebntor 2025 Dijana Hrka, djali i s\u00eb cil\u00ebs, Stefani, vdiq nga shembja e nj\u00eb tend\u00eb n\u00eb Stacionin Hekurudhor t\u00eb Novi Sadit, vazhdon grev\u00ebn\" \/>\n<meta property=\"og:url\" content=\"https:\/\/veritasinfo.org\/?p=19313\" \/>\n<meta property=\"article:published_time\" content=\"2025-11-07T09:01:26+00:00\" \/>\n<meta property=\"og:image\" content=\"https:\/\/veritasinfo.org\/wp-content\/uploads\/2025\/11\/708901-8EvorCivqL.jpg\" \/>\n\t<meta property=\"og:image:width\" content=\"780\" \/>\n\t<meta property=\"og:image:height\" content=\"500\" \/>\n\t<meta property=\"og:image:type\" content=\"image\/jpeg\" \/>\n<meta name=\"author\" content=\"US5\" \/>\n<meta name=\"twitter:card\" content=\"summary_large_image\" \/>\n<meta name=\"twitter:label1\" content=\"Written by\" \/>\n\t<meta name=\"twitter:data1\" content=\"US5\" \/>\n\t<meta name=\"twitter:label2\" content=\"Est. reading time\" \/>\n\t<meta name=\"twitter:data2\" content=\"1 minute\" \/>\n<script type=\"application\/ld+json\" class=\"yoast-schema-graph\">{\"@context\":\"https:\/\/schema.org\",\"@graph\":[{\"@type\":\"WebPage\",\"@id\":\"https:\/\/veritasinfo.org\/?p=19313\",\"url\":\"https:\/\/veritasinfo.org\/?p=19313\",\"name\":\"Dijana Hrka vazhdon grev\u00ebn e uris\u00eb n\u00eb Beograd -\",\"isPartOf\":{\"@id\":\"https:\/\/veritasinfo.org\/#website\"},\"primaryImageOfPage\":{\"@id\":\"https:\/\/veritasinfo.org\/?p=19313#primaryimage\"},\"image\":{\"@id\":\"https:\/\/veritasinfo.org\/?p=19313#primaryimage\"},\"thumbnailUrl\":\"https:\/\/veritasinfo.org\/wp-content\/uploads\/2025\/11\/708901-8EvorCivqL.jpg\",\"datePublished\":\"2025-11-07T09:01:26+00:00\",\"author\":{\"@id\":\"https:\/\/veritasinfo.org\/#\/schema\/person\/bc442336e35414d04494ab8fb45db4c6\"},\"breadcrumb\":{\"@id\":\"https:\/\/veritasinfo.org\/?p=19313#breadcrumb\"},\"inLanguage\":\"en-US\",\"potentialAction\":[{\"@type\":\"ReadAction\",\"target\":[\"https:\/\/veritasinfo.org\/?p=19313\"]}]},{\"@type\":\"ImageObject\",\"inLanguage\":\"en-US\",\"@id\":\"https:\/\/veritasinfo.org\/?p=19313#primaryimage\",\"url\":\"https:\/\/veritasinfo.org\/wp-content\/uploads\/2025\/11\/708901-8EvorCivqL.jpg\",\"contentUrl\":\"https:\/\/veritasinfo.org\/wp-content\/uploads\/2025\/11\/708901-8EvorCivqL.jpg\",\"width\":780,\"height\":500},{\"@type\":\"BreadcrumbList\",\"@id\":\"https:\/\/veritasinfo.org\/?p=19313#breadcrumb\",\"itemListElement\":[{\"@type\":\"ListItem\",\"position\":1,\"name\":\"Home\",\"item\":\"https:\/\/veritasinfo.org\/\"},{\"@type\":\"ListItem\",\"position\":2,\"name\":\"Dijana Hrka vazhdon grev\u00ebn e uris\u00eb n\u00eb Beograd\"}]},{\"@type\":\"WebSite\",\"@id\":\"https:\/\/veritasinfo.org\/#website\",\"url\":\"https:\/\/veritasinfo.org\/\",\"name\":\"\",\"description\":\"\",\"potentialAction\":[{\"@type\":\"SearchAction\",\"target\":{\"@type\":\"EntryPoint\",\"urlTemplate\":\"https:\/\/veritasinfo.org\/?s={search_term_string}\"},\"query-input\":{\"@type\":\"PropertyValueSpecification\",\"valueRequired\":true,\"valueName\":\"search_term_string\"}}],\"inLanguage\":\"en-US\"},{\"@type\":\"Person\",\"@id\":\"https:\/\/veritasinfo.org\/#\/schema\/person\/bc442336e35414d04494ab8fb45db4c6\",\"name\":\"US5\",\"image\":{\"@type\":\"ImageObject\",\"inLanguage\":\"en-US\",\"@id\":\"https:\/\/veritasinfo.org\/#\/schema\/person\/image\/\",\"url\":\"https:\/\/secure.gravatar.com\/avatar\/16a61e7272a0c5d001121ebb9e60e925d5816e4ac1e443ed3e640d9a6ae55d0c?s=96&d=mm&r=g\",\"contentUrl\":\"https:\/\/secure.gravatar.com\/avatar\/16a61e7272a0c5d001121ebb9e60e925d5816e4ac1e443ed3e640d9a6ae55d0c?s=96&d=mm&r=g\",\"caption\":\"US5\"},\"url\":\"https:\/\/veritasinfo.org\/?author=6\"}]}<\/script>\n<!-- \/ Yoast SEO plugin. -->","yoast_head_json":{"title":"Dijana Hrka vazhdon grev\u00ebn e uris\u00eb n\u00eb Beograd -","robots":{"index":"index","follow":"follow","max-snippet":"max-snippet:-1","max-image-preview":"max-image-preview:large","max-video-preview":"max-video-preview:-1"},"canonical":"https:\/\/veritasinfo.org\/?p=19313","og_locale":"en_US","og_type":"article","og_title":"Dijana Hrka vazhdon grev\u00ebn e uris\u00eb n\u00eb Beograd -","og_description":"Beograd 07 N\u00ebntor 2025 Dijana Hrka, djali i s\u00eb cil\u00ebs, Stefani, vdiq nga shembja e nj\u00eb tend\u00eb n\u00eb Stacionin Hekurudhor t\u00eb Novi Sadit, vazhdon grev\u00ebn","og_url":"https:\/\/veritasinfo.org\/?p=19313","article_published_time":"2025-11-07T09:01:26+00:00","og_image":[{"width":780,"height":500,"url":"https:\/\/veritasinfo.org\/wp-content\/uploads\/2025\/11\/708901-8EvorCivqL.jpg","type":"image\/jpeg"}],"author":"US5","twitter_card":"summary_large_image","twitter_misc":{"Written by":"US5","Est. reading time":"1 minute"},"schema":{"@context":"https:\/\/schema.org","@graph":[{"@type":"WebPage","@id":"https:\/\/veritasinfo.org\/?p=19313","url":"https:\/\/veritasinfo.org\/?p=19313","name":"Dijana Hrka vazhdon grev\u00ebn e uris\u00eb n\u00eb Beograd -","isPartOf":{"@id":"https:\/\/veritasinfo.org\/#website"},"primaryImageOfPage":{"@id":"https:\/\/veritasinfo.org\/?p=19313#primaryimage"},"image":{"@id":"https:\/\/veritasinfo.org\/?p=19313#primaryimage"},"thumbnailUrl":"https:\/\/veritasinfo.org\/wp-content\/uploads\/2025\/11\/708901-8EvorCivqL.jpg","datePublished":"2025-11-07T09:01:26+00:00","author":{"@id":"https:\/\/veritasinfo.org\/#\/schema\/person\/bc442336e35414d04494ab8fb45db4c6"},"breadcrumb":{"@id":"https:\/\/veritasinfo.org\/?p=19313#breadcrumb"},"inLanguage":"en-US","potentialAction":[{"@type":"ReadAction","target":["https:\/\/veritasinfo.org\/?p=19313"]}]},{"@type":"ImageObject","inLanguage":"en-US","@id":"https:\/\/veritasinfo.org\/?p=19313#primaryimage","url":"https:\/\/veritasinfo.org\/wp-content\/uploads\/2025\/11\/708901-8EvorCivqL.jpg","contentUrl":"https:\/\/veritasinfo.org\/wp-content\/uploads\/2025\/11\/708901-8EvorCivqL.jpg","width":780,"height":500},{"@type":"BreadcrumbList","@id":"https:\/\/veritasinfo.org\/?p=19313#breadcrumb","itemListElement":[{"@type":"ListItem","position":1,"name":"Home","item":"https:\/\/veritasinfo.org\/"},{"@type":"ListItem","position":2,"name":"Dijana Hrka vazhdon grev\u00ebn e uris\u00eb n\u00eb Beograd"}]},{"@type":"WebSite","@id":"https:\/\/veritasinfo.org\/#website","url":"https:\/\/veritasinfo.org\/","name":"","description":"","potentialAction":[{"@type":"SearchAction","target":{"@type":"EntryPoint","urlTemplate":"https:\/\/veritasinfo.org\/?s={search_term_string}"},"query-input":{"@type":"PropertyValueSpecification","valueRequired":true,"valueName":"search_term_string"}}],"inLanguage":"en-US"},{"@type":"Person","@id":"https:\/\/veritasinfo.org\/#\/schema\/person\/bc442336e35414d04494ab8fb45db4c6","name":"US5","image":{"@type":"ImageObject","inLanguage":"en-US","@id":"https:\/\/veritasinfo.org\/#\/schema\/person\/image\/","url":"https:\/\/secure.gravatar.com\/avatar\/16a61e7272a0c5d001121ebb9e60e925d5816e4ac1e443ed3e640d9a6ae55d0c?s=96&d=mm&r=g","contentUrl":"https:\/\/secure.gravatar.com\/avatar\/16a61e7272a0c5d001121ebb9e60e925d5816e4ac1e443ed3e640d9a6ae55d0c?s=96&d=mm&r=g","caption":"US5"},"url":"https:\/\/veritasinfo.org\/?author=6"}]}},"featured_image_urls":{"full":["https:\/\/veritasinfo.org\/wp-content\/uploads\/2025\/11\/708901-8EvorCivqL.jpg",780,500,false],"thumbnail":["https:\/\/veritasinfo.org\/wp-content\/uploads\/2025\/11\/708901-8EvorCivqL-150x150.jpg",150,150,true],"medium":["https:\/\/veritasinfo.org\/wp-content\/uploads\/2025\/11\/708901-8EvorCivqL-300x192.jpg",300,192,true],"medium_large":["https:\/\/veritasinfo.org\/wp-content\/uploads\/2025\/11\/708901-8EvorCivqL-768x492.jpg",640,410,true],"large":["https:\/\/veritasinfo.org\/wp-content\/uploads\/2025\/11\/708901-8EvorCivqL.jpg",640,410,false],"1536x1536":["https:\/\/veritasinfo.org\/wp-content\/uploads\/2025\/11\/708901-8EvorCivqL.jpg",780,500,false],"2048x2048":["https:\/\/veritasinfo.org\/wp-content\/uploads\/2025\/11\/708901-8EvorCivqL.jpg",780,500,false],"kreeti-slider-full":["https:\/\/veritasinfo.org\/wp-content\/uploads\/2025\/11\/708901-8EvorCivqL.jpg",780,500,false],"kreeti-featured":["https:\/\/veritasinfo.org\/wp-content\/uploads\/2025\/11\/708901-8EvorCivqL.jpg",780,500,false],"kreeti-medium":["https:\/\/veritasinfo.org\/wp-content\/uploads\/2025\/11\/708901-8EvorCivqL.jpg",720,462,false],"kreeti-medium-square":["https:\/\/veritasinfo.org\/wp-content\/uploads\/2025\/11\/708901-8EvorCivqL.jpg",350,224,false]},"author_info":{"info":["US5"]},"category_info":"<a href=\"https:\/\/veritasinfo.org\/?cat=58\" rel=\"category\">Politik\u00eb<\/a>","tag_info":"Politik\u00eb","comment_count":"0","_links":{"self":[{"href":"https:\/\/veritasinfo.org\/index.php?rest_route=\/wp\/v2\/posts\/19313","targetHints":{"allow":["GET"]}}],"collection":[{"href":"https:\/\/veritasinfo.org\/index.php?rest_route=\/wp\/v2\/posts"}],"about":[{"href":"https:\/\/veritasinfo.org\/index.php?rest_route=\/wp\/v2\/types\/post"}],"author":[{"embeddable":true,"href":"https:\/\/veritasinfo.org\/index.php?rest_route=\/wp\/v2\/users\/6"}],"replies":[{"embeddable":true,"href":"https:\/\/veritasinfo.org\/index.php?rest_route=%2Fwp%2Fv2%2Fcomments&post=19313"}],"version-history":[{"count":1,"href":"https:\/\/veritasinfo.org\/index.php?rest_route=\/wp\/v2\/posts\/19313\/revisions"}],"predecessor-version":[{"id":19315,"href":"https:\/\/veritasinfo.org\/index.php?rest_route=\/wp\/v2\/posts\/19313\/revisions\/19315"}],"wp:featuredmedia":[{"embeddable":true,"href":"https:\/\/veritasinfo.org\/index.php?rest_route=\/wp\/v2\/media\/19314"}],"wp:attachment":[{"href":"https:\/\/veritasinfo.org\/index.php?rest_route=%2Fwp%2Fv2%2Fmedia&parent=19313"}],"wp:term":[{"taxonomy":"category","embeddable":true,"href":"https:\/\/veritasinfo.org\/index.php?rest_route=%2Fwp%2Fv2%2Fcategories&post=19313"},{"taxonomy":"post_tag","embeddable":true,"href":"https:\/\/veritasinfo.org\/index.php?rest_route=%2Fwp%2Fv2%2Ftags&post=19313"}],"curies":[{"name":"wp","href":"https:\/\/api.w.org\/{rel}","templated":true}]}}