{"id":19275,"date":"2025-11-06T17:49:43","date_gmt":"2025-11-06T16:49:43","guid":{"rendered":"https:\/\/veritasinfo.org\/?p=19275"},"modified":"2025-11-06T17:49:43","modified_gmt":"2025-11-06T16:49:43","slug":"vuciqit-nuk-i-pelqen-qe-po-i-kerkohet-ti-mbaje-pergjegjes-sulmuesit-e-banjskes-perplaset-me-shefin-e-bese","status":"publish","type":"post","link":"https:\/\/veritasinfo.org\/?p=19275","title":{"rendered":"Vu\u00e7iqit nuk i p\u00eblqen q\u00eb po i k\u00ebrkohet t\u2019i mbaj\u00eb p\u00ebrgjegj\u00ebs sulmuesit e Banjsk\u00ebs, p\u00ebrplaset me shefin e BE\u2019s\u00eb"},"content":{"rendered":"<p>Prishtin\u00eb, 6 n\u00ebntor 2025<\/p>\n<p>Kreu i Zyr\u00ebs s\u00eb BE-s\u00eb n\u00eb Beograd, Andreas von Beckerath, sot ia ka dor\u00ebzuar presidentit t\u00eb Serbis\u00eb, Aleksander Vucic, dokumentin e Raportit t\u00eb Progresit, shkruan KoSSev, transmeton Gazeta Express.<\/p>\n<p>N\u00eb nj\u00eb konferenc\u00eb t\u00eb mbajtur p\u00ebr media, zyrtari evropian ka p\u00ebrmendur Kosov\u00ebn dhe procesin e dialogut p\u00ebr normalizim t\u00eb raporteve me Serbin\u00eb. Beckerath ka k\u00ebrkuar implementmin e marr\u00ebveshjeve t\u00eb arritura n\u00eb vitin 2023.<\/p>\n<p>\u201cAngazhimi konstruktiv n\u00eb dialog n\u00ebn patronazhin e BE-s\u00eb \u00ebsht\u00eb thelb\u00ebsor. Kosova dhe Serbia duhet t\u00eb zbatojn\u00eb plot\u00ebsisht detyrimet q\u00eb rrjedhin nga marr\u00ebveshja p\u00ebr normalizim dhe anekset e zbatimit nga viti 2023, si dhe ato t\u00eb m\u00ebparshmet. \u00cbsht\u00eb e r\u00ebnd\u00ebsishme q\u00eb kjo marr\u00ebveshje t\u00eb zbatohet, sepse do t\u00eb siguroj\u00eb nj\u00eb mjedis t\u00eb q\u00ebndruesh\u00ebm dhe paq\u00ebsor p\u00ebr stabilitetin dhe besimin rajonal\u201d, ka th\u00ebn\u00eb ai.<\/p>\n<p>Zyrtari i BE-s\u00eb \u00a0gjithashtu ka deklaruar se Serbia duhet t\u00eb siguroj\u00eb p\u00ebrgjegj\u00ebsin\u00eb p\u00ebr ngjarjet n\u00eb veri t\u00eb Kosov\u00ebs n\u00eb vjesht\u00ebn e vitit 2023, konkretisht sulmin e Banjsk\u00ebs t\u00eb kryer nga Millan Radojicic dhe grupi i tij.<\/p>\n<p>Lidhur me k\u00ebrkes\u00ebn e BE-s\u00eb p\u00ebr mbajtjen p\u00ebrgjegj\u00ebs t\u00eb autor\u00ebve t\u00eb sulmit t\u00eb Banjsk\u00ebs, ka folur Vucic, t\u00eb cilit duket se nuk i ka p\u00eblqyer k\u00ebrkesa evropiane.<\/p>\n<p>Vu\u00e7iq si kund\u00ebrp\u00ebrgjigje ka deklaruar se pret q\u00eb BE \u201ct\u00eb ndikoj\u00eb n\u00eb faktin q\u00eb t\u00eb gjith\u00eb ata q\u00eb jan\u00eb p\u00ebrgjegj\u00ebs p\u00ebr t\u00eb gjitha ngjarjet nga viti 2008 deri n\u00eb fund t\u00eb vitit 2025, n\u00eb t\u00eb cilat u vran\u00eb, u plagos\u00ebn, u arrestuan arbitrarisht serb\u00eb dhe t\u00eb gjith\u00eb t\u00eb tjer\u00ebt, m\u00eb n\u00eb fund do t\u00eb marrin vendimin e tyre dhe se drejt\u00ebsia do t\u00eb vihet n\u00eb vend\u201d<\/p>\n<p>&nbsp;<\/p>\n","protected":false},"excerpt":{"rendered":"<p>Prishtin\u00eb, 6 n\u00ebntor 2025 Kreu i Zyr\u00ebs s\u00eb BE-s\u00eb n\u00eb Beograd, Andreas von Beckerath, sot ia ka dor\u00ebzuar presidentit t\u00eb Serbis\u00eb, Aleksander Vucic, dokumentin e<\/p>\n","protected":false},"author":7,"featured_media":19276,"comment_status":"open","ping_status":"open","sticky":false,"template":"","format":"standard","meta":{"footnotes":""},"categories":[58],"tags":[],"class_list":["post-19275","post","type-post","status-publish","format-standard","has-post-thumbnail","hentry","category-politike-sq"],"yoast_head":"<!-- This site is optimized with the Yoast SEO plugin v25.3.1 - https:\/\/yoast.com\/wordpress\/plugins\/seo\/ -->\n<title>Vu\u00e7iqit nuk i p\u00eblqen q\u00eb po i k\u00ebrkohet t\u2019i mbaj\u00eb p\u00ebrgjegj\u00ebs sulmuesit e Banjsk\u00ebs, p\u00ebrplaset me shefin e BE\u2019s\u00eb -<\/title>\n<meta name=\"robots\" content=\"index, follow, max-snippet:-1, max-image-preview:large, max-video-preview:-1\" \/>\n<link rel=\"canonical\" href=\"https:\/\/veritasinfo.org\/?p=19275\" \/>\n<meta property=\"og:locale\" content=\"en_US\" \/>\n<meta property=\"og:type\" content=\"article\" \/>\n<meta property=\"og:title\" content=\"Vu\u00e7iqit nuk i p\u00eblqen q\u00eb po i k\u00ebrkohet t\u2019i mbaj\u00eb p\u00ebrgjegj\u00ebs sulmuesit e Banjsk\u00ebs, p\u00ebrplaset me shefin e BE\u2019s\u00eb -\" \/>\n<meta property=\"og:description\" content=\"Prishtin\u00eb, 6 n\u00ebntor 2025 Kreu i Zyr\u00ebs s\u00eb BE-s\u00eb n\u00eb Beograd, Andreas von Beckerath, sot ia ka dor\u00ebzuar presidentit t\u00eb Serbis\u00eb, Aleksander Vucic, dokumentin e\" \/>\n<meta property=\"og:url\" content=\"https:\/\/veritasinfo.org\/?p=19275\" \/>\n<meta property=\"article:published_time\" content=\"2025-11-06T16:49:43+00:00\" \/>\n<meta property=\"og:image\" content=\"https:\/\/veritasinfo.org\/wp-content\/uploads\/2025\/11\/image-38.png\" \/>\n\t<meta property=\"og:image:width\" content=\"819\" \/>\n\t<meta property=\"og:image:height\" content=\"525\" \/>\n\t<meta property=\"og:image:type\" content=\"image\/png\" \/>\n<meta name=\"author\" content=\"US6\" \/>\n<meta name=\"twitter:card\" content=\"summary_large_image\" \/>\n<meta name=\"twitter:label1\" content=\"Written by\" \/>\n\t<meta name=\"twitter:data1\" content=\"US6\" \/>\n\t<meta name=\"twitter:label2\" content=\"Est. reading time\" \/>\n\t<meta name=\"twitter:data2\" content=\"2 minutes\" \/>\n<script type=\"application\/ld+json\" class=\"yoast-schema-graph\">{\"@context\":\"https:\/\/schema.org\",\"@graph\":[{\"@type\":\"WebPage\",\"@id\":\"https:\/\/veritasinfo.org\/?p=19275\",\"url\":\"https:\/\/veritasinfo.org\/?p=19275\",\"name\":\"Vu\u00e7iqit nuk i p\u00eblqen q\u00eb po i k\u00ebrkohet t\u2019i mbaj\u00eb p\u00ebrgjegj\u00ebs sulmuesit e Banjsk\u00ebs, p\u00ebrplaset me shefin e BE\u2019s\u00eb -\",\"isPartOf\":{\"@id\":\"https:\/\/veritasinfo.org\/#website\"},\"primaryImageOfPage\":{\"@id\":\"https:\/\/veritasinfo.org\/?p=19275#primaryimage\"},\"image\":{\"@id\":\"https:\/\/veritasinfo.org\/?p=19275#primaryimage\"},\"thumbnailUrl\":\"https:\/\/veritasinfo.org\/wp-content\/uploads\/2025\/11\/image-38.png\",\"datePublished\":\"2025-11-06T16:49:43+00:00\",\"author\":{\"@id\":\"https:\/\/veritasinfo.org\/#\/schema\/person\/fe199eede04c3937362892b7444747cc\"},\"breadcrumb\":{\"@id\":\"https:\/\/veritasinfo.org\/?p=19275#breadcrumb\"},\"inLanguage\":\"en-US\",\"potentialAction\":[{\"@type\":\"ReadAction\",\"target\":[\"https:\/\/veritasinfo.org\/?p=19275\"]}]},{\"@type\":\"ImageObject\",\"inLanguage\":\"en-US\",\"@id\":\"https:\/\/veritasinfo.org\/?p=19275#primaryimage\",\"url\":\"https:\/\/veritasinfo.org\/wp-content\/uploads\/2025\/11\/image-38.png\",\"contentUrl\":\"https:\/\/veritasinfo.org\/wp-content\/uploads\/2025\/11\/image-38.png\",\"width\":819,\"height\":525},{\"@type\":\"BreadcrumbList\",\"@id\":\"https:\/\/veritasinfo.org\/?p=19275#breadcrumb\",\"itemListElement\":[{\"@type\":\"ListItem\",\"position\":1,\"name\":\"Home\",\"item\":\"https:\/\/veritasinfo.org\/\"},{\"@type\":\"ListItem\",\"position\":2,\"name\":\"Vu\u00e7iqit nuk i p\u00eblqen q\u00eb po i k\u00ebrkohet t\u2019i mbaj\u00eb p\u00ebrgjegj\u00ebs sulmuesit e Banjsk\u00ebs, p\u00ebrplaset me shefin e BE\u2019s\u00eb\"}]},{\"@type\":\"WebSite\",\"@id\":\"https:\/\/veritasinfo.org\/#website\",\"url\":\"https:\/\/veritasinfo.org\/\",\"name\":\"\",\"description\":\"\",\"potentialAction\":[{\"@type\":\"SearchAction\",\"target\":{\"@type\":\"EntryPoint\",\"urlTemplate\":\"https:\/\/veritasinfo.org\/?s={search_term_string}\"},\"query-input\":{\"@type\":\"PropertyValueSpecification\",\"valueRequired\":true,\"valueName\":\"search_term_string\"}}],\"inLanguage\":\"en-US\"},{\"@type\":\"Person\",\"@id\":\"https:\/\/veritasinfo.org\/#\/schema\/person\/fe199eede04c3937362892b7444747cc\",\"name\":\"US6\",\"image\":{\"@type\":\"ImageObject\",\"inLanguage\":\"en-US\",\"@id\":\"https:\/\/veritasinfo.org\/#\/schema\/person\/image\/\",\"url\":\"https:\/\/secure.gravatar.com\/avatar\/cb16c3c31c9d23b9b8c705964598220b3014e42ff51eb540ff23cefa3ae8c15f?s=96&d=mm&r=g\",\"contentUrl\":\"https:\/\/secure.gravatar.com\/avatar\/cb16c3c31c9d23b9b8c705964598220b3014e42ff51eb540ff23cefa3ae8c15f?s=96&d=mm&r=g\",\"caption\":\"US6\"},\"url\":\"https:\/\/veritasinfo.org\/?author=7\"}]}<\/script>\n<!-- \/ Yoast SEO plugin. -->","yoast_head_json":{"title":"Vu\u00e7iqit nuk i p\u00eblqen q\u00eb po i k\u00ebrkohet t\u2019i mbaj\u00eb p\u00ebrgjegj\u00ebs sulmuesit e Banjsk\u00ebs, p\u00ebrplaset me shefin e BE\u2019s\u00eb -","robots":{"index":"index","follow":"follow","max-snippet":"max-snippet:-1","max-image-preview":"max-image-preview:large","max-video-preview":"max-video-preview:-1"},"canonical":"https:\/\/veritasinfo.org\/?p=19275","og_locale":"en_US","og_type":"article","og_title":"Vu\u00e7iqit nuk i p\u00eblqen q\u00eb po i k\u00ebrkohet t\u2019i mbaj\u00eb p\u00ebrgjegj\u00ebs sulmuesit e Banjsk\u00ebs, p\u00ebrplaset me shefin e BE\u2019s\u00eb -","og_description":"Prishtin\u00eb, 6 n\u00ebntor 2025 Kreu i Zyr\u00ebs s\u00eb BE-s\u00eb n\u00eb Beograd, Andreas von Beckerath, sot ia ka dor\u00ebzuar presidentit t\u00eb Serbis\u00eb, Aleksander Vucic, dokumentin e","og_url":"https:\/\/veritasinfo.org\/?p=19275","article_published_time":"2025-11-06T16:49:43+00:00","og_image":[{"width":819,"height":525,"url":"https:\/\/veritasinfo.org\/wp-content\/uploads\/2025\/11\/image-38.png","type":"image\/png"}],"author":"US6","twitter_card":"summary_large_image","twitter_misc":{"Written by":"US6","Est. reading time":"2 minutes"},"schema":{"@context":"https:\/\/schema.org","@graph":[{"@type":"WebPage","@id":"https:\/\/veritasinfo.org\/?p=19275","url":"https:\/\/veritasinfo.org\/?p=19275","name":"Vu\u00e7iqit nuk i p\u00eblqen q\u00eb po i k\u00ebrkohet t\u2019i mbaj\u00eb p\u00ebrgjegj\u00ebs sulmuesit e Banjsk\u00ebs, p\u00ebrplaset me shefin e BE\u2019s\u00eb -","isPartOf":{"@id":"https:\/\/veritasinfo.org\/#website"},"primaryImageOfPage":{"@id":"https:\/\/veritasinfo.org\/?p=19275#primaryimage"},"image":{"@id":"https:\/\/veritasinfo.org\/?p=19275#primaryimage"},"thumbnailUrl":"https:\/\/veritasinfo.org\/wp-content\/uploads\/2025\/11\/image-38.png","datePublished":"2025-11-06T16:49:43+00:00","author":{"@id":"https:\/\/veritasinfo.org\/#\/schema\/person\/fe199eede04c3937362892b7444747cc"},"breadcrumb":{"@id":"https:\/\/veritasinfo.org\/?p=19275#breadcrumb"},"inLanguage":"en-US","potentialAction":[{"@type":"ReadAction","target":["https:\/\/veritasinfo.org\/?p=19275"]}]},{"@type":"ImageObject","inLanguage":"en-US","@id":"https:\/\/veritasinfo.org\/?p=19275#primaryimage","url":"https:\/\/veritasinfo.org\/wp-content\/uploads\/2025\/11\/image-38.png","contentUrl":"https:\/\/veritasinfo.org\/wp-content\/uploads\/2025\/11\/image-38.png","width":819,"height":525},{"@type":"BreadcrumbList","@id":"https:\/\/veritasinfo.org\/?p=19275#breadcrumb","itemListElement":[{"@type":"ListItem","position":1,"name":"Home","item":"https:\/\/veritasinfo.org\/"},{"@type":"ListItem","position":2,"name":"Vu\u00e7iqit nuk i p\u00eblqen q\u00eb po i k\u00ebrkohet t\u2019i mbaj\u00eb p\u00ebrgjegj\u00ebs sulmuesit e Banjsk\u00ebs, p\u00ebrplaset me shefin e BE\u2019s\u00eb"}]},{"@type":"WebSite","@id":"https:\/\/veritasinfo.org\/#website","url":"https:\/\/veritasinfo.org\/","name":"","description":"","potentialAction":[{"@type":"SearchAction","target":{"@type":"EntryPoint","urlTemplate":"https:\/\/veritasinfo.org\/?s={search_term_string}"},"query-input":{"@type":"PropertyValueSpecification","valueRequired":true,"valueName":"search_term_string"}}],"inLanguage":"en-US"},{"@type":"Person","@id":"https:\/\/veritasinfo.org\/#\/schema\/person\/fe199eede04c3937362892b7444747cc","name":"US6","image":{"@type":"ImageObject","inLanguage":"en-US","@id":"https:\/\/veritasinfo.org\/#\/schema\/person\/image\/","url":"https:\/\/secure.gravatar.com\/avatar\/cb16c3c31c9d23b9b8c705964598220b3014e42ff51eb540ff23cefa3ae8c15f?s=96&d=mm&r=g","contentUrl":"https:\/\/secure.gravatar.com\/avatar\/cb16c3c31c9d23b9b8c705964598220b3014e42ff51eb540ff23cefa3ae8c15f?s=96&d=mm&r=g","caption":"US6"},"url":"https:\/\/veritasinfo.org\/?author=7"}]}},"featured_image_urls":{"full":["https:\/\/veritasinfo.org\/wp-content\/uploads\/2025\/11\/image-38.png",819,525,false],"thumbnail":["https:\/\/veritasinfo.org\/wp-content\/uploads\/2025\/11\/image-38-150x150.png",150,150,true],"medium":["https:\/\/veritasinfo.org\/wp-content\/uploads\/2025\/11\/image-38-300x192.png",300,192,true],"medium_large":["https:\/\/veritasinfo.org\/wp-content\/uploads\/2025\/11\/image-38-768x492.png",640,410,true],"large":["https:\/\/veritasinfo.org\/wp-content\/uploads\/2025\/11\/image-38.png",640,410,false],"1536x1536":["https:\/\/veritasinfo.org\/wp-content\/uploads\/2025\/11\/image-38.png",819,525,false],"2048x2048":["https:\/\/veritasinfo.org\/wp-content\/uploads\/2025\/11\/image-38.png",819,525,false],"kreeti-slider-full":["https:\/\/veritasinfo.org\/wp-content\/uploads\/2025\/11\/image-38.png",819,525,false],"kreeti-featured":["https:\/\/veritasinfo.org\/wp-content\/uploads\/2025\/11\/image-38.png",819,525,false],"kreeti-medium":["https:\/\/veritasinfo.org\/wp-content\/uploads\/2025\/11\/image-38.png",720,462,false],"kreeti-medium-square":["https:\/\/veritasinfo.org\/wp-content\/uploads\/2025\/11\/image-38.png",350,224,false]},"author_info":{"info":["US6"]},"category_info":"<a href=\"https:\/\/veritasinfo.org\/?cat=58\" rel=\"category\">Politik\u00eb<\/a>","tag_info":"Politik\u00eb","comment_count":"0","_links":{"self":[{"href":"https:\/\/veritasinfo.org\/index.php?rest_route=\/wp\/v2\/posts\/19275","targetHints":{"allow":["GET"]}}],"collection":[{"href":"https:\/\/veritasinfo.org\/index.php?rest_route=\/wp\/v2\/posts"}],"about":[{"href":"https:\/\/veritasinfo.org\/index.php?rest_route=\/wp\/v2\/types\/post"}],"author":[{"embeddable":true,"href":"https:\/\/veritasinfo.org\/index.php?rest_route=\/wp\/v2\/users\/7"}],"replies":[{"embeddable":true,"href":"https:\/\/veritasinfo.org\/index.php?rest_route=%2Fwp%2Fv2%2Fcomments&post=19275"}],"version-history":[{"count":1,"href":"https:\/\/veritasinfo.org\/index.php?rest_route=\/wp\/v2\/posts\/19275\/revisions"}],"predecessor-version":[{"id":19277,"href":"https:\/\/veritasinfo.org\/index.php?rest_route=\/wp\/v2\/posts\/19275\/revisions\/19277"}],"wp:featuredmedia":[{"embeddable":true,"href":"https:\/\/veritasinfo.org\/index.php?rest_route=\/wp\/v2\/media\/19276"}],"wp:attachment":[{"href":"https:\/\/veritasinfo.org\/index.php?rest_route=%2Fwp%2Fv2%2Fmedia&parent=19275"}],"wp:term":[{"taxonomy":"category","embeddable":true,"href":"https:\/\/veritasinfo.org\/index.php?rest_route=%2Fwp%2Fv2%2Fcategories&post=19275"},{"taxonomy":"post_tag","embeddable":true,"href":"https:\/\/veritasinfo.org\/index.php?rest_route=%2Fwp%2Fv2%2Ftags&post=19275"}],"curies":[{"name":"wp","href":"https:\/\/api.w.org\/{rel}","templated":true}]}}