{"id":19118,"date":"2025-11-05T17:14:48","date_gmt":"2025-11-05T16:14:48","guid":{"rendered":"https:\/\/veritasinfo.org\/?p=19118"},"modified":"2025-11-05T17:14:48","modified_gmt":"2025-11-05T16:14:48","slug":"bislimi-be-ka-konstatuar-shkeljen-e-te-drejtave-te-shqiptareve-ne-serbi","status":"publish","type":"post","link":"https:\/\/veritasinfo.org\/?p=19118","title":{"rendered":"Bislimi: BE ka konstatuar shkeljen e t\u00eb drejtave t\u00eb shqiptar\u00ebve n\u00eb Serbi"},"content":{"rendered":"<p>Prishtin\u00eb, 5 n\u00ebntor 2025<\/p>\n<p>Z\u00ebvend\u00ebskryeministri n\u00eb detyr\u00eb i Kosov\u00ebs, Besnik Bislimi, ka th\u00ebn\u00eb se Bashkimi Evropian ka konstatuar shkeljen e t\u00eb drejtave t\u00eb \u00a0shqiptar\u00ebve n\u00eb Serbi .<\/p>\n<p>Sipas tij n\u00eb raportin e BE-s\u00eb theksohet se korniza institucionale p\u00ebr mbrojtjen e pakicave mbetet e paplot\u00eb dhe se shqiptar\u00ebt vazhdojn\u00eb t\u00eb p\u00ebrballen me diskriminim, n\u00ebnp\u00ebrfaq\u00ebsim dhe pasivizim t\u00eb adresave.<\/p>\n<p>\u201cSi\u00e7 kemi denoncuar gjat\u00eb mandatit ton\u00eb, po d\u00ebshmohet se k\u00ebto praktika p\u00ebrb\u00ebjn\u00eb artikulim t\u00eb politikave q\u00eb synim kan\u00eb spastrimin etnik t\u00eb shqiptar\u00ebve p\u00ebrmes mjeteve administrative. Ky pasivizim i cili \u00ebsht\u00eb duke u b\u00ebr\u00eb p\u00ebr vite me radh\u00eb, \u00ebsht\u00eb shum\u00eb e r\u00ebnd\u00ebsishme q\u00eb m\u00eb n\u00eb fund BE ka pranuar q\u00eb ta reflektoj\u00eb dhe b\u00ebj\u00eb pjes\u00eb t\u00eb vler\u00ebsimeve p\u00ebrfundimtare t\u00eb raportit zyrtar t\u00eb Komisionit Evropian, duke vendosur theks n\u00eb kontrollimin e procedurave t\u00eb pasivizimit. Plani i veprimit p\u00ebr p\u00ebrmir\u00ebsimin e p\u00ebrfaq\u00ebsimit t\u00eb shqiptar\u00ebve n\u00eb institucione nuk ka sjell\u00eb rezultate, nd\u00ebrsa qasja n\u00eb administrat\u00eb publike, polici, arsim dhe pun\u00ebsim vazhdon t\u00eb jet\u00eb e kufizuar e n\u00eb raste edhe mungon plot\u00ebsisht\u201d, ka shkruar Bislimi.<\/p>\n<p>Ai ka th\u00ebn\u00eb se Kosova do t\u00eb vazhdoj\u00eb t\u00eb ngrej\u00eb k\u00ebto \u00e7\u00ebshtje n\u00eb \u00e7do nivel nd\u00ebrkomb\u00ebtar, derisa barazia, dinjiteti dhe t\u00eb drejtat e shqiptar\u00ebve n\u00eb Serbi t\u00eb garantohen plot\u00ebsisht.<\/p>\n","protected":false},"excerpt":{"rendered":"<p>Prishtin\u00eb, 5 n\u00ebntor 2025 Z\u00ebvend\u00ebskryeministri n\u00eb detyr\u00eb i Kosov\u00ebs, Besnik Bislimi, ka th\u00ebn\u00eb se Bashkimi Evropian ka konstatuar shkeljen e t\u00eb drejtave t\u00eb \u00a0shqiptar\u00ebve n\u00eb<\/p>\n","protected":false},"author":7,"featured_media":19119,"comment_status":"open","ping_status":"open","sticky":false,"template":"","format":"standard","meta":{"footnotes":""},"categories":[58],"tags":[],"class_list":["post-19118","post","type-post","status-publish","format-standard","has-post-thumbnail","hentry","category-politike-sq"],"yoast_head":"<!-- This site is optimized with the Yoast SEO plugin v25.3.1 - https:\/\/yoast.com\/wordpress\/plugins\/seo\/ -->\n<title>Bislimi: BE ka konstatuar shkeljen e t\u00eb drejtave t\u00eb shqiptar\u00ebve n\u00eb Serbi -<\/title>\n<meta name=\"robots\" content=\"index, follow, max-snippet:-1, max-image-preview:large, max-video-preview:-1\" \/>\n<link rel=\"canonical\" href=\"https:\/\/veritasinfo.org\/?p=19118\" \/>\n<meta property=\"og:locale\" content=\"en_US\" \/>\n<meta property=\"og:type\" content=\"article\" \/>\n<meta property=\"og:title\" content=\"Bislimi: BE ka konstatuar shkeljen e t\u00eb drejtave t\u00eb shqiptar\u00ebve n\u00eb Serbi -\" \/>\n<meta property=\"og:description\" content=\"Prishtin\u00eb, 5 n\u00ebntor 2025 Z\u00ebvend\u00ebskryeministri n\u00eb detyr\u00eb i Kosov\u00ebs, Besnik Bislimi, ka th\u00ebn\u00eb se Bashkimi Evropian ka konstatuar shkeljen e t\u00eb drejtave t\u00eb \u00a0shqiptar\u00ebve n\u00eb\" \/>\n<meta property=\"og:url\" content=\"https:\/\/veritasinfo.org\/?p=19118\" \/>\n<meta property=\"article:published_time\" content=\"2025-11-05T16:14:48+00:00\" \/>\n<meta property=\"og:image\" content=\"https:\/\/veritasinfo.org\/wp-content\/uploads\/2025\/11\/516384027_814149224280879_5581264292486622725_n.jpg\" \/>\n\t<meta property=\"og:image:width\" content=\"1600\" \/>\n\t<meta property=\"og:image:height\" content=\"1064\" \/>\n\t<meta property=\"og:image:type\" content=\"image\/jpeg\" \/>\n<meta name=\"author\" content=\"US6\" \/>\n<meta name=\"twitter:card\" content=\"summary_large_image\" \/>\n<meta name=\"twitter:label1\" content=\"Written by\" \/>\n\t<meta name=\"twitter:data1\" content=\"US6\" \/>\n\t<meta name=\"twitter:label2\" content=\"Est. reading time\" \/>\n\t<meta name=\"twitter:data2\" content=\"2 minutes\" \/>\n<script type=\"application\/ld+json\" class=\"yoast-schema-graph\">{\"@context\":\"https:\/\/schema.org\",\"@graph\":[{\"@type\":\"WebPage\",\"@id\":\"https:\/\/veritasinfo.org\/?p=19118\",\"url\":\"https:\/\/veritasinfo.org\/?p=19118\",\"name\":\"Bislimi: BE ka konstatuar shkeljen e t\u00eb drejtave t\u00eb shqiptar\u00ebve n\u00eb Serbi -\",\"isPartOf\":{\"@id\":\"https:\/\/veritasinfo.org\/#website\"},\"primaryImageOfPage\":{\"@id\":\"https:\/\/veritasinfo.org\/?p=19118#primaryimage\"},\"image\":{\"@id\":\"https:\/\/veritasinfo.org\/?p=19118#primaryimage\"},\"thumbnailUrl\":\"https:\/\/veritasinfo.org\/wp-content\/uploads\/2025\/11\/516384027_814149224280879_5581264292486622725_n.jpg\",\"datePublished\":\"2025-11-05T16:14:48+00:00\",\"author\":{\"@id\":\"https:\/\/veritasinfo.org\/#\/schema\/person\/fe199eede04c3937362892b7444747cc\"},\"breadcrumb\":{\"@id\":\"https:\/\/veritasinfo.org\/?p=19118#breadcrumb\"},\"inLanguage\":\"en-US\",\"potentialAction\":[{\"@type\":\"ReadAction\",\"target\":[\"https:\/\/veritasinfo.org\/?p=19118\"]}]},{\"@type\":\"ImageObject\",\"inLanguage\":\"en-US\",\"@id\":\"https:\/\/veritasinfo.org\/?p=19118#primaryimage\",\"url\":\"https:\/\/veritasinfo.org\/wp-content\/uploads\/2025\/11\/516384027_814149224280879_5581264292486622725_n.jpg\",\"contentUrl\":\"https:\/\/veritasinfo.org\/wp-content\/uploads\/2025\/11\/516384027_814149224280879_5581264292486622725_n.jpg\",\"width\":1600,\"height\":1064},{\"@type\":\"BreadcrumbList\",\"@id\":\"https:\/\/veritasinfo.org\/?p=19118#breadcrumb\",\"itemListElement\":[{\"@type\":\"ListItem\",\"position\":1,\"name\":\"Home\",\"item\":\"https:\/\/veritasinfo.org\/\"},{\"@type\":\"ListItem\",\"position\":2,\"name\":\"Bislimi: BE ka konstatuar shkeljen e t\u00eb drejtave t\u00eb shqiptar\u00ebve n\u00eb Serbi\"}]},{\"@type\":\"WebSite\",\"@id\":\"https:\/\/veritasinfo.org\/#website\",\"url\":\"https:\/\/veritasinfo.org\/\",\"name\":\"\",\"description\":\"\",\"potentialAction\":[{\"@type\":\"SearchAction\",\"target\":{\"@type\":\"EntryPoint\",\"urlTemplate\":\"https:\/\/veritasinfo.org\/?s={search_term_string}\"},\"query-input\":{\"@type\":\"PropertyValueSpecification\",\"valueRequired\":true,\"valueName\":\"search_term_string\"}}],\"inLanguage\":\"en-US\"},{\"@type\":\"Person\",\"@id\":\"https:\/\/veritasinfo.org\/#\/schema\/person\/fe199eede04c3937362892b7444747cc\",\"name\":\"US6\",\"image\":{\"@type\":\"ImageObject\",\"inLanguage\":\"en-US\",\"@id\":\"https:\/\/veritasinfo.org\/#\/schema\/person\/image\/\",\"url\":\"https:\/\/secure.gravatar.com\/avatar\/cb16c3c31c9d23b9b8c705964598220b3014e42ff51eb540ff23cefa3ae8c15f?s=96&d=mm&r=g\",\"contentUrl\":\"https:\/\/secure.gravatar.com\/avatar\/cb16c3c31c9d23b9b8c705964598220b3014e42ff51eb540ff23cefa3ae8c15f?s=96&d=mm&r=g\",\"caption\":\"US6\"},\"url\":\"https:\/\/veritasinfo.org\/?author=7\"}]}<\/script>\n<!-- \/ Yoast SEO plugin. -->","yoast_head_json":{"title":"Bislimi: BE ka konstatuar shkeljen e t\u00eb drejtave t\u00eb shqiptar\u00ebve n\u00eb Serbi -","robots":{"index":"index","follow":"follow","max-snippet":"max-snippet:-1","max-image-preview":"max-image-preview:large","max-video-preview":"max-video-preview:-1"},"canonical":"https:\/\/veritasinfo.org\/?p=19118","og_locale":"en_US","og_type":"article","og_title":"Bislimi: BE ka konstatuar shkeljen e t\u00eb drejtave t\u00eb shqiptar\u00ebve n\u00eb Serbi -","og_description":"Prishtin\u00eb, 5 n\u00ebntor 2025 Z\u00ebvend\u00ebskryeministri n\u00eb detyr\u00eb i Kosov\u00ebs, Besnik Bislimi, ka th\u00ebn\u00eb se Bashkimi Evropian ka konstatuar shkeljen e t\u00eb drejtave t\u00eb \u00a0shqiptar\u00ebve n\u00eb","og_url":"https:\/\/veritasinfo.org\/?p=19118","article_published_time":"2025-11-05T16:14:48+00:00","og_image":[{"width":1600,"height":1064,"url":"https:\/\/veritasinfo.org\/wp-content\/uploads\/2025\/11\/516384027_814149224280879_5581264292486622725_n.jpg","type":"image\/jpeg"}],"author":"US6","twitter_card":"summary_large_image","twitter_misc":{"Written by":"US6","Est. reading time":"2 minutes"},"schema":{"@context":"https:\/\/schema.org","@graph":[{"@type":"WebPage","@id":"https:\/\/veritasinfo.org\/?p=19118","url":"https:\/\/veritasinfo.org\/?p=19118","name":"Bislimi: BE ka konstatuar shkeljen e t\u00eb drejtave t\u00eb shqiptar\u00ebve n\u00eb Serbi -","isPartOf":{"@id":"https:\/\/veritasinfo.org\/#website"},"primaryImageOfPage":{"@id":"https:\/\/veritasinfo.org\/?p=19118#primaryimage"},"image":{"@id":"https:\/\/veritasinfo.org\/?p=19118#primaryimage"},"thumbnailUrl":"https:\/\/veritasinfo.org\/wp-content\/uploads\/2025\/11\/516384027_814149224280879_5581264292486622725_n.jpg","datePublished":"2025-11-05T16:14:48+00:00","author":{"@id":"https:\/\/veritasinfo.org\/#\/schema\/person\/fe199eede04c3937362892b7444747cc"},"breadcrumb":{"@id":"https:\/\/veritasinfo.org\/?p=19118#breadcrumb"},"inLanguage":"en-US","potentialAction":[{"@type":"ReadAction","target":["https:\/\/veritasinfo.org\/?p=19118"]}]},{"@type":"ImageObject","inLanguage":"en-US","@id":"https:\/\/veritasinfo.org\/?p=19118#primaryimage","url":"https:\/\/veritasinfo.org\/wp-content\/uploads\/2025\/11\/516384027_814149224280879_5581264292486622725_n.jpg","contentUrl":"https:\/\/veritasinfo.org\/wp-content\/uploads\/2025\/11\/516384027_814149224280879_5581264292486622725_n.jpg","width":1600,"height":1064},{"@type":"BreadcrumbList","@id":"https:\/\/veritasinfo.org\/?p=19118#breadcrumb","itemListElement":[{"@type":"ListItem","position":1,"name":"Home","item":"https:\/\/veritasinfo.org\/"},{"@type":"ListItem","position":2,"name":"Bislimi: BE ka konstatuar shkeljen e t\u00eb drejtave t\u00eb shqiptar\u00ebve n\u00eb Serbi"}]},{"@type":"WebSite","@id":"https:\/\/veritasinfo.org\/#website","url":"https:\/\/veritasinfo.org\/","name":"","description":"","potentialAction":[{"@type":"SearchAction","target":{"@type":"EntryPoint","urlTemplate":"https:\/\/veritasinfo.org\/?s={search_term_string}"},"query-input":{"@type":"PropertyValueSpecification","valueRequired":true,"valueName":"search_term_string"}}],"inLanguage":"en-US"},{"@type":"Person","@id":"https:\/\/veritasinfo.org\/#\/schema\/person\/fe199eede04c3937362892b7444747cc","name":"US6","image":{"@type":"ImageObject","inLanguage":"en-US","@id":"https:\/\/veritasinfo.org\/#\/schema\/person\/image\/","url":"https:\/\/secure.gravatar.com\/avatar\/cb16c3c31c9d23b9b8c705964598220b3014e42ff51eb540ff23cefa3ae8c15f?s=96&d=mm&r=g","contentUrl":"https:\/\/secure.gravatar.com\/avatar\/cb16c3c31c9d23b9b8c705964598220b3014e42ff51eb540ff23cefa3ae8c15f?s=96&d=mm&r=g","caption":"US6"},"url":"https:\/\/veritasinfo.org\/?author=7"}]}},"featured_image_urls":{"full":["https:\/\/veritasinfo.org\/wp-content\/uploads\/2025\/11\/516384027_814149224280879_5581264292486622725_n.jpg",1600,1064,false],"thumbnail":["https:\/\/veritasinfo.org\/wp-content\/uploads\/2025\/11\/516384027_814149224280879_5581264292486622725_n-150x150.jpg",150,150,true],"medium":["https:\/\/veritasinfo.org\/wp-content\/uploads\/2025\/11\/516384027_814149224280879_5581264292486622725_n-300x200.jpg",300,200,true],"medium_large":["https:\/\/veritasinfo.org\/wp-content\/uploads\/2025\/11\/516384027_814149224280879_5581264292486622725_n-768x511.jpg",640,426,true],"large":["https:\/\/veritasinfo.org\/wp-content\/uploads\/2025\/11\/516384027_814149224280879_5581264292486622725_n-1024x681.jpg",640,426,true],"1536x1536":["https:\/\/veritasinfo.org\/wp-content\/uploads\/2025\/11\/516384027_814149224280879_5581264292486622725_n-1536x1021.jpg",1536,1021,true],"2048x2048":["https:\/\/veritasinfo.org\/wp-content\/uploads\/2025\/11\/516384027_814149224280879_5581264292486622725_n.jpg",1600,1064,false],"kreeti-slider-full":["https:\/\/veritasinfo.org\/wp-content\/uploads\/2025\/11\/516384027_814149224280879_5581264292486622725_n.jpg",1083,720,false],"kreeti-featured":["https:\/\/veritasinfo.org\/wp-content\/uploads\/2025\/11\/516384027_814149224280879_5581264292486622725_n.jpg",1024,681,false],"kreeti-medium":["https:\/\/veritasinfo.org\/wp-content\/uploads\/2025\/11\/516384027_814149224280879_5581264292486622725_n.jpg",720,479,false],"kreeti-medium-square":["https:\/\/veritasinfo.org\/wp-content\/uploads\/2025\/11\/516384027_814149224280879_5581264292486622725_n.jpg",350,233,false]},"author_info":{"info":["US6"]},"category_info":"<a href=\"https:\/\/veritasinfo.org\/?cat=58\" rel=\"category\">Politik\u00eb<\/a>","tag_info":"Politik\u00eb","comment_count":"0","_links":{"self":[{"href":"https:\/\/veritasinfo.org\/index.php?rest_route=\/wp\/v2\/posts\/19118","targetHints":{"allow":["GET"]}}],"collection":[{"href":"https:\/\/veritasinfo.org\/index.php?rest_route=\/wp\/v2\/posts"}],"about":[{"href":"https:\/\/veritasinfo.org\/index.php?rest_route=\/wp\/v2\/types\/post"}],"author":[{"embeddable":true,"href":"https:\/\/veritasinfo.org\/index.php?rest_route=\/wp\/v2\/users\/7"}],"replies":[{"embeddable":true,"href":"https:\/\/veritasinfo.org\/index.php?rest_route=%2Fwp%2Fv2%2Fcomments&post=19118"}],"version-history":[{"count":1,"href":"https:\/\/veritasinfo.org\/index.php?rest_route=\/wp\/v2\/posts\/19118\/revisions"}],"predecessor-version":[{"id":19120,"href":"https:\/\/veritasinfo.org\/index.php?rest_route=\/wp\/v2\/posts\/19118\/revisions\/19120"}],"wp:featuredmedia":[{"embeddable":true,"href":"https:\/\/veritasinfo.org\/index.php?rest_route=\/wp\/v2\/media\/19119"}],"wp:attachment":[{"href":"https:\/\/veritasinfo.org\/index.php?rest_route=%2Fwp%2Fv2%2Fmedia&parent=19118"}],"wp:term":[{"taxonomy":"category","embeddable":true,"href":"https:\/\/veritasinfo.org\/index.php?rest_route=%2Fwp%2Fv2%2Fcategories&post=19118"},{"taxonomy":"post_tag","embeddable":true,"href":"https:\/\/veritasinfo.org\/index.php?rest_route=%2Fwp%2Fv2%2Ftags&post=19118"}],"curies":[{"name":"wp","href":"https:\/\/api.w.org\/{rel}","templated":true}]}}