{"id":19106,"date":"2025-11-05T15:40:44","date_gmt":"2025-11-05T14:40:44","guid":{"rendered":"https:\/\/veritasinfo.org\/?p=19106"},"modified":"2025-11-05T15:40:44","modified_gmt":"2025-11-05T14:40:44","slug":"okb-ja-denon-mosveprimin-lidhur-me-incidentin-ne-novi-sad","status":"publish","type":"post","link":"https:\/\/veritasinfo.org\/?p=19106","title":{"rendered":"OKB-ja d\u00ebnon mosveprimin lidhur me incidentin n\u00eb Novi Sad"},"content":{"rendered":"<p>Prishtin\u00eb, 5 n\u00ebntor 2025<\/p>\n<p>Kombet e Bashkuara kritikuan munges\u00ebn e llogaridh\u00ebnies lidhur me shembjen e streh\u00ebs s\u00eb betonit n\u00eb stacionin hekurudhor n\u00eb Novi Sad t\u00eb Serbis\u00eb, nj\u00eb vit pas tragjedis\u00eb q\u00eb nxiti protesta masive.<\/p>\n<p>Shefi p\u00ebr t\u00eb drejtat e njeriut n\u00eb OKB, Volker Turk, k\u00ebrkoi q\u00eb t\u00eb b\u00ebhen p\u00ebrpjekje t\u00eb reja p\u00ebr t\u00eb hetuar p\u00ebr p\u00ebrgjegj\u00ebsin\u00eb n\u00eb k\u00ebt\u00eb ngjarje, duke argumentuar se kjo \u00ebsht\u00eb thelb\u00ebsore p\u00ebr t\u00eb rikthyer besimin e publikut n\u00eb institucione dhe p\u00ebr t\u00eb respektuar sundimin e ligjit.<\/p>\n<p>\u201cNuk ka pasur nj\u00eb proces dometh\u00ebn\u00ebs p\u00ebr t\u00eb zbuluar t\u00eb v\u00ebrtet\u00ebn dhe p\u00ebr t\u00eb k\u00ebrkuar drejt\u00ebsi p\u00ebr tragjedin\u00eb q\u00eb rezultoi me vdekjen e 16 personave n\u00eb stacionin hekurudhor t\u00eb Novi Sadit. Kjo, pavar\u00ebsisht k\u00ebrkesave t\u00eb vazhdueshme nga dhjet\u00ebra mij\u00ebra persona q\u00eb kan\u00eb dal\u00eb n\u00eb rrug\u00eb duke k\u00ebrkuar drejt\u00ebsi\u201d, tha Turk p\u00ebrmes nj\u00eb deklarate.<\/p>\n<p>\u201cP\u00ebr m\u00eb tep\u00ebr, shum\u00eb pretendime p\u00ebr sulme t\u00eb dhunshme dhe arrestime arbitrare t\u00eb protestuesve paq\u00ebsor\u00eb dhe gazetar\u00ebve gjat\u00eb demonstratave nuk jan\u00eb hetuar dhe mbesin t\u00eb pand\u00ebshkuara. P\u00ebrkundrazi, incidente t\u00eb tilla vazhdojn\u00eb t\u00eb ndodhin\u201d, shtoi ai.<\/p>\n<p>T\u00eb shtun\u00ebn, m\u00eb shum\u00eb se 100.000 serb\u00eb sh\u00ebnuar p\u00ebrvjetorin e par\u00eb t\u00eb incidentit n\u00eb Novi Sad, q\u00eb tronditi k\u00ebt\u00eb shtet n\u00eb Ballkanin Per\u00ebndimor.<\/p>\n<p>Disa jav\u00eb pas renovimit t\u00eb nd\u00ebrtes\u00ebs, streha prej betoni n\u00eb stacionin hekurudhor u shemb m\u00eb 1 n\u00ebntor 2024, nj\u00eb aksident q\u00eb kritik\u00ebt e cil\u00ebsuan si simbol t\u00eb korrupsionit n\u00eb Serbi, q\u00eb m\u00eb pas \u00e7oi n\u00eb rrezmin e qeveris\u00eb.<\/p>\n<p>N\u00eb protestat e s\u00eb shtun\u00ebs, protestuesit k\u00ebrkuan mbajtjen e zgjedhjeve t\u00eb reja.<\/p>\n<p>N\u00ebna e nj\u00ebrit nga viktimat e aksidentit po mban grev\u00eb urie para Parlamentit serb q\u00eb nga e diela, dhe qindra njer\u00ebz po shkojn\u00eb p\u00ebr ta vizituar dhe p\u00ebr t\u2019i ofruar mb\u00ebshtetje.<\/p>\n<p>Turk b\u00ebri thirrje p\u00ebr hetime t\u00eb menj\u00ebhershme, transparente, t\u00eb pavarura dhe efektive p\u00ebr aksidentin, pasi procedurat kund\u00ebr p\u00ebrgjegj\u00ebsve t\u00eb dyshuar kan\u00eb ngecur, u tha n\u00eb deklarat\u00eb.<\/p>\n<p>Ai po ashtu b\u00ebri thirrje p\u00ebr hetime t\u00eb ngjashme p\u00ebr t\u00eb gjitha pretendimet p\u00ebr arrestime arbitrare dhe p\u00ebrdorim t\u00eb tepruar t\u00eb forc\u00ebs nga polica gjat\u00eb protestave.<\/p>\n<p>\u201cRespektimi i liris\u00eb s\u00eb shprehjes dhe tubimeve paq\u00ebsore jan\u00eb themelore p\u00ebr funksionimin e nj\u00eb shoq\u00ebrie demokratike dhe b\u00ebhen ve\u00e7an\u00ebrisht jetike n\u00eb nj\u00eb mjedis thell\u00ebsisht t\u00eb polarizuar\u201d, u shpreh Turk.<\/p>\n<p>Komisionari i lart\u00eb p\u00ebr t\u00eb drejtat e njeriut theksoi r\u00ebnd\u00ebsin\u00eb e pavar\u00ebsis\u00eb s\u00eb gjyq\u00ebsorit, t\u00eb lir\u00eb nga presioni politik.<\/p>\n<p>\u201cKjo \u00ebsht\u00eb m\u00ebnyra e vetme p\u00ebr t\u00eb ruajtur besimin e njer\u00ebzve n\u00eb sundim t\u00eb ligjit\u201d, tha ai.<\/p>\n<p>Serbia \u00ebsht\u00eb shtet kandidat p\u00ebr an\u00ebtar\u00ebsim n\u00eb Bashkimin Evropian dhe p\u00ebrmes Raportit t\u00eb Progresit t\u00eb publikuar t\u00eb mart\u00ebn, Komisioni Evropian i rekomandoi Beogradit \u201ct\u00eb ul\u00eb nd\u00ebrhyrjet politike n\u00eb gjyq\u00ebsor dhe n\u00eb prokurori\u201d.<\/p>\n<p>&nbsp;<\/p>\n","protected":false},"excerpt":{"rendered":"<p>Prishtin\u00eb, 5 n\u00ebntor 2025 Kombet e Bashkuara kritikuan munges\u00ebn e llogaridh\u00ebnies lidhur me shembjen e streh\u00ebs s\u00eb betonit n\u00eb stacionin hekurudhor n\u00eb Novi Sad t\u00eb<\/p>\n","protected":false},"author":7,"featured_media":19107,"comment_status":"open","ping_status":"open","sticky":false,"template":"","format":"standard","meta":{"footnotes":""},"categories":[58],"tags":[],"class_list":["post-19106","post","type-post","status-publish","format-standard","has-post-thumbnail","hentry","category-politike-sq"],"yoast_head":"<!-- This site is optimized with the Yoast SEO plugin v25.3.1 - https:\/\/yoast.com\/wordpress\/plugins\/seo\/ -->\n<title>OKB-ja d\u00ebnon mosveprimin lidhur me incidentin n\u00eb Novi Sad -<\/title>\n<meta name=\"robots\" content=\"index, follow, max-snippet:-1, max-image-preview:large, max-video-preview:-1\" \/>\n<link rel=\"canonical\" href=\"https:\/\/veritasinfo.org\/?p=19106\" \/>\n<meta property=\"og:locale\" content=\"en_US\" \/>\n<meta property=\"og:type\" content=\"article\" \/>\n<meta property=\"og:title\" content=\"OKB-ja d\u00ebnon mosveprimin lidhur me incidentin n\u00eb Novi Sad -\" \/>\n<meta property=\"og:description\" content=\"Prishtin\u00eb, 5 n\u00ebntor 2025 Kombet e Bashkuara kritikuan munges\u00ebn e llogaridh\u00ebnies lidhur me shembjen e streh\u00ebs s\u00eb betonit n\u00eb stacionin hekurudhor n\u00eb Novi Sad t\u00eb\" \/>\n<meta property=\"og:url\" content=\"https:\/\/veritasinfo.org\/?p=19106\" \/>\n<meta property=\"article:published_time\" content=\"2025-11-05T14:40:44+00:00\" \/>\n<meta property=\"og:image\" content=\"https:\/\/veritasinfo.org\/wp-content\/uploads\/2025\/11\/Screenshot-2025-11-05-153955.jpg\" \/>\n\t<meta property=\"og:image:width\" content=\"857\" \/>\n\t<meta property=\"og:image:height\" content=\"559\" \/>\n\t<meta property=\"og:image:type\" content=\"image\/jpeg\" \/>\n<meta name=\"author\" content=\"US6\" \/>\n<meta name=\"twitter:card\" content=\"summary_large_image\" \/>\n<meta name=\"twitter:label1\" content=\"Written by\" \/>\n\t<meta name=\"twitter:data1\" content=\"US6\" \/>\n\t<meta name=\"twitter:label2\" content=\"Est. reading time\" \/>\n\t<meta name=\"twitter:data2\" content=\"3 minutes\" \/>\n<script type=\"application\/ld+json\" class=\"yoast-schema-graph\">{\"@context\":\"https:\/\/schema.org\",\"@graph\":[{\"@type\":\"WebPage\",\"@id\":\"https:\/\/veritasinfo.org\/?p=19106\",\"url\":\"https:\/\/veritasinfo.org\/?p=19106\",\"name\":\"OKB-ja d\u00ebnon mosveprimin lidhur me incidentin n\u00eb Novi Sad -\",\"isPartOf\":{\"@id\":\"https:\/\/veritasinfo.org\/#website\"},\"primaryImageOfPage\":{\"@id\":\"https:\/\/veritasinfo.org\/?p=19106#primaryimage\"},\"image\":{\"@id\":\"https:\/\/veritasinfo.org\/?p=19106#primaryimage\"},\"thumbnailUrl\":\"https:\/\/veritasinfo.org\/wp-content\/uploads\/2025\/11\/Screenshot-2025-11-05-153955.jpg\",\"datePublished\":\"2025-11-05T14:40:44+00:00\",\"author\":{\"@id\":\"https:\/\/veritasinfo.org\/#\/schema\/person\/fe199eede04c3937362892b7444747cc\"},\"breadcrumb\":{\"@id\":\"https:\/\/veritasinfo.org\/?p=19106#breadcrumb\"},\"inLanguage\":\"en-US\",\"potentialAction\":[{\"@type\":\"ReadAction\",\"target\":[\"https:\/\/veritasinfo.org\/?p=19106\"]}]},{\"@type\":\"ImageObject\",\"inLanguage\":\"en-US\",\"@id\":\"https:\/\/veritasinfo.org\/?p=19106#primaryimage\",\"url\":\"https:\/\/veritasinfo.org\/wp-content\/uploads\/2025\/11\/Screenshot-2025-11-05-153955.jpg\",\"contentUrl\":\"https:\/\/veritasinfo.org\/wp-content\/uploads\/2025\/11\/Screenshot-2025-11-05-153955.jpg\",\"width\":857,\"height\":559},{\"@type\":\"BreadcrumbList\",\"@id\":\"https:\/\/veritasinfo.org\/?p=19106#breadcrumb\",\"itemListElement\":[{\"@type\":\"ListItem\",\"position\":1,\"name\":\"Home\",\"item\":\"https:\/\/veritasinfo.org\/\"},{\"@type\":\"ListItem\",\"position\":2,\"name\":\"OKB-ja d\u00ebnon mosveprimin lidhur me incidentin n\u00eb Novi Sad\"}]},{\"@type\":\"WebSite\",\"@id\":\"https:\/\/veritasinfo.org\/#website\",\"url\":\"https:\/\/veritasinfo.org\/\",\"name\":\"\",\"description\":\"\",\"potentialAction\":[{\"@type\":\"SearchAction\",\"target\":{\"@type\":\"EntryPoint\",\"urlTemplate\":\"https:\/\/veritasinfo.org\/?s={search_term_string}\"},\"query-input\":{\"@type\":\"PropertyValueSpecification\",\"valueRequired\":true,\"valueName\":\"search_term_string\"}}],\"inLanguage\":\"en-US\"},{\"@type\":\"Person\",\"@id\":\"https:\/\/veritasinfo.org\/#\/schema\/person\/fe199eede04c3937362892b7444747cc\",\"name\":\"US6\",\"image\":{\"@type\":\"ImageObject\",\"inLanguage\":\"en-US\",\"@id\":\"https:\/\/veritasinfo.org\/#\/schema\/person\/image\/\",\"url\":\"https:\/\/secure.gravatar.com\/avatar\/cb16c3c31c9d23b9b8c705964598220b3014e42ff51eb540ff23cefa3ae8c15f?s=96&d=mm&r=g\",\"contentUrl\":\"https:\/\/secure.gravatar.com\/avatar\/cb16c3c31c9d23b9b8c705964598220b3014e42ff51eb540ff23cefa3ae8c15f?s=96&d=mm&r=g\",\"caption\":\"US6\"},\"url\":\"https:\/\/veritasinfo.org\/?author=7\"}]}<\/script>\n<!-- \/ Yoast SEO plugin. -->","yoast_head_json":{"title":"OKB-ja d\u00ebnon mosveprimin lidhur me incidentin n\u00eb Novi Sad -","robots":{"index":"index","follow":"follow","max-snippet":"max-snippet:-1","max-image-preview":"max-image-preview:large","max-video-preview":"max-video-preview:-1"},"canonical":"https:\/\/veritasinfo.org\/?p=19106","og_locale":"en_US","og_type":"article","og_title":"OKB-ja d\u00ebnon mosveprimin lidhur me incidentin n\u00eb Novi Sad -","og_description":"Prishtin\u00eb, 5 n\u00ebntor 2025 Kombet e Bashkuara kritikuan munges\u00ebn e llogaridh\u00ebnies lidhur me shembjen e streh\u00ebs s\u00eb betonit n\u00eb stacionin hekurudhor n\u00eb Novi Sad t\u00eb","og_url":"https:\/\/veritasinfo.org\/?p=19106","article_published_time":"2025-11-05T14:40:44+00:00","og_image":[{"width":857,"height":559,"url":"https:\/\/veritasinfo.org\/wp-content\/uploads\/2025\/11\/Screenshot-2025-11-05-153955.jpg","type":"image\/jpeg"}],"author":"US6","twitter_card":"summary_large_image","twitter_misc":{"Written by":"US6","Est. reading time":"3 minutes"},"schema":{"@context":"https:\/\/schema.org","@graph":[{"@type":"WebPage","@id":"https:\/\/veritasinfo.org\/?p=19106","url":"https:\/\/veritasinfo.org\/?p=19106","name":"OKB-ja d\u00ebnon mosveprimin lidhur me incidentin n\u00eb Novi Sad -","isPartOf":{"@id":"https:\/\/veritasinfo.org\/#website"},"primaryImageOfPage":{"@id":"https:\/\/veritasinfo.org\/?p=19106#primaryimage"},"image":{"@id":"https:\/\/veritasinfo.org\/?p=19106#primaryimage"},"thumbnailUrl":"https:\/\/veritasinfo.org\/wp-content\/uploads\/2025\/11\/Screenshot-2025-11-05-153955.jpg","datePublished":"2025-11-05T14:40:44+00:00","author":{"@id":"https:\/\/veritasinfo.org\/#\/schema\/person\/fe199eede04c3937362892b7444747cc"},"breadcrumb":{"@id":"https:\/\/veritasinfo.org\/?p=19106#breadcrumb"},"inLanguage":"en-US","potentialAction":[{"@type":"ReadAction","target":["https:\/\/veritasinfo.org\/?p=19106"]}]},{"@type":"ImageObject","inLanguage":"en-US","@id":"https:\/\/veritasinfo.org\/?p=19106#primaryimage","url":"https:\/\/veritasinfo.org\/wp-content\/uploads\/2025\/11\/Screenshot-2025-11-05-153955.jpg","contentUrl":"https:\/\/veritasinfo.org\/wp-content\/uploads\/2025\/11\/Screenshot-2025-11-05-153955.jpg","width":857,"height":559},{"@type":"BreadcrumbList","@id":"https:\/\/veritasinfo.org\/?p=19106#breadcrumb","itemListElement":[{"@type":"ListItem","position":1,"name":"Home","item":"https:\/\/veritasinfo.org\/"},{"@type":"ListItem","position":2,"name":"OKB-ja d\u00ebnon mosveprimin lidhur me incidentin n\u00eb Novi Sad"}]},{"@type":"WebSite","@id":"https:\/\/veritasinfo.org\/#website","url":"https:\/\/veritasinfo.org\/","name":"","description":"","potentialAction":[{"@type":"SearchAction","target":{"@type":"EntryPoint","urlTemplate":"https:\/\/veritasinfo.org\/?s={search_term_string}"},"query-input":{"@type":"PropertyValueSpecification","valueRequired":true,"valueName":"search_term_string"}}],"inLanguage":"en-US"},{"@type":"Person","@id":"https:\/\/veritasinfo.org\/#\/schema\/person\/fe199eede04c3937362892b7444747cc","name":"US6","image":{"@type":"ImageObject","inLanguage":"en-US","@id":"https:\/\/veritasinfo.org\/#\/schema\/person\/image\/","url":"https:\/\/secure.gravatar.com\/avatar\/cb16c3c31c9d23b9b8c705964598220b3014e42ff51eb540ff23cefa3ae8c15f?s=96&d=mm&r=g","contentUrl":"https:\/\/secure.gravatar.com\/avatar\/cb16c3c31c9d23b9b8c705964598220b3014e42ff51eb540ff23cefa3ae8c15f?s=96&d=mm&r=g","caption":"US6"},"url":"https:\/\/veritasinfo.org\/?author=7"}]}},"featured_image_urls":{"full":["https:\/\/veritasinfo.org\/wp-content\/uploads\/2025\/11\/Screenshot-2025-11-05-153955.jpg",857,559,false],"thumbnail":["https:\/\/veritasinfo.org\/wp-content\/uploads\/2025\/11\/Screenshot-2025-11-05-153955-150x150.jpg",150,150,true],"medium":["https:\/\/veritasinfo.org\/wp-content\/uploads\/2025\/11\/Screenshot-2025-11-05-153955-300x196.jpg",300,196,true],"medium_large":["https:\/\/veritasinfo.org\/wp-content\/uploads\/2025\/11\/Screenshot-2025-11-05-153955-768x501.jpg",640,418,true],"large":["https:\/\/veritasinfo.org\/wp-content\/uploads\/2025\/11\/Screenshot-2025-11-05-153955.jpg",640,417,false],"1536x1536":["https:\/\/veritasinfo.org\/wp-content\/uploads\/2025\/11\/Screenshot-2025-11-05-153955.jpg",857,559,false],"2048x2048":["https:\/\/veritasinfo.org\/wp-content\/uploads\/2025\/11\/Screenshot-2025-11-05-153955.jpg",857,559,false],"kreeti-slider-full":["https:\/\/veritasinfo.org\/wp-content\/uploads\/2025\/11\/Screenshot-2025-11-05-153955.jpg",857,559,false],"kreeti-featured":["https:\/\/veritasinfo.org\/wp-content\/uploads\/2025\/11\/Screenshot-2025-11-05-153955.jpg",857,559,false],"kreeti-medium":["https:\/\/veritasinfo.org\/wp-content\/uploads\/2025\/11\/Screenshot-2025-11-05-153955.jpg",720,470,false],"kreeti-medium-square":["https:\/\/veritasinfo.org\/wp-content\/uploads\/2025\/11\/Screenshot-2025-11-05-153955.jpg",350,228,false]},"author_info":{"info":["US6"]},"category_info":"<a href=\"https:\/\/veritasinfo.org\/?cat=58\" rel=\"category\">Politik\u00eb<\/a>","tag_info":"Politik\u00eb","comment_count":"0","_links":{"self":[{"href":"https:\/\/veritasinfo.org\/index.php?rest_route=\/wp\/v2\/posts\/19106","targetHints":{"allow":["GET"]}}],"collection":[{"href":"https:\/\/veritasinfo.org\/index.php?rest_route=\/wp\/v2\/posts"}],"about":[{"href":"https:\/\/veritasinfo.org\/index.php?rest_route=\/wp\/v2\/types\/post"}],"author":[{"embeddable":true,"href":"https:\/\/veritasinfo.org\/index.php?rest_route=\/wp\/v2\/users\/7"}],"replies":[{"embeddable":true,"href":"https:\/\/veritasinfo.org\/index.php?rest_route=%2Fwp%2Fv2%2Fcomments&post=19106"}],"version-history":[{"count":1,"href":"https:\/\/veritasinfo.org\/index.php?rest_route=\/wp\/v2\/posts\/19106\/revisions"}],"predecessor-version":[{"id":19108,"href":"https:\/\/veritasinfo.org\/index.php?rest_route=\/wp\/v2\/posts\/19106\/revisions\/19108"}],"wp:featuredmedia":[{"embeddable":true,"href":"https:\/\/veritasinfo.org\/index.php?rest_route=\/wp\/v2\/media\/19107"}],"wp:attachment":[{"href":"https:\/\/veritasinfo.org\/index.php?rest_route=%2Fwp%2Fv2%2Fmedia&parent=19106"}],"wp:term":[{"taxonomy":"category","embeddable":true,"href":"https:\/\/veritasinfo.org\/index.php?rest_route=%2Fwp%2Fv2%2Fcategories&post=19106"},{"taxonomy":"post_tag","embeddable":true,"href":"https:\/\/veritasinfo.org\/index.php?rest_route=%2Fwp%2Fv2%2Ftags&post=19106"}],"curies":[{"name":"wp","href":"https:\/\/api.w.org\/{rel}","templated":true}]}}