{"id":19099,"date":"2025-11-05T14:28:29","date_gmt":"2025-11-05T13:28:29","guid":{"rendered":"https:\/\/veritasinfo.org\/?p=19099"},"modified":"2025-11-05T14:28:29","modified_gmt":"2025-11-05T13:28:29","slug":"aksion-protestues-para-selise-se-eulex-nga-organizatat-e-dala-nga-lufta","status":"publish","type":"post","link":"https:\/\/veritasinfo.org\/?p=19099","title":{"rendered":"Aksion protestues para selis\u00eb s\u00eb EULEX nga organizatat e dala nga lufta"},"content":{"rendered":"<p>Prishtin\u00eb 05 N\u00ebntor 2025<\/p>\n<p>Organizata t\u00eb dala nga Lufta e Ushtris\u00eb \u00c7lirimtare t\u00eb Kosov\u00ebs (U\u00c7K) kan\u00eb mbajtur nj\u00eb aksion proteste para zyrave t\u00eb EULEX-it, n\u00eb shenj\u00eb t\u00eb pes\u00ebvjetorit t\u00eb arrestimit t\u00eb ish-krer\u00ebve t\u00eb U\u00c7K-s\u00eb.<\/p>\n<p>Protestuesit mbanin nj\u00eb shirit rreth objektit, ku ishte shkruar: \u201cPes\u00eb vjet padrejt\u00ebsi e organizuar, 5 vjet turp nd\u00ebrkomb\u00ebtar\u201d, duke shprehur pak\u00ebnaq\u00ebsin\u00eb dhe k\u00ebrkes\u00ebn p\u00ebr drejt\u00ebsi ndaj ish-udh\u00ebheq\u00ebsve t\u00eb U\u00c7K-s\u00eb. <\/p>\n<p>Aksioni i organizatave t\u00eb dala nga lufta para EULEX-it simbolizon padrejt\u00ebsin\u00eb ndaj U\u00c7K-s\u00eb, duke p\u00ebrmendur emrat e Hashim Tha\u00e7it, Kadri Veselit, Jakup Krasniqit dhe Rexhep Selimit, t\u00eb cil\u00ebt jan\u00eb d\u00ebrguar n\u00eb Hag\u00eb dhe q\u00eb tashm\u00eb pes\u00eb vite po mbahen n\u00eb paraburgim, sipas tyre n\u00eb m\u00ebnyr\u00eb t\u00eb padrejt\u00eb.<\/p>\n<p>Kryetari i OVL e U\u00c7K, Hysni Gucati, ka deklaruar se gjykimi n\u00eb Hag\u00eb \u00ebsht\u00eb zgjatur dhe po zhvillohet me parregullsi t\u00eb shumta. Ai tha se, si ish-luft\u00ebtar i U\u00c7K-s\u00eb, do t\u00eb nd\u00ebrmarr\u00eb veprime p\u00ebr t\u00eb k\u00ebrkuar drejt\u00ebsi p\u00ebr ish-krer\u00ebt e U\u00c7K-s\u00eb dhe p\u00ebr luft\u00ebn e drejt\u00eb t\u00eb U\u00c7K-s\u00eb.<\/p>\n<p>M\u00eb her\u00ebt, organizatat e dala nga Lufta e U\u00c7K-s\u00eb kan\u00eb th\u00ebn\u00eb se ish- krer\u00ebt po p\u00ebrballen me padrejt\u00ebsi, karshi t\u00eb cil\u00ebs theksojn\u00eb se nuk do t\u00eb dor\u00ebzohen.<\/p>\n<p>\u201cSot b\u00ebhen 5 vite nga arrestimi i krer\u00ebve t\u00eb Ushtris\u00eb \u00c7lirimtare t\u00eb Kosov\u00ebs. Pes\u00eb vite padrejt\u00ebsi, pes\u00eb vite q\u00eb heronjt\u00eb e liris\u00eb mbahen larg familjeve dhe vendit p\u00ebr t\u00eb cilin luftuan. Ne nuk harrojm\u00eb dhe nuk dor\u00ebzohemi p\u00ebrball\u00eb k\u00ebsaj padrejt\u00ebsie historike\u201d, thuhet n\u00eb reagimin e OVL-U\u00c7K.<\/p>\n","protected":false},"excerpt":{"rendered":"<p>Prishtin\u00eb 05 N\u00ebntor 2025 Organizata t\u00eb dala nga Lufta e Ushtris\u00eb \u00c7lirimtare t\u00eb Kosov\u00ebs (U\u00c7K) kan\u00eb mbajtur nj\u00eb aksion proteste para zyrave t\u00eb EULEX-it, n\u00eb<\/p>\n","protected":false},"author":6,"featured_media":19101,"comment_status":"open","ping_status":"open","sticky":false,"template":"","format":"standard","meta":{"footnotes":""},"categories":[58],"tags":[],"class_list":["post-19099","post","type-post","status-publish","format-standard","has-post-thumbnail","hentry","category-politike-sq"],"yoast_head":"<!-- This site is optimized with the Yoast SEO plugin v25.3.1 - https:\/\/yoast.com\/wordpress\/plugins\/seo\/ -->\n<title>Aksion protestues para selis\u00eb s\u00eb EULEX nga organizatat e dala nga lufta -<\/title>\n<meta name=\"robots\" content=\"index, follow, max-snippet:-1, max-image-preview:large, max-video-preview:-1\" \/>\n<link rel=\"canonical\" href=\"https:\/\/veritasinfo.org\/?p=19099\" \/>\n<meta property=\"og:locale\" content=\"en_US\" \/>\n<meta property=\"og:type\" content=\"article\" \/>\n<meta property=\"og:title\" content=\"Aksion protestues para selis\u00eb s\u00eb EULEX nga organizatat e dala nga lufta -\" \/>\n<meta property=\"og:description\" content=\"Prishtin\u00eb 05 N\u00ebntor 2025 Organizata t\u00eb dala nga Lufta e Ushtris\u00eb \u00c7lirimtare t\u00eb Kosov\u00ebs (U\u00c7K) kan\u00eb mbajtur nj\u00eb aksion proteste para zyrave t\u00eb EULEX-it, n\u00eb\" \/>\n<meta property=\"og:url\" content=\"https:\/\/veritasinfo.org\/?p=19099\" \/>\n<meta property=\"article:published_time\" content=\"2025-11-05T13:28:29+00:00\" \/>\n<meta property=\"og:image\" content=\"https:\/\/veritasinfo.org\/wp-content\/uploads\/2025\/11\/00-1.jpg\" \/>\n\t<meta property=\"og:image:width\" content=\"2048\" \/>\n\t<meta property=\"og:image:height\" content=\"1536\" \/>\n\t<meta property=\"og:image:type\" content=\"image\/jpeg\" \/>\n<meta name=\"author\" content=\"US5\" \/>\n<meta name=\"twitter:card\" content=\"summary_large_image\" \/>\n<meta name=\"twitter:label1\" content=\"Written by\" \/>\n\t<meta name=\"twitter:data1\" content=\"US5\" \/>\n\t<meta name=\"twitter:label2\" content=\"Est. reading time\" \/>\n\t<meta name=\"twitter:data2\" content=\"1 minute\" \/>\n<script type=\"application\/ld+json\" class=\"yoast-schema-graph\">{\"@context\":\"https:\/\/schema.org\",\"@graph\":[{\"@type\":\"WebPage\",\"@id\":\"https:\/\/veritasinfo.org\/?p=19099\",\"url\":\"https:\/\/veritasinfo.org\/?p=19099\",\"name\":\"Aksion protestues para selis\u00eb s\u00eb EULEX nga organizatat e dala nga lufta -\",\"isPartOf\":{\"@id\":\"https:\/\/veritasinfo.org\/#website\"},\"primaryImageOfPage\":{\"@id\":\"https:\/\/veritasinfo.org\/?p=19099#primaryimage\"},\"image\":{\"@id\":\"https:\/\/veritasinfo.org\/?p=19099#primaryimage\"},\"thumbnailUrl\":\"https:\/\/veritasinfo.org\/wp-content\/uploads\/2025\/11\/00-1.jpg\",\"datePublished\":\"2025-11-05T13:28:29+00:00\",\"author\":{\"@id\":\"https:\/\/veritasinfo.org\/#\/schema\/person\/bc442336e35414d04494ab8fb45db4c6\"},\"breadcrumb\":{\"@id\":\"https:\/\/veritasinfo.org\/?p=19099#breadcrumb\"},\"inLanguage\":\"en-US\",\"potentialAction\":[{\"@type\":\"ReadAction\",\"target\":[\"https:\/\/veritasinfo.org\/?p=19099\"]}]},{\"@type\":\"ImageObject\",\"inLanguage\":\"en-US\",\"@id\":\"https:\/\/veritasinfo.org\/?p=19099#primaryimage\",\"url\":\"https:\/\/veritasinfo.org\/wp-content\/uploads\/2025\/11\/00-1.jpg\",\"contentUrl\":\"https:\/\/veritasinfo.org\/wp-content\/uploads\/2025\/11\/00-1.jpg\",\"width\":2048,\"height\":1536},{\"@type\":\"BreadcrumbList\",\"@id\":\"https:\/\/veritasinfo.org\/?p=19099#breadcrumb\",\"itemListElement\":[{\"@type\":\"ListItem\",\"position\":1,\"name\":\"Home\",\"item\":\"https:\/\/veritasinfo.org\/\"},{\"@type\":\"ListItem\",\"position\":2,\"name\":\"Aksion protestues para selis\u00eb s\u00eb EULEX nga organizatat e dala nga lufta\"}]},{\"@type\":\"WebSite\",\"@id\":\"https:\/\/veritasinfo.org\/#website\",\"url\":\"https:\/\/veritasinfo.org\/\",\"name\":\"\",\"description\":\"\",\"potentialAction\":[{\"@type\":\"SearchAction\",\"target\":{\"@type\":\"EntryPoint\",\"urlTemplate\":\"https:\/\/veritasinfo.org\/?s={search_term_string}\"},\"query-input\":{\"@type\":\"PropertyValueSpecification\",\"valueRequired\":true,\"valueName\":\"search_term_string\"}}],\"inLanguage\":\"en-US\"},{\"@type\":\"Person\",\"@id\":\"https:\/\/veritasinfo.org\/#\/schema\/person\/bc442336e35414d04494ab8fb45db4c6\",\"name\":\"US5\",\"image\":{\"@type\":\"ImageObject\",\"inLanguage\":\"en-US\",\"@id\":\"https:\/\/veritasinfo.org\/#\/schema\/person\/image\/\",\"url\":\"https:\/\/secure.gravatar.com\/avatar\/16a61e7272a0c5d001121ebb9e60e925d5816e4ac1e443ed3e640d9a6ae55d0c?s=96&d=mm&r=g\",\"contentUrl\":\"https:\/\/secure.gravatar.com\/avatar\/16a61e7272a0c5d001121ebb9e60e925d5816e4ac1e443ed3e640d9a6ae55d0c?s=96&d=mm&r=g\",\"caption\":\"US5\"},\"url\":\"https:\/\/veritasinfo.org\/?author=6\"}]}<\/script>\n<!-- \/ Yoast SEO plugin. -->","yoast_head_json":{"title":"Aksion protestues para selis\u00eb s\u00eb EULEX nga organizatat e dala nga lufta -","robots":{"index":"index","follow":"follow","max-snippet":"max-snippet:-1","max-image-preview":"max-image-preview:large","max-video-preview":"max-video-preview:-1"},"canonical":"https:\/\/veritasinfo.org\/?p=19099","og_locale":"en_US","og_type":"article","og_title":"Aksion protestues para selis\u00eb s\u00eb EULEX nga organizatat e dala nga lufta -","og_description":"Prishtin\u00eb 05 N\u00ebntor 2025 Organizata t\u00eb dala nga Lufta e Ushtris\u00eb \u00c7lirimtare t\u00eb Kosov\u00ebs (U\u00c7K) kan\u00eb mbajtur nj\u00eb aksion proteste para zyrave t\u00eb EULEX-it, n\u00eb","og_url":"https:\/\/veritasinfo.org\/?p=19099","article_published_time":"2025-11-05T13:28:29+00:00","og_image":[{"width":2048,"height":1536,"url":"https:\/\/veritasinfo.org\/wp-content\/uploads\/2025\/11\/00-1.jpg","type":"image\/jpeg"}],"author":"US5","twitter_card":"summary_large_image","twitter_misc":{"Written by":"US5","Est. reading time":"1 minute"},"schema":{"@context":"https:\/\/schema.org","@graph":[{"@type":"WebPage","@id":"https:\/\/veritasinfo.org\/?p=19099","url":"https:\/\/veritasinfo.org\/?p=19099","name":"Aksion protestues para selis\u00eb s\u00eb EULEX nga organizatat e dala nga lufta -","isPartOf":{"@id":"https:\/\/veritasinfo.org\/#website"},"primaryImageOfPage":{"@id":"https:\/\/veritasinfo.org\/?p=19099#primaryimage"},"image":{"@id":"https:\/\/veritasinfo.org\/?p=19099#primaryimage"},"thumbnailUrl":"https:\/\/veritasinfo.org\/wp-content\/uploads\/2025\/11\/00-1.jpg","datePublished":"2025-11-05T13:28:29+00:00","author":{"@id":"https:\/\/veritasinfo.org\/#\/schema\/person\/bc442336e35414d04494ab8fb45db4c6"},"breadcrumb":{"@id":"https:\/\/veritasinfo.org\/?p=19099#breadcrumb"},"inLanguage":"en-US","potentialAction":[{"@type":"ReadAction","target":["https:\/\/veritasinfo.org\/?p=19099"]}]},{"@type":"ImageObject","inLanguage":"en-US","@id":"https:\/\/veritasinfo.org\/?p=19099#primaryimage","url":"https:\/\/veritasinfo.org\/wp-content\/uploads\/2025\/11\/00-1.jpg","contentUrl":"https:\/\/veritasinfo.org\/wp-content\/uploads\/2025\/11\/00-1.jpg","width":2048,"height":1536},{"@type":"BreadcrumbList","@id":"https:\/\/veritasinfo.org\/?p=19099#breadcrumb","itemListElement":[{"@type":"ListItem","position":1,"name":"Home","item":"https:\/\/veritasinfo.org\/"},{"@type":"ListItem","position":2,"name":"Aksion protestues para selis\u00eb s\u00eb EULEX nga organizatat e dala nga lufta"}]},{"@type":"WebSite","@id":"https:\/\/veritasinfo.org\/#website","url":"https:\/\/veritasinfo.org\/","name":"","description":"","potentialAction":[{"@type":"SearchAction","target":{"@type":"EntryPoint","urlTemplate":"https:\/\/veritasinfo.org\/?s={search_term_string}"},"query-input":{"@type":"PropertyValueSpecification","valueRequired":true,"valueName":"search_term_string"}}],"inLanguage":"en-US"},{"@type":"Person","@id":"https:\/\/veritasinfo.org\/#\/schema\/person\/bc442336e35414d04494ab8fb45db4c6","name":"US5","image":{"@type":"ImageObject","inLanguage":"en-US","@id":"https:\/\/veritasinfo.org\/#\/schema\/person\/image\/","url":"https:\/\/secure.gravatar.com\/avatar\/16a61e7272a0c5d001121ebb9e60e925d5816e4ac1e443ed3e640d9a6ae55d0c?s=96&d=mm&r=g","contentUrl":"https:\/\/secure.gravatar.com\/avatar\/16a61e7272a0c5d001121ebb9e60e925d5816e4ac1e443ed3e640d9a6ae55d0c?s=96&d=mm&r=g","caption":"US5"},"url":"https:\/\/veritasinfo.org\/?author=6"}]}},"featured_image_urls":{"full":["https:\/\/veritasinfo.org\/wp-content\/uploads\/2025\/11\/00-1.jpg",2048,1536,false],"thumbnail":["https:\/\/veritasinfo.org\/wp-content\/uploads\/2025\/11\/00-1-150x150.jpg",150,150,true],"medium":["https:\/\/veritasinfo.org\/wp-content\/uploads\/2025\/11\/00-1-300x225.jpg",300,225,true],"medium_large":["https:\/\/veritasinfo.org\/wp-content\/uploads\/2025\/11\/00-1-768x576.jpg",640,480,true],"large":["https:\/\/veritasinfo.org\/wp-content\/uploads\/2025\/11\/00-1-1024x768.jpg",640,480,true],"1536x1536":["https:\/\/veritasinfo.org\/wp-content\/uploads\/2025\/11\/00-1-1536x1152.jpg",1536,1152,true],"2048x2048":["https:\/\/veritasinfo.org\/wp-content\/uploads\/2025\/11\/00-1.jpg",2048,1536,false],"kreeti-slider-full":["https:\/\/veritasinfo.org\/wp-content\/uploads\/2025\/11\/00-1.jpg",960,720,false],"kreeti-featured":["https:\/\/veritasinfo.org\/wp-content\/uploads\/2025\/11\/00-1.jpg",1024,768,false],"kreeti-medium":["https:\/\/veritasinfo.org\/wp-content\/uploads\/2025\/11\/00-1.jpg",707,530,false],"kreeti-medium-square":["https:\/\/veritasinfo.org\/wp-content\/uploads\/2025\/11\/00-1.jpg",350,263,false]},"author_info":{"info":["US5"]},"category_info":"<a href=\"https:\/\/veritasinfo.org\/?cat=58\" rel=\"category\">Politik\u00eb<\/a>","tag_info":"Politik\u00eb","comment_count":"0","_links":{"self":[{"href":"https:\/\/veritasinfo.org\/index.php?rest_route=\/wp\/v2\/posts\/19099","targetHints":{"allow":["GET"]}}],"collection":[{"href":"https:\/\/veritasinfo.org\/index.php?rest_route=\/wp\/v2\/posts"}],"about":[{"href":"https:\/\/veritasinfo.org\/index.php?rest_route=\/wp\/v2\/types\/post"}],"author":[{"embeddable":true,"href":"https:\/\/veritasinfo.org\/index.php?rest_route=\/wp\/v2\/users\/6"}],"replies":[{"embeddable":true,"href":"https:\/\/veritasinfo.org\/index.php?rest_route=%2Fwp%2Fv2%2Fcomments&post=19099"}],"version-history":[{"count":1,"href":"https:\/\/veritasinfo.org\/index.php?rest_route=\/wp\/v2\/posts\/19099\/revisions"}],"predecessor-version":[{"id":19102,"href":"https:\/\/veritasinfo.org\/index.php?rest_route=\/wp\/v2\/posts\/19099\/revisions\/19102"}],"wp:featuredmedia":[{"embeddable":true,"href":"https:\/\/veritasinfo.org\/index.php?rest_route=\/wp\/v2\/media\/19101"}],"wp:attachment":[{"href":"https:\/\/veritasinfo.org\/index.php?rest_route=%2Fwp%2Fv2%2Fmedia&parent=19099"}],"wp:term":[{"taxonomy":"category","embeddable":true,"href":"https:\/\/veritasinfo.org\/index.php?rest_route=%2Fwp%2Fv2%2Fcategories&post=19099"},{"taxonomy":"post_tag","embeddable":true,"href":"https:\/\/veritasinfo.org\/index.php?rest_route=%2Fwp%2Fv2%2Ftags&post=19099"}],"curies":[{"name":"wp","href":"https:\/\/api.w.org\/{rel}","templated":true}]}}