{"id":1908,"date":"2025-06-29T09:02:55","date_gmt":"2025-06-29T07:02:55","guid":{"rendered":"https:\/\/veritasinfo.org\/?p=1908"},"modified":"2025-06-29T09:02:55","modified_gmt":"2025-06-29T07:02:55","slug":"diteve-te-para-te-korrikut-temperaturat-pritet-te-rriten-deri-ne-36c","status":"publish","type":"post","link":"https:\/\/veritasinfo.org\/?p=1908","title":{"rendered":"Dit\u00ebve t\u00eb para t\u00eb korrikut temperaturat pritet t\u00eb rriten deri n\u00eb 36\u00b0C"},"content":{"rendered":"<p><strong>Prishtin\u00eb 29 Qershor 2025<\/strong><\/p>\n<p>P\u00ebrgjat\u00eb dit\u00ebve t\u00eb para t\u00eb korrikut do t\u00eb mbret\u00ebroj\u00eb mot kryesisht me diell dhe s\u00ebrish i nxeht\u00eb, me maksimale q\u00eb sh\u00ebnojn\u00eb rritje graduale deri n\u00eb 34\u00b0C e 36\u00b0C dit\u00ebn e m\u00ebrkur\u00eb. Minimalet pritet t\u00eb luhaten nd\u00ebrmjet 14\u00b0C e 17\u00b0C. Fryn\u00eb er\u00eb veriore e leht\u00eb dhe mesatare, 5-10m\/s.<\/p>\n","protected":false},"excerpt":{"rendered":"<p>Prishtin\u00eb 29 Qershor 2025 P\u00ebrgjat\u00eb dit\u00ebve t\u00eb para t\u00eb korrikut do t\u00eb mbret\u00ebroj\u00eb mot kryesisht me diell dhe s\u00ebrish i nxeht\u00eb, me maksimale q\u00eb sh\u00ebnojn\u00eb<\/p>\n","protected":false},"author":2,"featured_media":1909,"comment_status":"open","ping_status":"open","sticky":false,"template":"","format":"standard","meta":{"footnotes":""},"categories":[60],"tags":[],"class_list":["post-1908","post","type-post","status-publish","format-standard","has-post-thumbnail","hentry","category-shoqerore-sq"],"yoast_head":"<!-- This site is optimized with the Yoast SEO plugin v25.3.1 - https:\/\/yoast.com\/wordpress\/plugins\/seo\/ -->\n<title>Dit\u00ebve t\u00eb para t\u00eb korrikut temperaturat pritet t\u00eb rriten deri n\u00eb 36\u00b0C -<\/title>\n<meta name=\"robots\" content=\"index, follow, max-snippet:-1, max-image-preview:large, max-video-preview:-1\" \/>\n<link rel=\"canonical\" href=\"https:\/\/veritasinfo.org\/?p=1908\" \/>\n<meta property=\"og:locale\" content=\"en_US\" \/>\n<meta property=\"og:type\" content=\"article\" \/>\n<meta property=\"og:title\" content=\"Dit\u00ebve t\u00eb para t\u00eb korrikut temperaturat pritet t\u00eb rriten deri n\u00eb 36\u00b0C -\" \/>\n<meta property=\"og:description\" content=\"Prishtin\u00eb 29 Qershor 2025 P\u00ebrgjat\u00eb dit\u00ebve t\u00eb para t\u00eb korrikut do t\u00eb mbret\u00ebroj\u00eb mot kryesisht me diell dhe s\u00ebrish i nxeht\u00eb, me maksimale q\u00eb sh\u00ebnojn\u00eb\" \/>\n<meta property=\"og:url\" content=\"https:\/\/veritasinfo.org\/?p=1908\" \/>\n<meta property=\"article:published_time\" content=\"2025-06-29T07:02:55+00:00\" \/>\n<meta property=\"og:image\" content=\"https:\/\/veritasinfo.org\/wp-content\/uploads\/2025\/06\/temperatura.jpg\" \/>\n\t<meta property=\"og:image:width\" content=\"900\" \/>\n\t<meta property=\"og:image:height\" content=\"598\" \/>\n\t<meta property=\"og:image:type\" content=\"image\/jpeg\" \/>\n<meta name=\"author\" content=\"US1\" \/>\n<meta name=\"twitter:card\" content=\"summary_large_image\" \/>\n<meta name=\"twitter:label1\" content=\"Written by\" \/>\n\t<meta name=\"twitter:data1\" content=\"US1\" \/>\n\t<meta name=\"twitter:label2\" content=\"Est. reading time\" \/>\n\t<meta name=\"twitter:data2\" content=\"1 minute\" \/>\n<script type=\"application\/ld+json\" class=\"yoast-schema-graph\">{\"@context\":\"https:\/\/schema.org\",\"@graph\":[{\"@type\":\"WebPage\",\"@id\":\"https:\/\/veritasinfo.org\/?p=1908\",\"url\":\"https:\/\/veritasinfo.org\/?p=1908\",\"name\":\"Dit\u00ebve t\u00eb para t\u00eb korrikut temperaturat pritet t\u00eb rriten deri n\u00eb 36\u00b0C -\",\"isPartOf\":{\"@id\":\"https:\/\/veritasinfo.org\/#website\"},\"primaryImageOfPage\":{\"@id\":\"https:\/\/veritasinfo.org\/?p=1908#primaryimage\"},\"image\":{\"@id\":\"https:\/\/veritasinfo.org\/?p=1908#primaryimage\"},\"thumbnailUrl\":\"https:\/\/veritasinfo.org\/wp-content\/uploads\/2025\/06\/temperatura.jpg\",\"datePublished\":\"2025-06-29T07:02:55+00:00\",\"author\":{\"@id\":\"https:\/\/veritasinfo.org\/#\/schema\/person\/c2b8be262ea994d0995addca692c5e98\"},\"breadcrumb\":{\"@id\":\"https:\/\/veritasinfo.org\/?p=1908#breadcrumb\"},\"inLanguage\":\"en-US\",\"potentialAction\":[{\"@type\":\"ReadAction\",\"target\":[\"https:\/\/veritasinfo.org\/?p=1908\"]}]},{\"@type\":\"ImageObject\",\"inLanguage\":\"en-US\",\"@id\":\"https:\/\/veritasinfo.org\/?p=1908#primaryimage\",\"url\":\"https:\/\/veritasinfo.org\/wp-content\/uploads\/2025\/06\/temperatura.jpg\",\"contentUrl\":\"https:\/\/veritasinfo.org\/wp-content\/uploads\/2025\/06\/temperatura.jpg\",\"width\":900,\"height\":598},{\"@type\":\"BreadcrumbList\",\"@id\":\"https:\/\/veritasinfo.org\/?p=1908#breadcrumb\",\"itemListElement\":[{\"@type\":\"ListItem\",\"position\":1,\"name\":\"Home\",\"item\":\"https:\/\/veritasinfo.org\/\"},{\"@type\":\"ListItem\",\"position\":2,\"name\":\"Dit\u00ebve t\u00eb para t\u00eb korrikut temperaturat pritet t\u00eb rriten deri n\u00eb 36\u00b0C\"}]},{\"@type\":\"WebSite\",\"@id\":\"https:\/\/veritasinfo.org\/#website\",\"url\":\"https:\/\/veritasinfo.org\/\",\"name\":\"\",\"description\":\"\",\"potentialAction\":[{\"@type\":\"SearchAction\",\"target\":{\"@type\":\"EntryPoint\",\"urlTemplate\":\"https:\/\/veritasinfo.org\/?s={search_term_string}\"},\"query-input\":{\"@type\":\"PropertyValueSpecification\",\"valueRequired\":true,\"valueName\":\"search_term_string\"}}],\"inLanguage\":\"en-US\"},{\"@type\":\"Person\",\"@id\":\"https:\/\/veritasinfo.org\/#\/schema\/person\/c2b8be262ea994d0995addca692c5e98\",\"name\":\"US1\",\"image\":{\"@type\":\"ImageObject\",\"inLanguage\":\"en-US\",\"@id\":\"https:\/\/veritasinfo.org\/#\/schema\/person\/image\/\",\"url\":\"https:\/\/secure.gravatar.com\/avatar\/4e96a59bd256abf9956eb9963ac891a47461ffb364d47b0e9aab113328fdb75b?s=96&d=mm&r=g\",\"contentUrl\":\"https:\/\/secure.gravatar.com\/avatar\/4e96a59bd256abf9956eb9963ac891a47461ffb364d47b0e9aab113328fdb75b?s=96&d=mm&r=g\",\"caption\":\"US1\"},\"url\":\"https:\/\/veritasinfo.org\/?author=2\"}]}<\/script>\n<!-- \/ Yoast SEO plugin. -->","yoast_head_json":{"title":"Dit\u00ebve t\u00eb para t\u00eb korrikut temperaturat pritet t\u00eb rriten deri n\u00eb 36\u00b0C -","robots":{"index":"index","follow":"follow","max-snippet":"max-snippet:-1","max-image-preview":"max-image-preview:large","max-video-preview":"max-video-preview:-1"},"canonical":"https:\/\/veritasinfo.org\/?p=1908","og_locale":"en_US","og_type":"article","og_title":"Dit\u00ebve t\u00eb para t\u00eb korrikut temperaturat pritet t\u00eb rriten deri n\u00eb 36\u00b0C -","og_description":"Prishtin\u00eb 29 Qershor 2025 P\u00ebrgjat\u00eb dit\u00ebve t\u00eb para t\u00eb korrikut do t\u00eb mbret\u00ebroj\u00eb mot kryesisht me diell dhe s\u00ebrish i nxeht\u00eb, me maksimale q\u00eb sh\u00ebnojn\u00eb","og_url":"https:\/\/veritasinfo.org\/?p=1908","article_published_time":"2025-06-29T07:02:55+00:00","og_image":[{"width":900,"height":598,"url":"https:\/\/veritasinfo.org\/wp-content\/uploads\/2025\/06\/temperatura.jpg","type":"image\/jpeg"}],"author":"US1","twitter_card":"summary_large_image","twitter_misc":{"Written by":"US1","Est. reading time":"1 minute"},"schema":{"@context":"https:\/\/schema.org","@graph":[{"@type":"WebPage","@id":"https:\/\/veritasinfo.org\/?p=1908","url":"https:\/\/veritasinfo.org\/?p=1908","name":"Dit\u00ebve t\u00eb para t\u00eb korrikut temperaturat pritet t\u00eb rriten deri n\u00eb 36\u00b0C -","isPartOf":{"@id":"https:\/\/veritasinfo.org\/#website"},"primaryImageOfPage":{"@id":"https:\/\/veritasinfo.org\/?p=1908#primaryimage"},"image":{"@id":"https:\/\/veritasinfo.org\/?p=1908#primaryimage"},"thumbnailUrl":"https:\/\/veritasinfo.org\/wp-content\/uploads\/2025\/06\/temperatura.jpg","datePublished":"2025-06-29T07:02:55+00:00","author":{"@id":"https:\/\/veritasinfo.org\/#\/schema\/person\/c2b8be262ea994d0995addca692c5e98"},"breadcrumb":{"@id":"https:\/\/veritasinfo.org\/?p=1908#breadcrumb"},"inLanguage":"en-US","potentialAction":[{"@type":"ReadAction","target":["https:\/\/veritasinfo.org\/?p=1908"]}]},{"@type":"ImageObject","inLanguage":"en-US","@id":"https:\/\/veritasinfo.org\/?p=1908#primaryimage","url":"https:\/\/veritasinfo.org\/wp-content\/uploads\/2025\/06\/temperatura.jpg","contentUrl":"https:\/\/veritasinfo.org\/wp-content\/uploads\/2025\/06\/temperatura.jpg","width":900,"height":598},{"@type":"BreadcrumbList","@id":"https:\/\/veritasinfo.org\/?p=1908#breadcrumb","itemListElement":[{"@type":"ListItem","position":1,"name":"Home","item":"https:\/\/veritasinfo.org\/"},{"@type":"ListItem","position":2,"name":"Dit\u00ebve t\u00eb para t\u00eb korrikut temperaturat pritet t\u00eb rriten deri n\u00eb 36\u00b0C"}]},{"@type":"WebSite","@id":"https:\/\/veritasinfo.org\/#website","url":"https:\/\/veritasinfo.org\/","name":"","description":"","potentialAction":[{"@type":"SearchAction","target":{"@type":"EntryPoint","urlTemplate":"https:\/\/veritasinfo.org\/?s={search_term_string}"},"query-input":{"@type":"PropertyValueSpecification","valueRequired":true,"valueName":"search_term_string"}}],"inLanguage":"en-US"},{"@type":"Person","@id":"https:\/\/veritasinfo.org\/#\/schema\/person\/c2b8be262ea994d0995addca692c5e98","name":"US1","image":{"@type":"ImageObject","inLanguage":"en-US","@id":"https:\/\/veritasinfo.org\/#\/schema\/person\/image\/","url":"https:\/\/secure.gravatar.com\/avatar\/4e96a59bd256abf9956eb9963ac891a47461ffb364d47b0e9aab113328fdb75b?s=96&d=mm&r=g","contentUrl":"https:\/\/secure.gravatar.com\/avatar\/4e96a59bd256abf9956eb9963ac891a47461ffb364d47b0e9aab113328fdb75b?s=96&d=mm&r=g","caption":"US1"},"url":"https:\/\/veritasinfo.org\/?author=2"}]}},"featured_image_urls":{"full":["https:\/\/veritasinfo.org\/wp-content\/uploads\/2025\/06\/temperatura.jpg",900,598,false],"thumbnail":["https:\/\/veritasinfo.org\/wp-content\/uploads\/2025\/06\/temperatura-150x150.jpg",150,150,true],"medium":["https:\/\/veritasinfo.org\/wp-content\/uploads\/2025\/06\/temperatura-300x199.jpg",300,199,true],"medium_large":["https:\/\/veritasinfo.org\/wp-content\/uploads\/2025\/06\/temperatura-768x510.jpg",640,425,true],"large":["https:\/\/veritasinfo.org\/wp-content\/uploads\/2025\/06\/temperatura.jpg",640,425,false],"1536x1536":["https:\/\/veritasinfo.org\/wp-content\/uploads\/2025\/06\/temperatura.jpg",900,598,false],"2048x2048":["https:\/\/veritasinfo.org\/wp-content\/uploads\/2025\/06\/temperatura.jpg",900,598,false],"kreeti-slider-full":["https:\/\/veritasinfo.org\/wp-content\/uploads\/2025\/06\/temperatura.jpg",900,598,false],"kreeti-featured":["https:\/\/veritasinfo.org\/wp-content\/uploads\/2025\/06\/temperatura.jpg",900,598,false],"kreeti-medium":["https:\/\/veritasinfo.org\/wp-content\/uploads\/2025\/06\/temperatura.jpg",720,478,false],"kreeti-medium-square":["https:\/\/veritasinfo.org\/wp-content\/uploads\/2025\/06\/temperatura.jpg",350,233,false]},"author_info":{"info":["US1"]},"category_info":"<a href=\"https:\/\/veritasinfo.org\/?cat=60\" rel=\"category\">Shoq\u00ebrore<\/a>","tag_info":"Shoq\u00ebrore","comment_count":"0","_links":{"self":[{"href":"https:\/\/veritasinfo.org\/index.php?rest_route=\/wp\/v2\/posts\/1908","targetHints":{"allow":["GET"]}}],"collection":[{"href":"https:\/\/veritasinfo.org\/index.php?rest_route=\/wp\/v2\/posts"}],"about":[{"href":"https:\/\/veritasinfo.org\/index.php?rest_route=\/wp\/v2\/types\/post"}],"author":[{"embeddable":true,"href":"https:\/\/veritasinfo.org\/index.php?rest_route=\/wp\/v2\/users\/2"}],"replies":[{"embeddable":true,"href":"https:\/\/veritasinfo.org\/index.php?rest_route=%2Fwp%2Fv2%2Fcomments&post=1908"}],"version-history":[{"count":1,"href":"https:\/\/veritasinfo.org\/index.php?rest_route=\/wp\/v2\/posts\/1908\/revisions"}],"predecessor-version":[{"id":1910,"href":"https:\/\/veritasinfo.org\/index.php?rest_route=\/wp\/v2\/posts\/1908\/revisions\/1910"}],"wp:featuredmedia":[{"embeddable":true,"href":"https:\/\/veritasinfo.org\/index.php?rest_route=\/wp\/v2\/media\/1909"}],"wp:attachment":[{"href":"https:\/\/veritasinfo.org\/index.php?rest_route=%2Fwp%2Fv2%2Fmedia&parent=1908"}],"wp:term":[{"taxonomy":"category","embeddable":true,"href":"https:\/\/veritasinfo.org\/index.php?rest_route=%2Fwp%2Fv2%2Fcategories&post=1908"},{"taxonomy":"post_tag","embeddable":true,"href":"https:\/\/veritasinfo.org\/index.php?rest_route=%2Fwp%2Fv2%2Ftags&post=1908"}],"curies":[{"name":"wp","href":"https:\/\/api.w.org\/{rel}","templated":true}]}}