{"id":19040,"date":"2025-11-05T10:33:58","date_gmt":"2025-11-05T09:33:58","guid":{"rendered":"https:\/\/veritasinfo.org\/?p=19040"},"modified":"2025-11-05T10:33:58","modified_gmt":"2025-11-05T09:33:58","slug":"kurti-per-raportin-e-be-se-ka-progres-ne-35-fusha-ngecje-vetem-ne-tri","status":"publish","type":"post","link":"https:\/\/veritasinfo.org\/?p=19040","title":{"rendered":"Kurti p\u00ebr raportin e BE-s\u00eb: Ka progres n\u00eb 35 fusha, ngecje vet\u00ebm n\u00eb tri"},"content":{"rendered":"<p>Prishtin\u00eb 05 N\u00ebntor 2025<\/p>\n<p>(E plot\u00ebsuar) Kryeministri n\u00eb detyr\u00eb i Kosov\u00ebs, Albin Kurti, ka pranuar \u2018Raportin p\u00ebr Vendin 2025 nga Komisioni Evropian\u2019. Ai tha se raporti  n\u00eb fjal\u00eb vler\u00ebson zhvillimet n\u00eb t\u00eb gjith\u00eb sektor\u00ebt e shtetit. Sipas tij, edhe pse qeveri n\u00eb detyr\u00eb, raporti konstaton se jan\u00eb kryer detyrat me sukses.<\/p>\n<p>Duke fal\u00ebnderuar BE dhe Zyr\u00ebn e  BE-s\u00eb n\u00eb Kosov\u00eb p\u00ebr bashk\u00ebpunimin n\u00eb agjend\u00ebn e p\u00ebrbashk\u00ebt drejt agjend\u00ebs evropiane, Kurti tha se integrimi n\u00eb BE mbete prioritet edhe vleror edhe strategjik i vendit.<\/p>\n<p>Kurti tha se edhe si qeveri n\u00eb detyr\u00eb, Kosova ka realizuar detyrat me sukses, duke regjistruar progres n\u00eb 35 fusha dhe ngecje vet\u00ebm n\u00eb tri.<\/p>\n<p>\u201cRaporti i sivjetm\u00eb \u00ebsht\u00eb pozitiv, pothuajse, n\u00eb t\u00eb gjitha fushat dhe ofron rekomandime t\u00eb qarta aty ku ka ngecje. Ai pasqyron pun\u00ebn e qeveris\u00eb dhe progresin ton\u00eb t\u00eb p\u00ebrbashk\u00ebt shoq\u00ebror. N\u00eb k\u00ebt\u00eb vit, sikurse gjat\u00eb gjith\u00eb mandatit, nuk ka pasur kthim prapa n\u00eb asnj\u00eb fush\u00eb. Ka progres n\u00eb 35 fusha dhe ngecje n\u00eb vet\u00ebm 3 fusha. Progresi varion nga i kufizuar n\u00eb n\u00eb t\u00eb p\u00ebrparuar. Orientim yn\u00eb \u00ebsht\u00eb i qart\u00eb: an\u00ebtar\u00ebsimi i plot\u00eb n\u00eb BE. Raporti konfirmon p\u00ebrkushtimin ton\u00eb dhe mb\u00ebshtetjen e gjer\u00eb publike p\u00ebr procesin e integrimit\u201d, tha Kurti<\/p>\n<p>Ai m\u00eb tej shtoi se raporti vler\u00ebson p\u00ebrafrimin e p\u00ebrbashk\u00ebt t\u00eb jasht\u00ebm e t\u00eb siguris\u00eb t\u00eb BE-s\u00eb, p\u00ebrfshir\u00eb sanksionet ndaj Rusis\u00eb e Bjellorusis\u00eb, si dhe d\u00ebnimin e agresionit rus ndaj Ukrain\u00ebs.<\/p>\n<p>Kurse lidhur me pyetjen p\u00ebr sigurimin e n\u00ebnshkrimeve p\u00ebr mandatarin e dyt\u00eb t\u00eb qeveris\u00eb s\u00eb re, Kurti tha se nuk \u00ebsht\u00eb e nevojshme sigurimi i 61 n\u00ebnshkrimeve. Sipas tij, tentimi i dyt\u00eb p\u00ebr themelimin e qeveris\u00eb, p\u00ebrve\u00e7 se \u00ebsht\u00eb i drejt\u00eb, \u00ebsht\u00eb edhe obligim, n\u00eb m\u00ebnyr\u00eb q\u00eb t\u00eb b\u00ebhet \u00e7mos p\u00ebr t\u2019u evituar zgjedhjet e reja.<\/p>\n<p>Ai shtoi se \u00ebsht\u00eb d\u00ebm i madh n\u00ebse organizohen zgjedhje edhe n\u00eb dhjetor edhe n\u00eb prill.<\/p>\n<p>\u201cPrandaj ne d\u00ebrguam emrin e Glauk Konjufc\u00ebs p\u00ebr mandatar t\u00eb qeveris\u00eb te presidentja e vendit, q\u00eb t\u00eb mos ket\u00eb dy pal\u00eb zgjedhje p\u00ebr pak muaj, dhe p\u00ebrve\u00e7 k\u00ebsaj, po t\u00eb ishte parakusht n\u00ebnshkrimi i 61 deputet\u00ebve q\u00eb t\u00eb tentohet p\u00ebr her\u00ebn e dyt\u00eb t\u00eb formohet qeveria nuk do t\u00eb kishte pasur kuptim afati 15 ditor i cili ekziston p\u00ebr her\u00ebn e dyt\u00eb\u201d, qart\u00ebsoi Kurti.<\/p>\n<p>Lidhur me sulmin brenda territorit t\u00eb Kosov\u00ebs, ku \u00ebsht\u00eb plagosur nj\u00eb shtetas kosovar m\u00eb p\u00ebrkat\u00ebsi etnike serbe nga xhandarmeria serbe, Kurti tha se kjo tregon se ai qytetar \u00ebsht\u00eb kund\u00ebrshtar i politikave t\u00eb regjimit t\u00eb presidentit t\u00eb Serbis\u00eb, Aleksandar Vuciq,<\/p>\n<p>Policia ndodhet n\u00eb vendin e ngjarjes q\u00eb prej at\u00ebher\u00eb kur ka ndodhur sulmi, ku, n\u00eb asistenc\u00eb me KFOR-in, po kryhen procedurat hetimore. \u00cbsht\u00eb e qart\u00eb q\u00eb fqinji yn\u00eb verior po vazhdon me sulmet e veta q\u00eb kan\u00eb p\u00ebr q\u00ebllim \u2018disiplinimin e serb\u00ebve\u2019 dhe, n\u00eb an\u00ebn tjet\u00ebr, destabilizimin e Kosov\u00ebs\u201d, theksoi Kurti, teksa shtoi se k\u00ebto synime t\u00eb Serbis\u00eb do t\u00eb d\u00ebshtojn\u00eb.<\/p>\n<p>\u201cNe k\u00ebrkojm\u00eb mb\u00ebshtetjen nd\u00ebrkomb\u00ebtare, por edhe d\u00ebnimin e atyre q\u00eb urdh\u00ebrojn\u00eb dhe zbatojn\u00eb veprimet e tilla kriminale me tendenc\u00eb destabilizuese&#8221;, tha Kurti.<\/p>\n","protected":false},"excerpt":{"rendered":"<p>Prishtin\u00eb 05 N\u00ebntor 2025 (E plot\u00ebsuar) Kryeministri n\u00eb detyr\u00eb i Kosov\u00ebs, Albin Kurti, ka pranuar \u2018Raportin p\u00ebr Vendin 2025 nga Komisioni Evropian\u2019. Ai tha se<\/p>\n","protected":false},"author":6,"featured_media":19041,"comment_status":"open","ping_status":"open","sticky":false,"template":"","format":"standard","meta":{"footnotes":""},"categories":[58],"tags":[],"class_list":["post-19040","post","type-post","status-publish","format-standard","has-post-thumbnail","hentry","category-politike-sq"],"yoast_head":"<!-- This site is optimized with the Yoast SEO plugin v25.3.1 - https:\/\/yoast.com\/wordpress\/plugins\/seo\/ -->\n<title>Kurti p\u00ebr raportin e BE-s\u00eb: Ka progres n\u00eb 35 fusha, ngecje vet\u00ebm n\u00eb tri -<\/title>\n<meta name=\"robots\" content=\"index, follow, max-snippet:-1, max-image-preview:large, max-video-preview:-1\" \/>\n<link rel=\"canonical\" href=\"https:\/\/veritasinfo.org\/?p=19040\" \/>\n<meta property=\"og:locale\" content=\"en_US\" \/>\n<meta property=\"og:type\" content=\"article\" \/>\n<meta property=\"og:title\" content=\"Kurti p\u00ebr raportin e BE-s\u00eb: Ka progres n\u00eb 35 fusha, ngecje vet\u00ebm n\u00eb tri -\" \/>\n<meta property=\"og:description\" content=\"Prishtin\u00eb 05 N\u00ebntor 2025 (E plot\u00ebsuar) Kryeministri n\u00eb detyr\u00eb i Kosov\u00ebs, Albin Kurti, ka pranuar \u2018Raportin p\u00ebr Vendin 2025 nga Komisioni Evropian\u2019. Ai tha se\" \/>\n<meta property=\"og:url\" content=\"https:\/\/veritasinfo.org\/?p=19040\" \/>\n<meta property=\"article:published_time\" content=\"2025-11-05T09:33:58+00:00\" \/>\n<meta property=\"og:image\" content=\"https:\/\/veritasinfo.org\/wp-content\/uploads\/2025\/11\/708670-VxoxwGVxr4.jpg\" \/>\n\t<meta property=\"og:image:width\" content=\"780\" \/>\n\t<meta property=\"og:image:height\" content=\"500\" \/>\n\t<meta property=\"og:image:type\" content=\"image\/jpeg\" \/>\n<meta name=\"author\" content=\"US5\" \/>\n<meta name=\"twitter:card\" content=\"summary_large_image\" \/>\n<meta name=\"twitter:label1\" content=\"Written by\" \/>\n\t<meta name=\"twitter:data1\" content=\"US5\" \/>\n\t<meta name=\"twitter:label2\" content=\"Est. reading time\" \/>\n\t<meta name=\"twitter:data2\" content=\"1 minute\" \/>\n<script type=\"application\/ld+json\" class=\"yoast-schema-graph\">{\"@context\":\"https:\/\/schema.org\",\"@graph\":[{\"@type\":\"WebPage\",\"@id\":\"https:\/\/veritasinfo.org\/?p=19040\",\"url\":\"https:\/\/veritasinfo.org\/?p=19040\",\"name\":\"Kurti p\u00ebr raportin e BE-s\u00eb: Ka progres n\u00eb 35 fusha, ngecje vet\u00ebm n\u00eb tri -\",\"isPartOf\":{\"@id\":\"https:\/\/veritasinfo.org\/#website\"},\"primaryImageOfPage\":{\"@id\":\"https:\/\/veritasinfo.org\/?p=19040#primaryimage\"},\"image\":{\"@id\":\"https:\/\/veritasinfo.org\/?p=19040#primaryimage\"},\"thumbnailUrl\":\"https:\/\/veritasinfo.org\/wp-content\/uploads\/2025\/11\/708670-VxoxwGVxr4.jpg\",\"datePublished\":\"2025-11-05T09:33:58+00:00\",\"author\":{\"@id\":\"https:\/\/veritasinfo.org\/#\/schema\/person\/bc442336e35414d04494ab8fb45db4c6\"},\"breadcrumb\":{\"@id\":\"https:\/\/veritasinfo.org\/?p=19040#breadcrumb\"},\"inLanguage\":\"en-US\",\"potentialAction\":[{\"@type\":\"ReadAction\",\"target\":[\"https:\/\/veritasinfo.org\/?p=19040\"]}]},{\"@type\":\"ImageObject\",\"inLanguage\":\"en-US\",\"@id\":\"https:\/\/veritasinfo.org\/?p=19040#primaryimage\",\"url\":\"https:\/\/veritasinfo.org\/wp-content\/uploads\/2025\/11\/708670-VxoxwGVxr4.jpg\",\"contentUrl\":\"https:\/\/veritasinfo.org\/wp-content\/uploads\/2025\/11\/708670-VxoxwGVxr4.jpg\",\"width\":780,\"height\":500},{\"@type\":\"BreadcrumbList\",\"@id\":\"https:\/\/veritasinfo.org\/?p=19040#breadcrumb\",\"itemListElement\":[{\"@type\":\"ListItem\",\"position\":1,\"name\":\"Home\",\"item\":\"https:\/\/veritasinfo.org\/\"},{\"@type\":\"ListItem\",\"position\":2,\"name\":\"Kurti p\u00ebr raportin e BE-s\u00eb: Ka progres n\u00eb 35 fusha, ngecje vet\u00ebm n\u00eb tri\"}]},{\"@type\":\"WebSite\",\"@id\":\"https:\/\/veritasinfo.org\/#website\",\"url\":\"https:\/\/veritasinfo.org\/\",\"name\":\"\",\"description\":\"\",\"potentialAction\":[{\"@type\":\"SearchAction\",\"target\":{\"@type\":\"EntryPoint\",\"urlTemplate\":\"https:\/\/veritasinfo.org\/?s={search_term_string}\"},\"query-input\":{\"@type\":\"PropertyValueSpecification\",\"valueRequired\":true,\"valueName\":\"search_term_string\"}}],\"inLanguage\":\"en-US\"},{\"@type\":\"Person\",\"@id\":\"https:\/\/veritasinfo.org\/#\/schema\/person\/bc442336e35414d04494ab8fb45db4c6\",\"name\":\"US5\",\"image\":{\"@type\":\"ImageObject\",\"inLanguage\":\"en-US\",\"@id\":\"https:\/\/veritasinfo.org\/#\/schema\/person\/image\/\",\"url\":\"https:\/\/secure.gravatar.com\/avatar\/16a61e7272a0c5d001121ebb9e60e925d5816e4ac1e443ed3e640d9a6ae55d0c?s=96&d=mm&r=g\",\"contentUrl\":\"https:\/\/secure.gravatar.com\/avatar\/16a61e7272a0c5d001121ebb9e60e925d5816e4ac1e443ed3e640d9a6ae55d0c?s=96&d=mm&r=g\",\"caption\":\"US5\"},\"url\":\"https:\/\/veritasinfo.org\/?author=6\"}]}<\/script>\n<!-- \/ Yoast SEO plugin. -->","yoast_head_json":{"title":"Kurti p\u00ebr raportin e BE-s\u00eb: Ka progres n\u00eb 35 fusha, ngecje vet\u00ebm n\u00eb tri -","robots":{"index":"index","follow":"follow","max-snippet":"max-snippet:-1","max-image-preview":"max-image-preview:large","max-video-preview":"max-video-preview:-1"},"canonical":"https:\/\/veritasinfo.org\/?p=19040","og_locale":"en_US","og_type":"article","og_title":"Kurti p\u00ebr raportin e BE-s\u00eb: Ka progres n\u00eb 35 fusha, ngecje vet\u00ebm n\u00eb tri -","og_description":"Prishtin\u00eb 05 N\u00ebntor 2025 (E plot\u00ebsuar) Kryeministri n\u00eb detyr\u00eb i Kosov\u00ebs, Albin Kurti, ka pranuar \u2018Raportin p\u00ebr Vendin 2025 nga Komisioni Evropian\u2019. Ai tha se","og_url":"https:\/\/veritasinfo.org\/?p=19040","article_published_time":"2025-11-05T09:33:58+00:00","og_image":[{"width":780,"height":500,"url":"https:\/\/veritasinfo.org\/wp-content\/uploads\/2025\/11\/708670-VxoxwGVxr4.jpg","type":"image\/jpeg"}],"author":"US5","twitter_card":"summary_large_image","twitter_misc":{"Written by":"US5","Est. reading time":"1 minute"},"schema":{"@context":"https:\/\/schema.org","@graph":[{"@type":"WebPage","@id":"https:\/\/veritasinfo.org\/?p=19040","url":"https:\/\/veritasinfo.org\/?p=19040","name":"Kurti p\u00ebr raportin e BE-s\u00eb: Ka progres n\u00eb 35 fusha, ngecje vet\u00ebm n\u00eb tri -","isPartOf":{"@id":"https:\/\/veritasinfo.org\/#website"},"primaryImageOfPage":{"@id":"https:\/\/veritasinfo.org\/?p=19040#primaryimage"},"image":{"@id":"https:\/\/veritasinfo.org\/?p=19040#primaryimage"},"thumbnailUrl":"https:\/\/veritasinfo.org\/wp-content\/uploads\/2025\/11\/708670-VxoxwGVxr4.jpg","datePublished":"2025-11-05T09:33:58+00:00","author":{"@id":"https:\/\/veritasinfo.org\/#\/schema\/person\/bc442336e35414d04494ab8fb45db4c6"},"breadcrumb":{"@id":"https:\/\/veritasinfo.org\/?p=19040#breadcrumb"},"inLanguage":"en-US","potentialAction":[{"@type":"ReadAction","target":["https:\/\/veritasinfo.org\/?p=19040"]}]},{"@type":"ImageObject","inLanguage":"en-US","@id":"https:\/\/veritasinfo.org\/?p=19040#primaryimage","url":"https:\/\/veritasinfo.org\/wp-content\/uploads\/2025\/11\/708670-VxoxwGVxr4.jpg","contentUrl":"https:\/\/veritasinfo.org\/wp-content\/uploads\/2025\/11\/708670-VxoxwGVxr4.jpg","width":780,"height":500},{"@type":"BreadcrumbList","@id":"https:\/\/veritasinfo.org\/?p=19040#breadcrumb","itemListElement":[{"@type":"ListItem","position":1,"name":"Home","item":"https:\/\/veritasinfo.org\/"},{"@type":"ListItem","position":2,"name":"Kurti p\u00ebr raportin e BE-s\u00eb: Ka progres n\u00eb 35 fusha, ngecje vet\u00ebm n\u00eb tri"}]},{"@type":"WebSite","@id":"https:\/\/veritasinfo.org\/#website","url":"https:\/\/veritasinfo.org\/","name":"","description":"","potentialAction":[{"@type":"SearchAction","target":{"@type":"EntryPoint","urlTemplate":"https:\/\/veritasinfo.org\/?s={search_term_string}"},"query-input":{"@type":"PropertyValueSpecification","valueRequired":true,"valueName":"search_term_string"}}],"inLanguage":"en-US"},{"@type":"Person","@id":"https:\/\/veritasinfo.org\/#\/schema\/person\/bc442336e35414d04494ab8fb45db4c6","name":"US5","image":{"@type":"ImageObject","inLanguage":"en-US","@id":"https:\/\/veritasinfo.org\/#\/schema\/person\/image\/","url":"https:\/\/secure.gravatar.com\/avatar\/16a61e7272a0c5d001121ebb9e60e925d5816e4ac1e443ed3e640d9a6ae55d0c?s=96&d=mm&r=g","contentUrl":"https:\/\/secure.gravatar.com\/avatar\/16a61e7272a0c5d001121ebb9e60e925d5816e4ac1e443ed3e640d9a6ae55d0c?s=96&d=mm&r=g","caption":"US5"},"url":"https:\/\/veritasinfo.org\/?author=6"}]}},"featured_image_urls":{"full":["https:\/\/veritasinfo.org\/wp-content\/uploads\/2025\/11\/708670-VxoxwGVxr4.jpg",780,500,false],"thumbnail":["https:\/\/veritasinfo.org\/wp-content\/uploads\/2025\/11\/708670-VxoxwGVxr4-150x150.jpg",150,150,true],"medium":["https:\/\/veritasinfo.org\/wp-content\/uploads\/2025\/11\/708670-VxoxwGVxr4-300x192.jpg",300,192,true],"medium_large":["https:\/\/veritasinfo.org\/wp-content\/uploads\/2025\/11\/708670-VxoxwGVxr4-768x492.jpg",640,410,true],"large":["https:\/\/veritasinfo.org\/wp-content\/uploads\/2025\/11\/708670-VxoxwGVxr4.jpg",640,410,false],"1536x1536":["https:\/\/veritasinfo.org\/wp-content\/uploads\/2025\/11\/708670-VxoxwGVxr4.jpg",780,500,false],"2048x2048":["https:\/\/veritasinfo.org\/wp-content\/uploads\/2025\/11\/708670-VxoxwGVxr4.jpg",780,500,false],"kreeti-slider-full":["https:\/\/veritasinfo.org\/wp-content\/uploads\/2025\/11\/708670-VxoxwGVxr4.jpg",780,500,false],"kreeti-featured":["https:\/\/veritasinfo.org\/wp-content\/uploads\/2025\/11\/708670-VxoxwGVxr4.jpg",780,500,false],"kreeti-medium":["https:\/\/veritasinfo.org\/wp-content\/uploads\/2025\/11\/708670-VxoxwGVxr4.jpg",720,462,false],"kreeti-medium-square":["https:\/\/veritasinfo.org\/wp-content\/uploads\/2025\/11\/708670-VxoxwGVxr4.jpg",350,224,false]},"author_info":{"info":["US5"]},"category_info":"<a href=\"https:\/\/veritasinfo.org\/?cat=58\" rel=\"category\">Politik\u00eb<\/a>","tag_info":"Politik\u00eb","comment_count":"0","_links":{"self":[{"href":"https:\/\/veritasinfo.org\/index.php?rest_route=\/wp\/v2\/posts\/19040","targetHints":{"allow":["GET"]}}],"collection":[{"href":"https:\/\/veritasinfo.org\/index.php?rest_route=\/wp\/v2\/posts"}],"about":[{"href":"https:\/\/veritasinfo.org\/index.php?rest_route=\/wp\/v2\/types\/post"}],"author":[{"embeddable":true,"href":"https:\/\/veritasinfo.org\/index.php?rest_route=\/wp\/v2\/users\/6"}],"replies":[{"embeddable":true,"href":"https:\/\/veritasinfo.org\/index.php?rest_route=%2Fwp%2Fv2%2Fcomments&post=19040"}],"version-history":[{"count":1,"href":"https:\/\/veritasinfo.org\/index.php?rest_route=\/wp\/v2\/posts\/19040\/revisions"}],"predecessor-version":[{"id":19042,"href":"https:\/\/veritasinfo.org\/index.php?rest_route=\/wp\/v2\/posts\/19040\/revisions\/19042"}],"wp:featuredmedia":[{"embeddable":true,"href":"https:\/\/veritasinfo.org\/index.php?rest_route=\/wp\/v2\/media\/19041"}],"wp:attachment":[{"href":"https:\/\/veritasinfo.org\/index.php?rest_route=%2Fwp%2Fv2%2Fmedia&parent=19040"}],"wp:term":[{"taxonomy":"category","embeddable":true,"href":"https:\/\/veritasinfo.org\/index.php?rest_route=%2Fwp%2Fv2%2Fcategories&post=19040"},{"taxonomy":"post_tag","embeddable":true,"href":"https:\/\/veritasinfo.org\/index.php?rest_route=%2Fwp%2Fv2%2Ftags&post=19040"}],"curies":[{"name":"wp","href":"https:\/\/api.w.org\/{rel}","templated":true}]}}