{"id":1904,"date":"2025-06-29T08:30:14","date_gmt":"2025-06-29T06:30:14","guid":{"rendered":"https:\/\/veritasinfo.org\/?p=1904"},"modified":"2025-06-29T08:30:14","modified_gmt":"2025-06-29T06:30:14","slug":"srpska-policija-se-sukobila-sa-antivladinim-demonstrantima","status":"publish","type":"post","link":"https:\/\/veritasinfo.org\/?p=1904&lang=sr","title":{"rendered":"Srpska policija se sukobila sa antivladinim demonstrantima"},"content":{"rendered":"<p>29.06.2025<br \/>\n\u00b7 Demonstranti zahtevaju kraj Vu\u010dic\u0301eve 12-godi\u0161nje vladavine<br \/>\n\u00b7 Vu\u010dic\u0301 ka\u017ee da iza protesta stoje strane sile<br \/>\n\u00b7 Protivnici optu\u017euju Vu\u010dic\u0301a za korupciju i suzbijanje medija<\/p>\n<p>BEOGRAD, 28. jun (Rojters) &#8211; Srpska policija sukobila se u subotu uve\u010de sa antivladinim demonstrantima koji su zahtevali prevremene izbore i kraj dvanaestogodi\u0161nje vladavine predsednika Aleksandra Vu\u010dic\u0301a. Policija je rasporedila desetine policajaca u opremi za razbijanje demonstracija oko vladinih zgrada, parlamenta i obli\u017enjeg Pionirskog parka, gde su se okupile gomile Vu\u010dic\u0301evih pristalica iz cele zemlje na kontraprotestu.<\/p>\n<p>Nakon \u0161to je protest zavr\u0161en oko 22 \u010dasa, neki demonstranti koji su \u017eeleli da se suprotstave Vu\u010dic\u0301evim pristalicama bacali su fla\u0161e, kamenje i vatromet na policiju, koja je upotrebila silu da ih rastera na nekoliko lokacija u centru Beograda.<br \/>\nDemonstranti su vikali: \u201eSpustite \u0161titove\u201c, pozivajuc\u0301i policiju da prestane da se me\u0161a. Policija je uhapsila nekoliko desetina demonstranata, dok je \u0161est policajaca povre\u0111eno u sukobima, rekao je Dragan Vasiljevic\u0301, direktor policije, na konferenciji za novinare u subotu kasno uve\u010de. Vu\u010dic\u0301 je rekao da su demonstranti poku\u0161ali da sru\u0161e dr\u017eavu. \u201eOni (demonstranti) su \u017eeleli da sru\u0161e Srbiju i nisu uspeli\u201c, napisao je na svojoj Instagram stranici. U saop\u0161tenju, studenti su optu\u017eili vladu za eskalaciju tenzija. \u201eOni (vlasti)&#8230; su izabrali nasilje i represiju protiv naroda. Svaka radikalizacija situacije je njihova odgovornost\u201c, napisali su studenti na dru\u0161tvenoj mre\u017ei X.<\/p>\n<p>U saop\u0161tenju, ministar unutra\u0161njih poslova Ivica Da\u010dic\u0301 rekao je da c\u0301e policija delovati kako bi odr\u017eala javni red. \u201ePolicija c\u0301e preduzeti sve mere da uspostavi javni red i smirenost, &#8230; i upotrebic\u0301e sva svoja ovla\u0161c\u0301enja da odbije napade i uhapsi sve one koji su napali policiju\u201c, rekao je Da\u010dic\u0301.<br \/>\nMeseci protesta \u0161irom zemlje, uklju\u010dujuc\u0301i zatvaranje univerziteta, potresli su Vu\u010dic\u0301a, populistu \u010diji drugi mandat isti\u010de 2027. godine, kada su zakazani i parlamentarni izbori.<br \/>\nVu\u010dic\u0301evi protivnici optu\u017euju njega i njegove saveznike za veze sa organizovanim kriminalom, nasilje nad rivalima i ograni\u010davanje medijskih sloboda, \u0161to oni pori\u010du. Demonstranti, koji \u017eele da vlada po\u0161tuje njihove zahteve do kraja protesta, zavetovali su se da nec\u0301e koristiti nasilje. Vu\u010dic\u0301 je ranije isklju\u010dio moguc\u0301nost prevremenih izbora. Njegova koalicija koju predvodi Progresivna stranka dr\u017ei 156 od 250 poslani\u010dkih mesta.<\/p>\n<p>Ranije u subotu, Vu\u010dic\u0301 je rekao da iza protesta stoje neodre\u0111ene \u201estrane sile\u201c. Rekao je da policija mora biti obuzdana, ali je upozorio da se nasilje nec\u0301e tolerisati. \u201eZemlja c\u0301e biti branjena, a banditi c\u0301e se suo\u010diti sa pravdom\u201c, rekao je novinarima u Beogradu. Sla\u0111ana Lojanovic\u0301 (37), poljoprivrednica iz severnog grada \u0160ida, rekla je da je do\u0161la da podr\u017ei studente. \u201eInstitucije su uzurpirane i&#8230; ima mnogo korupcije. Izbori su re\u0161enje, ali ne mislim da c\u0301e on (Vu\u010dic\u0301) \u017eeleti da ode mirno\u201c, rekla je za Rojters. U danima koji su prethodili protestu, policija je uhapsila desetak antivladinih aktivista, optu\u017eujuc\u0301i ih za podrivanje ustava i terorizam. Svi su negirali optu\u017ebe. Protesti studenata, opozicije, nastavnika, radnika i poljoprivrednika po\u010deli su pro\u0161log decembra nakon \u0161to je 16 ljudi poginulo 1. novembra kada se sru\u0161io krov \u017eelezni\u010dke stanice u Novom Sadu. Demonstranti krive korupciju za katastrofu.<\/p>\n<p>Miting u Beogradu poklapa se sa Vidovdanom, koji po\u0161tuje vec\u0301ina Srba i koji obele\u017eava Kosovsku bitku sa Osmanlijskim Turcima 1389. godine.<\/p>\n","protected":false},"excerpt":{"rendered":"<p>29.06.2025 \u00b7 Demonstranti zahtevaju kraj Vu\u010dic\u0301eve 12-godi\u0161nje vladavine \u00b7 Vu\u010dic\u0301 ka\u017ee da iza protesta stoje strane sile \u00b7 Protivnici optu\u017euju Vu\u010dic\u0301a za korupciju i suzbijanje<\/p>\n","protected":false},"author":1,"featured_media":1901,"comment_status":"open","ping_status":"open","sticky":false,"template":"","format":"standard","meta":{"footnotes":""},"categories":[74],"tags":[],"class_list":["post-1904","post","type-post","status-publish","format-standard","has-post-thumbnail","hentry","category-svet"],"yoast_head":"<!-- This site is optimized with the Yoast SEO plugin v25.3.1 - https:\/\/yoast.com\/wordpress\/plugins\/seo\/ -->\n<title>Srpska policija se sukobila sa antivladinim demonstrantima -<\/title>\n<meta name=\"robots\" content=\"index, follow, max-snippet:-1, max-image-preview:large, max-video-preview:-1\" \/>\n<link rel=\"canonical\" href=\"https:\/\/veritasinfo.org\/?p=1904&lang=sr\" \/>\n<meta property=\"og:locale\" content=\"en_US\" \/>\n<meta property=\"og:type\" content=\"article\" \/>\n<meta property=\"og:title\" content=\"Srpska policija se sukobila sa antivladinim demonstrantima -\" \/>\n<meta property=\"og:description\" content=\"29.06.2025 \u00b7 Demonstranti zahtevaju kraj Vu\u010dic\u0301eve 12-godi\u0161nje vladavine \u00b7 Vu\u010dic\u0301 ka\u017ee da iza protesta stoje strane sile \u00b7 Protivnici optu\u017euju Vu\u010dic\u0301a za korupciju i suzbijanje\" \/>\n<meta property=\"og:url\" content=\"https:\/\/veritasinfo.org\/?p=1904&amp;lang=sr\" \/>\n<meta property=\"article:published_time\" content=\"2025-06-29T06:30:14+00:00\" \/>\n<meta property=\"og:image\" content=\"https:\/\/veritasinfo.org\/wp-content\/uploads\/2025\/06\/PROTESTA-Beogradi.jpeg\" \/>\n\t<meta property=\"og:image:width\" content=\"600\" \/>\n\t<meta property=\"og:image:height\" content=\"360\" \/>\n\t<meta property=\"og:image:type\" content=\"image\/jpeg\" \/>\n<meta name=\"author\" content=\"admin\" \/>\n<meta name=\"twitter:card\" content=\"summary_large_image\" \/>\n<meta name=\"twitter:label1\" content=\"Written by\" \/>\n\t<meta name=\"twitter:data1\" content=\"admin\" \/>\n\t<meta name=\"twitter:label2\" content=\"Est. reading time\" \/>\n\t<meta name=\"twitter:data2\" content=\"3 minutes\" \/>\n<script type=\"application\/ld+json\" class=\"yoast-schema-graph\">{\"@context\":\"https:\/\/schema.org\",\"@graph\":[{\"@type\":\"WebPage\",\"@id\":\"https:\/\/veritasinfo.org\/?p=1904&lang=sr\",\"url\":\"https:\/\/veritasinfo.org\/?p=1904&lang=sr\",\"name\":\"Srpska policija se sukobila sa antivladinim demonstrantima -\",\"isPartOf\":{\"@id\":\"https:\/\/veritasinfo.org\/#website\"},\"primaryImageOfPage\":{\"@id\":\"https:\/\/veritasinfo.org\/?p=1904&lang=sr#primaryimage\"},\"image\":{\"@id\":\"https:\/\/veritasinfo.org\/?p=1904&lang=sr#primaryimage\"},\"thumbnailUrl\":\"https:\/\/veritasinfo.org\/wp-content\/uploads\/2025\/06\/PROTESTA-Beogradi.jpeg\",\"datePublished\":\"2025-06-29T06:30:14+00:00\",\"author\":{\"@id\":\"https:\/\/veritasinfo.org\/#\/schema\/person\/7701f8c088bece422266b100a712374f\"},\"breadcrumb\":{\"@id\":\"https:\/\/veritasinfo.org\/?p=1904&lang=sr#breadcrumb\"},\"inLanguage\":\"en-US\",\"potentialAction\":[{\"@type\":\"ReadAction\",\"target\":[\"https:\/\/veritasinfo.org\/?p=1904&lang=sr\"]}]},{\"@type\":\"ImageObject\",\"inLanguage\":\"en-US\",\"@id\":\"https:\/\/veritasinfo.org\/?p=1904&lang=sr#primaryimage\",\"url\":\"https:\/\/veritasinfo.org\/wp-content\/uploads\/2025\/06\/PROTESTA-Beogradi.jpeg\",\"contentUrl\":\"https:\/\/veritasinfo.org\/wp-content\/uploads\/2025\/06\/PROTESTA-Beogradi.jpeg\",\"width\":600,\"height\":360},{\"@type\":\"BreadcrumbList\",\"@id\":\"https:\/\/veritasinfo.org\/?p=1904&lang=sr#breadcrumb\",\"itemListElement\":[{\"@type\":\"ListItem\",\"position\":1,\"name\":\"Home\",\"item\":\"https:\/\/veritasinfo.org\/\"},{\"@type\":\"ListItem\",\"position\":2,\"name\":\"Srpska policija se sukobila sa antivladinim demonstrantima\"}]},{\"@type\":\"WebSite\",\"@id\":\"https:\/\/veritasinfo.org\/#website\",\"url\":\"https:\/\/veritasinfo.org\/\",\"name\":\"\",\"description\":\"\",\"potentialAction\":[{\"@type\":\"SearchAction\",\"target\":{\"@type\":\"EntryPoint\",\"urlTemplate\":\"https:\/\/veritasinfo.org\/?s={search_term_string}\"},\"query-input\":{\"@type\":\"PropertyValueSpecification\",\"valueRequired\":true,\"valueName\":\"search_term_string\"}}],\"inLanguage\":\"en-US\"},{\"@type\":\"Person\",\"@id\":\"https:\/\/veritasinfo.org\/#\/schema\/person\/7701f8c088bece422266b100a712374f\",\"name\":\"admin\",\"image\":{\"@type\":\"ImageObject\",\"inLanguage\":\"en-US\",\"@id\":\"https:\/\/veritasinfo.org\/#\/schema\/person\/image\/\",\"url\":\"https:\/\/secure.gravatar.com\/avatar\/ea53aa3bf6c9a12d5fde8ce4deff43fef3885ae33cf60184161a50d6987cfd2f?s=96&d=mm&r=g\",\"contentUrl\":\"https:\/\/secure.gravatar.com\/avatar\/ea53aa3bf6c9a12d5fde8ce4deff43fef3885ae33cf60184161a50d6987cfd2f?s=96&d=mm&r=g\",\"caption\":\"admin\"},\"sameAs\":[\"https:\/\/veritasinfo.org\"],\"url\":\"https:\/\/veritasinfo.org\/?author=1\"}]}<\/script>\n<!-- \/ Yoast SEO plugin. -->","yoast_head_json":{"title":"Srpska policija se sukobila sa antivladinim demonstrantima -","robots":{"index":"index","follow":"follow","max-snippet":"max-snippet:-1","max-image-preview":"max-image-preview:large","max-video-preview":"max-video-preview:-1"},"canonical":"https:\/\/veritasinfo.org\/?p=1904&lang=sr","og_locale":"en_US","og_type":"article","og_title":"Srpska policija se sukobila sa antivladinim demonstrantima -","og_description":"29.06.2025 \u00b7 Demonstranti zahtevaju kraj Vu\u010dic\u0301eve 12-godi\u0161nje vladavine \u00b7 Vu\u010dic\u0301 ka\u017ee da iza protesta stoje strane sile \u00b7 Protivnici optu\u017euju Vu\u010dic\u0301a za korupciju i suzbijanje","og_url":"https:\/\/veritasinfo.org\/?p=1904&lang=sr","article_published_time":"2025-06-29T06:30:14+00:00","og_image":[{"width":600,"height":360,"url":"https:\/\/veritasinfo.org\/wp-content\/uploads\/2025\/06\/PROTESTA-Beogradi.jpeg","type":"image\/jpeg"}],"author":"admin","twitter_card":"summary_large_image","twitter_misc":{"Written by":"admin","Est. reading time":"3 minutes"},"schema":{"@context":"https:\/\/schema.org","@graph":[{"@type":"WebPage","@id":"https:\/\/veritasinfo.org\/?p=1904&lang=sr","url":"https:\/\/veritasinfo.org\/?p=1904&lang=sr","name":"Srpska policija se sukobila sa antivladinim demonstrantima -","isPartOf":{"@id":"https:\/\/veritasinfo.org\/#website"},"primaryImageOfPage":{"@id":"https:\/\/veritasinfo.org\/?p=1904&lang=sr#primaryimage"},"image":{"@id":"https:\/\/veritasinfo.org\/?p=1904&lang=sr#primaryimage"},"thumbnailUrl":"https:\/\/veritasinfo.org\/wp-content\/uploads\/2025\/06\/PROTESTA-Beogradi.jpeg","datePublished":"2025-06-29T06:30:14+00:00","author":{"@id":"https:\/\/veritasinfo.org\/#\/schema\/person\/7701f8c088bece422266b100a712374f"},"breadcrumb":{"@id":"https:\/\/veritasinfo.org\/?p=1904&lang=sr#breadcrumb"},"inLanguage":"en-US","potentialAction":[{"@type":"ReadAction","target":["https:\/\/veritasinfo.org\/?p=1904&lang=sr"]}]},{"@type":"ImageObject","inLanguage":"en-US","@id":"https:\/\/veritasinfo.org\/?p=1904&lang=sr#primaryimage","url":"https:\/\/veritasinfo.org\/wp-content\/uploads\/2025\/06\/PROTESTA-Beogradi.jpeg","contentUrl":"https:\/\/veritasinfo.org\/wp-content\/uploads\/2025\/06\/PROTESTA-Beogradi.jpeg","width":600,"height":360},{"@type":"BreadcrumbList","@id":"https:\/\/veritasinfo.org\/?p=1904&lang=sr#breadcrumb","itemListElement":[{"@type":"ListItem","position":1,"name":"Home","item":"https:\/\/veritasinfo.org\/"},{"@type":"ListItem","position":2,"name":"Srpska policija se sukobila sa antivladinim demonstrantima"}]},{"@type":"WebSite","@id":"https:\/\/veritasinfo.org\/#website","url":"https:\/\/veritasinfo.org\/","name":"","description":"","potentialAction":[{"@type":"SearchAction","target":{"@type":"EntryPoint","urlTemplate":"https:\/\/veritasinfo.org\/?s={search_term_string}"},"query-input":{"@type":"PropertyValueSpecification","valueRequired":true,"valueName":"search_term_string"}}],"inLanguage":"en-US"},{"@type":"Person","@id":"https:\/\/veritasinfo.org\/#\/schema\/person\/7701f8c088bece422266b100a712374f","name":"admin","image":{"@type":"ImageObject","inLanguage":"en-US","@id":"https:\/\/veritasinfo.org\/#\/schema\/person\/image\/","url":"https:\/\/secure.gravatar.com\/avatar\/ea53aa3bf6c9a12d5fde8ce4deff43fef3885ae33cf60184161a50d6987cfd2f?s=96&d=mm&r=g","contentUrl":"https:\/\/secure.gravatar.com\/avatar\/ea53aa3bf6c9a12d5fde8ce4deff43fef3885ae33cf60184161a50d6987cfd2f?s=96&d=mm&r=g","caption":"admin"},"sameAs":["https:\/\/veritasinfo.org"],"url":"https:\/\/veritasinfo.org\/?author=1"}]}},"featured_image_urls":{"full":["https:\/\/veritasinfo.org\/wp-content\/uploads\/2025\/06\/PROTESTA-Beogradi.jpeg",600,360,false],"thumbnail":["https:\/\/veritasinfo.org\/wp-content\/uploads\/2025\/06\/PROTESTA-Beogradi-150x150.jpeg",150,150,true],"medium":["https:\/\/veritasinfo.org\/wp-content\/uploads\/2025\/06\/PROTESTA-Beogradi-300x180.jpeg",300,180,true],"medium_large":["https:\/\/veritasinfo.org\/wp-content\/uploads\/2025\/06\/PROTESTA-Beogradi.jpeg",600,360,false],"large":["https:\/\/veritasinfo.org\/wp-content\/uploads\/2025\/06\/PROTESTA-Beogradi.jpeg",600,360,false],"1536x1536":["https:\/\/veritasinfo.org\/wp-content\/uploads\/2025\/06\/PROTESTA-Beogradi.jpeg",600,360,false],"2048x2048":["https:\/\/veritasinfo.org\/wp-content\/uploads\/2025\/06\/PROTESTA-Beogradi.jpeg",600,360,false],"kreeti-slider-full":["https:\/\/veritasinfo.org\/wp-content\/uploads\/2025\/06\/PROTESTA-Beogradi.jpeg",600,360,false],"kreeti-featured":["https:\/\/veritasinfo.org\/wp-content\/uploads\/2025\/06\/PROTESTA-Beogradi.jpeg",600,360,false],"kreeti-medium":["https:\/\/veritasinfo.org\/wp-content\/uploads\/2025\/06\/PROTESTA-Beogradi.jpeg",600,360,false],"kreeti-medium-square":["https:\/\/veritasinfo.org\/wp-content\/uploads\/2025\/06\/PROTESTA-Beogradi.jpeg",350,210,false]},"author_info":{"info":["admin"]},"category_info":"<a href=\"https:\/\/veritasinfo.org\/?cat=74&#038;lang=sr\" rel=\"category\">Svet<\/a>","tag_info":"Svet","comment_count":"0","_links":{"self":[{"href":"https:\/\/veritasinfo.org\/index.php?rest_route=\/wp\/v2\/posts\/1904","targetHints":{"allow":["GET"]}}],"collection":[{"href":"https:\/\/veritasinfo.org\/index.php?rest_route=\/wp\/v2\/posts"}],"about":[{"href":"https:\/\/veritasinfo.org\/index.php?rest_route=\/wp\/v2\/types\/post"}],"author":[{"embeddable":true,"href":"https:\/\/veritasinfo.org\/index.php?rest_route=\/wp\/v2\/users\/1"}],"replies":[{"embeddable":true,"href":"https:\/\/veritasinfo.org\/index.php?rest_route=%2Fwp%2Fv2%2Fcomments&post=1904"}],"version-history":[{"count":1,"href":"https:\/\/veritasinfo.org\/index.php?rest_route=\/wp\/v2\/posts\/1904\/revisions"}],"predecessor-version":[{"id":1907,"href":"https:\/\/veritasinfo.org\/index.php?rest_route=\/wp\/v2\/posts\/1904\/revisions\/1907"}],"wp:featuredmedia":[{"embeddable":true,"href":"https:\/\/veritasinfo.org\/index.php?rest_route=\/wp\/v2\/media\/1901"}],"wp:attachment":[{"href":"https:\/\/veritasinfo.org\/index.php?rest_route=%2Fwp%2Fv2%2Fmedia&parent=1904"}],"wp:term":[{"taxonomy":"category","embeddable":true,"href":"https:\/\/veritasinfo.org\/index.php?rest_route=%2Fwp%2Fv2%2Fcategories&post=1904"},{"taxonomy":"post_tag","embeddable":true,"href":"https:\/\/veritasinfo.org\/index.php?rest_route=%2Fwp%2Fv2%2Ftags&post=1904"}],"curies":[{"name":"wp","href":"https:\/\/api.w.org\/{rel}","templated":true}]}}