{"id":19001,"date":"2025-11-04T19:39:07","date_gmt":"2025-11-04T18:39:07","guid":{"rendered":"https:\/\/veritasinfo.org\/?p=19001"},"modified":"2025-11-04T20:09:13","modified_gmt":"2025-11-04T19:09:13","slug":"osmani-njofton-mandatimin-e-glauk-konjufces-per-kryeminister","status":"publish","type":"post","link":"https:\/\/veritasinfo.org\/?p=19001","title":{"rendered":"Osmani njofton mandatimin e Glauk Konjufc\u00ebs, p\u00ebr kryeminist\u00ebr"},"content":{"rendered":"<p>Prishtin\u00eb, 4 n\u00ebntor 2025<\/p>\n<p>Presidentja e Kosov\u00ebs, Vjosa Osmani, p\u00ebrmes nj\u00eb konference p\u00ebr media t\u00eb mart\u00ebn mbr\u00ebma ka th\u00ebn\u00eb se ka mandatuar Glauk Konjufc\u00ebn p\u00ebr formimin e Qeveris\u00eb, n\u00eb p\u00ebrputhje me aktgjykimet e kaluara t\u00eb Gjykat\u00ebs Kushtetuese.<\/p>\n<p>Osmani ka th\u00ebn\u00eb se pas d\u00ebshtimit t\u00eb par\u00eb, ka zhvilluar konsultime me partit\u00eb politike p\u00ebr t\u00eb caktuar mandatarin e ri, nd\u00ebrsa vet\u00ebm partia e par\u00eb, L\u00ebvizja Vet\u00ebvendosje, ka shprehur gatishm\u00ebrin\u00eb p\u00ebr t\u00eb sjell\u00eb emrin.<\/p>\n<p>Presidentja sqaroi se veprimi i saj p\u00ebr ta mandatuar Konjufc\u00ebn bazohet n\u00eb nenin 95, paragrafi 4 t\u00eb Kushtetut\u00ebs, q\u00eb p\u00ebrcakton detyrimin e presidentes p\u00ebr t\u00eb em\u00ebruar kandidatin tjet\u00ebr p\u00ebr kryeminist\u00ebr brenda 10 dit\u00ebsh nga d\u00ebshtimi i tentimit t\u00eb par\u00eb.<\/p>\n<p>\u201cPra, Kushtetuesja nuk thot\u00eb mund t\u00eb em\u00ebroj\u00eb, por em\u00ebron n\u00ebse d\u00ebshton i pari. Kushtetuta nuk i l\u00eb hap\u00ebsir\u00eb presidentes p\u00ebr mos-em\u00ebrim t\u00eb kandidatit t\u00eb dyt\u00eb at\u00ebher\u00eb kur ka nj\u00eb mandatar. Gjuha e p\u00ebrdorur n\u00eb Kushtetut\u00eb \u00ebsht\u00eb obligative, pra e detyron presidenten ta em\u00ebroj\u00eb kandidatin e dyt\u00eb\u201d, ka th\u00ebn\u00eb ajo.<\/p>\n<p>Osmani ka kujtuar aktgjykimet e kaluar si rasti KO 103\/14, ku sipas saj, ky aktgjykim bazuar n\u00eb nenin 95, paragrafi 4, k\u00ebrkon q\u00eb t\u00eb ket\u00eb edhe nj\u00eb kandidat tjet\u00ebr p\u00ebr kryeminist\u00ebr, pra t\u00eb tentohet dy her\u00eb.<\/p>\n<p>\u201cPor e l\u00eb t\u00eb hapur \u00e7\u00ebshtjen se cil\u00ebs parti ose koalicion do t\u2019i jepet mandati p\u00ebr ta propozuar kandidatin. Diskrecioni i presidentes vjen kur m\u00eb shum\u00eb se nj\u00eb parti k\u00ebrkon t\u00eb ket\u00eb mandatarin. N\u00eb k\u00ebt\u00eb rast, e kemi vet\u00ebm nj\u00eb parti. Rrjedhimisht sot kam mandatuar Glauk Konjufc\u00ebn kandidat tjet\u00ebr p\u00ebr kryeminist\u00ebr\u201d, ka shtuar presidentja.<\/p>\n<p>Ajo p\u00ebrmendi edhe nj\u00eb arsye tjet\u00ebr pse mandatimi i Konjufc\u00ebs \u00ebsht\u00eb n\u00eb p\u00ebrputhje me Kushtetut\u00ebn.<\/p>\n<p>\u201cMandatimi i Konjufc\u00ebs \u00ebsht\u00eb gjithashtu n\u00eb p\u00ebrputhje me p\u00ebrgjegj\u00ebsin tjet\u00ebr q\u00eb Kushtetuesja ia ka dh\u00ebn\u00eb presidentes, q\u00eb t\u00eb ruaj\u00eb stabilitetin e vendit duke shmangur zgjedhjet\u201d, ka deklaruar Osmani.<\/p>\n<p>Sa i p\u00ebrket se duhet garanci se i kan\u00eb numrat p\u00ebr t\u2019ia dh\u00ebn\u00eb mandatarin, Osmani ka th\u00ebn\u00eb se kjo nuk shkruan askund n\u00eb Kushtetut\u00eb.<\/p>\n<p>\u201cAskund n\u00eb Kushtetut\u00eb dhe aktgjykime nuk k\u00ebrkohen garanci, k\u00ebrkohen gjasa dhe ka dallim t\u00eb madh mes garancis\u00eb dhe gjas\u00ebs. Garancia jepet n\u00eb Kuvend, kurse gjasat ofrohen n\u00eb zyr\u00ebn time. Sikur t\u00eb ishin dy apo m\u00eb shum\u00eb kandidat\u00eb un\u00eb duhet ta shihja se kush i ka gjasat m\u00eb t\u00eb m\u00ebdha. Nga LVV-ja kan\u00eb besim t\u00eb plot\u00eb se mund t\u00eb arrijn\u00eb votat e nevojshme, por kjo ju takon atyre q\u00eb t\u2019i b\u00ebjn\u00eb votat. Mua m\u00eb takon q\u00eb t\u00eb bindem q\u00eb kan\u00eb gjasa dhe mua m\u00eb kan\u00eb bindur q\u00eb kan\u00eb gjasa\u201d, ka th\u00ebn\u00eb Osmani.<\/p>\n<p>Presidentja b\u00ebri t\u00eb ditur se n\u00ebse edhe her\u00ebn e dyt\u00eb nuk zgjidhet qeveria at\u00ebher\u00eb shpallen zgjedhjet.<\/p>\n<p>Osmani tutje u shpreh se interesi i p\u00ebrgjithsh\u00ebm \u00ebsht\u00eb t\u00eb kemi institucionet dhe \u201ct\u00eb b\u00ebjm\u00eb \u00e7do p\u00ebrpjekje q\u00eb ato t\u00eb krijohen, q\u00eb s\u00eb paku t\u00eb miratojn\u00eb vendime t\u00eb r\u00ebnd\u00ebsishme n\u00eb sh\u00ebrbim t\u00eb qytetar\u00ebve\u201d.<\/p>\n<p>Sipas Kushtetut\u00ebs, mandatari ka afat 15 dit\u00eb p\u00ebr t\u2019i prezantuar Kuvendit p\u00ebrb\u00ebrjen e re t\u00eb ekzekutivit q\u00eb duhet t\u00eb marr\u00eb mb\u00ebshtetjen e t\u00eb pakt\u00ebn 61 deputet\u00ebve p\u00ebr t\u2019u zgjedhur.<\/p>\n<p>&nbsp;<\/p>\n","protected":false},"excerpt":{"rendered":"<p>Prishtin\u00eb, 4 n\u00ebntor 2025 Presidentja e Kosov\u00ebs, Vjosa Osmani, p\u00ebrmes nj\u00eb konference p\u00ebr media t\u00eb mart\u00ebn mbr\u00ebma ka th\u00ebn\u00eb se ka mandatuar Glauk Konjufc\u00ebn p\u00ebr<\/p>\n","protected":false},"author":7,"featured_media":19002,"comment_status":"open","ping_status":"open","sticky":false,"template":"","format":"standard","meta":{"footnotes":""},"categories":[58],"tags":[],"class_list":["post-19001","post","type-post","status-publish","format-standard","has-post-thumbnail","hentry","category-politike-sq"],"yoast_head":"<!-- This site is optimized with the Yoast SEO plugin v25.3.1 - https:\/\/yoast.com\/wordpress\/plugins\/seo\/ -->\n<title>Osmani njofton mandatimin e Glauk Konjufc\u00ebs, p\u00ebr kryeminist\u00ebr -<\/title>\n<meta name=\"robots\" content=\"index, follow, max-snippet:-1, max-image-preview:large, max-video-preview:-1\" \/>\n<link rel=\"canonical\" href=\"https:\/\/veritasinfo.org\/?p=19001\" \/>\n<meta property=\"og:locale\" content=\"en_US\" \/>\n<meta property=\"og:type\" content=\"article\" \/>\n<meta property=\"og:title\" content=\"Osmani njofton mandatimin e Glauk Konjufc\u00ebs, p\u00ebr kryeminist\u00ebr -\" \/>\n<meta property=\"og:description\" content=\"Prishtin\u00eb, 4 n\u00ebntor 2025 Presidentja e Kosov\u00ebs, Vjosa Osmani, p\u00ebrmes nj\u00eb konference p\u00ebr media t\u00eb mart\u00ebn mbr\u00ebma ka th\u00ebn\u00eb se ka mandatuar Glauk Konjufc\u00ebn p\u00ebr\" \/>\n<meta property=\"og:url\" content=\"https:\/\/veritasinfo.org\/?p=19001\" \/>\n<meta property=\"article:published_time\" content=\"2025-11-04T18:39:07+00:00\" \/>\n<meta property=\"article:modified_time\" content=\"2025-11-04T19:09:13+00:00\" \/>\n<meta property=\"og:image\" content=\"https:\/\/veritasinfo.org\/wp-content\/uploads\/2025\/11\/hq720.jpg\" \/>\n\t<meta property=\"og:image:width\" content=\"686\" \/>\n\t<meta property=\"og:image:height\" content=\"386\" \/>\n\t<meta property=\"og:image:type\" content=\"image\/jpeg\" \/>\n<meta name=\"author\" content=\"US6\" \/>\n<meta name=\"twitter:card\" content=\"summary_large_image\" \/>\n<meta name=\"twitter:label1\" content=\"Written by\" \/>\n\t<meta name=\"twitter:data1\" content=\"US6\" \/>\n\t<meta name=\"twitter:label2\" content=\"Est. reading time\" \/>\n\t<meta name=\"twitter:data2\" content=\"1 minute\" \/>\n<script type=\"application\/ld+json\" class=\"yoast-schema-graph\">{\"@context\":\"https:\/\/schema.org\",\"@graph\":[{\"@type\":\"WebPage\",\"@id\":\"https:\/\/veritasinfo.org\/?p=19001\",\"url\":\"https:\/\/veritasinfo.org\/?p=19001\",\"name\":\"Osmani njofton mandatimin e Glauk Konjufc\u00ebs, p\u00ebr kryeminist\u00ebr -\",\"isPartOf\":{\"@id\":\"https:\/\/veritasinfo.org\/#website\"},\"primaryImageOfPage\":{\"@id\":\"https:\/\/veritasinfo.org\/?p=19001#primaryimage\"},\"image\":{\"@id\":\"https:\/\/veritasinfo.org\/?p=19001#primaryimage\"},\"thumbnailUrl\":\"https:\/\/veritasinfo.org\/wp-content\/uploads\/2025\/11\/hq720.jpg\",\"datePublished\":\"2025-11-04T18:39:07+00:00\",\"dateModified\":\"2025-11-04T19:09:13+00:00\",\"author\":{\"@id\":\"https:\/\/veritasinfo.org\/#\/schema\/person\/fe199eede04c3937362892b7444747cc\"},\"breadcrumb\":{\"@id\":\"https:\/\/veritasinfo.org\/?p=19001#breadcrumb\"},\"inLanguage\":\"en-US\",\"potentialAction\":[{\"@type\":\"ReadAction\",\"target\":[\"https:\/\/veritasinfo.org\/?p=19001\"]}]},{\"@type\":\"ImageObject\",\"inLanguage\":\"en-US\",\"@id\":\"https:\/\/veritasinfo.org\/?p=19001#primaryimage\",\"url\":\"https:\/\/veritasinfo.org\/wp-content\/uploads\/2025\/11\/hq720.jpg\",\"contentUrl\":\"https:\/\/veritasinfo.org\/wp-content\/uploads\/2025\/11\/hq720.jpg\",\"width\":686,\"height\":386},{\"@type\":\"BreadcrumbList\",\"@id\":\"https:\/\/veritasinfo.org\/?p=19001#breadcrumb\",\"itemListElement\":[{\"@type\":\"ListItem\",\"position\":1,\"name\":\"Home\",\"item\":\"https:\/\/veritasinfo.org\/\"},{\"@type\":\"ListItem\",\"position\":2,\"name\":\"Osmani njofton mandatimin e Glauk Konjufc\u00ebs, p\u00ebr kryeminist\u00ebr\"}]},{\"@type\":\"WebSite\",\"@id\":\"https:\/\/veritasinfo.org\/#website\",\"url\":\"https:\/\/veritasinfo.org\/\",\"name\":\"\",\"description\":\"\",\"potentialAction\":[{\"@type\":\"SearchAction\",\"target\":{\"@type\":\"EntryPoint\",\"urlTemplate\":\"https:\/\/veritasinfo.org\/?s={search_term_string}\"},\"query-input\":{\"@type\":\"PropertyValueSpecification\",\"valueRequired\":true,\"valueName\":\"search_term_string\"}}],\"inLanguage\":\"en-US\"},{\"@type\":\"Person\",\"@id\":\"https:\/\/veritasinfo.org\/#\/schema\/person\/fe199eede04c3937362892b7444747cc\",\"name\":\"US6\",\"image\":{\"@type\":\"ImageObject\",\"inLanguage\":\"en-US\",\"@id\":\"https:\/\/veritasinfo.org\/#\/schema\/person\/image\/\",\"url\":\"https:\/\/secure.gravatar.com\/avatar\/cb16c3c31c9d23b9b8c705964598220b3014e42ff51eb540ff23cefa3ae8c15f?s=96&d=mm&r=g\",\"contentUrl\":\"https:\/\/secure.gravatar.com\/avatar\/cb16c3c31c9d23b9b8c705964598220b3014e42ff51eb540ff23cefa3ae8c15f?s=96&d=mm&r=g\",\"caption\":\"US6\"},\"url\":\"https:\/\/veritasinfo.org\/?author=7\"}]}<\/script>\n<!-- \/ Yoast SEO plugin. -->","yoast_head_json":{"title":"Osmani njofton mandatimin e Glauk Konjufc\u00ebs, p\u00ebr kryeminist\u00ebr -","robots":{"index":"index","follow":"follow","max-snippet":"max-snippet:-1","max-image-preview":"max-image-preview:large","max-video-preview":"max-video-preview:-1"},"canonical":"https:\/\/veritasinfo.org\/?p=19001","og_locale":"en_US","og_type":"article","og_title":"Osmani njofton mandatimin e Glauk Konjufc\u00ebs, p\u00ebr kryeminist\u00ebr -","og_description":"Prishtin\u00eb, 4 n\u00ebntor 2025 Presidentja e Kosov\u00ebs, Vjosa Osmani, p\u00ebrmes nj\u00eb konference p\u00ebr media t\u00eb mart\u00ebn mbr\u00ebma ka th\u00ebn\u00eb se ka mandatuar Glauk Konjufc\u00ebn p\u00ebr","og_url":"https:\/\/veritasinfo.org\/?p=19001","article_published_time":"2025-11-04T18:39:07+00:00","article_modified_time":"2025-11-04T19:09:13+00:00","og_image":[{"width":686,"height":386,"url":"https:\/\/veritasinfo.org\/wp-content\/uploads\/2025\/11\/hq720.jpg","type":"image\/jpeg"}],"author":"US6","twitter_card":"summary_large_image","twitter_misc":{"Written by":"US6","Est. reading time":"1 minute"},"schema":{"@context":"https:\/\/schema.org","@graph":[{"@type":"WebPage","@id":"https:\/\/veritasinfo.org\/?p=19001","url":"https:\/\/veritasinfo.org\/?p=19001","name":"Osmani njofton mandatimin e Glauk Konjufc\u00ebs, p\u00ebr kryeminist\u00ebr -","isPartOf":{"@id":"https:\/\/veritasinfo.org\/#website"},"primaryImageOfPage":{"@id":"https:\/\/veritasinfo.org\/?p=19001#primaryimage"},"image":{"@id":"https:\/\/veritasinfo.org\/?p=19001#primaryimage"},"thumbnailUrl":"https:\/\/veritasinfo.org\/wp-content\/uploads\/2025\/11\/hq720.jpg","datePublished":"2025-11-04T18:39:07+00:00","dateModified":"2025-11-04T19:09:13+00:00","author":{"@id":"https:\/\/veritasinfo.org\/#\/schema\/person\/fe199eede04c3937362892b7444747cc"},"breadcrumb":{"@id":"https:\/\/veritasinfo.org\/?p=19001#breadcrumb"},"inLanguage":"en-US","potentialAction":[{"@type":"ReadAction","target":["https:\/\/veritasinfo.org\/?p=19001"]}]},{"@type":"ImageObject","inLanguage":"en-US","@id":"https:\/\/veritasinfo.org\/?p=19001#primaryimage","url":"https:\/\/veritasinfo.org\/wp-content\/uploads\/2025\/11\/hq720.jpg","contentUrl":"https:\/\/veritasinfo.org\/wp-content\/uploads\/2025\/11\/hq720.jpg","width":686,"height":386},{"@type":"BreadcrumbList","@id":"https:\/\/veritasinfo.org\/?p=19001#breadcrumb","itemListElement":[{"@type":"ListItem","position":1,"name":"Home","item":"https:\/\/veritasinfo.org\/"},{"@type":"ListItem","position":2,"name":"Osmani njofton mandatimin e Glauk Konjufc\u00ebs, p\u00ebr kryeminist\u00ebr"}]},{"@type":"WebSite","@id":"https:\/\/veritasinfo.org\/#website","url":"https:\/\/veritasinfo.org\/","name":"","description":"","potentialAction":[{"@type":"SearchAction","target":{"@type":"EntryPoint","urlTemplate":"https:\/\/veritasinfo.org\/?s={search_term_string}"},"query-input":{"@type":"PropertyValueSpecification","valueRequired":true,"valueName":"search_term_string"}}],"inLanguage":"en-US"},{"@type":"Person","@id":"https:\/\/veritasinfo.org\/#\/schema\/person\/fe199eede04c3937362892b7444747cc","name":"US6","image":{"@type":"ImageObject","inLanguage":"en-US","@id":"https:\/\/veritasinfo.org\/#\/schema\/person\/image\/","url":"https:\/\/secure.gravatar.com\/avatar\/cb16c3c31c9d23b9b8c705964598220b3014e42ff51eb540ff23cefa3ae8c15f?s=96&d=mm&r=g","contentUrl":"https:\/\/secure.gravatar.com\/avatar\/cb16c3c31c9d23b9b8c705964598220b3014e42ff51eb540ff23cefa3ae8c15f?s=96&d=mm&r=g","caption":"US6"},"url":"https:\/\/veritasinfo.org\/?author=7"}]}},"featured_image_urls":{"full":["https:\/\/veritasinfo.org\/wp-content\/uploads\/2025\/11\/hq720.jpg",686,386,false],"thumbnail":["https:\/\/veritasinfo.org\/wp-content\/uploads\/2025\/11\/hq720-150x150.jpg",150,150,true],"medium":["https:\/\/veritasinfo.org\/wp-content\/uploads\/2025\/11\/hq720-300x169.jpg",300,169,true],"medium_large":["https:\/\/veritasinfo.org\/wp-content\/uploads\/2025\/11\/hq720.jpg",640,360,false],"large":["https:\/\/veritasinfo.org\/wp-content\/uploads\/2025\/11\/hq720.jpg",640,360,false],"1536x1536":["https:\/\/veritasinfo.org\/wp-content\/uploads\/2025\/11\/hq720.jpg",686,386,false],"2048x2048":["https:\/\/veritasinfo.org\/wp-content\/uploads\/2025\/11\/hq720.jpg",686,386,false],"kreeti-slider-full":["https:\/\/veritasinfo.org\/wp-content\/uploads\/2025\/11\/hq720.jpg",686,386,false],"kreeti-featured":["https:\/\/veritasinfo.org\/wp-content\/uploads\/2025\/11\/hq720.jpg",686,386,false],"kreeti-medium":["https:\/\/veritasinfo.org\/wp-content\/uploads\/2025\/11\/hq720.jpg",686,386,false],"kreeti-medium-square":["https:\/\/veritasinfo.org\/wp-content\/uploads\/2025\/11\/hq720.jpg",350,197,false]},"author_info":{"info":["US6"]},"category_info":"<a href=\"https:\/\/veritasinfo.org\/?cat=58\" rel=\"category\">Politik\u00eb<\/a>","tag_info":"Politik\u00eb","comment_count":"0","_links":{"self":[{"href":"https:\/\/veritasinfo.org\/index.php?rest_route=\/wp\/v2\/posts\/19001","targetHints":{"allow":["GET"]}}],"collection":[{"href":"https:\/\/veritasinfo.org\/index.php?rest_route=\/wp\/v2\/posts"}],"about":[{"href":"https:\/\/veritasinfo.org\/index.php?rest_route=\/wp\/v2\/types\/post"}],"author":[{"embeddable":true,"href":"https:\/\/veritasinfo.org\/index.php?rest_route=\/wp\/v2\/users\/7"}],"replies":[{"embeddable":true,"href":"https:\/\/veritasinfo.org\/index.php?rest_route=%2Fwp%2Fv2%2Fcomments&post=19001"}],"version-history":[{"count":2,"href":"https:\/\/veritasinfo.org\/index.php?rest_route=\/wp\/v2\/posts\/19001\/revisions"}],"predecessor-version":[{"id":19007,"href":"https:\/\/veritasinfo.org\/index.php?rest_route=\/wp\/v2\/posts\/19001\/revisions\/19007"}],"wp:featuredmedia":[{"embeddable":true,"href":"https:\/\/veritasinfo.org\/index.php?rest_route=\/wp\/v2\/media\/19002"}],"wp:attachment":[{"href":"https:\/\/veritasinfo.org\/index.php?rest_route=%2Fwp%2Fv2%2Fmedia&parent=19001"}],"wp:term":[{"taxonomy":"category","embeddable":true,"href":"https:\/\/veritasinfo.org\/index.php?rest_route=%2Fwp%2Fv2%2Fcategories&post=19001"},{"taxonomy":"post_tag","embeddable":true,"href":"https:\/\/veritasinfo.org\/index.php?rest_route=%2Fwp%2Fv2%2Ftags&post=19001"}],"curies":[{"name":"wp","href":"https:\/\/api.w.org\/{rel}","templated":true}]}}