{"id":1900,"date":"2025-06-29T08:13:01","date_gmt":"2025-06-29T06:13:01","guid":{"rendered":"https:\/\/veritasinfo.org\/?p=1900"},"modified":"2025-06-29T08:13:01","modified_gmt":"2025-06-29T06:13:01","slug":"policia-serbe-perleshet-me-protestuesit-antiqeveritare","status":"publish","type":"post","link":"https:\/\/veritasinfo.org\/?p=1900","title":{"rendered":"Policia serbe p\u00ebrleshet me protestuesit antiqeveritar\u00eb"},"content":{"rendered":"<p>29.06.2025<\/p>\n<ul>\n<li id=\"tw-target-text\" class=\"tw-data-text tw-text-large tw-ta\" dir=\"ltr\" data-placeholder=\"Translation\" data-ved=\"2ahUKEwj40t7ShI-OAxWj9wIHHe9fOLkQ3ewLegQIDhAV\" aria-label=\"Translated text: Protestuesit k\u00ebrkojn\u00eb fundin e sundimit 12-vje\u00e7ar t\u00eb Vu\u00e7i\u00e7it\nVu\u00e7i\u00e7 thot\u00eb se fuqit\u00eb e huaja fshihen pas protestave\nKund\u00ebrshtar\u00ebt akuzojn\u00eb Vu\u00e7i\u00e7in p\u00ebr korrupsion dhe shtypje t\u00eb medias\"><span class=\"Y2IQFc\" lang=\"sq\">Protestuesit k\u00ebrkojn\u00eb fundin e sundimit 12-vje\u00e7ar t\u00eb Vu\u00e7i\u00e7it <\/span><\/li>\n<li class=\"tw-data-text tw-text-large tw-ta\" dir=\"ltr\" data-placeholder=\"Translation\" data-ved=\"2ahUKEwj40t7ShI-OAxWj9wIHHe9fOLkQ3ewLegQIDhAV\" aria-label=\"Translated text: Protestuesit k\u00ebrkojn\u00eb fundin e sundimit 12-vje\u00e7ar t\u00eb Vu\u00e7i\u00e7it\nVu\u00e7i\u00e7 thot\u00eb se fuqit\u00eb e huaja fshihen pas protestave\nKund\u00ebrshtar\u00ebt akuzojn\u00eb Vu\u00e7i\u00e7in p\u00ebr korrupsion dhe shtypje t\u00eb medias\"><span class=\"Y2IQFc\" lang=\"sq\">Vu\u00e7i\u00e7 thot\u00eb se fuqit\u00eb e huaja fshihen pas protestave <\/span><\/li>\n<li class=\"tw-data-text tw-text-large tw-ta\" dir=\"ltr\" data-placeholder=\"Translation\" data-ved=\"2ahUKEwj40t7ShI-OAxWj9wIHHe9fOLkQ3ewLegQIDhAV\" aria-label=\"Translated text: Protestuesit k\u00ebrkojn\u00eb fundin e sundimit 12-vje\u00e7ar t\u00eb Vu\u00e7i\u00e7it\nVu\u00e7i\u00e7 thot\u00eb se fuqit\u00eb e huaja fshihen pas protestave\nKund\u00ebrshtar\u00ebt akuzojn\u00eb Vu\u00e7i\u00e7in p\u00ebr korrupsion dhe shtypje t\u00eb medias\"><span class=\"Y2IQFc\" lang=\"sq\">Kund\u00ebrshtar\u00ebt akuzojn\u00eb Vu\u00e7i\u00e7in p\u00ebr korrupsion dhe shtypje t\u00eb medias\n<p><\/span>BEOGRAD, 28 qershor (Reuters) &#8211; Policia serbe u p\u00ebrlesh t\u00eb shtun\u00ebn n\u00eb mbr\u00ebmje me protestuesit antiqeveritar\u00eb q\u00eb k\u00ebrkonin zgjedhje t\u00eb parakohshme dhe fundin e sundimit 12-vje\u00e7ar t\u00eb Presidentit Aleksandar Vu\u00e7i\u00e7.Policia vendosi dhjet\u00ebra oficer\u00eb me pajisje kund\u00ebr trazirave rreth nd\u00ebrtesave qeveritare, parlamentit dhe parkut Pionirski aty pran\u00eb, ku turma mb\u00ebshtet\u00ebsish t\u00eb Vu\u00e7i\u00e7 nga e gjith\u00eb vendi u mblodh\u00ebn n\u00eb nj\u00eb kund\u00ebrprotest\u00eb.<\/p>\n<p>Pasi protesta mbaroi rreth or\u00ebs 22:00, disa protestues q\u00eb donin t\u00eb p\u00ebrballeshin me mb\u00ebshtet\u00ebsit e Vu\u00e7i\u00e7it hodh\u00ebn shishe, gur\u00eb dhe fishekzjarr\u00eb drejt policis\u00eb, e cila p\u00ebrdori forc\u00ebn p\u00ebr t&#8217;i shp\u00ebrndar\u00eb ata n\u00eb disa vende n\u00eb qend\u00ebr t\u00eb qytetit t\u00eb Beogradit.<\/p>\n<p>Protestuesit b\u00ebrtit\u00ebn: &#8220;Mbajini mburojat posht\u00eb&#8221;, duke i b\u00ebr\u00eb thirrje policis\u00eb t\u00eb ndalonte nd\u00ebrhyrjen.\u00a0Policia arrestoi disa dhjet\u00ebra protestues, nd\u00ebrsa gjasht\u00eb oficer\u00eb policie u raportuan t\u00eb plagosur n\u00eb p\u00ebrleshje, tha Dragan Vasiljevi\u00e7, drejtori i policis\u00eb, n\u00eb nj\u00eb konferenc\u00eb p\u00ebr shtyp von\u00eb t\u00eb shtun\u00ebn.Vu\u00e7i\u00e7 tha se protestuesit u p\u00ebrpoq\u00ebn t\u00eb rr\u00ebzonin shtetin. &#8220;Ata (protestuesit) donin t\u00eb rr\u00ebzonin Serbin\u00eb dhe kan\u00eb d\u00ebshtuar&#8221;, shkroi ai n\u00eb faqen e tij n\u00eb Instagram.N\u00eb nj\u00eb deklarat\u00eb, student\u00ebt akuzuan qeverin\u00eb p\u00ebr nj\u00eb p\u00ebrshkall\u00ebzim t\u00eb tensioneve.<br \/>\n&#8220;Ata (autoritetet) &#8230;\u00a0 zgjodh\u00ebn dhun\u00ebn dhe shtypjen kund\u00ebr popullit. \u00c7do radikalizim i situat\u00ebs \u00ebsht\u00eb p\u00ebrgjegj\u00ebsi e tyre&#8221;, shkruan student\u00ebt n\u00eb rrjetin social X.<\/p>\n<p>N\u00eb nj\u00eb deklarat\u00eb, Ivica Da\u00e7i\u00e7, ministri i brendsh\u00ebm, tha se policia do t\u00eb veproj\u00eb p\u00ebr t\u00eb ruajtur rendin publik.&#8221;Policia do t\u00eb marr\u00eb t\u00eb gjitha masat p\u00ebr t\u00eb vendosur rendin dhe qet\u00ebsin\u00eb publike, &#8230; dhe do t\u00eb zbatoj\u00eb t\u00eb gjitha fuqit\u00eb e saj p\u00ebr t\u00eb sprapsur sulmet dhe p\u00ebr t\u00eb arrestuar t\u00eb gjith\u00eb ata q\u00eb sulmuan policin\u00eb&#8221;, tha Da\u00e7i\u00e7.<br \/>\nMuajt\u00eb e protestave n\u00eb t\u00eb gjith\u00eb vendin, p\u00ebrfshir\u00eb mbylljen e universiteteve, e kan\u00eb tronditur Vu\u00e7i\u00e7in, nj\u00eb populist, mandati i dyt\u00eb i t\u00eb cilit p\u00ebrfundon n\u00eb vitin 2027, kur jan\u00eb planifikuar edhe zgjedhjet parlamentare.<br \/>\nKund\u00ebrshtar\u00ebt e Vu\u00e7i\u00e7it e akuzojn\u00eb at\u00eb dhe aleat\u00ebt e tij p\u00ebr lidhje me krimin e organizuar, dhun\u00eb kund\u00ebr rival\u00ebve dhe kufizim t\u00eb lirive t\u00eb medias, di\u00e7ka q\u00eb ata e mohojn\u00eb. Protestuesit, t\u00eb cil\u00ebt duan q\u00eb qeveria t&#8217;i marr\u00eb parasysh k\u00ebrkesat e tyre deri n\u00eb fund t\u00eb protest\u00ebs, jan\u00eb zotuar t\u00eb mos p\u00ebrdorin dhun\u00eb. Vu\u00e7i\u00e7 m\u00eb par\u00eb ka refuzuar zgjedhje t\u00eb parakohshme. Koalicioni i tij i udh\u00ebhequr nga Partia Progresive mban 156 nga 250 vende parlamentare.<\/p>\n<p>M\u00eb her\u00ebt t\u00eb shtun\u00ebn, Vu\u00e7i\u00e7 tha se &#8220;fuqi t\u00eb huaja&#8221; t\u00eb paspecifikuara q\u00ebndronin pas protest\u00ebs. Ai tha se policia duhet t\u00eb frenohet, por paralajm\u00ebroi se dhuna nuk do t\u00eb tolerohet. &#8220;Vendi do t\u00eb mbrohet dhe bandit\u00ebt do t\u00eb p\u00ebrballen me drejt\u00ebsin\u00eb&#8221;, u tha ai gazetar\u00ebve n\u00eb Beograd. Sladjana Lojanovic, 37 vje\u00e7, nj\u00eb fermere nga qyteti Shid n\u00eb veri, tha se erdhi p\u00ebr t\u00eb mb\u00ebshtetur student\u00ebt. &#8220;Institucionet jan\u00eb uzurpuar dhe&#8230; ka shum\u00eb korrupsion. Zgjedhjet jan\u00eb zgjidhja, por nuk mendoj se ai (Vu\u00e7i\u00e7) do t\u00eb d\u00ebshiroj\u00eb t\u00eb shkoj\u00eb n\u00eb paqe&#8221;, i tha ajo Reuters. N\u00eb dit\u00ebt para protest\u00ebs, policia arrestoi rreth nj\u00eb duzin\u00eb aktivist\u00ebsh antiqeveritar\u00eb, duke i akuzuar ata p\u00ebr minimizimin e kushtetut\u00ebs dhe terroriz\u00ebm. T\u00eb gjith\u00eb i mohuan akuzat.Protestat nga student\u00ebt, opozita, m\u00ebsuesit, pun\u00ebtor\u00ebt dhe fermer\u00ebt filluan dhjetorin e kaluar pasi 16 persona vdiq\u00ebn m\u00eb 1 n\u00ebntor n\u00eb shembjen e \u00e7atis\u00eb s\u00eb stacionit hekurudhor t\u00eb Novi Sadit. Protestuesit faj\u00ebsojn\u00eb korrupsionin p\u00ebr katastrof\u00ebn.<\/p>\n<p>Tubimi n\u00eb Beograd p\u00ebrkon me Dit\u00ebn e Sh\u00ebn Vitusit, e cila nderohet nga shumica e serb\u00ebve, e cila sh\u00ebnon Betej\u00ebn e Kosov\u00ebs t\u00eb vitit 1389 me turqit osman\u00eb.<\/li>\n<\/ul>\n","protected":false},"excerpt":{"rendered":"<p>29.06.2025 Protestuesit k\u00ebrkojn\u00eb fundin e sundimit 12-vje\u00e7ar t\u00eb Vu\u00e7i\u00e7it Vu\u00e7i\u00e7 thot\u00eb se fuqit\u00eb e huaja fshihen pas protestave Kund\u00ebrshtar\u00ebt akuzojn\u00eb Vu\u00e7i\u00e7in p\u00ebr korrupsion dhe shtypje<\/p>\n","protected":false},"author":1,"featured_media":1901,"comment_status":"open","ping_status":"open","sticky":false,"template":"","format":"standard","meta":{"footnotes":""},"categories":[72],"tags":[],"class_list":["post-1900","post","type-post","status-publish","format-standard","has-post-thumbnail","hentry","category-bota"],"yoast_head":"<!-- This site is optimized with the Yoast SEO plugin v25.3.1 - https:\/\/yoast.com\/wordpress\/plugins\/seo\/ -->\n<title>Policia serbe p\u00ebrleshet me protestuesit antiqeveritar\u00eb -<\/title>\n<meta name=\"robots\" content=\"index, follow, max-snippet:-1, max-image-preview:large, max-video-preview:-1\" \/>\n<link rel=\"canonical\" href=\"https:\/\/veritasinfo.org\/?p=1900\" \/>\n<meta property=\"og:locale\" content=\"en_US\" \/>\n<meta property=\"og:type\" content=\"article\" \/>\n<meta property=\"og:title\" content=\"Policia serbe p\u00ebrleshet me protestuesit antiqeveritar\u00eb -\" \/>\n<meta property=\"og:description\" content=\"29.06.2025 Protestuesit k\u00ebrkojn\u00eb fundin e sundimit 12-vje\u00e7ar t\u00eb Vu\u00e7i\u00e7it Vu\u00e7i\u00e7 thot\u00eb se fuqit\u00eb e huaja fshihen pas protestave Kund\u00ebrshtar\u00ebt akuzojn\u00eb Vu\u00e7i\u00e7in p\u00ebr korrupsion dhe shtypje\" \/>\n<meta property=\"og:url\" content=\"https:\/\/veritasinfo.org\/?p=1900\" \/>\n<meta property=\"article:published_time\" content=\"2025-06-29T06:13:01+00:00\" \/>\n<meta property=\"og:image\" content=\"https:\/\/veritasinfo.org\/wp-content\/uploads\/2025\/06\/PROTESTA-Beogradi.jpeg\" \/>\n\t<meta property=\"og:image:width\" content=\"600\" \/>\n\t<meta property=\"og:image:height\" content=\"360\" \/>\n\t<meta property=\"og:image:type\" content=\"image\/jpeg\" \/>\n<meta name=\"author\" content=\"admin\" \/>\n<meta name=\"twitter:card\" content=\"summary_large_image\" \/>\n<meta name=\"twitter:label1\" content=\"Written by\" \/>\n\t<meta name=\"twitter:data1\" content=\"admin\" \/>\n\t<meta name=\"twitter:label2\" content=\"Est. reading time\" \/>\n\t<meta name=\"twitter:data2\" content=\"3 minutes\" \/>\n<script type=\"application\/ld+json\" class=\"yoast-schema-graph\">{\"@context\":\"https:\/\/schema.org\",\"@graph\":[{\"@type\":\"WebPage\",\"@id\":\"https:\/\/veritasinfo.org\/?p=1900\",\"url\":\"https:\/\/veritasinfo.org\/?p=1900\",\"name\":\"Policia serbe p\u00ebrleshet me protestuesit antiqeveritar\u00eb -\",\"isPartOf\":{\"@id\":\"https:\/\/veritasinfo.org\/#website\"},\"primaryImageOfPage\":{\"@id\":\"https:\/\/veritasinfo.org\/?p=1900#primaryimage\"},\"image\":{\"@id\":\"https:\/\/veritasinfo.org\/?p=1900#primaryimage\"},\"thumbnailUrl\":\"https:\/\/veritasinfo.org\/wp-content\/uploads\/2025\/06\/PROTESTA-Beogradi.jpeg\",\"datePublished\":\"2025-06-29T06:13:01+00:00\",\"author\":{\"@id\":\"https:\/\/veritasinfo.org\/#\/schema\/person\/7701f8c088bece422266b100a712374f\"},\"breadcrumb\":{\"@id\":\"https:\/\/veritasinfo.org\/?p=1900#breadcrumb\"},\"inLanguage\":\"en-US\",\"potentialAction\":[{\"@type\":\"ReadAction\",\"target\":[\"https:\/\/veritasinfo.org\/?p=1900\"]}]},{\"@type\":\"ImageObject\",\"inLanguage\":\"en-US\",\"@id\":\"https:\/\/veritasinfo.org\/?p=1900#primaryimage\",\"url\":\"https:\/\/veritasinfo.org\/wp-content\/uploads\/2025\/06\/PROTESTA-Beogradi.jpeg\",\"contentUrl\":\"https:\/\/veritasinfo.org\/wp-content\/uploads\/2025\/06\/PROTESTA-Beogradi.jpeg\",\"width\":600,\"height\":360},{\"@type\":\"BreadcrumbList\",\"@id\":\"https:\/\/veritasinfo.org\/?p=1900#breadcrumb\",\"itemListElement\":[{\"@type\":\"ListItem\",\"position\":1,\"name\":\"Home\",\"item\":\"https:\/\/veritasinfo.org\/\"},{\"@type\":\"ListItem\",\"position\":2,\"name\":\"Policia serbe p\u00ebrleshet me protestuesit antiqeveritar\u00eb\"}]},{\"@type\":\"WebSite\",\"@id\":\"https:\/\/veritasinfo.org\/#website\",\"url\":\"https:\/\/veritasinfo.org\/\",\"name\":\"\",\"description\":\"\",\"potentialAction\":[{\"@type\":\"SearchAction\",\"target\":{\"@type\":\"EntryPoint\",\"urlTemplate\":\"https:\/\/veritasinfo.org\/?s={search_term_string}\"},\"query-input\":{\"@type\":\"PropertyValueSpecification\",\"valueRequired\":true,\"valueName\":\"search_term_string\"}}],\"inLanguage\":\"en-US\"},{\"@type\":\"Person\",\"@id\":\"https:\/\/veritasinfo.org\/#\/schema\/person\/7701f8c088bece422266b100a712374f\",\"name\":\"admin\",\"image\":{\"@type\":\"ImageObject\",\"inLanguage\":\"en-US\",\"@id\":\"https:\/\/veritasinfo.org\/#\/schema\/person\/image\/\",\"url\":\"https:\/\/secure.gravatar.com\/avatar\/ea53aa3bf6c9a12d5fde8ce4deff43fef3885ae33cf60184161a50d6987cfd2f?s=96&d=mm&r=g\",\"contentUrl\":\"https:\/\/secure.gravatar.com\/avatar\/ea53aa3bf6c9a12d5fde8ce4deff43fef3885ae33cf60184161a50d6987cfd2f?s=96&d=mm&r=g\",\"caption\":\"admin\"},\"sameAs\":[\"https:\/\/veritasinfo.org\"],\"url\":\"https:\/\/veritasinfo.org\/?author=1\"}]}<\/script>\n<!-- \/ Yoast SEO plugin. -->","yoast_head_json":{"title":"Policia serbe p\u00ebrleshet me protestuesit antiqeveritar\u00eb -","robots":{"index":"index","follow":"follow","max-snippet":"max-snippet:-1","max-image-preview":"max-image-preview:large","max-video-preview":"max-video-preview:-1"},"canonical":"https:\/\/veritasinfo.org\/?p=1900","og_locale":"en_US","og_type":"article","og_title":"Policia serbe p\u00ebrleshet me protestuesit antiqeveritar\u00eb -","og_description":"29.06.2025 Protestuesit k\u00ebrkojn\u00eb fundin e sundimit 12-vje\u00e7ar t\u00eb Vu\u00e7i\u00e7it Vu\u00e7i\u00e7 thot\u00eb se fuqit\u00eb e huaja fshihen pas protestave Kund\u00ebrshtar\u00ebt akuzojn\u00eb Vu\u00e7i\u00e7in p\u00ebr korrupsion dhe shtypje","og_url":"https:\/\/veritasinfo.org\/?p=1900","article_published_time":"2025-06-29T06:13:01+00:00","og_image":[{"width":600,"height":360,"url":"https:\/\/veritasinfo.org\/wp-content\/uploads\/2025\/06\/PROTESTA-Beogradi.jpeg","type":"image\/jpeg"}],"author":"admin","twitter_card":"summary_large_image","twitter_misc":{"Written by":"admin","Est. reading time":"3 minutes"},"schema":{"@context":"https:\/\/schema.org","@graph":[{"@type":"WebPage","@id":"https:\/\/veritasinfo.org\/?p=1900","url":"https:\/\/veritasinfo.org\/?p=1900","name":"Policia serbe p\u00ebrleshet me protestuesit antiqeveritar\u00eb -","isPartOf":{"@id":"https:\/\/veritasinfo.org\/#website"},"primaryImageOfPage":{"@id":"https:\/\/veritasinfo.org\/?p=1900#primaryimage"},"image":{"@id":"https:\/\/veritasinfo.org\/?p=1900#primaryimage"},"thumbnailUrl":"https:\/\/veritasinfo.org\/wp-content\/uploads\/2025\/06\/PROTESTA-Beogradi.jpeg","datePublished":"2025-06-29T06:13:01+00:00","author":{"@id":"https:\/\/veritasinfo.org\/#\/schema\/person\/7701f8c088bece422266b100a712374f"},"breadcrumb":{"@id":"https:\/\/veritasinfo.org\/?p=1900#breadcrumb"},"inLanguage":"en-US","potentialAction":[{"@type":"ReadAction","target":["https:\/\/veritasinfo.org\/?p=1900"]}]},{"@type":"ImageObject","inLanguage":"en-US","@id":"https:\/\/veritasinfo.org\/?p=1900#primaryimage","url":"https:\/\/veritasinfo.org\/wp-content\/uploads\/2025\/06\/PROTESTA-Beogradi.jpeg","contentUrl":"https:\/\/veritasinfo.org\/wp-content\/uploads\/2025\/06\/PROTESTA-Beogradi.jpeg","width":600,"height":360},{"@type":"BreadcrumbList","@id":"https:\/\/veritasinfo.org\/?p=1900#breadcrumb","itemListElement":[{"@type":"ListItem","position":1,"name":"Home","item":"https:\/\/veritasinfo.org\/"},{"@type":"ListItem","position":2,"name":"Policia serbe p\u00ebrleshet me protestuesit antiqeveritar\u00eb"}]},{"@type":"WebSite","@id":"https:\/\/veritasinfo.org\/#website","url":"https:\/\/veritasinfo.org\/","name":"","description":"","potentialAction":[{"@type":"SearchAction","target":{"@type":"EntryPoint","urlTemplate":"https:\/\/veritasinfo.org\/?s={search_term_string}"},"query-input":{"@type":"PropertyValueSpecification","valueRequired":true,"valueName":"search_term_string"}}],"inLanguage":"en-US"},{"@type":"Person","@id":"https:\/\/veritasinfo.org\/#\/schema\/person\/7701f8c088bece422266b100a712374f","name":"admin","image":{"@type":"ImageObject","inLanguage":"en-US","@id":"https:\/\/veritasinfo.org\/#\/schema\/person\/image\/","url":"https:\/\/secure.gravatar.com\/avatar\/ea53aa3bf6c9a12d5fde8ce4deff43fef3885ae33cf60184161a50d6987cfd2f?s=96&d=mm&r=g","contentUrl":"https:\/\/secure.gravatar.com\/avatar\/ea53aa3bf6c9a12d5fde8ce4deff43fef3885ae33cf60184161a50d6987cfd2f?s=96&d=mm&r=g","caption":"admin"},"sameAs":["https:\/\/veritasinfo.org"],"url":"https:\/\/veritasinfo.org\/?author=1"}]}},"featured_image_urls":{"full":["https:\/\/veritasinfo.org\/wp-content\/uploads\/2025\/06\/PROTESTA-Beogradi.jpeg",600,360,false],"thumbnail":["https:\/\/veritasinfo.org\/wp-content\/uploads\/2025\/06\/PROTESTA-Beogradi-150x150.jpeg",150,150,true],"medium":["https:\/\/veritasinfo.org\/wp-content\/uploads\/2025\/06\/PROTESTA-Beogradi-300x180.jpeg",300,180,true],"medium_large":["https:\/\/veritasinfo.org\/wp-content\/uploads\/2025\/06\/PROTESTA-Beogradi.jpeg",600,360,false],"large":["https:\/\/veritasinfo.org\/wp-content\/uploads\/2025\/06\/PROTESTA-Beogradi.jpeg",600,360,false],"1536x1536":["https:\/\/veritasinfo.org\/wp-content\/uploads\/2025\/06\/PROTESTA-Beogradi.jpeg",600,360,false],"2048x2048":["https:\/\/veritasinfo.org\/wp-content\/uploads\/2025\/06\/PROTESTA-Beogradi.jpeg",600,360,false],"kreeti-slider-full":["https:\/\/veritasinfo.org\/wp-content\/uploads\/2025\/06\/PROTESTA-Beogradi.jpeg",600,360,false],"kreeti-featured":["https:\/\/veritasinfo.org\/wp-content\/uploads\/2025\/06\/PROTESTA-Beogradi.jpeg",600,360,false],"kreeti-medium":["https:\/\/veritasinfo.org\/wp-content\/uploads\/2025\/06\/PROTESTA-Beogradi.jpeg",600,360,false],"kreeti-medium-square":["https:\/\/veritasinfo.org\/wp-content\/uploads\/2025\/06\/PROTESTA-Beogradi.jpeg",350,210,false]},"author_info":{"info":["admin"]},"category_info":"<a href=\"https:\/\/veritasinfo.org\/?cat=72\" rel=\"category\">Bota<\/a>","tag_info":"Bota","comment_count":"0","_links":{"self":[{"href":"https:\/\/veritasinfo.org\/index.php?rest_route=\/wp\/v2\/posts\/1900","targetHints":{"allow":["GET"]}}],"collection":[{"href":"https:\/\/veritasinfo.org\/index.php?rest_route=\/wp\/v2\/posts"}],"about":[{"href":"https:\/\/veritasinfo.org\/index.php?rest_route=\/wp\/v2\/types\/post"}],"author":[{"embeddable":true,"href":"https:\/\/veritasinfo.org\/index.php?rest_route=\/wp\/v2\/users\/1"}],"replies":[{"embeddable":true,"href":"https:\/\/veritasinfo.org\/index.php?rest_route=%2Fwp%2Fv2%2Fcomments&post=1900"}],"version-history":[{"count":1,"href":"https:\/\/veritasinfo.org\/index.php?rest_route=\/wp\/v2\/posts\/1900\/revisions"}],"predecessor-version":[{"id":1903,"href":"https:\/\/veritasinfo.org\/index.php?rest_route=\/wp\/v2\/posts\/1900\/revisions\/1903"}],"wp:featuredmedia":[{"embeddable":true,"href":"https:\/\/veritasinfo.org\/index.php?rest_route=\/wp\/v2\/media\/1901"}],"wp:attachment":[{"href":"https:\/\/veritasinfo.org\/index.php?rest_route=%2Fwp%2Fv2%2Fmedia&parent=1900"}],"wp:term":[{"taxonomy":"category","embeddable":true,"href":"https:\/\/veritasinfo.org\/index.php?rest_route=%2Fwp%2Fv2%2Fcategories&post=1900"},{"taxonomy":"post_tag","embeddable":true,"href":"https:\/\/veritasinfo.org\/index.php?rest_route=%2Fwp%2Fv2%2Ftags&post=1900"}],"curies":[{"name":"wp","href":"https:\/\/api.w.org\/{rel}","templated":true}]}}