{"id":18996,"date":"2025-11-04T18:31:14","date_gmt":"2025-11-04T17:31:14","guid":{"rendered":"https:\/\/veritasinfo.org\/?p=18996"},"modified":"2025-11-04T18:31:14","modified_gmt":"2025-11-04T17:31:14","slug":"osmani-thote-se-sfidat-e-raportit-te-progresit-duhet-te-trajtohen-me-prioritet","status":"publish","type":"post","link":"https:\/\/veritasinfo.org\/?p=18996","title":{"rendered":"Osmani thot\u00eb se sfidat e Raportit t\u00eb Progresit duhet t\u00eb trajtohen me prioritet"},"content":{"rendered":"<p>Prishtin\u00eb, 4 n\u00ebntor 2025<\/p>\n<p>Presidentja e Kosov\u00ebs, Vjosa Osmani ka pritur n\u00eb takim ambasadorin e BE-s\u00eb n\u00eb Kosov\u00eb, Aivo Orav si dhe pranoi Raportin p\u00ebr Kosov\u00ebn 2025 t\u00eb Komisionit Evropian.<\/p>\n<p>Gjat\u00eb takimit, sipas njoftimit t\u00eb presidenc\u00ebs thuhet se u diskutua p\u00ebr gjetjet e raportit dhe ato q\u00eb mbesin si sfid\u00eb p\u00ebr t\u2019u adresuar, p\u00ebr t\u00eb cilat Osmani tha se duhet t\u00eb trajtohen me prioritet.<\/p>\n<p>\u201cGjat\u00eb takimit u diskutua mbi gjetjet e raportit, i cili vler\u00ebson pozitivisht progresin e Kosov\u00ebs n\u00eb disa fusha, por nj\u00ebkoh\u00ebsisht evidenton edhe sfidat q\u00eb mbeten p\u00ebr t\u2019u adresuar. Presidentja Osmani theksoi se k\u00ebto gjetje duhet t\u00eb trajtohen me prioritet, me q\u00ebllim q\u00eb Kosova t\u00eb vazhdoj\u00eb me hapa t\u00eb vendosur dhe n\u00eb ball\u00eb t\u00eb reformave drejt an\u00ebtar\u00ebsimit n\u00eb Bashkimin Evropian\u201d, thuhet n\u00eb njoftimin e presidenc\u00ebs.<\/p>\n<p>Tutje thuhet se ajo \u201ctheksoi q\u00eb ky proces kontribuon jo vet\u00ebm n\u00eb prosperitetin dhe zhvillimin e q\u00ebndruesh\u00ebm t\u00eb vendit, por edhe n\u00eb paqen dhe sigurin\u00eb afatgjat\u00eb n\u00eb rajon e m\u00eb gjer\u00eb\u201d.<\/p>\n<p><iframe style=\"border: none; overflow: hidden;\" data-src=\"https:\/\/www.facebook.com\/plugins\/post.php?href=https%3A%2F%2Fwww.facebook.com%2FPresidencaRKS%2Fposts%2Fpfbid0ZaffB26bMoo8PGNg3Syw72bv9M26Eupzvp5MDj4JhkLHjKyE846SDBMLqAn4hUcNl&amp;show_text=true&amp;width=500\" width=\"500\" height=\"571\" frameborder=\"0\" scrolling=\"no\" allowfullscreen=\"allowfullscreen\" src=\"data:image\/gif;base64,R0lGODlhAQABAAAAACH5BAEKAAEALAAAAAABAAEAAAICTAEAOw==\" class=\"lazyload\" data-load-mode=\"1\"><\/iframe><\/p>\n","protected":false},"excerpt":{"rendered":"<p>Prishtin\u00eb, 4 n\u00ebntor 2025 Presidentja e Kosov\u00ebs, Vjosa Osmani ka pritur n\u00eb takim ambasadorin e BE-s\u00eb n\u00eb Kosov\u00eb, Aivo Orav si dhe pranoi Raportin p\u00ebr<\/p>\n","protected":false},"author":7,"featured_media":18997,"comment_status":"open","ping_status":"open","sticky":false,"template":"","format":"standard","meta":{"footnotes":""},"categories":[58],"tags":[],"class_list":["post-18996","post","type-post","status-publish","format-standard","has-post-thumbnail","hentry","category-politike-sq"],"yoast_head":"<!-- This site is optimized with the Yoast SEO plugin v25.3.1 - https:\/\/yoast.com\/wordpress\/plugins\/seo\/ -->\n<title>Osmani thot\u00eb se sfidat e Raportit t\u00eb Progresit duhet t\u00eb trajtohen me prioritet -<\/title>\n<meta name=\"robots\" content=\"index, follow, max-snippet:-1, max-image-preview:large, max-video-preview:-1\" \/>\n<link rel=\"canonical\" href=\"https:\/\/veritasinfo.org\/?p=18996\" \/>\n<meta property=\"og:locale\" content=\"en_US\" \/>\n<meta property=\"og:type\" content=\"article\" \/>\n<meta property=\"og:title\" content=\"Osmani thot\u00eb se sfidat e Raportit t\u00eb Progresit duhet t\u00eb trajtohen me prioritet -\" \/>\n<meta property=\"og:description\" content=\"Prishtin\u00eb, 4 n\u00ebntor 2025 Presidentja e Kosov\u00ebs, Vjosa Osmani ka pritur n\u00eb takim ambasadorin e BE-s\u00eb n\u00eb Kosov\u00eb, Aivo Orav si dhe pranoi Raportin p\u00ebr\" \/>\n<meta property=\"og:url\" content=\"https:\/\/veritasinfo.org\/?p=18996\" \/>\n<meta property=\"article:published_time\" content=\"2025-11-04T17:31:14+00:00\" \/>\n<meta property=\"og:image\" content=\"https:\/\/veritasinfo.org\/wp-content\/uploads\/2025\/11\/576466897_869510499070940_856749307298571592_n.jpg\" \/>\n\t<meta property=\"og:image:width\" content=\"2048\" \/>\n\t<meta property=\"og:image:height\" content=\"1364\" \/>\n\t<meta property=\"og:image:type\" content=\"image\/jpeg\" \/>\n<meta name=\"author\" content=\"US6\" \/>\n<meta name=\"twitter:card\" content=\"summary_large_image\" \/>\n<meta name=\"twitter:label1\" content=\"Written by\" \/>\n\t<meta name=\"twitter:data1\" content=\"US6\" \/>\n\t<meta name=\"twitter:label2\" content=\"Est. reading time\" \/>\n\t<meta name=\"twitter:data2\" content=\"1 minute\" \/>\n<script type=\"application\/ld+json\" class=\"yoast-schema-graph\">{\"@context\":\"https:\/\/schema.org\",\"@graph\":[{\"@type\":\"WebPage\",\"@id\":\"https:\/\/veritasinfo.org\/?p=18996\",\"url\":\"https:\/\/veritasinfo.org\/?p=18996\",\"name\":\"Osmani thot\u00eb se sfidat e Raportit t\u00eb Progresit duhet t\u00eb trajtohen me prioritet -\",\"isPartOf\":{\"@id\":\"https:\/\/veritasinfo.org\/#website\"},\"primaryImageOfPage\":{\"@id\":\"https:\/\/veritasinfo.org\/?p=18996#primaryimage\"},\"image\":{\"@id\":\"https:\/\/veritasinfo.org\/?p=18996#primaryimage\"},\"thumbnailUrl\":\"https:\/\/veritasinfo.org\/wp-content\/uploads\/2025\/11\/576466897_869510499070940_856749307298571592_n.jpg\",\"datePublished\":\"2025-11-04T17:31:14+00:00\",\"author\":{\"@id\":\"https:\/\/veritasinfo.org\/#\/schema\/person\/fe199eede04c3937362892b7444747cc\"},\"breadcrumb\":{\"@id\":\"https:\/\/veritasinfo.org\/?p=18996#breadcrumb\"},\"inLanguage\":\"en-US\",\"potentialAction\":[{\"@type\":\"ReadAction\",\"target\":[\"https:\/\/veritasinfo.org\/?p=18996\"]}]},{\"@type\":\"ImageObject\",\"inLanguage\":\"en-US\",\"@id\":\"https:\/\/veritasinfo.org\/?p=18996#primaryimage\",\"url\":\"https:\/\/veritasinfo.org\/wp-content\/uploads\/2025\/11\/576466897_869510499070940_856749307298571592_n.jpg\",\"contentUrl\":\"https:\/\/veritasinfo.org\/wp-content\/uploads\/2025\/11\/576466897_869510499070940_856749307298571592_n.jpg\",\"width\":2048,\"height\":1364},{\"@type\":\"BreadcrumbList\",\"@id\":\"https:\/\/veritasinfo.org\/?p=18996#breadcrumb\",\"itemListElement\":[{\"@type\":\"ListItem\",\"position\":1,\"name\":\"Home\",\"item\":\"https:\/\/veritasinfo.org\/\"},{\"@type\":\"ListItem\",\"position\":2,\"name\":\"Osmani thot\u00eb se sfidat e Raportit t\u00eb Progresit duhet t\u00eb trajtohen me prioritet\"}]},{\"@type\":\"WebSite\",\"@id\":\"https:\/\/veritasinfo.org\/#website\",\"url\":\"https:\/\/veritasinfo.org\/\",\"name\":\"\",\"description\":\"\",\"potentialAction\":[{\"@type\":\"SearchAction\",\"target\":{\"@type\":\"EntryPoint\",\"urlTemplate\":\"https:\/\/veritasinfo.org\/?s={search_term_string}\"},\"query-input\":{\"@type\":\"PropertyValueSpecification\",\"valueRequired\":true,\"valueName\":\"search_term_string\"}}],\"inLanguage\":\"en-US\"},{\"@type\":\"Person\",\"@id\":\"https:\/\/veritasinfo.org\/#\/schema\/person\/fe199eede04c3937362892b7444747cc\",\"name\":\"US6\",\"image\":{\"@type\":\"ImageObject\",\"inLanguage\":\"en-US\",\"@id\":\"https:\/\/veritasinfo.org\/#\/schema\/person\/image\/\",\"url\":\"https:\/\/secure.gravatar.com\/avatar\/cb16c3c31c9d23b9b8c705964598220b3014e42ff51eb540ff23cefa3ae8c15f?s=96&d=mm&r=g\",\"contentUrl\":\"https:\/\/secure.gravatar.com\/avatar\/cb16c3c31c9d23b9b8c705964598220b3014e42ff51eb540ff23cefa3ae8c15f?s=96&d=mm&r=g\",\"caption\":\"US6\"},\"url\":\"https:\/\/veritasinfo.org\/?author=7\"}]}<\/script>\n<!-- \/ Yoast SEO plugin. -->","yoast_head_json":{"title":"Osmani thot\u00eb se sfidat e Raportit t\u00eb Progresit duhet t\u00eb trajtohen me prioritet -","robots":{"index":"index","follow":"follow","max-snippet":"max-snippet:-1","max-image-preview":"max-image-preview:large","max-video-preview":"max-video-preview:-1"},"canonical":"https:\/\/veritasinfo.org\/?p=18996","og_locale":"en_US","og_type":"article","og_title":"Osmani thot\u00eb se sfidat e Raportit t\u00eb Progresit duhet t\u00eb trajtohen me prioritet -","og_description":"Prishtin\u00eb, 4 n\u00ebntor 2025 Presidentja e Kosov\u00ebs, Vjosa Osmani ka pritur n\u00eb takim ambasadorin e BE-s\u00eb n\u00eb Kosov\u00eb, Aivo Orav si dhe pranoi Raportin p\u00ebr","og_url":"https:\/\/veritasinfo.org\/?p=18996","article_published_time":"2025-11-04T17:31:14+00:00","og_image":[{"width":2048,"height":1364,"url":"https:\/\/veritasinfo.org\/wp-content\/uploads\/2025\/11\/576466897_869510499070940_856749307298571592_n.jpg","type":"image\/jpeg"}],"author":"US6","twitter_card":"summary_large_image","twitter_misc":{"Written by":"US6","Est. reading time":"1 minute"},"schema":{"@context":"https:\/\/schema.org","@graph":[{"@type":"WebPage","@id":"https:\/\/veritasinfo.org\/?p=18996","url":"https:\/\/veritasinfo.org\/?p=18996","name":"Osmani thot\u00eb se sfidat e Raportit t\u00eb Progresit duhet t\u00eb trajtohen me prioritet -","isPartOf":{"@id":"https:\/\/veritasinfo.org\/#website"},"primaryImageOfPage":{"@id":"https:\/\/veritasinfo.org\/?p=18996#primaryimage"},"image":{"@id":"https:\/\/veritasinfo.org\/?p=18996#primaryimage"},"thumbnailUrl":"https:\/\/veritasinfo.org\/wp-content\/uploads\/2025\/11\/576466897_869510499070940_856749307298571592_n.jpg","datePublished":"2025-11-04T17:31:14+00:00","author":{"@id":"https:\/\/veritasinfo.org\/#\/schema\/person\/fe199eede04c3937362892b7444747cc"},"breadcrumb":{"@id":"https:\/\/veritasinfo.org\/?p=18996#breadcrumb"},"inLanguage":"en-US","potentialAction":[{"@type":"ReadAction","target":["https:\/\/veritasinfo.org\/?p=18996"]}]},{"@type":"ImageObject","inLanguage":"en-US","@id":"https:\/\/veritasinfo.org\/?p=18996#primaryimage","url":"https:\/\/veritasinfo.org\/wp-content\/uploads\/2025\/11\/576466897_869510499070940_856749307298571592_n.jpg","contentUrl":"https:\/\/veritasinfo.org\/wp-content\/uploads\/2025\/11\/576466897_869510499070940_856749307298571592_n.jpg","width":2048,"height":1364},{"@type":"BreadcrumbList","@id":"https:\/\/veritasinfo.org\/?p=18996#breadcrumb","itemListElement":[{"@type":"ListItem","position":1,"name":"Home","item":"https:\/\/veritasinfo.org\/"},{"@type":"ListItem","position":2,"name":"Osmani thot\u00eb se sfidat e Raportit t\u00eb Progresit duhet t\u00eb trajtohen me prioritet"}]},{"@type":"WebSite","@id":"https:\/\/veritasinfo.org\/#website","url":"https:\/\/veritasinfo.org\/","name":"","description":"","potentialAction":[{"@type":"SearchAction","target":{"@type":"EntryPoint","urlTemplate":"https:\/\/veritasinfo.org\/?s={search_term_string}"},"query-input":{"@type":"PropertyValueSpecification","valueRequired":true,"valueName":"search_term_string"}}],"inLanguage":"en-US"},{"@type":"Person","@id":"https:\/\/veritasinfo.org\/#\/schema\/person\/fe199eede04c3937362892b7444747cc","name":"US6","image":{"@type":"ImageObject","inLanguage":"en-US","@id":"https:\/\/veritasinfo.org\/#\/schema\/person\/image\/","url":"https:\/\/secure.gravatar.com\/avatar\/cb16c3c31c9d23b9b8c705964598220b3014e42ff51eb540ff23cefa3ae8c15f?s=96&d=mm&r=g","contentUrl":"https:\/\/secure.gravatar.com\/avatar\/cb16c3c31c9d23b9b8c705964598220b3014e42ff51eb540ff23cefa3ae8c15f?s=96&d=mm&r=g","caption":"US6"},"url":"https:\/\/veritasinfo.org\/?author=7"}]}},"featured_image_urls":{"full":["https:\/\/veritasinfo.org\/wp-content\/uploads\/2025\/11\/576466897_869510499070940_856749307298571592_n.jpg",2048,1364,false],"thumbnail":["https:\/\/veritasinfo.org\/wp-content\/uploads\/2025\/11\/576466897_869510499070940_856749307298571592_n-150x150.jpg",150,150,true],"medium":["https:\/\/veritasinfo.org\/wp-content\/uploads\/2025\/11\/576466897_869510499070940_856749307298571592_n-300x200.jpg",300,200,true],"medium_large":["https:\/\/veritasinfo.org\/wp-content\/uploads\/2025\/11\/576466897_869510499070940_856749307298571592_n-768x512.jpg",640,427,true],"large":["https:\/\/veritasinfo.org\/wp-content\/uploads\/2025\/11\/576466897_869510499070940_856749307298571592_n-1024x682.jpg",640,426,true],"1536x1536":["https:\/\/veritasinfo.org\/wp-content\/uploads\/2025\/11\/576466897_869510499070940_856749307298571592_n-1536x1023.jpg",1536,1023,true],"2048x2048":["https:\/\/veritasinfo.org\/wp-content\/uploads\/2025\/11\/576466897_869510499070940_856749307298571592_n.jpg",2048,1364,false],"kreeti-slider-full":["https:\/\/veritasinfo.org\/wp-content\/uploads\/2025\/11\/576466897_869510499070940_856749307298571592_n.jpg",1081,720,false],"kreeti-featured":["https:\/\/veritasinfo.org\/wp-content\/uploads\/2025\/11\/576466897_869510499070940_856749307298571592_n.jpg",1024,682,false],"kreeti-medium":["https:\/\/veritasinfo.org\/wp-content\/uploads\/2025\/11\/576466897_869510499070940_856749307298571592_n.jpg",720,480,false],"kreeti-medium-square":["https:\/\/veritasinfo.org\/wp-content\/uploads\/2025\/11\/576466897_869510499070940_856749307298571592_n.jpg",350,233,false]},"author_info":{"info":["US6"]},"category_info":"<a href=\"https:\/\/veritasinfo.org\/?cat=58\" rel=\"category\">Politik\u00eb<\/a>","tag_info":"Politik\u00eb","comment_count":"0","_links":{"self":[{"href":"https:\/\/veritasinfo.org\/index.php?rest_route=\/wp\/v2\/posts\/18996","targetHints":{"allow":["GET"]}}],"collection":[{"href":"https:\/\/veritasinfo.org\/index.php?rest_route=\/wp\/v2\/posts"}],"about":[{"href":"https:\/\/veritasinfo.org\/index.php?rest_route=\/wp\/v2\/types\/post"}],"author":[{"embeddable":true,"href":"https:\/\/veritasinfo.org\/index.php?rest_route=\/wp\/v2\/users\/7"}],"replies":[{"embeddable":true,"href":"https:\/\/veritasinfo.org\/index.php?rest_route=%2Fwp%2Fv2%2Fcomments&post=18996"}],"version-history":[{"count":1,"href":"https:\/\/veritasinfo.org\/index.php?rest_route=\/wp\/v2\/posts\/18996\/revisions"}],"predecessor-version":[{"id":18998,"href":"https:\/\/veritasinfo.org\/index.php?rest_route=\/wp\/v2\/posts\/18996\/revisions\/18998"}],"wp:featuredmedia":[{"embeddable":true,"href":"https:\/\/veritasinfo.org\/index.php?rest_route=\/wp\/v2\/media\/18997"}],"wp:attachment":[{"href":"https:\/\/veritasinfo.org\/index.php?rest_route=%2Fwp%2Fv2%2Fmedia&parent=18996"}],"wp:term":[{"taxonomy":"category","embeddable":true,"href":"https:\/\/veritasinfo.org\/index.php?rest_route=%2Fwp%2Fv2%2Fcategories&post=18996"},{"taxonomy":"post_tag","embeddable":true,"href":"https:\/\/veritasinfo.org\/index.php?rest_route=%2Fwp%2Fv2%2Ftags&post=18996"}],"curies":[{"name":"wp","href":"https:\/\/api.w.org\/{rel}","templated":true}]}}