{"id":18979,"date":"2025-11-04T16:58:35","date_gmt":"2025-11-04T15:58:35","guid":{"rendered":"https:\/\/veritasinfo.org\/?p=18979"},"modified":"2025-11-04T17:03:31","modified_gmt":"2025-11-04T16:03:31","slug":"konsultimet-ne-presidence-osmani-pas-kurtit-takon-edhe-krasniqin-e-abdixhikun","status":"publish","type":"post","link":"https:\/\/veritasinfo.org\/?p=18979","title":{"rendered":"Konsultimet n\u00eb Presidenc\u00eb, Osmani pas Kurtit takon edhe Krasniqin e Abdixhikun"},"content":{"rendered":"<p>Prishtin\u00eb 04 N\u00ebntor 2025<\/p>\n<p>Presidentja e Kosov\u00ebs, Vjosa Osmani gjat\u00eb dit\u00ebs s\u00eb mart\u00eb ka zhvilluar nj\u00eb s\u00ebr\u00eb takimesh me lider\u00ebt politik\u00eb t\u00eb vendit.<\/p>\n<p>Pas takimit q\u00eb kishte n\u00eb m\u00ebngjes me kryetarin e LVV-s\u00eb, Albin Kurti, ajo pasdite ka zhvilluar takim me lider\u00ebt e partive opozitare.<\/p>\n<p>Si\u00e7 m\u00ebson Telegrafi, Osmani pak or\u00eb m\u00eb par\u00eb \u00ebsht\u00eb takuar me kreun e PDK-s\u00eb, Memli Krasniqi, nd\u00ebrsa aktualisht po zhvillon takim me kryetarin e LDK-s\u00eb, Lumir Abdixhikun.<\/p>\n","protected":false},"excerpt":{"rendered":"<p>Prishtin\u00eb 04 N\u00ebntor 2025 Presidentja e Kosov\u00ebs, Vjosa Osmani gjat\u00eb dit\u00ebs s\u00eb mart\u00eb ka zhvilluar nj\u00eb s\u00ebr\u00eb takimesh me lider\u00ebt politik\u00eb t\u00eb vendit. Pas takimit<\/p>\n","protected":false},"author":6,"featured_media":18985,"comment_status":"open","ping_status":"open","sticky":false,"template":"","format":"standard","meta":{"footnotes":""},"categories":[58],"tags":[],"class_list":["post-18979","post","type-post","status-publish","format-standard","has-post-thumbnail","hentry","category-politike-sq"],"yoast_head":"<!-- This site is optimized with the Yoast SEO plugin v25.3.1 - https:\/\/yoast.com\/wordpress\/plugins\/seo\/ -->\n<title>Konsultimet n\u00eb Presidenc\u00eb, Osmani pas Kurtit takon edhe Krasniqin e Abdixhikun -<\/title>\n<meta name=\"robots\" content=\"index, follow, max-snippet:-1, max-image-preview:large, max-video-preview:-1\" \/>\n<link rel=\"canonical\" href=\"https:\/\/veritasinfo.org\/?p=18979\" \/>\n<meta property=\"og:locale\" content=\"en_US\" \/>\n<meta property=\"og:type\" content=\"article\" \/>\n<meta property=\"og:title\" content=\"Konsultimet n\u00eb Presidenc\u00eb, Osmani pas Kurtit takon edhe Krasniqin e Abdixhikun -\" \/>\n<meta property=\"og:description\" content=\"Prishtin\u00eb 04 N\u00ebntor 2025 Presidentja e Kosov\u00ebs, Vjosa Osmani gjat\u00eb dit\u00ebs s\u00eb mart\u00eb ka zhvilluar nj\u00eb s\u00ebr\u00eb takimesh me lider\u00ebt politik\u00eb t\u00eb vendit. Pas takimit\" \/>\n<meta property=\"og:url\" content=\"https:\/\/veritasinfo.org\/?p=18979\" \/>\n<meta property=\"article:published_time\" content=\"2025-11-04T15:58:35+00:00\" \/>\n<meta property=\"article:modified_time\" content=\"2025-11-04T16:03:31+00:00\" \/>\n<meta property=\"og:image\" content=\"https:\/\/veritasinfo.org\/wp-content\/uploads\/2025\/11\/auto_image1762270862.webp\" \/>\n\t<meta property=\"og:image:width\" content=\"1245\" \/>\n\t<meta property=\"og:image:height\" content=\"700\" \/>\n\t<meta property=\"og:image:type\" content=\"image\/webp\" \/>\n<meta name=\"author\" content=\"US5\" \/>\n<meta name=\"twitter:card\" content=\"summary_large_image\" \/>\n<meta name=\"twitter:label1\" content=\"Written by\" \/>\n\t<meta name=\"twitter:data1\" content=\"US5\" \/>\n\t<meta name=\"twitter:label2\" content=\"Est. reading time\" \/>\n\t<meta name=\"twitter:data2\" content=\"1 minute\" \/>\n<script type=\"application\/ld+json\" class=\"yoast-schema-graph\">{\"@context\":\"https:\/\/schema.org\",\"@graph\":[{\"@type\":\"WebPage\",\"@id\":\"https:\/\/veritasinfo.org\/?p=18979\",\"url\":\"https:\/\/veritasinfo.org\/?p=18979\",\"name\":\"Konsultimet n\u00eb Presidenc\u00eb, Osmani pas Kurtit takon edhe Krasniqin e Abdixhikun -\",\"isPartOf\":{\"@id\":\"https:\/\/veritasinfo.org\/#website\"},\"primaryImageOfPage\":{\"@id\":\"https:\/\/veritasinfo.org\/?p=18979#primaryimage\"},\"image\":{\"@id\":\"https:\/\/veritasinfo.org\/?p=18979#primaryimage\"},\"thumbnailUrl\":\"https:\/\/veritasinfo.org\/wp-content\/uploads\/2025\/11\/auto_image1762270862.webp\",\"datePublished\":\"2025-11-04T15:58:35+00:00\",\"dateModified\":\"2025-11-04T16:03:31+00:00\",\"author\":{\"@id\":\"https:\/\/veritasinfo.org\/#\/schema\/person\/bc442336e35414d04494ab8fb45db4c6\"},\"breadcrumb\":{\"@id\":\"https:\/\/veritasinfo.org\/?p=18979#breadcrumb\"},\"inLanguage\":\"en-US\",\"potentialAction\":[{\"@type\":\"ReadAction\",\"target\":[\"https:\/\/veritasinfo.org\/?p=18979\"]}]},{\"@type\":\"ImageObject\",\"inLanguage\":\"en-US\",\"@id\":\"https:\/\/veritasinfo.org\/?p=18979#primaryimage\",\"url\":\"https:\/\/veritasinfo.org\/wp-content\/uploads\/2025\/11\/auto_image1762270862.webp\",\"contentUrl\":\"https:\/\/veritasinfo.org\/wp-content\/uploads\/2025\/11\/auto_image1762270862.webp\",\"width\":1245,\"height\":700},{\"@type\":\"BreadcrumbList\",\"@id\":\"https:\/\/veritasinfo.org\/?p=18979#breadcrumb\",\"itemListElement\":[{\"@type\":\"ListItem\",\"position\":1,\"name\":\"Home\",\"item\":\"https:\/\/veritasinfo.org\/\"},{\"@type\":\"ListItem\",\"position\":2,\"name\":\"Konsultimet n\u00eb Presidenc\u00eb, Osmani pas Kurtit takon edhe Krasniqin e Abdixhikun\"}]},{\"@type\":\"WebSite\",\"@id\":\"https:\/\/veritasinfo.org\/#website\",\"url\":\"https:\/\/veritasinfo.org\/\",\"name\":\"\",\"description\":\"\",\"potentialAction\":[{\"@type\":\"SearchAction\",\"target\":{\"@type\":\"EntryPoint\",\"urlTemplate\":\"https:\/\/veritasinfo.org\/?s={search_term_string}\"},\"query-input\":{\"@type\":\"PropertyValueSpecification\",\"valueRequired\":true,\"valueName\":\"search_term_string\"}}],\"inLanguage\":\"en-US\"},{\"@type\":\"Person\",\"@id\":\"https:\/\/veritasinfo.org\/#\/schema\/person\/bc442336e35414d04494ab8fb45db4c6\",\"name\":\"US5\",\"image\":{\"@type\":\"ImageObject\",\"inLanguage\":\"en-US\",\"@id\":\"https:\/\/veritasinfo.org\/#\/schema\/person\/image\/\",\"url\":\"https:\/\/secure.gravatar.com\/avatar\/16a61e7272a0c5d001121ebb9e60e925d5816e4ac1e443ed3e640d9a6ae55d0c?s=96&d=mm&r=g\",\"contentUrl\":\"https:\/\/secure.gravatar.com\/avatar\/16a61e7272a0c5d001121ebb9e60e925d5816e4ac1e443ed3e640d9a6ae55d0c?s=96&d=mm&r=g\",\"caption\":\"US5\"},\"url\":\"https:\/\/veritasinfo.org\/?author=6\"}]}<\/script>\n<!-- \/ Yoast SEO plugin. -->","yoast_head_json":{"title":"Konsultimet n\u00eb Presidenc\u00eb, Osmani pas Kurtit takon edhe Krasniqin e Abdixhikun -","robots":{"index":"index","follow":"follow","max-snippet":"max-snippet:-1","max-image-preview":"max-image-preview:large","max-video-preview":"max-video-preview:-1"},"canonical":"https:\/\/veritasinfo.org\/?p=18979","og_locale":"en_US","og_type":"article","og_title":"Konsultimet n\u00eb Presidenc\u00eb, Osmani pas Kurtit takon edhe Krasniqin e Abdixhikun -","og_description":"Prishtin\u00eb 04 N\u00ebntor 2025 Presidentja e Kosov\u00ebs, Vjosa Osmani gjat\u00eb dit\u00ebs s\u00eb mart\u00eb ka zhvilluar nj\u00eb s\u00ebr\u00eb takimesh me lider\u00ebt politik\u00eb t\u00eb vendit. Pas takimit","og_url":"https:\/\/veritasinfo.org\/?p=18979","article_published_time":"2025-11-04T15:58:35+00:00","article_modified_time":"2025-11-04T16:03:31+00:00","og_image":[{"width":1245,"height":700,"url":"https:\/\/veritasinfo.org\/wp-content\/uploads\/2025\/11\/auto_image1762270862.webp","type":"image\/webp"}],"author":"US5","twitter_card":"summary_large_image","twitter_misc":{"Written by":"US5","Est. reading time":"1 minute"},"schema":{"@context":"https:\/\/schema.org","@graph":[{"@type":"WebPage","@id":"https:\/\/veritasinfo.org\/?p=18979","url":"https:\/\/veritasinfo.org\/?p=18979","name":"Konsultimet n\u00eb Presidenc\u00eb, Osmani pas Kurtit takon edhe Krasniqin e Abdixhikun -","isPartOf":{"@id":"https:\/\/veritasinfo.org\/#website"},"primaryImageOfPage":{"@id":"https:\/\/veritasinfo.org\/?p=18979#primaryimage"},"image":{"@id":"https:\/\/veritasinfo.org\/?p=18979#primaryimage"},"thumbnailUrl":"https:\/\/veritasinfo.org\/wp-content\/uploads\/2025\/11\/auto_image1762270862.webp","datePublished":"2025-11-04T15:58:35+00:00","dateModified":"2025-11-04T16:03:31+00:00","author":{"@id":"https:\/\/veritasinfo.org\/#\/schema\/person\/bc442336e35414d04494ab8fb45db4c6"},"breadcrumb":{"@id":"https:\/\/veritasinfo.org\/?p=18979#breadcrumb"},"inLanguage":"en-US","potentialAction":[{"@type":"ReadAction","target":["https:\/\/veritasinfo.org\/?p=18979"]}]},{"@type":"ImageObject","inLanguage":"en-US","@id":"https:\/\/veritasinfo.org\/?p=18979#primaryimage","url":"https:\/\/veritasinfo.org\/wp-content\/uploads\/2025\/11\/auto_image1762270862.webp","contentUrl":"https:\/\/veritasinfo.org\/wp-content\/uploads\/2025\/11\/auto_image1762270862.webp","width":1245,"height":700},{"@type":"BreadcrumbList","@id":"https:\/\/veritasinfo.org\/?p=18979#breadcrumb","itemListElement":[{"@type":"ListItem","position":1,"name":"Home","item":"https:\/\/veritasinfo.org\/"},{"@type":"ListItem","position":2,"name":"Konsultimet n\u00eb Presidenc\u00eb, Osmani pas Kurtit takon edhe Krasniqin e Abdixhikun"}]},{"@type":"WebSite","@id":"https:\/\/veritasinfo.org\/#website","url":"https:\/\/veritasinfo.org\/","name":"","description":"","potentialAction":[{"@type":"SearchAction","target":{"@type":"EntryPoint","urlTemplate":"https:\/\/veritasinfo.org\/?s={search_term_string}"},"query-input":{"@type":"PropertyValueSpecification","valueRequired":true,"valueName":"search_term_string"}}],"inLanguage":"en-US"},{"@type":"Person","@id":"https:\/\/veritasinfo.org\/#\/schema\/person\/bc442336e35414d04494ab8fb45db4c6","name":"US5","image":{"@type":"ImageObject","inLanguage":"en-US","@id":"https:\/\/veritasinfo.org\/#\/schema\/person\/image\/","url":"https:\/\/secure.gravatar.com\/avatar\/16a61e7272a0c5d001121ebb9e60e925d5816e4ac1e443ed3e640d9a6ae55d0c?s=96&d=mm&r=g","contentUrl":"https:\/\/secure.gravatar.com\/avatar\/16a61e7272a0c5d001121ebb9e60e925d5816e4ac1e443ed3e640d9a6ae55d0c?s=96&d=mm&r=g","caption":"US5"},"url":"https:\/\/veritasinfo.org\/?author=6"}]}},"featured_image_urls":{"full":["https:\/\/veritasinfo.org\/wp-content\/uploads\/2025\/11\/auto_image1762270862.webp",1245,700,false],"thumbnail":["https:\/\/veritasinfo.org\/wp-content\/uploads\/2025\/11\/auto_image1762270862-150x150.webp",150,150,true],"medium":["https:\/\/veritasinfo.org\/wp-content\/uploads\/2025\/11\/auto_image1762270862-300x169.webp",300,169,true],"medium_large":["https:\/\/veritasinfo.org\/wp-content\/uploads\/2025\/11\/auto_image1762270862-768x432.webp",640,360,true],"large":["https:\/\/veritasinfo.org\/wp-content\/uploads\/2025\/11\/auto_image1762270862-1024x576.webp",640,360,true],"1536x1536":["https:\/\/veritasinfo.org\/wp-content\/uploads\/2025\/11\/auto_image1762270862.webp",1245,700,false],"2048x2048":["https:\/\/veritasinfo.org\/wp-content\/uploads\/2025\/11\/auto_image1762270862.webp",1245,700,false],"kreeti-slider-full":["https:\/\/veritasinfo.org\/wp-content\/uploads\/2025\/11\/auto_image1762270862.webp",1245,700,false],"kreeti-featured":["https:\/\/veritasinfo.org\/wp-content\/uploads\/2025\/11\/auto_image1762270862.webp",1024,576,false],"kreeti-medium":["https:\/\/veritasinfo.org\/wp-content\/uploads\/2025\/11\/auto_image1762270862.webp",720,405,false],"kreeti-medium-square":["https:\/\/veritasinfo.org\/wp-content\/uploads\/2025\/11\/auto_image1762270862.webp",350,197,false]},"author_info":{"info":["US5"]},"category_info":"<a href=\"https:\/\/veritasinfo.org\/?cat=58\" rel=\"category\">Politik\u00eb<\/a>","tag_info":"Politik\u00eb","comment_count":"0","_links":{"self":[{"href":"https:\/\/veritasinfo.org\/index.php?rest_route=\/wp\/v2\/posts\/18979","targetHints":{"allow":["GET"]}}],"collection":[{"href":"https:\/\/veritasinfo.org\/index.php?rest_route=\/wp\/v2\/posts"}],"about":[{"href":"https:\/\/veritasinfo.org\/index.php?rest_route=\/wp\/v2\/types\/post"}],"author":[{"embeddable":true,"href":"https:\/\/veritasinfo.org\/index.php?rest_route=\/wp\/v2\/users\/6"}],"replies":[{"embeddable":true,"href":"https:\/\/veritasinfo.org\/index.php?rest_route=%2Fwp%2Fv2%2Fcomments&post=18979"}],"version-history":[{"count":1,"href":"https:\/\/veritasinfo.org\/index.php?rest_route=\/wp\/v2\/posts\/18979\/revisions"}],"predecessor-version":[{"id":18980,"href":"https:\/\/veritasinfo.org\/index.php?rest_route=\/wp\/v2\/posts\/18979\/revisions\/18980"}],"wp:featuredmedia":[{"embeddable":true,"href":"https:\/\/veritasinfo.org\/index.php?rest_route=\/wp\/v2\/media\/18985"}],"wp:attachment":[{"href":"https:\/\/veritasinfo.org\/index.php?rest_route=%2Fwp%2Fv2%2Fmedia&parent=18979"}],"wp:term":[{"taxonomy":"category","embeddable":true,"href":"https:\/\/veritasinfo.org\/index.php?rest_route=%2Fwp%2Fv2%2Fcategories&post=18979"},{"taxonomy":"post_tag","embeddable":true,"href":"https:\/\/veritasinfo.org\/index.php?rest_route=%2Fwp%2Fv2%2Ftags&post=18979"}],"curies":[{"name":"wp","href":"https:\/\/api.w.org\/{rel}","templated":true}]}}