{"id":1896,"date":"2025-06-28T23:44:20","date_gmt":"2025-06-28T21:44:20","guid":{"rendered":"https:\/\/veritasinfo.org\/?p=1896"},"modified":"2025-06-28T23:51:49","modified_gmt":"2025-06-28T21:51:49","slug":"trazira-dhe-tensione-politike-ne-beograd-protesta-ne-vidovdan-pershkallezon-ne-perplasje","status":"publish","type":"post","link":"https:\/\/veritasinfo.org\/?p=1896","title":{"rendered":"Trazira dhe tensione politike n\u00eb Beograd: Protesta n\u00eb Vidovdan p\u00ebrshkall\u00ebzon n\u00eb p\u00ebrplasje"},"content":{"rendered":"<p>Beograd, 28 Qershor 2025<\/p>\n<p>&nbsp;<\/p>\n<p><img fetchpriority=\"high\" decoding=\"async\" class=\"alignnone size-medium wp-image-1894\" src=\"https:\/\/veritasinfo.org\/wp-content\/uploads\/2025\/06\/Screenshot_20250628_233337_Facebook-300x201.jpg\" alt=\"\" width=\"300\" height=\"201\" srcset=\"https:\/\/veritasinfo.org\/wp-content\/uploads\/2025\/06\/Screenshot_20250628_233337_Facebook-300x201.jpg 300w, https:\/\/veritasinfo.org\/wp-content\/uploads\/2025\/06\/Screenshot_20250628_233337_Facebook-1024x686.jpg 1024w, https:\/\/veritasinfo.org\/wp-content\/uploads\/2025\/06\/Screenshot_20250628_233337_Facebook-768x515.jpg 768w, https:\/\/veritasinfo.org\/wp-content\/uploads\/2025\/06\/Screenshot_20250628_233337_Facebook.jpg 1080w\" sizes=\"(max-width: 300px) 100vw, 300px\" \/><\/p>\n<p>Vidovdani, nj\u00eb dit\u00eb me r\u00ebnd\u00ebsi t\u00eb ve\u00e7ant\u00eb historike n\u00eb tradit\u00ebn serbe, k\u00ebt\u00eb vit u sh\u00ebnua n\u00eb kryeqytet me tensione, p\u00ebr\u00e7arje dhe dhun\u00eb. Pas nj\u00eb proteste paq\u00ebsore t\u00eb student\u00ebve n\u00eb Sheshin Slavija, situata u p\u00ebrshkall\u00ebzua n\u00eb or\u00ebt e mbr\u00ebmjes, kur protestuesit tentuan t\u00eb \u00e7ajn\u00eb kordon\u00ebt policor\u00eb n\u00eb disa pjes\u00eb t\u00eb qytetit.<\/p>\n<p>Incidentet kryesore u regjistruan n\u00eb Rrug\u00ebn e Knez Milloshit, Bulevardin e Mbretit Aleksand\u00ebr dhe p\u00ebrreth Parkut t\u00eb Pionir\u00ebve. Policia p\u00ebrdori gaz lotsjell\u00ebs, shtyu protestuesit dhe s\u00eb paku tre pjes\u00ebmarr\u00ebs u arrestuan. Nd\u00ebr protestuesit ishin kryesisht t\u00eb rinj, disa prej tyre gjysm\u00eb t\u00eb zhveshur, t\u00eb cil\u00ebt hodh\u00ebn sende t\u00eb ndryshme dhe mjete piroteknike ndaj policis\u00eb.<\/p>\n<p>N\u00eb t\u00eb nj\u00ebjt\u00ebn koh\u00eb, n\u00eb Parkun e Pionir\u00ebve u mblodh\u00ebn p\u00ebrkrah\u00ebsit e Partis\u00eb Progresive Serbe, s\u00eb bashku me zyrtar\u00eb t\u00eb lart\u00eb shtet\u00ebror\u00eb, p\u00ebrfshir\u00eb presidentin e Serbis\u00eb, Aleksandar Vu\u00e7iq, ministrin e sh\u00ebndet\u00ebsis\u00eb Zlatibor Lon\u00e7ar, si dhe ministrat Ga\u0161i\u0107 dhe Vulin. Vu\u00e7iq iu drejtua t\u00eb pranishm\u00ebve, duke b\u00ebr\u00eb thirrje p\u00ebr qet\u00ebsi dhe duke theksuar se \u201cshteti \u00ebsht\u00eb i fuqish\u00ebm dhe do ta kryej\u00eb detyr\u00ebn e vet\u201d.<\/p>\n<p>Grupet studentore q\u00eb prej muajsh jan\u00eb t\u00eb vendosur n\u00eb kamp n\u00eb Parkun e Pionir\u00ebve organizuan nj\u00eb mbr\u00ebmje letrare dhe shfaqje filmi, nd\u00ebrsa student\u00ebt nga l\u00ebvizja &#8220;bllokadat&#8221; m\u00eb her\u00ebt gjat\u00eb dit\u00ebs mbajt\u00ebn nj\u00eb marsh protestues me k\u00ebrkes\u00eb p\u00ebr zgjedhje t\u00eb jasht\u00ebzakonshme dhe largimin e \u00e7adrave nga parku. Ultimatumi i tyre drejtuar Qeveris\u00eb skadoi n\u00eb or\u00ebn 21:00, pa asnj\u00eb p\u00ebrgjigje.<\/p>\n<p>Krer\u00ebt politik\u00eb t\u00eb Serbis\u00eb reaguan ashp\u00ebr. Kryetarja e Kuvendit, Ana B\u00ebrnabiq, deklaroi se \u201cSerbia i dha fund terrorit\u201d dhe se \u201cbllokuesit nuk kan\u00eb m\u00eb asgj\u00eb me t\u00eb cil\u00ebn mund ta k\u00ebrc\u00ebnojn\u00eb shtetin\u201d, nd\u00ebrsa ministri i Pun\u00ebve t\u00eb Brendshme, Ivica Da\u00e7i\u00e7, paralajm\u00ebroi se \u201ct\u00eb gjith\u00eb ata q\u00eb sulmojn\u00eb policin\u00eb do t\u00eb arrestohen\u201d.<\/p>\n<p>Incidentet dhe nd\u00ebrhyrja e policis\u00eb ngrit\u00ebn tensionet n\u00eb qend\u00ebr t\u00eb Beogradit, nd\u00ebrkoh\u00eb q\u00eb v\u00ebzhgues nd\u00ebrkomb\u00ebtar\u00eb, p\u00ebrfshir\u00eb ambasad\u00ebn e SHBA-s\u00eb, b\u00ebn\u00eb thirrje p\u00ebr p\u00ebrmbajtje. Mbetet e paqart\u00eb n\u00ebse dit\u00ebt n\u00eb vijim do t\u00eb sjellin qet\u00ebsim t\u00eb situat\u00ebs apo nj\u00eb p\u00ebrshkall\u00ebzim t\u00eb m\u00ebtejsh\u00ebm t\u00eb konflikteve politike dhe shoq\u00ebrore.<\/p>\n","protected":false},"excerpt":{"rendered":"<p>Beograd, 28 Qershor 2025 &nbsp; Vidovdani, nj\u00eb dit\u00eb me r\u00ebnd\u00ebsi t\u00eb ve\u00e7ant\u00eb historike n\u00eb tradit\u00ebn serbe, k\u00ebt\u00eb vit u sh\u00ebnua n\u00eb kryeqytet me tensione, p\u00ebr\u00e7arje<\/p>\n","protected":false},"author":1,"featured_media":1893,"comment_status":"open","ping_status":"open","sticky":false,"template":"","format":"standard","meta":{"footnotes":""},"categories":[58],"tags":[],"class_list":["post-1896","post","type-post","status-publish","format-standard","has-post-thumbnail","hentry","category-politike-sq"],"yoast_head":"<!-- This site is optimized with the Yoast SEO plugin v25.3.1 - https:\/\/yoast.com\/wordpress\/plugins\/seo\/ -->\n<title>Trazira dhe tensione politike n\u00eb Beograd: Protesta n\u00eb Vidovdan p\u00ebrshkall\u00ebzon n\u00eb p\u00ebrplasje -<\/title>\n<meta name=\"robots\" content=\"index, follow, max-snippet:-1, max-image-preview:large, max-video-preview:-1\" \/>\n<link rel=\"canonical\" href=\"https:\/\/veritasinfo.org\/?p=1896\" \/>\n<meta property=\"og:locale\" content=\"en_US\" \/>\n<meta property=\"og:type\" content=\"article\" \/>\n<meta property=\"og:title\" content=\"Trazira dhe tensione politike n\u00eb Beograd: Protesta n\u00eb Vidovdan p\u00ebrshkall\u00ebzon n\u00eb p\u00ebrplasje -\" \/>\n<meta property=\"og:description\" content=\"Beograd, 28 Qershor 2025 &nbsp; Vidovdani, nj\u00eb dit\u00eb me r\u00ebnd\u00ebsi t\u00eb ve\u00e7ant\u00eb historike n\u00eb tradit\u00ebn serbe, k\u00ebt\u00eb vit u sh\u00ebnua n\u00eb kryeqytet me tensione, p\u00ebr\u00e7arje\" \/>\n<meta property=\"og:url\" content=\"https:\/\/veritasinfo.org\/?p=1896\" \/>\n<meta property=\"article:published_time\" content=\"2025-06-28T21:44:20+00:00\" \/>\n<meta property=\"article:modified_time\" content=\"2025-06-28T21:51:49+00:00\" \/>\n<meta property=\"og:image\" content=\"https:\/\/veritasinfo.org\/wp-content\/uploads\/2025\/06\/Screenshot_20250628_233426_Facebook.jpg\" \/>\n\t<meta property=\"og:image:width\" content=\"1073\" \/>\n\t<meta property=\"og:image:height\" content=\"729\" \/>\n\t<meta property=\"og:image:type\" content=\"image\/jpeg\" \/>\n<meta name=\"author\" content=\"admin\" \/>\n<meta name=\"twitter:card\" content=\"summary_large_image\" \/>\n<meta name=\"twitter:label1\" content=\"Written by\" \/>\n\t<meta name=\"twitter:data1\" content=\"admin\" \/>\n\t<meta name=\"twitter:label2\" content=\"Est. reading time\" \/>\n\t<meta name=\"twitter:data2\" content=\"2 minutes\" \/>\n<script type=\"application\/ld+json\" class=\"yoast-schema-graph\">{\"@context\":\"https:\/\/schema.org\",\"@graph\":[{\"@type\":\"WebPage\",\"@id\":\"https:\/\/veritasinfo.org\/?p=1896\",\"url\":\"https:\/\/veritasinfo.org\/?p=1896\",\"name\":\"Trazira dhe tensione politike n\u00eb Beograd: Protesta n\u00eb Vidovdan p\u00ebrshkall\u00ebzon n\u00eb p\u00ebrplasje -\",\"isPartOf\":{\"@id\":\"https:\/\/veritasinfo.org\/#website\"},\"primaryImageOfPage\":{\"@id\":\"https:\/\/veritasinfo.org\/?p=1896#primaryimage\"},\"image\":{\"@id\":\"https:\/\/veritasinfo.org\/?p=1896#primaryimage\"},\"thumbnailUrl\":\"https:\/\/veritasinfo.org\/wp-content\/uploads\/2025\/06\/Screenshot_20250628_233426_Facebook.jpg\",\"datePublished\":\"2025-06-28T21:44:20+00:00\",\"dateModified\":\"2025-06-28T21:51:49+00:00\",\"author\":{\"@id\":\"https:\/\/veritasinfo.org\/#\/schema\/person\/7701f8c088bece422266b100a712374f\"},\"breadcrumb\":{\"@id\":\"https:\/\/veritasinfo.org\/?p=1896#breadcrumb\"},\"inLanguage\":\"en-US\",\"potentialAction\":[{\"@type\":\"ReadAction\",\"target\":[\"https:\/\/veritasinfo.org\/?p=1896\"]}]},{\"@type\":\"ImageObject\",\"inLanguage\":\"en-US\",\"@id\":\"https:\/\/veritasinfo.org\/?p=1896#primaryimage\",\"url\":\"https:\/\/veritasinfo.org\/wp-content\/uploads\/2025\/06\/Screenshot_20250628_233426_Facebook.jpg\",\"contentUrl\":\"https:\/\/veritasinfo.org\/wp-content\/uploads\/2025\/06\/Screenshot_20250628_233426_Facebook.jpg\",\"width\":1073,\"height\":729},{\"@type\":\"BreadcrumbList\",\"@id\":\"https:\/\/veritasinfo.org\/?p=1896#breadcrumb\",\"itemListElement\":[{\"@type\":\"ListItem\",\"position\":1,\"name\":\"Home\",\"item\":\"https:\/\/veritasinfo.org\/\"},{\"@type\":\"ListItem\",\"position\":2,\"name\":\"Trazira dhe tensione politike n\u00eb Beograd: Protesta n\u00eb Vidovdan p\u00ebrshkall\u00ebzon n\u00eb p\u00ebrplasje\"}]},{\"@type\":\"WebSite\",\"@id\":\"https:\/\/veritasinfo.org\/#website\",\"url\":\"https:\/\/veritasinfo.org\/\",\"name\":\"\",\"description\":\"\",\"potentialAction\":[{\"@type\":\"SearchAction\",\"target\":{\"@type\":\"EntryPoint\",\"urlTemplate\":\"https:\/\/veritasinfo.org\/?s={search_term_string}\"},\"query-input\":{\"@type\":\"PropertyValueSpecification\",\"valueRequired\":true,\"valueName\":\"search_term_string\"}}],\"inLanguage\":\"en-US\"},{\"@type\":\"Person\",\"@id\":\"https:\/\/veritasinfo.org\/#\/schema\/person\/7701f8c088bece422266b100a712374f\",\"name\":\"admin\",\"image\":{\"@type\":\"ImageObject\",\"inLanguage\":\"en-US\",\"@id\":\"https:\/\/veritasinfo.org\/#\/schema\/person\/image\/\",\"url\":\"https:\/\/secure.gravatar.com\/avatar\/ea53aa3bf6c9a12d5fde8ce4deff43fef3885ae33cf60184161a50d6987cfd2f?s=96&d=mm&r=g\",\"contentUrl\":\"https:\/\/secure.gravatar.com\/avatar\/ea53aa3bf6c9a12d5fde8ce4deff43fef3885ae33cf60184161a50d6987cfd2f?s=96&d=mm&r=g\",\"caption\":\"admin\"},\"sameAs\":[\"https:\/\/veritasinfo.org\"],\"url\":\"https:\/\/veritasinfo.org\/?author=1\"}]}<\/script>\n<!-- \/ Yoast SEO plugin. -->","yoast_head_json":{"title":"Trazira dhe tensione politike n\u00eb Beograd: Protesta n\u00eb Vidovdan p\u00ebrshkall\u00ebzon n\u00eb p\u00ebrplasje -","robots":{"index":"index","follow":"follow","max-snippet":"max-snippet:-1","max-image-preview":"max-image-preview:large","max-video-preview":"max-video-preview:-1"},"canonical":"https:\/\/veritasinfo.org\/?p=1896","og_locale":"en_US","og_type":"article","og_title":"Trazira dhe tensione politike n\u00eb Beograd: Protesta n\u00eb Vidovdan p\u00ebrshkall\u00ebzon n\u00eb p\u00ebrplasje -","og_description":"Beograd, 28 Qershor 2025 &nbsp; Vidovdani, nj\u00eb dit\u00eb me r\u00ebnd\u00ebsi t\u00eb ve\u00e7ant\u00eb historike n\u00eb tradit\u00ebn serbe, k\u00ebt\u00eb vit u sh\u00ebnua n\u00eb kryeqytet me tensione, p\u00ebr\u00e7arje","og_url":"https:\/\/veritasinfo.org\/?p=1896","article_published_time":"2025-06-28T21:44:20+00:00","article_modified_time":"2025-06-28T21:51:49+00:00","og_image":[{"width":1073,"height":729,"url":"https:\/\/veritasinfo.org\/wp-content\/uploads\/2025\/06\/Screenshot_20250628_233426_Facebook.jpg","type":"image\/jpeg"}],"author":"admin","twitter_card":"summary_large_image","twitter_misc":{"Written by":"admin","Est. reading time":"2 minutes"},"schema":{"@context":"https:\/\/schema.org","@graph":[{"@type":"WebPage","@id":"https:\/\/veritasinfo.org\/?p=1896","url":"https:\/\/veritasinfo.org\/?p=1896","name":"Trazira dhe tensione politike n\u00eb Beograd: Protesta n\u00eb Vidovdan p\u00ebrshkall\u00ebzon n\u00eb p\u00ebrplasje -","isPartOf":{"@id":"https:\/\/veritasinfo.org\/#website"},"primaryImageOfPage":{"@id":"https:\/\/veritasinfo.org\/?p=1896#primaryimage"},"image":{"@id":"https:\/\/veritasinfo.org\/?p=1896#primaryimage"},"thumbnailUrl":"https:\/\/veritasinfo.org\/wp-content\/uploads\/2025\/06\/Screenshot_20250628_233426_Facebook.jpg","datePublished":"2025-06-28T21:44:20+00:00","dateModified":"2025-06-28T21:51:49+00:00","author":{"@id":"https:\/\/veritasinfo.org\/#\/schema\/person\/7701f8c088bece422266b100a712374f"},"breadcrumb":{"@id":"https:\/\/veritasinfo.org\/?p=1896#breadcrumb"},"inLanguage":"en-US","potentialAction":[{"@type":"ReadAction","target":["https:\/\/veritasinfo.org\/?p=1896"]}]},{"@type":"ImageObject","inLanguage":"en-US","@id":"https:\/\/veritasinfo.org\/?p=1896#primaryimage","url":"https:\/\/veritasinfo.org\/wp-content\/uploads\/2025\/06\/Screenshot_20250628_233426_Facebook.jpg","contentUrl":"https:\/\/veritasinfo.org\/wp-content\/uploads\/2025\/06\/Screenshot_20250628_233426_Facebook.jpg","width":1073,"height":729},{"@type":"BreadcrumbList","@id":"https:\/\/veritasinfo.org\/?p=1896#breadcrumb","itemListElement":[{"@type":"ListItem","position":1,"name":"Home","item":"https:\/\/veritasinfo.org\/"},{"@type":"ListItem","position":2,"name":"Trazira dhe tensione politike n\u00eb Beograd: Protesta n\u00eb Vidovdan p\u00ebrshkall\u00ebzon n\u00eb p\u00ebrplasje"}]},{"@type":"WebSite","@id":"https:\/\/veritasinfo.org\/#website","url":"https:\/\/veritasinfo.org\/","name":"","description":"","potentialAction":[{"@type":"SearchAction","target":{"@type":"EntryPoint","urlTemplate":"https:\/\/veritasinfo.org\/?s={search_term_string}"},"query-input":{"@type":"PropertyValueSpecification","valueRequired":true,"valueName":"search_term_string"}}],"inLanguage":"en-US"},{"@type":"Person","@id":"https:\/\/veritasinfo.org\/#\/schema\/person\/7701f8c088bece422266b100a712374f","name":"admin","image":{"@type":"ImageObject","inLanguage":"en-US","@id":"https:\/\/veritasinfo.org\/#\/schema\/person\/image\/","url":"https:\/\/secure.gravatar.com\/avatar\/ea53aa3bf6c9a12d5fde8ce4deff43fef3885ae33cf60184161a50d6987cfd2f?s=96&d=mm&r=g","contentUrl":"https:\/\/secure.gravatar.com\/avatar\/ea53aa3bf6c9a12d5fde8ce4deff43fef3885ae33cf60184161a50d6987cfd2f?s=96&d=mm&r=g","caption":"admin"},"sameAs":["https:\/\/veritasinfo.org"],"url":"https:\/\/veritasinfo.org\/?author=1"}]}},"featured_image_urls":{"full":["https:\/\/veritasinfo.org\/wp-content\/uploads\/2025\/06\/Screenshot_20250628_233426_Facebook.jpg",1073,729,false],"thumbnail":["https:\/\/veritasinfo.org\/wp-content\/uploads\/2025\/06\/Screenshot_20250628_233426_Facebook-150x150.jpg",150,150,true],"medium":["https:\/\/veritasinfo.org\/wp-content\/uploads\/2025\/06\/Screenshot_20250628_233426_Facebook-300x204.jpg",300,204,true],"medium_large":["https:\/\/veritasinfo.org\/wp-content\/uploads\/2025\/06\/Screenshot_20250628_233426_Facebook-768x522.jpg",640,435,true],"large":["https:\/\/veritasinfo.org\/wp-content\/uploads\/2025\/06\/Screenshot_20250628_233426_Facebook-1024x696.jpg",640,435,true],"1536x1536":["https:\/\/veritasinfo.org\/wp-content\/uploads\/2025\/06\/Screenshot_20250628_233426_Facebook.jpg",1073,729,false],"2048x2048":["https:\/\/veritasinfo.org\/wp-content\/uploads\/2025\/06\/Screenshot_20250628_233426_Facebook.jpg",1073,729,false],"kreeti-slider-full":["https:\/\/veritasinfo.org\/wp-content\/uploads\/2025\/06\/Screenshot_20250628_233426_Facebook.jpg",1060,720,false],"kreeti-featured":["https:\/\/veritasinfo.org\/wp-content\/uploads\/2025\/06\/Screenshot_20250628_233426_Facebook.jpg",1024,696,false],"kreeti-medium":["https:\/\/veritasinfo.org\/wp-content\/uploads\/2025\/06\/Screenshot_20250628_233426_Facebook.jpg",720,489,false],"kreeti-medium-square":["https:\/\/veritasinfo.org\/wp-content\/uploads\/2025\/06\/Screenshot_20250628_233426_Facebook.jpg",350,238,false]},"author_info":{"info":["admin"]},"category_info":"<a href=\"https:\/\/veritasinfo.org\/?cat=58\" rel=\"category\">Politik\u00eb<\/a>","tag_info":"Politik\u00eb","comment_count":"0","_links":{"self":[{"href":"https:\/\/veritasinfo.org\/index.php?rest_route=\/wp\/v2\/posts\/1896","targetHints":{"allow":["GET"]}}],"collection":[{"href":"https:\/\/veritasinfo.org\/index.php?rest_route=\/wp\/v2\/posts"}],"about":[{"href":"https:\/\/veritasinfo.org\/index.php?rest_route=\/wp\/v2\/types\/post"}],"author":[{"embeddable":true,"href":"https:\/\/veritasinfo.org\/index.php?rest_route=\/wp\/v2\/users\/1"}],"replies":[{"embeddable":true,"href":"https:\/\/veritasinfo.org\/index.php?rest_route=%2Fwp%2Fv2%2Fcomments&post=1896"}],"version-history":[{"count":1,"href":"https:\/\/veritasinfo.org\/index.php?rest_route=\/wp\/v2\/posts\/1896\/revisions"}],"predecessor-version":[{"id":1897,"href":"https:\/\/veritasinfo.org\/index.php?rest_route=\/wp\/v2\/posts\/1896\/revisions\/1897"}],"wp:featuredmedia":[{"embeddable":true,"href":"https:\/\/veritasinfo.org\/index.php?rest_route=\/wp\/v2\/media\/1893"}],"wp:attachment":[{"href":"https:\/\/veritasinfo.org\/index.php?rest_route=%2Fwp%2Fv2%2Fmedia&parent=1896"}],"wp:term":[{"taxonomy":"category","embeddable":true,"href":"https:\/\/veritasinfo.org\/index.php?rest_route=%2Fwp%2Fv2%2Fcategories&post=1896"},{"taxonomy":"post_tag","embeddable":true,"href":"https:\/\/veritasinfo.org\/index.php?rest_route=%2Fwp%2Fv2%2Ftags&post=1896"}],"curies":[{"name":"wp","href":"https:\/\/api.w.org\/{rel}","templated":true}]}}