{"id":18911,"date":"2025-11-04T08:34:10","date_gmt":"2025-11-04T07:34:10","guid":{"rendered":"https:\/\/veritasinfo.org\/?p=18911"},"modified":"2025-11-04T08:34:10","modified_gmt":"2025-11-04T07:34:10","slug":"picula-qendrimi-i-ke-se-ndaj-autoriteteve-ne-serbi-ka-qene-padrejtesisht-i-bute","status":"publish","type":"post","link":"https:\/\/veritasinfo.org\/?p=18911","title":{"rendered":"Picula: Q\u00ebndrimi i KE-s\u00eb ndaj autoriteteve n\u00eb Serbi ka qen\u00eb padrejt\u00ebsisht i but\u00eb"},"content":{"rendered":"<p>Prishtin\u00eb 04  N\u00ebntor 2025<\/p>\n<p>Raportuesi n\u00eb Parlamentit Evropian p\u00ebr Serbin\u00eb, Tonino Picula, vler\u00ebsoi se q\u00ebndrimi i Komisionit Evropian ndaj pushtetit t\u00eb presidentit serb, Aleksandar Vu\u00e7iq, ka qen\u00eb \u201cpadrejt\u00ebsisht i but\u00eb\u201d, duke shtuar se pret q\u00eb organi ekzekutiv i Bashkimit Evropian \u201ct\u00eb heq\u00eb dorezat \u2013 ose t\u00eb pakt\u00ebn nj\u00ebr\u00ebn prej tyre \u2013 kur flet p\u00ebr Serbin\u00eb\u201d.<\/p>\n<p>Picula tha p\u00ebr televizionin N1 se shtyrja e zgjidhjes politike p\u00ebr \u201cgjendjen e pashpallur t\u00eb jasht\u00ebzakonshme n\u00eb Serbi\u201d mund t\u00eb rris\u00eb rrezikun e p\u00ebrplasjeve m\u00eb serioze.<\/p>\n<p>\u201cP\u00ebr nj\u00eb koh\u00eb t\u00eb gjat\u00eb, q\u00ebndrimi i Bashkimit Evropian \u2013 n\u00eb fakt, para s\u00eb gjithash i Komisionit Evropian \u2013 ndaj Beogradit t\u00eb Vu\u00e7iqit ka qen\u00eb padrejt\u00ebsisht i but\u00eb. Brukseli p\u00ebr vite me radh\u00eb ka injoruar shenjat gjithnj\u00eb e m\u00eb t\u00eb qarta t\u00eb forcimit t\u00eb autokracis\u00eb n\u00eb Serbi dhe dukurit\u00eb q\u00eb lidhen me t\u00eb, si korrupsioni, dob\u00ebsimi i institucioneve t\u00eb shtetit t\u00eb s\u00eb drejt\u00ebs dhe braktisja e vlerave themelore mbi t\u00eb cilat mb\u00ebshtetet rendi evropian\u201d, tha Picula.<\/p>\n<p>Ai shtoi se Vu\u00e7iq p\u00ebr nj\u00eb koh\u00eb t\u00eb gjat\u00eb ka pasur mb\u00ebshtetjen e politikan\u00ebve t\u00eb njohur evropian\u00eb, para s\u00eb gjithash ish-kancelares gjermane Angela Merkel, por edhe t\u00eb disa politikan\u00ebve t\u00eb tjer\u00eb nga vendet an\u00ebtare t\u00eb BE-s\u00eb, duke shtuar se \u201cky q\u00ebndrim po ndryshon gradualisht\u201d.<\/p>\n<p>\u201cUn\u00eb pres q\u00eb nes\u00ebr, t\u00eb mart\u00ebn, gjat\u00eb publikimit t\u00eb raportit t\u00eb p\u00ebrbashk\u00ebt t\u00eb Komisionit Evropian p\u00ebr gjendjen n\u00eb vendet kandidate, k\u00ebt\u00eb her\u00eb ai t\u00eb heq\u00eb dorezat \u2013 ose t\u00eb pakt\u00ebn nj\u00ebr\u00ebn prej tyre \u2013 kur t\u00eb flas\u00eb p\u00ebr Serbin\u00eb, gj\u00eb q\u00eb nuk ka ndodhur vitet e kaluara\u201d, tha Picula.<\/p>\n<p>Komisioni Evropian n\u00eb raportin e tij p\u00ebr p\u00ebrparimin e Serbis\u00eb ka theksuar se vendi vazhdon t\u00eb mbetet prapa sa i p\u00ebrket p\u00ebrafrimit me politik\u00ebn e jashtme dhe t\u00eb siguris\u00eb s\u00eb Bashkimit Evropian, pasi nuk ka vendosur sanksione ndaj Rusis\u00eb p\u00ebr shkak t\u00eb pushtimit t\u00eb Ukrain\u00ebs.<\/p>\n<p>Po ashtu, \u00ebsht\u00eb v\u00ebn\u00eb n\u00eb pah polarizimi gjithnj\u00eb e m\u00eb i madh n\u00eb Serbi, si pasoj\u00eb e val\u00ebs s\u00eb protestave masive q\u00eb po zgjasin q\u00eb nj\u00eb vit.<\/p>\n<p>PE miraton rezolut\u00eb p\u00ebr \u201cpolarizimin dhe rritjen e represionit n\u00eb Serbi\u201d<br \/>\nParlamenti Evropian n\u00eb tetor miratoi nj\u00eb rezolut\u00eb mbi polarizimin dhe represionin n\u00eb Serbi, me t\u00eb cil\u00ebn mb\u00ebshtetet e drejta e student\u00ebve dhe qytetar\u00ebve p\u00ebr protesta paq\u00ebsore dhe d\u00ebnohet ashp\u00ebr vala e dhun\u00ebs n\u00ebn patronazhin e shtetit, aktet e frik\u00ebsimit dhe arrestimet arbitrare.<\/p>\n<p>N\u00eb rezolut\u00ebn \u201cP\u00ebr polarizimin dhe rritjen e represionit n\u00eb Serbi, nj\u00eb vit pas tragjedis\u00eb s\u00eb Novi Sadit\u201d, vler\u00ebsohet se udh\u00ebheqja serbe \u00ebsht\u00eb politikisht p\u00ebrgjegj\u00ebse p\u00ebr p\u00ebrshkall\u00ebzimin e represionit, normalizimin e dhun\u00ebs dhe dob\u00ebsimin e institucioneve demokratike n\u00eb vend.<\/p>\n<p>Raportuesi i Parlamentit Evropian p\u00ebr Serbin\u00eb, Tonino Picula, tha p\u00ebr televizionin N1 se \u201creagimi po b\u00ebhet gjithnj\u00eb e m\u00eb shum\u00eb p\u00ebrmes represionit, dhun\u00ebs ndaj t\u00eb gjith\u00ebve q\u00eb shprehin mendimin e tyre n\u00eb rrug\u00eb, por jo vet\u00ebm n\u00eb rrug\u00eb.\u201d<\/p>\n<p>\u201cMua m\u00eb duket se kjo \u00ebsht\u00eb nj\u00eb nga fazat e k\u00ebtij revolte qytetare, dhe \u00e7do vones\u00eb n\u00eb gjetjen e nj\u00eb zgjidhjeje politike p\u00ebr k\u00ebt\u00eb kriz\u00eb \u2013 p\u00ebr k\u00ebt\u00eb gjendje t\u00eb jasht\u00ebzakonshme t\u00eb pashpallur n\u00eb Serbi \u2013 mund ta \u00e7oj\u00eb gjith\u00eb vendin n\u00eb rrezik m\u00eb t\u00eb madh nga ndonj\u00eb p\u00ebrplasje serioze, q\u00eb thjesht mund t\u00eb p\u00ebrfundoj\u00eb me ndonj\u00eb tragjedi&#8221;, tha Picula.<\/p>\n<p>&#8220;Para disa muajsh kam th\u00ebn\u00eb se m\u00eb shum\u00eb se gjith\u00e7ka i frik\u00ebsohem viktim\u00ebs s\u00eb 17-t\u00eb, pra, p\u00ebrve\u00e7 16 personave q\u00eb humb\u00ebn jet\u00ebn nga shembja e streh\u00ebs prej betoni, n\u00ebse ndodh ndonj\u00eb rast tragjik edhe gjat\u00eb vet\u00eb protestave, at\u00ebher\u00eb situata do t\u00eb b\u00ebhet v\u00ebrtet jasht\u00ebzakonisht serioze\u201d, shtoi ai.<\/p>\n<p>Rruga politike e Serbis\u00eb pas nj\u00eb viti protestash antiqeveritare<br \/>\nN\u00eb lidhje me k\u00ebrkesat e student\u00ebve q\u00eb po mbajn\u00eb bllokad\u00ebn, q\u00eb pushteti t\u00eb shpall\u00eb zgjedhje t\u00eb parakohshme parlamentare, Picula tha se nuk ka arsye t\u00eb besohet se zgjedhjet e mbajtura n\u00eb k\u00ebto rrethana do t\u00eb ishin t\u00eb lira dhe t\u00eb ndershme, pasi autoritetet n\u00eb Serbi nuk kan\u00eb p\u00ebrmbushur \u201cthuajse asnj\u00eb\u201d nga 25 rekomandimet e v\u00ebzhguesve nd\u00ebrkomb\u00ebtar\u00eb.<\/p>\n<p>\u201cSepse n\u00eb Serbi, n\u00eb k\u00ebt\u00eb moment, ekziston ende nj\u00eb dominim i plot\u00eb i partis\u00eb n\u00eb pushtet, p\u00ebrkat\u00ebsisht i nj\u00eb njeriu, t\u00eb cilit me siguri nuk i intereson t\u00eb p\u00ebrmbush\u00eb at\u00eb q\u00eb pritet prej tij, para s\u00eb gjithash nga qytetar\u00ebt e Serbis\u00eb, por edhe nga bashk\u00ebsia nd\u00ebrkomb\u00ebtare, ve\u00e7an\u00ebrisht Bashkimi Evropian, pjes\u00eb e t\u00eb cilit Serbia deklarohet se d\u00ebshiron t\u00eb jet\u00eb\u201d, u shpreh Picula.<\/p>\n<p>Nj\u00eb dit\u00eb m\u00eb par\u00eb, Vu\u00e7iq deklaroi se zgjedhjet parlamentare n\u00eb Serbi do t\u00eb mbahen para afatit, por nuk specifikoi se kur.<\/p>\n","protected":false},"excerpt":{"rendered":"<p>Prishtin\u00eb 04 N\u00ebntor 2025 Raportuesi n\u00eb Parlamentit Evropian p\u00ebr Serbin\u00eb, Tonino Picula, vler\u00ebsoi se q\u00ebndrimi i Komisionit Evropian ndaj pushtetit t\u00eb presidentit serb, Aleksandar Vu\u00e7iq,<\/p>\n","protected":false},"author":6,"featured_media":18912,"comment_status":"open","ping_status":"open","sticky":false,"template":"","format":"standard","meta":{"footnotes":""},"categories":[58],"tags":[],"class_list":["post-18911","post","type-post","status-publish","format-standard","has-post-thumbnail","hentry","category-politike-sq"],"yoast_head":"<!-- This site is optimized with the Yoast SEO plugin v25.3.1 - https:\/\/yoast.com\/wordpress\/plugins\/seo\/ -->\n<title>Picula: Q\u00ebndrimi i KE-s\u00eb ndaj autoriteteve n\u00eb Serbi ka qen\u00eb padrejt\u00ebsisht i but\u00eb -<\/title>\n<meta name=\"robots\" content=\"index, follow, max-snippet:-1, max-image-preview:large, max-video-preview:-1\" \/>\n<link rel=\"canonical\" href=\"https:\/\/veritasinfo.org\/?p=18911\" \/>\n<meta property=\"og:locale\" content=\"en_US\" \/>\n<meta property=\"og:type\" content=\"article\" \/>\n<meta property=\"og:title\" content=\"Picula: Q\u00ebndrimi i KE-s\u00eb ndaj autoriteteve n\u00eb Serbi ka qen\u00eb padrejt\u00ebsisht i but\u00eb -\" \/>\n<meta property=\"og:description\" content=\"Prishtin\u00eb 04 N\u00ebntor 2025 Raportuesi n\u00eb Parlamentit Evropian p\u00ebr Serbin\u00eb, Tonino Picula, vler\u00ebsoi se q\u00ebndrimi i Komisionit Evropian ndaj pushtetit t\u00eb presidentit serb, Aleksandar Vu\u00e7iq,\" \/>\n<meta property=\"og:url\" content=\"https:\/\/veritasinfo.org\/?p=18911\" \/>\n<meta property=\"article:published_time\" content=\"2025-11-04T07:34:10+00:00\" \/>\n<meta property=\"og:image\" content=\"https:\/\/veritasinfo.org\/wp-content\/uploads\/2025\/11\/6C3061EF-9048-41AE-BCA8-07DBDE9A22EB_w1023_r1_s.jpg\" \/>\n\t<meta property=\"og:image:width\" content=\"1023\" \/>\n\t<meta property=\"og:image:height\" content=\"575\" \/>\n\t<meta property=\"og:image:type\" content=\"image\/jpeg\" \/>\n<meta name=\"author\" content=\"US5\" \/>\n<meta name=\"twitter:card\" content=\"summary_large_image\" \/>\n<meta name=\"twitter:label1\" content=\"Written by\" \/>\n\t<meta name=\"twitter:data1\" content=\"US5\" \/>\n\t<meta name=\"twitter:label2\" content=\"Est. reading time\" \/>\n\t<meta name=\"twitter:data2\" content=\"1 minute\" \/>\n<script type=\"application\/ld+json\" class=\"yoast-schema-graph\">{\"@context\":\"https:\/\/schema.org\",\"@graph\":[{\"@type\":\"WebPage\",\"@id\":\"https:\/\/veritasinfo.org\/?p=18911\",\"url\":\"https:\/\/veritasinfo.org\/?p=18911\",\"name\":\"Picula: Q\u00ebndrimi i KE-s\u00eb ndaj autoriteteve n\u00eb Serbi ka qen\u00eb padrejt\u00ebsisht i but\u00eb -\",\"isPartOf\":{\"@id\":\"https:\/\/veritasinfo.org\/#website\"},\"primaryImageOfPage\":{\"@id\":\"https:\/\/veritasinfo.org\/?p=18911#primaryimage\"},\"image\":{\"@id\":\"https:\/\/veritasinfo.org\/?p=18911#primaryimage\"},\"thumbnailUrl\":\"https:\/\/veritasinfo.org\/wp-content\/uploads\/2025\/11\/6C3061EF-9048-41AE-BCA8-07DBDE9A22EB_w1023_r1_s.jpg\",\"datePublished\":\"2025-11-04T07:34:10+00:00\",\"author\":{\"@id\":\"https:\/\/veritasinfo.org\/#\/schema\/person\/bc442336e35414d04494ab8fb45db4c6\"},\"breadcrumb\":{\"@id\":\"https:\/\/veritasinfo.org\/?p=18911#breadcrumb\"},\"inLanguage\":\"en-US\",\"potentialAction\":[{\"@type\":\"ReadAction\",\"target\":[\"https:\/\/veritasinfo.org\/?p=18911\"]}]},{\"@type\":\"ImageObject\",\"inLanguage\":\"en-US\",\"@id\":\"https:\/\/veritasinfo.org\/?p=18911#primaryimage\",\"url\":\"https:\/\/veritasinfo.org\/wp-content\/uploads\/2025\/11\/6C3061EF-9048-41AE-BCA8-07DBDE9A22EB_w1023_r1_s.jpg\",\"contentUrl\":\"https:\/\/veritasinfo.org\/wp-content\/uploads\/2025\/11\/6C3061EF-9048-41AE-BCA8-07DBDE9A22EB_w1023_r1_s.jpg\",\"width\":1023,\"height\":575},{\"@type\":\"BreadcrumbList\",\"@id\":\"https:\/\/veritasinfo.org\/?p=18911#breadcrumb\",\"itemListElement\":[{\"@type\":\"ListItem\",\"position\":1,\"name\":\"Home\",\"item\":\"https:\/\/veritasinfo.org\/\"},{\"@type\":\"ListItem\",\"position\":2,\"name\":\"Picula: Q\u00ebndrimi i KE-s\u00eb ndaj autoriteteve n\u00eb Serbi ka qen\u00eb padrejt\u00ebsisht i but\u00eb\"}]},{\"@type\":\"WebSite\",\"@id\":\"https:\/\/veritasinfo.org\/#website\",\"url\":\"https:\/\/veritasinfo.org\/\",\"name\":\"\",\"description\":\"\",\"potentialAction\":[{\"@type\":\"SearchAction\",\"target\":{\"@type\":\"EntryPoint\",\"urlTemplate\":\"https:\/\/veritasinfo.org\/?s={search_term_string}\"},\"query-input\":{\"@type\":\"PropertyValueSpecification\",\"valueRequired\":true,\"valueName\":\"search_term_string\"}}],\"inLanguage\":\"en-US\"},{\"@type\":\"Person\",\"@id\":\"https:\/\/veritasinfo.org\/#\/schema\/person\/bc442336e35414d04494ab8fb45db4c6\",\"name\":\"US5\",\"image\":{\"@type\":\"ImageObject\",\"inLanguage\":\"en-US\",\"@id\":\"https:\/\/veritasinfo.org\/#\/schema\/person\/image\/\",\"url\":\"https:\/\/secure.gravatar.com\/avatar\/16a61e7272a0c5d001121ebb9e60e925d5816e4ac1e443ed3e640d9a6ae55d0c?s=96&d=mm&r=g\",\"contentUrl\":\"https:\/\/secure.gravatar.com\/avatar\/16a61e7272a0c5d001121ebb9e60e925d5816e4ac1e443ed3e640d9a6ae55d0c?s=96&d=mm&r=g\",\"caption\":\"US5\"},\"url\":\"https:\/\/veritasinfo.org\/?author=6\"}]}<\/script>\n<!-- \/ Yoast SEO plugin. -->","yoast_head_json":{"title":"Picula: Q\u00ebndrimi i KE-s\u00eb ndaj autoriteteve n\u00eb Serbi ka qen\u00eb padrejt\u00ebsisht i but\u00eb -","robots":{"index":"index","follow":"follow","max-snippet":"max-snippet:-1","max-image-preview":"max-image-preview:large","max-video-preview":"max-video-preview:-1"},"canonical":"https:\/\/veritasinfo.org\/?p=18911","og_locale":"en_US","og_type":"article","og_title":"Picula: Q\u00ebndrimi i KE-s\u00eb ndaj autoriteteve n\u00eb Serbi ka qen\u00eb padrejt\u00ebsisht i but\u00eb -","og_description":"Prishtin\u00eb 04 N\u00ebntor 2025 Raportuesi n\u00eb Parlamentit Evropian p\u00ebr Serbin\u00eb, Tonino Picula, vler\u00ebsoi se q\u00ebndrimi i Komisionit Evropian ndaj pushtetit t\u00eb presidentit serb, Aleksandar Vu\u00e7iq,","og_url":"https:\/\/veritasinfo.org\/?p=18911","article_published_time":"2025-11-04T07:34:10+00:00","og_image":[{"width":1023,"height":575,"url":"https:\/\/veritasinfo.org\/wp-content\/uploads\/2025\/11\/6C3061EF-9048-41AE-BCA8-07DBDE9A22EB_w1023_r1_s.jpg","type":"image\/jpeg"}],"author":"US5","twitter_card":"summary_large_image","twitter_misc":{"Written by":"US5","Est. reading time":"1 minute"},"schema":{"@context":"https:\/\/schema.org","@graph":[{"@type":"WebPage","@id":"https:\/\/veritasinfo.org\/?p=18911","url":"https:\/\/veritasinfo.org\/?p=18911","name":"Picula: Q\u00ebndrimi i KE-s\u00eb ndaj autoriteteve n\u00eb Serbi ka qen\u00eb padrejt\u00ebsisht i but\u00eb -","isPartOf":{"@id":"https:\/\/veritasinfo.org\/#website"},"primaryImageOfPage":{"@id":"https:\/\/veritasinfo.org\/?p=18911#primaryimage"},"image":{"@id":"https:\/\/veritasinfo.org\/?p=18911#primaryimage"},"thumbnailUrl":"https:\/\/veritasinfo.org\/wp-content\/uploads\/2025\/11\/6C3061EF-9048-41AE-BCA8-07DBDE9A22EB_w1023_r1_s.jpg","datePublished":"2025-11-04T07:34:10+00:00","author":{"@id":"https:\/\/veritasinfo.org\/#\/schema\/person\/bc442336e35414d04494ab8fb45db4c6"},"breadcrumb":{"@id":"https:\/\/veritasinfo.org\/?p=18911#breadcrumb"},"inLanguage":"en-US","potentialAction":[{"@type":"ReadAction","target":["https:\/\/veritasinfo.org\/?p=18911"]}]},{"@type":"ImageObject","inLanguage":"en-US","@id":"https:\/\/veritasinfo.org\/?p=18911#primaryimage","url":"https:\/\/veritasinfo.org\/wp-content\/uploads\/2025\/11\/6C3061EF-9048-41AE-BCA8-07DBDE9A22EB_w1023_r1_s.jpg","contentUrl":"https:\/\/veritasinfo.org\/wp-content\/uploads\/2025\/11\/6C3061EF-9048-41AE-BCA8-07DBDE9A22EB_w1023_r1_s.jpg","width":1023,"height":575},{"@type":"BreadcrumbList","@id":"https:\/\/veritasinfo.org\/?p=18911#breadcrumb","itemListElement":[{"@type":"ListItem","position":1,"name":"Home","item":"https:\/\/veritasinfo.org\/"},{"@type":"ListItem","position":2,"name":"Picula: Q\u00ebndrimi i KE-s\u00eb ndaj autoriteteve n\u00eb Serbi ka qen\u00eb padrejt\u00ebsisht i but\u00eb"}]},{"@type":"WebSite","@id":"https:\/\/veritasinfo.org\/#website","url":"https:\/\/veritasinfo.org\/","name":"","description":"","potentialAction":[{"@type":"SearchAction","target":{"@type":"EntryPoint","urlTemplate":"https:\/\/veritasinfo.org\/?s={search_term_string}"},"query-input":{"@type":"PropertyValueSpecification","valueRequired":true,"valueName":"search_term_string"}}],"inLanguage":"en-US"},{"@type":"Person","@id":"https:\/\/veritasinfo.org\/#\/schema\/person\/bc442336e35414d04494ab8fb45db4c6","name":"US5","image":{"@type":"ImageObject","inLanguage":"en-US","@id":"https:\/\/veritasinfo.org\/#\/schema\/person\/image\/","url":"https:\/\/secure.gravatar.com\/avatar\/16a61e7272a0c5d001121ebb9e60e925d5816e4ac1e443ed3e640d9a6ae55d0c?s=96&d=mm&r=g","contentUrl":"https:\/\/secure.gravatar.com\/avatar\/16a61e7272a0c5d001121ebb9e60e925d5816e4ac1e443ed3e640d9a6ae55d0c?s=96&d=mm&r=g","caption":"US5"},"url":"https:\/\/veritasinfo.org\/?author=6"}]}},"featured_image_urls":{"full":["https:\/\/veritasinfo.org\/wp-content\/uploads\/2025\/11\/6C3061EF-9048-41AE-BCA8-07DBDE9A22EB_w1023_r1_s.jpg",1023,575,false],"thumbnail":["https:\/\/veritasinfo.org\/wp-content\/uploads\/2025\/11\/6C3061EF-9048-41AE-BCA8-07DBDE9A22EB_w1023_r1_s-150x150.jpg",150,150,true],"medium":["https:\/\/veritasinfo.org\/wp-content\/uploads\/2025\/11\/6C3061EF-9048-41AE-BCA8-07DBDE9A22EB_w1023_r1_s-300x169.jpg",300,169,true],"medium_large":["https:\/\/veritasinfo.org\/wp-content\/uploads\/2025\/11\/6C3061EF-9048-41AE-BCA8-07DBDE9A22EB_w1023_r1_s-768x432.jpg",640,360,true],"large":["https:\/\/veritasinfo.org\/wp-content\/uploads\/2025\/11\/6C3061EF-9048-41AE-BCA8-07DBDE9A22EB_w1023_r1_s.jpg",640,360,false],"1536x1536":["https:\/\/veritasinfo.org\/wp-content\/uploads\/2025\/11\/6C3061EF-9048-41AE-BCA8-07DBDE9A22EB_w1023_r1_s.jpg",1023,575,false],"2048x2048":["https:\/\/veritasinfo.org\/wp-content\/uploads\/2025\/11\/6C3061EF-9048-41AE-BCA8-07DBDE9A22EB_w1023_r1_s.jpg",1023,575,false],"kreeti-slider-full":["https:\/\/veritasinfo.org\/wp-content\/uploads\/2025\/11\/6C3061EF-9048-41AE-BCA8-07DBDE9A22EB_w1023_r1_s.jpg",1023,575,false],"kreeti-featured":["https:\/\/veritasinfo.org\/wp-content\/uploads\/2025\/11\/6C3061EF-9048-41AE-BCA8-07DBDE9A22EB_w1023_r1_s.jpg",1023,575,false],"kreeti-medium":["https:\/\/veritasinfo.org\/wp-content\/uploads\/2025\/11\/6C3061EF-9048-41AE-BCA8-07DBDE9A22EB_w1023_r1_s.jpg",720,405,false],"kreeti-medium-square":["https:\/\/veritasinfo.org\/wp-content\/uploads\/2025\/11\/6C3061EF-9048-41AE-BCA8-07DBDE9A22EB_w1023_r1_s.jpg",350,197,false]},"author_info":{"info":["US5"]},"category_info":"<a href=\"https:\/\/veritasinfo.org\/?cat=58\" rel=\"category\">Politik\u00eb<\/a>","tag_info":"Politik\u00eb","comment_count":"0","_links":{"self":[{"href":"https:\/\/veritasinfo.org\/index.php?rest_route=\/wp\/v2\/posts\/18911","targetHints":{"allow":["GET"]}}],"collection":[{"href":"https:\/\/veritasinfo.org\/index.php?rest_route=\/wp\/v2\/posts"}],"about":[{"href":"https:\/\/veritasinfo.org\/index.php?rest_route=\/wp\/v2\/types\/post"}],"author":[{"embeddable":true,"href":"https:\/\/veritasinfo.org\/index.php?rest_route=\/wp\/v2\/users\/6"}],"replies":[{"embeddable":true,"href":"https:\/\/veritasinfo.org\/index.php?rest_route=%2Fwp%2Fv2%2Fcomments&post=18911"}],"version-history":[{"count":1,"href":"https:\/\/veritasinfo.org\/index.php?rest_route=\/wp\/v2\/posts\/18911\/revisions"}],"predecessor-version":[{"id":18913,"href":"https:\/\/veritasinfo.org\/index.php?rest_route=\/wp\/v2\/posts\/18911\/revisions\/18913"}],"wp:featuredmedia":[{"embeddable":true,"href":"https:\/\/veritasinfo.org\/index.php?rest_route=\/wp\/v2\/media\/18912"}],"wp:attachment":[{"href":"https:\/\/veritasinfo.org\/index.php?rest_route=%2Fwp%2Fv2%2Fmedia&parent=18911"}],"wp:term":[{"taxonomy":"category","embeddable":true,"href":"https:\/\/veritasinfo.org\/index.php?rest_route=%2Fwp%2Fv2%2Fcategories&post=18911"},{"taxonomy":"post_tag","embeddable":true,"href":"https:\/\/veritasinfo.org\/index.php?rest_route=%2Fwp%2Fv2%2Ftags&post=18911"}],"curies":[{"name":"wp","href":"https:\/\/api.w.org\/{rel}","templated":true}]}}