{"id":18900,"date":"2025-11-04T08:09:59","date_gmt":"2025-11-04T07:09:59","guid":{"rendered":"https:\/\/veritasinfo.org\/?p=18900"},"modified":"2025-11-04T08:09:59","modified_gmt":"2025-11-04T07:09:59","slug":"otmica-srbina-na-sjeveru-kfor-reaguje-istrage-su-zapocele","status":"publish","type":"post","link":"https:\/\/veritasinfo.org\/?p=18900&lang=sr","title":{"rendered":"Otmica Srbina na sjeveru &#8211; KFOR reaguje: Istrage su zapo\u010dele"},"content":{"rendered":"<p>Pri\u0161tina, 4. novembar 2025.<\/p>\n<p>Mirovna misija NATO-a na Kosovu (KFOR) saop\u0161tila je za Radio Slobodna Evropa da je upoznata sa informacijama Policije Kosova o slu\u010daju u kojem se sumnja da je jedan kosovski Srbin ranjen i otet od strane srpske \u017eandarmerije unutar teritorije Kosova, ali da je bezbednosna situacija du\u017e administrativne linije mirna.<\/p>\n<p>\u201ePolicija Kosova je zapo\u010dela istragu i ostaje u bliskom kontaktu sa vi\u0161e entiteta, uklju\u010duju\u0107i KFOR. Aktivnosti na kosovskoj strani administrativne linije koordinisane su sa KFOR-om\u201c, navedeno je u odgovoru misije.<\/p>\n<p>Kosovske vlasti su u ponedeljak optu\u017eile Srbiju za naru\u0161avanje teritorijalnog integriteta, nakon \u0161to je Policija Kosova saop\u0161tila da je 1. novembra primila informaciju da je u oblasti Leposavi\u0107a jedan dr\u017eavljanin Kosova, srpske nacionalnosti, sa inicijalima M.V., navodno ranjen i otet od strane srpske \u017eandarmerije.<\/p>\n<p>Zvani\u010dnici Srbije se do sada nisu oglasili o ovom slu\u010daju.<\/p>\n<p>Prema saop\u0161tenju Policije, mesto doga\u0111aja gde se incident navodno dogodio nalazi se unutar teritorije Republike Kosovo, u takozvanoj \u201eta\u010dki nula\u201c, u blizini Leposavi\u0107a, grada na severu zemlje naseljenog ve\u0107inski srpskim stanovni\u0161tvom.<\/p>\n<p>Policija Kosova saop\u0161tila je da je sara\u0111ivala sa misijom NATO-a na Kosovu (KFOR), koja je nadle\u017ena za bezbednost u pograni\u010dnom pojasu.<\/p>\n<p>Predsednica Kosova Vjosa Osmani izjavila je da demokratski svet mora da reaguje i da zaustavi \u201eove napade Srbije\u201c.<\/p>\n<p>Prema njenim re\u010dima, \u201eovo je jo\u0161 jedan dokaz hegemonisti\u010dkog pristupa Srbije, gde se svaki gra\u0111anin koji se usu\u0111uje da govori istinu o autokratskom re\u017eimu Aleksandra Vu\u010di\u0107a napada i mu\u010di na najbrutalniji na\u010din\u201c.<\/p>\n<p>Ministar unutra\u0161njih poslova Kosova u tehni\u010dkom mandatu, D\u017eeljalj Sve\u010dlja, izjavio je da je ovaj \u010din deo politike Srbije zasnovane na zastra\u0161ivanju i progonu gra\u0111ana koji se ne pokoravaju re\u017eimu predsednika Vu\u010di\u0107a.<\/p>\n<p>\u201eOvakav agresivan i provokativan pristup Srbije je neprihvatljiv. On predstavlja te\u0161ko kr\u0161enje na\u0161ih dr\u017eavnih granica i prava na\u0161ih gra\u0111ana\u201c, naveo je Sve\u010dlja na Fejsbuku, pozivaju\u0107i me\u0111unarodni faktor da reaguje i spre\u010di ponavljanje ovakvih neprijateljskih postupaka.<\/p>\n<p>\u0160ta je jo\u0161 saop\u0161tila Policija?<br \/>\nPolicija Kosova je saop\u0161tila da je \u017ertva, identifikovana kao M.V., prema svedo\u010denjima o\u010devidaca, preba\u010dena kolima hitne pomo\u0107i ka gradu Ni\u0161u u Srbiji.<\/p>\n<p>Policija je ispitala svedoke i na osnovu njihovih iskaza utvrdila da su \u201emaskirane osobe u\u0161le na teritoriju Kosova, ranile i otegle \u017ertvu, nakon \u010dega su ga prevezle na teritoriju Srbije\u201c.<\/p>\n<p>Radio Slobodna Evropa je uputio pitanja Ministarstvu unutra\u0161njih poslova i Ministarstvu odbrane Srbije, ali odgovori jo\u0161 nisu stigli. Odgovor nije stigao ni iz Klini\u010dkog centra u Ni\u0161u.<\/p>\n<p>Prve informacije o ranjavanju i otmici objavio je advokat Ivan Nini\u0107 u Srbiji, navode\u0107i na platformi X da je Milan Vuka\u0161inovi\u0107 te\u0161ko ranjen tokom pucnjave u selu Jelakce, kod Leposavi\u0107a, i da lekari u ni\u0161kom Klini\u010dkom centru poku\u0161avaju da mu spasu \u017eivot.<\/p>\n<p>Leposavi\u0107 se nalazi u pograni\u010dnom pojasu izme\u0111u Kosova i Srbije. Mirovna misija NATO-a na Kosovu, KFOR, predstavlja tre\u0107i nivo bezbednosti u zemlji, nakon Policije Kosova i misije EULEX.<\/p>\n<p>KFOR je, izme\u0111u ostalog, zadu\u017een za bezbednost du\u017e grani\u010dne linije izme\u0111u Kosova i Srbije.<\/p>\n<p>Ovo nije prvi put da kosovske vlasti optu\u017euju srpsku \u017eandarmeriju za upad na teritoriju Kosova. U martu 2012. godine, dva kosovska policajca bila su uhap\u0161ena u selu Dumnica, op\u0161tina Podujevo, a oslobo\u0111ena su posle 48 sati.<\/p>\n<p>Tako\u0111e, 2023. godine tri pripadnika Policije Kosova su uhap\u0161ena.<br \/>\nPrema vlastima u Beogradu, oni su zate\u010deni vi\u0161e od kilometar unutar teritorije Srbije, dok su zvani\u010dnici u Pri\u0161tini tvrdili da su policajci oteti na Kosovu tokom grani\u010dne patrole.<\/p>\n","protected":false},"excerpt":{"rendered":"<p>Pri\u0161tina, 4. novembar 2025. Mirovna misija NATO-a na Kosovu (KFOR) saop\u0161tila je za Radio Slobodna Evropa da je upoznata sa informacijama Policije Kosova o slu\u010daju<\/p>\n","protected":false},"author":6,"featured_media":18893,"comment_status":"open","ping_status":"open","sticky":false,"template":"","format":"standard","meta":{"footnotes":""},"categories":[24],"tags":[],"class_list":["post-18900","post","type-post","status-publish","format-standard","has-post-thumbnail","hentry","category-uncategorized-sr"],"yoast_head":"<!-- This site is optimized with the Yoast SEO plugin v25.3.1 - https:\/\/yoast.com\/wordpress\/plugins\/seo\/ -->\n<title>Otmica Srbina na sjeveru - KFOR reaguje: Istrage su zapo\u010dele -<\/title>\n<meta name=\"robots\" content=\"index, follow, max-snippet:-1, max-image-preview:large, max-video-preview:-1\" \/>\n<link rel=\"canonical\" href=\"https:\/\/veritasinfo.org\/?p=18900&lang=sr\" \/>\n<meta property=\"og:locale\" content=\"en_US\" \/>\n<meta property=\"og:type\" content=\"article\" \/>\n<meta property=\"og:title\" content=\"Otmica Srbina na sjeveru - KFOR reaguje: Istrage su zapo\u010dele -\" \/>\n<meta property=\"og:description\" content=\"Pri\u0161tina, 4. novembar 2025. Mirovna misija NATO-a na Kosovu (KFOR) saop\u0161tila je za Radio Slobodna Evropa da je upoznata sa informacijama Policije Kosova o slu\u010daju\" \/>\n<meta property=\"og:url\" content=\"https:\/\/veritasinfo.org\/?p=18900&amp;lang=sr\" \/>\n<meta property=\"article:published_time\" content=\"2025-11-04T07:09:59+00:00\" \/>\n<meta property=\"og:image\" content=\"https:\/\/veritasinfo.org\/wp-content\/uploads\/2025\/11\/KFOR-per-sulmin-ne-Banjske-Ishim-te-ngatshem-te-nderhyjme-kemi-vepruar-ne-koordinim-me-Policine-e-Kosoves-dhe-EULEX-in-Insajderi.org_-600x360-1.jpg\" \/>\n\t<meta property=\"og:image:width\" content=\"600\" \/>\n\t<meta property=\"og:image:height\" content=\"360\" \/>\n\t<meta property=\"og:image:type\" content=\"image\/jpeg\" \/>\n<meta name=\"author\" content=\"US5\" \/>\n<meta name=\"twitter:card\" content=\"summary_large_image\" \/>\n<meta name=\"twitter:label1\" content=\"Written by\" \/>\n\t<meta name=\"twitter:data1\" content=\"US5\" \/>\n<script type=\"application\/ld+json\" class=\"yoast-schema-graph\">{\"@context\":\"https:\/\/schema.org\",\"@graph\":[{\"@type\":\"WebPage\",\"@id\":\"https:\/\/veritasinfo.org\/?p=18900&lang=sr\",\"url\":\"https:\/\/veritasinfo.org\/?p=18900&lang=sr\",\"name\":\"Otmica Srbina na sjeveru - KFOR reaguje: Istrage su zapo\u010dele -\",\"isPartOf\":{\"@id\":\"https:\/\/veritasinfo.org\/#website\"},\"primaryImageOfPage\":{\"@id\":\"https:\/\/veritasinfo.org\/?p=18900&lang=sr#primaryimage\"},\"image\":{\"@id\":\"https:\/\/veritasinfo.org\/?p=18900&lang=sr#primaryimage\"},\"thumbnailUrl\":\"https:\/\/veritasinfo.org\/wp-content\/uploads\/2025\/11\/KFOR-per-sulmin-ne-Banjske-Ishim-te-ngatshem-te-nderhyjme-kemi-vepruar-ne-koordinim-me-Policine-e-Kosoves-dhe-EULEX-in-Insajderi.org_-600x360-1.jpg\",\"datePublished\":\"2025-11-04T07:09:59+00:00\",\"author\":{\"@id\":\"https:\/\/veritasinfo.org\/#\/schema\/person\/bc442336e35414d04494ab8fb45db4c6\"},\"breadcrumb\":{\"@id\":\"https:\/\/veritasinfo.org\/?p=18900&lang=sr#breadcrumb\"},\"inLanguage\":\"en-US\",\"potentialAction\":[{\"@type\":\"ReadAction\",\"target\":[\"https:\/\/veritasinfo.org\/?p=18900&lang=sr\"]}]},{\"@type\":\"ImageObject\",\"inLanguage\":\"en-US\",\"@id\":\"https:\/\/veritasinfo.org\/?p=18900&lang=sr#primaryimage\",\"url\":\"https:\/\/veritasinfo.org\/wp-content\/uploads\/2025\/11\/KFOR-per-sulmin-ne-Banjske-Ishim-te-ngatshem-te-nderhyjme-kemi-vepruar-ne-koordinim-me-Policine-e-Kosoves-dhe-EULEX-in-Insajderi.org_-600x360-1.jpg\",\"contentUrl\":\"https:\/\/veritasinfo.org\/wp-content\/uploads\/2025\/11\/KFOR-per-sulmin-ne-Banjske-Ishim-te-ngatshem-te-nderhyjme-kemi-vepruar-ne-koordinim-me-Policine-e-Kosoves-dhe-EULEX-in-Insajderi.org_-600x360-1.jpg\",\"width\":600,\"height\":360},{\"@type\":\"BreadcrumbList\",\"@id\":\"https:\/\/veritasinfo.org\/?p=18900&lang=sr#breadcrumb\",\"itemListElement\":[{\"@type\":\"ListItem\",\"position\":1,\"name\":\"Home\",\"item\":\"https:\/\/veritasinfo.org\/\"},{\"@type\":\"ListItem\",\"position\":2,\"name\":\"Otmica Srbina na sjeveru &#8211; KFOR reaguje: Istrage su zapo\u010dele\"}]},{\"@type\":\"WebSite\",\"@id\":\"https:\/\/veritasinfo.org\/#website\",\"url\":\"https:\/\/veritasinfo.org\/\",\"name\":\"\",\"description\":\"\",\"potentialAction\":[{\"@type\":\"SearchAction\",\"target\":{\"@type\":\"EntryPoint\",\"urlTemplate\":\"https:\/\/veritasinfo.org\/?s={search_term_string}\"},\"query-input\":{\"@type\":\"PropertyValueSpecification\",\"valueRequired\":true,\"valueName\":\"search_term_string\"}}],\"inLanguage\":\"en-US\"},{\"@type\":\"Person\",\"@id\":\"https:\/\/veritasinfo.org\/#\/schema\/person\/bc442336e35414d04494ab8fb45db4c6\",\"name\":\"US5\",\"image\":{\"@type\":\"ImageObject\",\"inLanguage\":\"en-US\",\"@id\":\"https:\/\/veritasinfo.org\/#\/schema\/person\/image\/\",\"url\":\"https:\/\/secure.gravatar.com\/avatar\/16a61e7272a0c5d001121ebb9e60e925d5816e4ac1e443ed3e640d9a6ae55d0c?s=96&d=mm&r=g\",\"contentUrl\":\"https:\/\/secure.gravatar.com\/avatar\/16a61e7272a0c5d001121ebb9e60e925d5816e4ac1e443ed3e640d9a6ae55d0c?s=96&d=mm&r=g\",\"caption\":\"US5\"},\"url\":\"https:\/\/veritasinfo.org\/?author=6\"}]}<\/script>\n<!-- \/ Yoast SEO plugin. -->","yoast_head_json":{"title":"Otmica Srbina na sjeveru - KFOR reaguje: Istrage su zapo\u010dele -","robots":{"index":"index","follow":"follow","max-snippet":"max-snippet:-1","max-image-preview":"max-image-preview:large","max-video-preview":"max-video-preview:-1"},"canonical":"https:\/\/veritasinfo.org\/?p=18900&lang=sr","og_locale":"en_US","og_type":"article","og_title":"Otmica Srbina na sjeveru - KFOR reaguje: Istrage su zapo\u010dele -","og_description":"Pri\u0161tina, 4. novembar 2025. Mirovna misija NATO-a na Kosovu (KFOR) saop\u0161tila je za Radio Slobodna Evropa da je upoznata sa informacijama Policije Kosova o slu\u010daju","og_url":"https:\/\/veritasinfo.org\/?p=18900&lang=sr","article_published_time":"2025-11-04T07:09:59+00:00","og_image":[{"width":600,"height":360,"url":"https:\/\/veritasinfo.org\/wp-content\/uploads\/2025\/11\/KFOR-per-sulmin-ne-Banjske-Ishim-te-ngatshem-te-nderhyjme-kemi-vepruar-ne-koordinim-me-Policine-e-Kosoves-dhe-EULEX-in-Insajderi.org_-600x360-1.jpg","type":"image\/jpeg"}],"author":"US5","twitter_card":"summary_large_image","twitter_misc":{"Written by":"US5"},"schema":{"@context":"https:\/\/schema.org","@graph":[{"@type":"WebPage","@id":"https:\/\/veritasinfo.org\/?p=18900&lang=sr","url":"https:\/\/veritasinfo.org\/?p=18900&lang=sr","name":"Otmica Srbina na sjeveru - KFOR reaguje: Istrage su zapo\u010dele -","isPartOf":{"@id":"https:\/\/veritasinfo.org\/#website"},"primaryImageOfPage":{"@id":"https:\/\/veritasinfo.org\/?p=18900&lang=sr#primaryimage"},"image":{"@id":"https:\/\/veritasinfo.org\/?p=18900&lang=sr#primaryimage"},"thumbnailUrl":"https:\/\/veritasinfo.org\/wp-content\/uploads\/2025\/11\/KFOR-per-sulmin-ne-Banjske-Ishim-te-ngatshem-te-nderhyjme-kemi-vepruar-ne-koordinim-me-Policine-e-Kosoves-dhe-EULEX-in-Insajderi.org_-600x360-1.jpg","datePublished":"2025-11-04T07:09:59+00:00","author":{"@id":"https:\/\/veritasinfo.org\/#\/schema\/person\/bc442336e35414d04494ab8fb45db4c6"},"breadcrumb":{"@id":"https:\/\/veritasinfo.org\/?p=18900&lang=sr#breadcrumb"},"inLanguage":"en-US","potentialAction":[{"@type":"ReadAction","target":["https:\/\/veritasinfo.org\/?p=18900&lang=sr"]}]},{"@type":"ImageObject","inLanguage":"en-US","@id":"https:\/\/veritasinfo.org\/?p=18900&lang=sr#primaryimage","url":"https:\/\/veritasinfo.org\/wp-content\/uploads\/2025\/11\/KFOR-per-sulmin-ne-Banjske-Ishim-te-ngatshem-te-nderhyjme-kemi-vepruar-ne-koordinim-me-Policine-e-Kosoves-dhe-EULEX-in-Insajderi.org_-600x360-1.jpg","contentUrl":"https:\/\/veritasinfo.org\/wp-content\/uploads\/2025\/11\/KFOR-per-sulmin-ne-Banjske-Ishim-te-ngatshem-te-nderhyjme-kemi-vepruar-ne-koordinim-me-Policine-e-Kosoves-dhe-EULEX-in-Insajderi.org_-600x360-1.jpg","width":600,"height":360},{"@type":"BreadcrumbList","@id":"https:\/\/veritasinfo.org\/?p=18900&lang=sr#breadcrumb","itemListElement":[{"@type":"ListItem","position":1,"name":"Home","item":"https:\/\/veritasinfo.org\/"},{"@type":"ListItem","position":2,"name":"Otmica Srbina na sjeveru &#8211; KFOR reaguje: Istrage su zapo\u010dele"}]},{"@type":"WebSite","@id":"https:\/\/veritasinfo.org\/#website","url":"https:\/\/veritasinfo.org\/","name":"","description":"","potentialAction":[{"@type":"SearchAction","target":{"@type":"EntryPoint","urlTemplate":"https:\/\/veritasinfo.org\/?s={search_term_string}"},"query-input":{"@type":"PropertyValueSpecification","valueRequired":true,"valueName":"search_term_string"}}],"inLanguage":"en-US"},{"@type":"Person","@id":"https:\/\/veritasinfo.org\/#\/schema\/person\/bc442336e35414d04494ab8fb45db4c6","name":"US5","image":{"@type":"ImageObject","inLanguage":"en-US","@id":"https:\/\/veritasinfo.org\/#\/schema\/person\/image\/","url":"https:\/\/secure.gravatar.com\/avatar\/16a61e7272a0c5d001121ebb9e60e925d5816e4ac1e443ed3e640d9a6ae55d0c?s=96&d=mm&r=g","contentUrl":"https:\/\/secure.gravatar.com\/avatar\/16a61e7272a0c5d001121ebb9e60e925d5816e4ac1e443ed3e640d9a6ae55d0c?s=96&d=mm&r=g","caption":"US5"},"url":"https:\/\/veritasinfo.org\/?author=6"}]}},"featured_image_urls":{"full":["https:\/\/veritasinfo.org\/wp-content\/uploads\/2025\/11\/KFOR-per-sulmin-ne-Banjske-Ishim-te-ngatshem-te-nderhyjme-kemi-vepruar-ne-koordinim-me-Policine-e-Kosoves-dhe-EULEX-in-Insajderi.org_-600x360-1.jpg",600,360,false],"thumbnail":["https:\/\/veritasinfo.org\/wp-content\/uploads\/2025\/11\/KFOR-per-sulmin-ne-Banjske-Ishim-te-ngatshem-te-nderhyjme-kemi-vepruar-ne-koordinim-me-Policine-e-Kosoves-dhe-EULEX-in-Insajderi.org_-600x360-1-150x150.jpg",150,150,true],"medium":["https:\/\/veritasinfo.org\/wp-content\/uploads\/2025\/11\/KFOR-per-sulmin-ne-Banjske-Ishim-te-ngatshem-te-nderhyjme-kemi-vepruar-ne-koordinim-me-Policine-e-Kosoves-dhe-EULEX-in-Insajderi.org_-600x360-1-300x180.jpg",300,180,true],"medium_large":["https:\/\/veritasinfo.org\/wp-content\/uploads\/2025\/11\/KFOR-per-sulmin-ne-Banjske-Ishim-te-ngatshem-te-nderhyjme-kemi-vepruar-ne-koordinim-me-Policine-e-Kosoves-dhe-EULEX-in-Insajderi.org_-600x360-1.jpg",600,360,false],"large":["https:\/\/veritasinfo.org\/wp-content\/uploads\/2025\/11\/KFOR-per-sulmin-ne-Banjske-Ishim-te-ngatshem-te-nderhyjme-kemi-vepruar-ne-koordinim-me-Policine-e-Kosoves-dhe-EULEX-in-Insajderi.org_-600x360-1.jpg",600,360,false],"1536x1536":["https:\/\/veritasinfo.org\/wp-content\/uploads\/2025\/11\/KFOR-per-sulmin-ne-Banjske-Ishim-te-ngatshem-te-nderhyjme-kemi-vepruar-ne-koordinim-me-Policine-e-Kosoves-dhe-EULEX-in-Insajderi.org_-600x360-1.jpg",600,360,false],"2048x2048":["https:\/\/veritasinfo.org\/wp-content\/uploads\/2025\/11\/KFOR-per-sulmin-ne-Banjske-Ishim-te-ngatshem-te-nderhyjme-kemi-vepruar-ne-koordinim-me-Policine-e-Kosoves-dhe-EULEX-in-Insajderi.org_-600x360-1.jpg",600,360,false],"kreeti-slider-full":["https:\/\/veritasinfo.org\/wp-content\/uploads\/2025\/11\/KFOR-per-sulmin-ne-Banjske-Ishim-te-ngatshem-te-nderhyjme-kemi-vepruar-ne-koordinim-me-Policine-e-Kosoves-dhe-EULEX-in-Insajderi.org_-600x360-1.jpg",600,360,false],"kreeti-featured":["https:\/\/veritasinfo.org\/wp-content\/uploads\/2025\/11\/KFOR-per-sulmin-ne-Banjske-Ishim-te-ngatshem-te-nderhyjme-kemi-vepruar-ne-koordinim-me-Policine-e-Kosoves-dhe-EULEX-in-Insajderi.org_-600x360-1.jpg",600,360,false],"kreeti-medium":["https:\/\/veritasinfo.org\/wp-content\/uploads\/2025\/11\/KFOR-per-sulmin-ne-Banjske-Ishim-te-ngatshem-te-nderhyjme-kemi-vepruar-ne-koordinim-me-Policine-e-Kosoves-dhe-EULEX-in-Insajderi.org_-600x360-1.jpg",600,360,false],"kreeti-medium-square":["https:\/\/veritasinfo.org\/wp-content\/uploads\/2025\/11\/KFOR-per-sulmin-ne-Banjske-Ishim-te-ngatshem-te-nderhyjme-kemi-vepruar-ne-koordinim-me-Policine-e-Kosoves-dhe-EULEX-in-Insajderi.org_-600x360-1.jpg",350,210,false]},"author_info":{"info":["US5"]},"category_info":"<a href=\"https:\/\/veritasinfo.org\/?cat=24&#038;lang=sr\" rel=\"category\">Uncategorized<\/a>","tag_info":"Uncategorized","comment_count":"0","_links":{"self":[{"href":"https:\/\/veritasinfo.org\/index.php?rest_route=\/wp\/v2\/posts\/18900","targetHints":{"allow":["GET"]}}],"collection":[{"href":"https:\/\/veritasinfo.org\/index.php?rest_route=\/wp\/v2\/posts"}],"about":[{"href":"https:\/\/veritasinfo.org\/index.php?rest_route=\/wp\/v2\/types\/post"}],"author":[{"embeddable":true,"href":"https:\/\/veritasinfo.org\/index.php?rest_route=\/wp\/v2\/users\/6"}],"replies":[{"embeddable":true,"href":"https:\/\/veritasinfo.org\/index.php?rest_route=%2Fwp%2Fv2%2Fcomments&post=18900"}],"version-history":[{"count":1,"href":"https:\/\/veritasinfo.org\/index.php?rest_route=\/wp\/v2\/posts\/18900\/revisions"}],"predecessor-version":[{"id":18902,"href":"https:\/\/veritasinfo.org\/index.php?rest_route=\/wp\/v2\/posts\/18900\/revisions\/18902"}],"wp:featuredmedia":[{"embeddable":true,"href":"https:\/\/veritasinfo.org\/index.php?rest_route=\/wp\/v2\/media\/18893"}],"wp:attachment":[{"href":"https:\/\/veritasinfo.org\/index.php?rest_route=%2Fwp%2Fv2%2Fmedia&parent=18900"}],"wp:term":[{"taxonomy":"category","embeddable":true,"href":"https:\/\/veritasinfo.org\/index.php?rest_route=%2Fwp%2Fv2%2Fcategories&post=18900"},{"taxonomy":"post_tag","embeddable":true,"href":"https:\/\/veritasinfo.org\/index.php?rest_route=%2Fwp%2Fv2%2Ftags&post=18900"}],"curies":[{"name":"wp","href":"https:\/\/api.w.org\/{rel}","templated":true}]}}