{"id":18892,"date":"2025-11-04T08:01:45","date_gmt":"2025-11-04T07:01:45","guid":{"rendered":"https:\/\/veritasinfo.org\/?p=18892"},"modified":"2025-11-04T08:06:51","modified_gmt":"2025-11-04T07:06:51","slug":"rrembimi-i-serbit-ne-veri-reagon-kfori-kane-nisur-hetimet","status":"publish","type":"post","link":"https:\/\/veritasinfo.org\/?p=18892","title":{"rendered":"Rr\u00ebmbimi i serbit n\u00eb veri- Reagon KFOR\u2019i: Kan\u00eb nisur hetimet"},"content":{"rendered":"<p>Prishtin\u00eb 04 N\u00ebntor 2025<\/p>\n<p>Misioni i NATO-s n\u00eb Kosov\u00eb (KFOR) i ka th\u00ebn\u00eb t\u00eb h\u00ebn\u00ebn Radios Evropa e Lir\u00eb se \u00ebsht\u00eb dijeni rreth njoftimit t\u00eb Policis\u00eb s\u00eb Kosov\u00ebs se nj\u00eb serb i Kosov\u00ebs dyshohet t\u00eb jet\u00eb plagosur dhe rr\u00ebmbyer nga xhandarm\u00ebria e Serbis\u00eb brenda territorit t\u00eb Kosov\u00ebs, mir\u00ebpo situata e siguris\u00eb n\u00eb vij\u00ebn kufitare administrative \u00ebsht\u00eb e qet\u00eb.<\/p>\n<p>\u201cPolicia e Kosov\u00ebs ka nisur hetime dhe vazhdon t\u00eb jet\u00eb n\u00eb kontakt t\u00eb ngusht\u00eb me disa entitete, p\u00ebrfshir\u00eb KFOR-in. Policia e Kosov\u00ebs e ka koordinuar aktivitetin e vet n\u00eb an\u00ebn kosovare t\u00eb vij\u00ebs kufitare administrative me KFOR-in\u201d, \u00ebsht\u00eb th\u00ebn\u00eb n\u00eb p\u00ebrgjigjen e k\u00ebtij misioni.<\/p>\n<p>Autoritetet e Kosov\u00ebs e kan\u00eb akuzuar t\u00eb h\u00ebn\u00ebn Serbin\u00eb p\u00ebr cenim t\u00eb integritetit territorial t\u00eb Kosov\u00ebs, pasi Policia e Kosov\u00ebs ka b\u00ebr\u00eb t\u00eb ditur se m\u00eb 1 n\u00ebntor ka pranuar informacion se n\u00eb zon\u00ebn e Leposaviqit, nj\u00eb shtetas i Kosov\u00ebs, i nacionalitetit serb, me inicialet M.V., dyshohet se \u00ebsht\u00eb plagosur dhe \u00ebsht\u00eb rr\u00ebmbyer nga xhandarm\u00ebria serbe.<\/p>\n<p>N\u00eb an\u00ebn tjet\u00ebr, autoritetet n\u00eb Serbi nuk jan\u00eb deklaruar rreth k\u00ebtij rasti.<\/p>\n<p>Sipas njoftimit t\u00eb Policis\u00eb, vendi i ngjarjes ku raportohet se ka ndodhur rasti dyshohet se gjendet brenda territorit t\u00eb Republik\u00ebs s\u00eb Kosov\u00ebs, pra brenda hap\u00ebsir\u00ebs [si\u00e7 quhet pika zero -0-], n\u00eb af\u00ebrsi t\u00eb zon\u00ebs s\u00eb Leposaviqit, qytet n\u00eb veri t\u00eb vendit, i banuar me shumic\u00eb serbe.<\/p>\n<p>Sipas k\u00ebtij institucioni, Policia e Kosov\u00ebs ka bashk\u00ebpunuar me misionin e NATO-s n\u00eb Kosov\u00eb [KFOR] si p\u00ebrgjegj\u00ebs p\u00ebr zon\u00ebn\/brezin kufitar.<\/p>\n<p>Presidentja e Kosov\u00ebs, Vjosa Osmani ka th\u00ebn\u00eb se bota demokratike duhet t\u00eb reagoj\u00eb e t\u2019i ndal\u00eb k\u00ebto sulme t\u00eb Serbis\u00eb.<\/p>\n<p>Sipas saj, \u201ckjo \u00ebsht\u00eb edhe nj\u00eb d\u00ebshmi shtes\u00eb e qasjes s\u00eb saj hegjemoniste, ku \u00e7do qytetar q\u00eb guxon t\u00eb flas\u00eb t\u00eb v\u00ebrtet\u00ebn rreth regjimit autokratik t\u00eb Vu\u00e7iqit, sulmohet dhe torturohet n\u00eb m\u00ebnyr\u00ebn m\u00eb barbare t\u00eb mundshme\u201d.<\/p>\n<p>Ministri n\u00eb detyr\u00eb i Pun\u00ebve t\u00eb Brendshme i Kosov\u00ebs, Xhelal Sve\u00e7la ka th\u00ebn\u00eb se ky veprim \u00ebsht\u00eb pjes\u00eb e politikave t\u00eb Serbis\u00eb p\u00ebr frik\u00ebsim dhe p\u00ebrndjekje ndaj qytetar\u00ebve q\u00eb nuk i binden regjimit t\u00eb presidentit serb, Aleksandar Vu\u00e7iqit.<\/p>\n<p>\u201cKjo qasje agresive dhe provokuese e Serbis\u00eb \u00ebsht\u00eb e papranueshme. Ajo p\u00ebrb\u00ebn shkelje t\u00eb r\u00ebnd\u00eb t\u00eb kufijve tan\u00eb shtet\u00ebror\u00eb dhe t\u00eb t\u00eb drejtave t\u00eb qytetar\u00ebve tan\u00eb\u201d, ka th\u00ebn\u00eb Sve\u00e7la p\u00ebrmes nj\u00eb postimi n\u00eb Facebook, dhe i ka b\u00ebr\u00eb thirrje faktorit nd\u00ebrkomb\u00ebtar t\u00eb reagoj\u00eb ndaj Serbis\u00eb dhe q\u00eb k\u00ebto veprime armiq\u00ebsore t\u00eb mos p\u00ebrs\u00ebriten.<\/p>\n<p>\u00c7far\u00eb tha tjet\u00ebr Policia?<br \/>\nPolicia e Kosov\u00ebs tha se viktima, i identifikuar me inicialet M.V., sipas d\u00ebshmitar\u00ebve \u00ebsht\u00eb d\u00ebrguar me nj\u00eb autoambulanc\u00eb n\u00eb drejtim t\u00eb qytetit t\u00eb Nishit n\u00eb Serbi.<\/p>\n<p>Policia tha se ka intervistuar d\u00ebshmitar\u00ebt okular\u00eb dhe p\u00ebrmes tyre ka siguruar informacionet se \u201cpersona t\u00eb maskuar kishin hyr\u00eb n\u00eb territorin e Kosov\u00ebs, duke e plagosur dhe rr\u00ebmbyer viktim\u00ebn, t\u00eb cil\u00ebt pastaj e kishin d\u00ebrguar n\u00eb territorin e Serbis\u00eb\u201d.<\/p>\n<p>Lidhur me k\u00ebt\u00eb rast, Radio Evropa e Lir\u00eb ka d\u00ebrguar pyetje n\u00eb Ministrin\u00eb e Pun\u00ebve t\u00eb Brendshme dhe Ministris\u00eb e Mbrojtjes t\u00eb Serbis\u00eb, por deri m\u00eb tani nga k\u00ebto institucione nuk jan\u00eb p\u00ebrgjigjur.<\/p>\n<p>P\u00ebrgjigje nuk kthyen as nga Qendra Klinike Universitare n\u00eb Nish.<\/p>\n<p>Informacionet e para lidhur me plagosjen dhe rr\u00ebmbimin e dyshuar i pari i b\u00ebri publike avokati Ivan Niniq n\u00eb Serbi. Ai shkroi n\u00eb X se Millan Vukashinoviq ishte plagosur r\u00ebnd\u00eb gjat\u00eb t\u00eb sht\u00ebnave n\u00eb fshatin Jellakc\u00eb, af\u00ebr Leposaviqit dhe se mjek\u00ebt n\u00eb Qendr\u00ebn Klinike Universitare n\u00eb Nish po tentojn\u00eb q\u00eb t\u2019ia shp\u00ebtojn\u00eb jet\u00ebn.<\/p>\n<p>Leposaviqi gjendet n\u00eb brezin kufitar mes Kosov\u00ebs dhe Serbis\u00eb. Misioni paqeruajt\u00ebs i NATO-s n\u00eb Kosov\u00eb, KFOR, \u00ebsht\u00eb reaguesi i tret\u00eb i siguris\u00eb n\u00eb vend, pas Policis\u00eb dhe misionit t\u00eb Bashkimit Evropian p\u00ebr sundim t\u00eb ligjit, EULEX.<\/p>\n<p>KFOR-i, ve\u00e7 tjerash, \u00ebsht\u00eb p\u00ebrgjegj\u00ebs p\u00ebr sigurin\u00eb n\u00eb vij\u00ebn kufitare mes Kosov\u00ebs dhe Serbis\u00eb.<\/p>\n<p>Kjo nuk \u00ebsht\u00eb hera e par\u00eb q\u00eb autoritetet e Kosov\u00ebs akuzojn\u00eb xhandarm\u00ebrin\u00eb serbe se hyn n\u00eb territorin e shtetit. N\u00eb mars t\u00eb vitit 2012, dy polic\u00eb t\u00eb Kosov\u00ebs ishin arrestuar n\u00eb fushatin Dumnic\u00eb t\u00eb Podujev\u00ebs. Pas 48 or\u00ebsh ata ishin liruar.<\/p>\n<p>Nd\u00ebrkaq, m\u00eb 2023 tre pjes\u00ebtar\u00eb t\u00eb Policis\u00eb s\u00eb Kosov\u00ebs ishin arrestuar.<\/p>\n<p>Sipas autoriteteve n\u00eb Beograd, ata u kap\u00ebn m\u00eb shum\u00eb se nj\u00eb kilomet\u00ebr thell\u00eb n\u00eb territorin serb, nd\u00ebrsa zyrtar\u00ebt n\u00eb Prishtin\u00eb than\u00eb se ata u rr\u00ebmbyen n\u00eb Kosov\u00eb, gjat\u00eb nj\u00eb patrullimi kufitar.<\/p>\n","protected":false},"excerpt":{"rendered":"<p>Prishtin\u00eb 04 N\u00ebntor 2025 Misioni i NATO-s n\u00eb Kosov\u00eb (KFOR) i ka th\u00ebn\u00eb t\u00eb h\u00ebn\u00ebn Radios Evropa e Lir\u00eb se \u00ebsht\u00eb dijeni rreth njoftimit t\u00eb<\/p>\n","protected":false},"author":6,"featured_media":18893,"comment_status":"open","ping_status":"open","sticky":false,"template":"","format":"standard","meta":{"footnotes":""},"categories":[58],"tags":[],"class_list":["post-18892","post","type-post","status-publish","format-standard","has-post-thumbnail","hentry","category-politike-sq"],"yoast_head":"<!-- This site is optimized with the Yoast SEO plugin v25.3.1 - https:\/\/yoast.com\/wordpress\/plugins\/seo\/ -->\n<title>Rr\u00ebmbimi i serbit n\u00eb veri- Reagon KFOR\u2019i: Kan\u00eb nisur hetimet -<\/title>\n<meta name=\"robots\" content=\"index, follow, max-snippet:-1, max-image-preview:large, max-video-preview:-1\" \/>\n<link rel=\"canonical\" href=\"https:\/\/veritasinfo.org\/?p=18892\" \/>\n<meta property=\"og:locale\" content=\"en_US\" \/>\n<meta property=\"og:type\" content=\"article\" \/>\n<meta property=\"og:title\" content=\"Rr\u00ebmbimi i serbit n\u00eb veri- Reagon KFOR\u2019i: Kan\u00eb nisur hetimet -\" \/>\n<meta property=\"og:description\" content=\"Prishtin\u00eb 04 N\u00ebntor 2025 Misioni i NATO-s n\u00eb Kosov\u00eb (KFOR) i ka th\u00ebn\u00eb t\u00eb h\u00ebn\u00ebn Radios Evropa e Lir\u00eb se \u00ebsht\u00eb dijeni rreth njoftimit t\u00eb\" \/>\n<meta property=\"og:url\" content=\"https:\/\/veritasinfo.org\/?p=18892\" \/>\n<meta property=\"article:published_time\" content=\"2025-11-04T07:01:45+00:00\" \/>\n<meta property=\"article:modified_time\" content=\"2025-11-04T07:06:51+00:00\" \/>\n<meta property=\"og:image\" content=\"https:\/\/veritasinfo.org\/wp-content\/uploads\/2025\/11\/KFOR-per-sulmin-ne-Banjske-Ishim-te-ngatshem-te-nderhyjme-kemi-vepruar-ne-koordinim-me-Policine-e-Kosoves-dhe-EULEX-in-Insajderi.org_-600x360-1.jpg\" \/>\n\t<meta property=\"og:image:width\" content=\"600\" \/>\n\t<meta property=\"og:image:height\" content=\"360\" \/>\n\t<meta property=\"og:image:type\" content=\"image\/jpeg\" \/>\n<meta name=\"author\" content=\"US5\" \/>\n<meta name=\"twitter:card\" content=\"summary_large_image\" \/>\n<meta name=\"twitter:label1\" content=\"Written by\" \/>\n\t<meta name=\"twitter:data1\" content=\"US5\" \/>\n\t<meta name=\"twitter:label2\" content=\"Est. reading time\" \/>\n\t<meta name=\"twitter:data2\" content=\"4 minutes\" \/>\n<script type=\"application\/ld+json\" class=\"yoast-schema-graph\">{\"@context\":\"https:\/\/schema.org\",\"@graph\":[{\"@type\":\"WebPage\",\"@id\":\"https:\/\/veritasinfo.org\/?p=18892\",\"url\":\"https:\/\/veritasinfo.org\/?p=18892\",\"name\":\"Rr\u00ebmbimi i serbit n\u00eb veri- Reagon KFOR\u2019i: Kan\u00eb nisur hetimet -\",\"isPartOf\":{\"@id\":\"https:\/\/veritasinfo.org\/#website\"},\"primaryImageOfPage\":{\"@id\":\"https:\/\/veritasinfo.org\/?p=18892#primaryimage\"},\"image\":{\"@id\":\"https:\/\/veritasinfo.org\/?p=18892#primaryimage\"},\"thumbnailUrl\":\"https:\/\/veritasinfo.org\/wp-content\/uploads\/2025\/11\/KFOR-per-sulmin-ne-Banjske-Ishim-te-ngatshem-te-nderhyjme-kemi-vepruar-ne-koordinim-me-Policine-e-Kosoves-dhe-EULEX-in-Insajderi.org_-600x360-1.jpg\",\"datePublished\":\"2025-11-04T07:01:45+00:00\",\"dateModified\":\"2025-11-04T07:06:51+00:00\",\"author\":{\"@id\":\"https:\/\/veritasinfo.org\/#\/schema\/person\/bc442336e35414d04494ab8fb45db4c6\"},\"breadcrumb\":{\"@id\":\"https:\/\/veritasinfo.org\/?p=18892#breadcrumb\"},\"inLanguage\":\"en-US\",\"potentialAction\":[{\"@type\":\"ReadAction\",\"target\":[\"https:\/\/veritasinfo.org\/?p=18892\"]}]},{\"@type\":\"ImageObject\",\"inLanguage\":\"en-US\",\"@id\":\"https:\/\/veritasinfo.org\/?p=18892#primaryimage\",\"url\":\"https:\/\/veritasinfo.org\/wp-content\/uploads\/2025\/11\/KFOR-per-sulmin-ne-Banjske-Ishim-te-ngatshem-te-nderhyjme-kemi-vepruar-ne-koordinim-me-Policine-e-Kosoves-dhe-EULEX-in-Insajderi.org_-600x360-1.jpg\",\"contentUrl\":\"https:\/\/veritasinfo.org\/wp-content\/uploads\/2025\/11\/KFOR-per-sulmin-ne-Banjske-Ishim-te-ngatshem-te-nderhyjme-kemi-vepruar-ne-koordinim-me-Policine-e-Kosoves-dhe-EULEX-in-Insajderi.org_-600x360-1.jpg\",\"width\":600,\"height\":360},{\"@type\":\"BreadcrumbList\",\"@id\":\"https:\/\/veritasinfo.org\/?p=18892#breadcrumb\",\"itemListElement\":[{\"@type\":\"ListItem\",\"position\":1,\"name\":\"Home\",\"item\":\"https:\/\/veritasinfo.org\/\"},{\"@type\":\"ListItem\",\"position\":2,\"name\":\"Rr\u00ebmbimi i serbit n\u00eb veri- Reagon KFOR\u2019i: Kan\u00eb nisur hetimet\"}]},{\"@type\":\"WebSite\",\"@id\":\"https:\/\/veritasinfo.org\/#website\",\"url\":\"https:\/\/veritasinfo.org\/\",\"name\":\"\",\"description\":\"\",\"potentialAction\":[{\"@type\":\"SearchAction\",\"target\":{\"@type\":\"EntryPoint\",\"urlTemplate\":\"https:\/\/veritasinfo.org\/?s={search_term_string}\"},\"query-input\":{\"@type\":\"PropertyValueSpecification\",\"valueRequired\":true,\"valueName\":\"search_term_string\"}}],\"inLanguage\":\"en-US\"},{\"@type\":\"Person\",\"@id\":\"https:\/\/veritasinfo.org\/#\/schema\/person\/bc442336e35414d04494ab8fb45db4c6\",\"name\":\"US5\",\"image\":{\"@type\":\"ImageObject\",\"inLanguage\":\"en-US\",\"@id\":\"https:\/\/veritasinfo.org\/#\/schema\/person\/image\/\",\"url\":\"https:\/\/secure.gravatar.com\/avatar\/16a61e7272a0c5d001121ebb9e60e925d5816e4ac1e443ed3e640d9a6ae55d0c?s=96&d=mm&r=g\",\"contentUrl\":\"https:\/\/secure.gravatar.com\/avatar\/16a61e7272a0c5d001121ebb9e60e925d5816e4ac1e443ed3e640d9a6ae55d0c?s=96&d=mm&r=g\",\"caption\":\"US5\"},\"url\":\"https:\/\/veritasinfo.org\/?author=6\"}]}<\/script>\n<!-- \/ Yoast SEO plugin. -->","yoast_head_json":{"title":"Rr\u00ebmbimi i serbit n\u00eb veri- Reagon KFOR\u2019i: Kan\u00eb nisur hetimet -","robots":{"index":"index","follow":"follow","max-snippet":"max-snippet:-1","max-image-preview":"max-image-preview:large","max-video-preview":"max-video-preview:-1"},"canonical":"https:\/\/veritasinfo.org\/?p=18892","og_locale":"en_US","og_type":"article","og_title":"Rr\u00ebmbimi i serbit n\u00eb veri- Reagon KFOR\u2019i: Kan\u00eb nisur hetimet -","og_description":"Prishtin\u00eb 04 N\u00ebntor 2025 Misioni i NATO-s n\u00eb Kosov\u00eb (KFOR) i ka th\u00ebn\u00eb t\u00eb h\u00ebn\u00ebn Radios Evropa e Lir\u00eb se \u00ebsht\u00eb dijeni rreth njoftimit t\u00eb","og_url":"https:\/\/veritasinfo.org\/?p=18892","article_published_time":"2025-11-04T07:01:45+00:00","article_modified_time":"2025-11-04T07:06:51+00:00","og_image":[{"width":600,"height":360,"url":"https:\/\/veritasinfo.org\/wp-content\/uploads\/2025\/11\/KFOR-per-sulmin-ne-Banjske-Ishim-te-ngatshem-te-nderhyjme-kemi-vepruar-ne-koordinim-me-Policine-e-Kosoves-dhe-EULEX-in-Insajderi.org_-600x360-1.jpg","type":"image\/jpeg"}],"author":"US5","twitter_card":"summary_large_image","twitter_misc":{"Written by":"US5","Est. reading time":"4 minutes"},"schema":{"@context":"https:\/\/schema.org","@graph":[{"@type":"WebPage","@id":"https:\/\/veritasinfo.org\/?p=18892","url":"https:\/\/veritasinfo.org\/?p=18892","name":"Rr\u00ebmbimi i serbit n\u00eb veri- Reagon KFOR\u2019i: Kan\u00eb nisur hetimet -","isPartOf":{"@id":"https:\/\/veritasinfo.org\/#website"},"primaryImageOfPage":{"@id":"https:\/\/veritasinfo.org\/?p=18892#primaryimage"},"image":{"@id":"https:\/\/veritasinfo.org\/?p=18892#primaryimage"},"thumbnailUrl":"https:\/\/veritasinfo.org\/wp-content\/uploads\/2025\/11\/KFOR-per-sulmin-ne-Banjske-Ishim-te-ngatshem-te-nderhyjme-kemi-vepruar-ne-koordinim-me-Policine-e-Kosoves-dhe-EULEX-in-Insajderi.org_-600x360-1.jpg","datePublished":"2025-11-04T07:01:45+00:00","dateModified":"2025-11-04T07:06:51+00:00","author":{"@id":"https:\/\/veritasinfo.org\/#\/schema\/person\/bc442336e35414d04494ab8fb45db4c6"},"breadcrumb":{"@id":"https:\/\/veritasinfo.org\/?p=18892#breadcrumb"},"inLanguage":"en-US","potentialAction":[{"@type":"ReadAction","target":["https:\/\/veritasinfo.org\/?p=18892"]}]},{"@type":"ImageObject","inLanguage":"en-US","@id":"https:\/\/veritasinfo.org\/?p=18892#primaryimage","url":"https:\/\/veritasinfo.org\/wp-content\/uploads\/2025\/11\/KFOR-per-sulmin-ne-Banjske-Ishim-te-ngatshem-te-nderhyjme-kemi-vepruar-ne-koordinim-me-Policine-e-Kosoves-dhe-EULEX-in-Insajderi.org_-600x360-1.jpg","contentUrl":"https:\/\/veritasinfo.org\/wp-content\/uploads\/2025\/11\/KFOR-per-sulmin-ne-Banjske-Ishim-te-ngatshem-te-nderhyjme-kemi-vepruar-ne-koordinim-me-Policine-e-Kosoves-dhe-EULEX-in-Insajderi.org_-600x360-1.jpg","width":600,"height":360},{"@type":"BreadcrumbList","@id":"https:\/\/veritasinfo.org\/?p=18892#breadcrumb","itemListElement":[{"@type":"ListItem","position":1,"name":"Home","item":"https:\/\/veritasinfo.org\/"},{"@type":"ListItem","position":2,"name":"Rr\u00ebmbimi i serbit n\u00eb veri- Reagon KFOR\u2019i: Kan\u00eb nisur hetimet"}]},{"@type":"WebSite","@id":"https:\/\/veritasinfo.org\/#website","url":"https:\/\/veritasinfo.org\/","name":"","description":"","potentialAction":[{"@type":"SearchAction","target":{"@type":"EntryPoint","urlTemplate":"https:\/\/veritasinfo.org\/?s={search_term_string}"},"query-input":{"@type":"PropertyValueSpecification","valueRequired":true,"valueName":"search_term_string"}}],"inLanguage":"en-US"},{"@type":"Person","@id":"https:\/\/veritasinfo.org\/#\/schema\/person\/bc442336e35414d04494ab8fb45db4c6","name":"US5","image":{"@type":"ImageObject","inLanguage":"en-US","@id":"https:\/\/veritasinfo.org\/#\/schema\/person\/image\/","url":"https:\/\/secure.gravatar.com\/avatar\/16a61e7272a0c5d001121ebb9e60e925d5816e4ac1e443ed3e640d9a6ae55d0c?s=96&d=mm&r=g","contentUrl":"https:\/\/secure.gravatar.com\/avatar\/16a61e7272a0c5d001121ebb9e60e925d5816e4ac1e443ed3e640d9a6ae55d0c?s=96&d=mm&r=g","caption":"US5"},"url":"https:\/\/veritasinfo.org\/?author=6"}]}},"featured_image_urls":{"full":["https:\/\/veritasinfo.org\/wp-content\/uploads\/2025\/11\/KFOR-per-sulmin-ne-Banjske-Ishim-te-ngatshem-te-nderhyjme-kemi-vepruar-ne-koordinim-me-Policine-e-Kosoves-dhe-EULEX-in-Insajderi.org_-600x360-1.jpg",600,360,false],"thumbnail":["https:\/\/veritasinfo.org\/wp-content\/uploads\/2025\/11\/KFOR-per-sulmin-ne-Banjske-Ishim-te-ngatshem-te-nderhyjme-kemi-vepruar-ne-koordinim-me-Policine-e-Kosoves-dhe-EULEX-in-Insajderi.org_-600x360-1-150x150.jpg",150,150,true],"medium":["https:\/\/veritasinfo.org\/wp-content\/uploads\/2025\/11\/KFOR-per-sulmin-ne-Banjske-Ishim-te-ngatshem-te-nderhyjme-kemi-vepruar-ne-koordinim-me-Policine-e-Kosoves-dhe-EULEX-in-Insajderi.org_-600x360-1-300x180.jpg",300,180,true],"medium_large":["https:\/\/veritasinfo.org\/wp-content\/uploads\/2025\/11\/KFOR-per-sulmin-ne-Banjske-Ishim-te-ngatshem-te-nderhyjme-kemi-vepruar-ne-koordinim-me-Policine-e-Kosoves-dhe-EULEX-in-Insajderi.org_-600x360-1.jpg",600,360,false],"large":["https:\/\/veritasinfo.org\/wp-content\/uploads\/2025\/11\/KFOR-per-sulmin-ne-Banjske-Ishim-te-ngatshem-te-nderhyjme-kemi-vepruar-ne-koordinim-me-Policine-e-Kosoves-dhe-EULEX-in-Insajderi.org_-600x360-1.jpg",600,360,false],"1536x1536":["https:\/\/veritasinfo.org\/wp-content\/uploads\/2025\/11\/KFOR-per-sulmin-ne-Banjske-Ishim-te-ngatshem-te-nderhyjme-kemi-vepruar-ne-koordinim-me-Policine-e-Kosoves-dhe-EULEX-in-Insajderi.org_-600x360-1.jpg",600,360,false],"2048x2048":["https:\/\/veritasinfo.org\/wp-content\/uploads\/2025\/11\/KFOR-per-sulmin-ne-Banjske-Ishim-te-ngatshem-te-nderhyjme-kemi-vepruar-ne-koordinim-me-Policine-e-Kosoves-dhe-EULEX-in-Insajderi.org_-600x360-1.jpg",600,360,false],"kreeti-slider-full":["https:\/\/veritasinfo.org\/wp-content\/uploads\/2025\/11\/KFOR-per-sulmin-ne-Banjske-Ishim-te-ngatshem-te-nderhyjme-kemi-vepruar-ne-koordinim-me-Policine-e-Kosoves-dhe-EULEX-in-Insajderi.org_-600x360-1.jpg",600,360,false],"kreeti-featured":["https:\/\/veritasinfo.org\/wp-content\/uploads\/2025\/11\/KFOR-per-sulmin-ne-Banjske-Ishim-te-ngatshem-te-nderhyjme-kemi-vepruar-ne-koordinim-me-Policine-e-Kosoves-dhe-EULEX-in-Insajderi.org_-600x360-1.jpg",600,360,false],"kreeti-medium":["https:\/\/veritasinfo.org\/wp-content\/uploads\/2025\/11\/KFOR-per-sulmin-ne-Banjske-Ishim-te-ngatshem-te-nderhyjme-kemi-vepruar-ne-koordinim-me-Policine-e-Kosoves-dhe-EULEX-in-Insajderi.org_-600x360-1.jpg",600,360,false],"kreeti-medium-square":["https:\/\/veritasinfo.org\/wp-content\/uploads\/2025\/11\/KFOR-per-sulmin-ne-Banjske-Ishim-te-ngatshem-te-nderhyjme-kemi-vepruar-ne-koordinim-me-Policine-e-Kosoves-dhe-EULEX-in-Insajderi.org_-600x360-1.jpg",350,210,false]},"author_info":{"info":["US5"]},"category_info":"<a href=\"https:\/\/veritasinfo.org\/?cat=58\" rel=\"category\">Politik\u00eb<\/a>","tag_info":"Politik\u00eb","comment_count":"0","_links":{"self":[{"href":"https:\/\/veritasinfo.org\/index.php?rest_route=\/wp\/v2\/posts\/18892","targetHints":{"allow":["GET"]}}],"collection":[{"href":"https:\/\/veritasinfo.org\/index.php?rest_route=\/wp\/v2\/posts"}],"about":[{"href":"https:\/\/veritasinfo.org\/index.php?rest_route=\/wp\/v2\/types\/post"}],"author":[{"embeddable":true,"href":"https:\/\/veritasinfo.org\/index.php?rest_route=\/wp\/v2\/users\/6"}],"replies":[{"embeddable":true,"href":"https:\/\/veritasinfo.org\/index.php?rest_route=%2Fwp%2Fv2%2Fcomments&post=18892"}],"version-history":[{"count":5,"href":"https:\/\/veritasinfo.org\/index.php?rest_route=\/wp\/v2\/posts\/18892\/revisions"}],"predecessor-version":[{"id":18898,"href":"https:\/\/veritasinfo.org\/index.php?rest_route=\/wp\/v2\/posts\/18892\/revisions\/18898"}],"wp:featuredmedia":[{"embeddable":true,"href":"https:\/\/veritasinfo.org\/index.php?rest_route=\/wp\/v2\/media\/18893"}],"wp:attachment":[{"href":"https:\/\/veritasinfo.org\/index.php?rest_route=%2Fwp%2Fv2%2Fmedia&parent=18892"}],"wp:term":[{"taxonomy":"category","embeddable":true,"href":"https:\/\/veritasinfo.org\/index.php?rest_route=%2Fwp%2Fv2%2Fcategories&post=18892"},{"taxonomy":"post_tag","embeddable":true,"href":"https:\/\/veritasinfo.org\/index.php?rest_route=%2Fwp%2Fv2%2Ftags&post=18892"}],"curies":[{"name":"wp","href":"https:\/\/api.w.org\/{rel}","templated":true}]}}