{"id":18864,"date":"2025-11-03T19:25:32","date_gmt":"2025-11-03T18:25:32","guid":{"rendered":"https:\/\/veritasinfo.org\/?p=18864"},"modified":"2025-11-03T20:21:06","modified_gmt":"2025-11-03T19:21:06","slug":"ky-eshte-serbi-qe-u-plagos-nga-xhandarmeria-serbe-avokati-fajeson-vuciqin-a-menduat-se-kjo-do-te-fshihej","status":"publish","type":"post","link":"https:\/\/veritasinfo.org\/?p=18864","title":{"rendered":"Ky \u00ebsht\u00eb serbi q\u00eb u plagos nga xhandarmeria serbe, avokati faj\u00ebson Vu\u00e7iqin: A menduat se kjo do t\u00eb fshehej?"},"content":{"rendered":"<p>Policia e Kosov\u00ebs ka konfirmuar se m\u00eb 1 n\u00ebntor 2025 ka pranuar informacion p\u00ebr nj\u00eb incident t\u00eb r\u00ebnd\u00eb n\u00eb zon\u00ebn e Leposaviqit, ku dyshohet se nj\u00eb shtetas i Republik\u00ebs s\u00eb Kosov\u00ebs, me inicialet M.V., i p\u00ebrkat\u00ebsis\u00eb serbe, \u00ebsht\u00eb plagosur dhe rr\u00ebmbyer nga pjes\u00ebtar\u00eb t\u00eb xhandarm\u00ebris\u00eb serbe brenda territorit t\u00eb Kosov\u00ebs.<\/p>\n<p>Sipas njoftimit zyrtar, ngjarja dyshohet t\u00eb ket\u00eb ndodhur n\u00eb af\u00ebrsi t\u00eb ashtuquajtur\u00ebs \u201cpika zero\u201d, n\u00eb kufirin mes Kosov\u00ebs dhe Serbis\u00eb. Policia ka njoftuar menj\u00ebher\u00eb KFOR-in, si forc\u00eb p\u00ebrgjegj\u00ebse p\u00ebr sigurin\u00eb n\u00eb zon\u00ebn kufitare.<\/p>\n<p>Avokati serb Ivan Niniq ka b\u00ebr\u00eb t\u00eb ditur se personi i rr\u00ebmbyer \u00ebsht\u00eb Milan Vukashinoviq, duke postuar n\u00eb rrjetin social X nj\u00eb s\u00ebr\u00eb pyetjesh p\u00ebr presidentin serb Aleksandar Vu\u00e7iq dhe zyrtar\u00eb t\u00eb tjer\u00eb, lidhur me gjendjen dhe trajtimin e tij pas incidentit.<\/p>\n","protected":false},"excerpt":{"rendered":"<p>Policia e Kosov\u00ebs ka konfirmuar se m\u00eb 1 n\u00ebntor 2025 ka pranuar informacion p\u00ebr nj\u00eb incident t\u00eb r\u00ebnd\u00eb n\u00eb zon\u00ebn e Leposaviqit, ku dyshohet se<\/p>\n","protected":false},"author":7,"featured_media":18865,"comment_status":"open","ping_status":"open","sticky":false,"template":"","format":"standard","meta":{"footnotes":""},"categories":[58],"tags":[],"class_list":["post-18864","post","type-post","status-publish","format-standard","has-post-thumbnail","hentry","category-politike-sq"],"yoast_head":"<!-- This site is optimized with the Yoast SEO plugin v25.3.1 - https:\/\/yoast.com\/wordpress\/plugins\/seo\/ -->\n<title>Ky \u00ebsht\u00eb serbi q\u00eb u plagos nga xhandarmeria serbe, avokati faj\u00ebson Vu\u00e7iqin: A menduat se kjo do t\u00eb fshehej? -<\/title>\n<meta name=\"robots\" content=\"index, follow, max-snippet:-1, max-image-preview:large, max-video-preview:-1\" \/>\n<link rel=\"canonical\" href=\"https:\/\/veritasinfo.org\/?p=18864\" \/>\n<meta property=\"og:locale\" content=\"en_US\" \/>\n<meta property=\"og:type\" content=\"article\" \/>\n<meta property=\"og:title\" content=\"Ky \u00ebsht\u00eb serbi q\u00eb u plagos nga xhandarmeria serbe, avokati faj\u00ebson Vu\u00e7iqin: A menduat se kjo do t\u00eb fshehej? -\" \/>\n<meta property=\"og:description\" content=\"Policia e Kosov\u00ebs ka konfirmuar se m\u00eb 1 n\u00ebntor 2025 ka pranuar informacion p\u00ebr nj\u00eb incident t\u00eb r\u00ebnd\u00eb n\u00eb zon\u00ebn e Leposaviqit, ku dyshohet se\" \/>\n<meta property=\"og:url\" content=\"https:\/\/veritasinfo.org\/?p=18864\" \/>\n<meta property=\"article:published_time\" content=\"2025-11-03T18:25:32+00:00\" \/>\n<meta property=\"article:modified_time\" content=\"2025-11-03T19:21:06+00:00\" \/>\n<meta property=\"og:image\" content=\"https:\/\/veritasinfo.org\/wp-content\/uploads\/2025\/11\/Screenshot-2025-11-03-192313.jpg\" \/>\n\t<meta property=\"og:image:width\" content=\"577\" \/>\n\t<meta property=\"og:image:height\" content=\"652\" \/>\n\t<meta property=\"og:image:type\" content=\"image\/jpeg\" \/>\n<meta name=\"author\" content=\"US6\" \/>\n<meta name=\"twitter:card\" content=\"summary_large_image\" \/>\n<meta name=\"twitter:label1\" content=\"Written by\" \/>\n\t<meta name=\"twitter:data1\" content=\"US6\" \/>\n\t<meta name=\"twitter:label2\" content=\"Est. reading time\" \/>\n\t<meta name=\"twitter:data2\" content=\"1 minute\" \/>\n<script type=\"application\/ld+json\" class=\"yoast-schema-graph\">{\"@context\":\"https:\/\/schema.org\",\"@graph\":[{\"@type\":\"WebPage\",\"@id\":\"https:\/\/veritasinfo.org\/?p=18864\",\"url\":\"https:\/\/veritasinfo.org\/?p=18864\",\"name\":\"Ky \u00ebsht\u00eb serbi q\u00eb u plagos nga xhandarmeria serbe, avokati faj\u00ebson Vu\u00e7iqin: A menduat se kjo do t\u00eb fshehej? -\",\"isPartOf\":{\"@id\":\"https:\/\/veritasinfo.org\/#website\"},\"primaryImageOfPage\":{\"@id\":\"https:\/\/veritasinfo.org\/?p=18864#primaryimage\"},\"image\":{\"@id\":\"https:\/\/veritasinfo.org\/?p=18864#primaryimage\"},\"thumbnailUrl\":\"https:\/\/veritasinfo.org\/wp-content\/uploads\/2025\/11\/Screenshot-2025-11-03-192313.jpg\",\"datePublished\":\"2025-11-03T18:25:32+00:00\",\"dateModified\":\"2025-11-03T19:21:06+00:00\",\"author\":{\"@id\":\"https:\/\/veritasinfo.org\/#\/schema\/person\/fe199eede04c3937362892b7444747cc\"},\"breadcrumb\":{\"@id\":\"https:\/\/veritasinfo.org\/?p=18864#breadcrumb\"},\"inLanguage\":\"en-US\",\"potentialAction\":[{\"@type\":\"ReadAction\",\"target\":[\"https:\/\/veritasinfo.org\/?p=18864\"]}]},{\"@type\":\"ImageObject\",\"inLanguage\":\"en-US\",\"@id\":\"https:\/\/veritasinfo.org\/?p=18864#primaryimage\",\"url\":\"https:\/\/veritasinfo.org\/wp-content\/uploads\/2025\/11\/Screenshot-2025-11-03-192313.jpg\",\"contentUrl\":\"https:\/\/veritasinfo.org\/wp-content\/uploads\/2025\/11\/Screenshot-2025-11-03-192313.jpg\",\"width\":577,\"height\":652},{\"@type\":\"BreadcrumbList\",\"@id\":\"https:\/\/veritasinfo.org\/?p=18864#breadcrumb\",\"itemListElement\":[{\"@type\":\"ListItem\",\"position\":1,\"name\":\"Home\",\"item\":\"https:\/\/veritasinfo.org\/\"},{\"@type\":\"ListItem\",\"position\":2,\"name\":\"Ky \u00ebsht\u00eb serbi q\u00eb u plagos nga xhandarmeria serbe, avokati faj\u00ebson Vu\u00e7iqin: A menduat se kjo do t\u00eb fshehej?\"}]},{\"@type\":\"WebSite\",\"@id\":\"https:\/\/veritasinfo.org\/#website\",\"url\":\"https:\/\/veritasinfo.org\/\",\"name\":\"\",\"description\":\"\",\"potentialAction\":[{\"@type\":\"SearchAction\",\"target\":{\"@type\":\"EntryPoint\",\"urlTemplate\":\"https:\/\/veritasinfo.org\/?s={search_term_string}\"},\"query-input\":{\"@type\":\"PropertyValueSpecification\",\"valueRequired\":true,\"valueName\":\"search_term_string\"}}],\"inLanguage\":\"en-US\"},{\"@type\":\"Person\",\"@id\":\"https:\/\/veritasinfo.org\/#\/schema\/person\/fe199eede04c3937362892b7444747cc\",\"name\":\"US6\",\"image\":{\"@type\":\"ImageObject\",\"inLanguage\":\"en-US\",\"@id\":\"https:\/\/veritasinfo.org\/#\/schema\/person\/image\/\",\"url\":\"https:\/\/secure.gravatar.com\/avatar\/cb16c3c31c9d23b9b8c705964598220b3014e42ff51eb540ff23cefa3ae8c15f?s=96&d=mm&r=g\",\"contentUrl\":\"https:\/\/secure.gravatar.com\/avatar\/cb16c3c31c9d23b9b8c705964598220b3014e42ff51eb540ff23cefa3ae8c15f?s=96&d=mm&r=g\",\"caption\":\"US6\"},\"url\":\"https:\/\/veritasinfo.org\/?author=7\"}]}<\/script>\n<!-- \/ Yoast SEO plugin. -->","yoast_head_json":{"title":"Ky \u00ebsht\u00eb serbi q\u00eb u plagos nga xhandarmeria serbe, avokati faj\u00ebson Vu\u00e7iqin: A menduat se kjo do t\u00eb fshehej? -","robots":{"index":"index","follow":"follow","max-snippet":"max-snippet:-1","max-image-preview":"max-image-preview:large","max-video-preview":"max-video-preview:-1"},"canonical":"https:\/\/veritasinfo.org\/?p=18864","og_locale":"en_US","og_type":"article","og_title":"Ky \u00ebsht\u00eb serbi q\u00eb u plagos nga xhandarmeria serbe, avokati faj\u00ebson Vu\u00e7iqin: A menduat se kjo do t\u00eb fshehej? -","og_description":"Policia e Kosov\u00ebs ka konfirmuar se m\u00eb 1 n\u00ebntor 2025 ka pranuar informacion p\u00ebr nj\u00eb incident t\u00eb r\u00ebnd\u00eb n\u00eb zon\u00ebn e Leposaviqit, ku dyshohet se","og_url":"https:\/\/veritasinfo.org\/?p=18864","article_published_time":"2025-11-03T18:25:32+00:00","article_modified_time":"2025-11-03T19:21:06+00:00","og_image":[{"width":577,"height":652,"url":"https:\/\/veritasinfo.org\/wp-content\/uploads\/2025\/11\/Screenshot-2025-11-03-192313.jpg","type":"image\/jpeg"}],"author":"US6","twitter_card":"summary_large_image","twitter_misc":{"Written by":"US6","Est. reading time":"1 minute"},"schema":{"@context":"https:\/\/schema.org","@graph":[{"@type":"WebPage","@id":"https:\/\/veritasinfo.org\/?p=18864","url":"https:\/\/veritasinfo.org\/?p=18864","name":"Ky \u00ebsht\u00eb serbi q\u00eb u plagos nga xhandarmeria serbe, avokati faj\u00ebson Vu\u00e7iqin: A menduat se kjo do t\u00eb fshehej? -","isPartOf":{"@id":"https:\/\/veritasinfo.org\/#website"},"primaryImageOfPage":{"@id":"https:\/\/veritasinfo.org\/?p=18864#primaryimage"},"image":{"@id":"https:\/\/veritasinfo.org\/?p=18864#primaryimage"},"thumbnailUrl":"https:\/\/veritasinfo.org\/wp-content\/uploads\/2025\/11\/Screenshot-2025-11-03-192313.jpg","datePublished":"2025-11-03T18:25:32+00:00","dateModified":"2025-11-03T19:21:06+00:00","author":{"@id":"https:\/\/veritasinfo.org\/#\/schema\/person\/fe199eede04c3937362892b7444747cc"},"breadcrumb":{"@id":"https:\/\/veritasinfo.org\/?p=18864#breadcrumb"},"inLanguage":"en-US","potentialAction":[{"@type":"ReadAction","target":["https:\/\/veritasinfo.org\/?p=18864"]}]},{"@type":"ImageObject","inLanguage":"en-US","@id":"https:\/\/veritasinfo.org\/?p=18864#primaryimage","url":"https:\/\/veritasinfo.org\/wp-content\/uploads\/2025\/11\/Screenshot-2025-11-03-192313.jpg","contentUrl":"https:\/\/veritasinfo.org\/wp-content\/uploads\/2025\/11\/Screenshot-2025-11-03-192313.jpg","width":577,"height":652},{"@type":"BreadcrumbList","@id":"https:\/\/veritasinfo.org\/?p=18864#breadcrumb","itemListElement":[{"@type":"ListItem","position":1,"name":"Home","item":"https:\/\/veritasinfo.org\/"},{"@type":"ListItem","position":2,"name":"Ky \u00ebsht\u00eb serbi q\u00eb u plagos nga xhandarmeria serbe, avokati faj\u00ebson Vu\u00e7iqin: A menduat se kjo do t\u00eb fshehej?"}]},{"@type":"WebSite","@id":"https:\/\/veritasinfo.org\/#website","url":"https:\/\/veritasinfo.org\/","name":"","description":"","potentialAction":[{"@type":"SearchAction","target":{"@type":"EntryPoint","urlTemplate":"https:\/\/veritasinfo.org\/?s={search_term_string}"},"query-input":{"@type":"PropertyValueSpecification","valueRequired":true,"valueName":"search_term_string"}}],"inLanguage":"en-US"},{"@type":"Person","@id":"https:\/\/veritasinfo.org\/#\/schema\/person\/fe199eede04c3937362892b7444747cc","name":"US6","image":{"@type":"ImageObject","inLanguage":"en-US","@id":"https:\/\/veritasinfo.org\/#\/schema\/person\/image\/","url":"https:\/\/secure.gravatar.com\/avatar\/cb16c3c31c9d23b9b8c705964598220b3014e42ff51eb540ff23cefa3ae8c15f?s=96&d=mm&r=g","contentUrl":"https:\/\/secure.gravatar.com\/avatar\/cb16c3c31c9d23b9b8c705964598220b3014e42ff51eb540ff23cefa3ae8c15f?s=96&d=mm&r=g","caption":"US6"},"url":"https:\/\/veritasinfo.org\/?author=7"}]}},"featured_image_urls":{"full":["https:\/\/veritasinfo.org\/wp-content\/uploads\/2025\/11\/Screenshot-2025-11-03-192313.jpg",577,652,false],"thumbnail":["https:\/\/veritasinfo.org\/wp-content\/uploads\/2025\/11\/Screenshot-2025-11-03-192313-150x150.jpg",150,150,true],"medium":["https:\/\/veritasinfo.org\/wp-content\/uploads\/2025\/11\/Screenshot-2025-11-03-192313-265x300.jpg",265,300,true],"medium_large":["https:\/\/veritasinfo.org\/wp-content\/uploads\/2025\/11\/Screenshot-2025-11-03-192313.jpg",577,652,false],"large":["https:\/\/veritasinfo.org\/wp-content\/uploads\/2025\/11\/Screenshot-2025-11-03-192313.jpg",577,652,false],"1536x1536":["https:\/\/veritasinfo.org\/wp-content\/uploads\/2025\/11\/Screenshot-2025-11-03-192313.jpg",577,652,false],"2048x2048":["https:\/\/veritasinfo.org\/wp-content\/uploads\/2025\/11\/Screenshot-2025-11-03-192313.jpg",577,652,false],"kreeti-slider-full":["https:\/\/veritasinfo.org\/wp-content\/uploads\/2025\/11\/Screenshot-2025-11-03-192313.jpg",577,652,false],"kreeti-featured":["https:\/\/veritasinfo.org\/wp-content\/uploads\/2025\/11\/Screenshot-2025-11-03-192313.jpg",577,652,false],"kreeti-medium":["https:\/\/veritasinfo.org\/wp-content\/uploads\/2025\/11\/Screenshot-2025-11-03-192313.jpg",469,530,false],"kreeti-medium-square":["https:\/\/veritasinfo.org\/wp-content\/uploads\/2025\/11\/Screenshot-2025-11-03-192313.jpg",310,350,false]},"author_info":{"info":["US6"]},"category_info":"<a href=\"https:\/\/veritasinfo.org\/?cat=58\" rel=\"category\">Politik\u00eb<\/a>","tag_info":"Politik\u00eb","comment_count":"0","_links":{"self":[{"href":"https:\/\/veritasinfo.org\/index.php?rest_route=\/wp\/v2\/posts\/18864","targetHints":{"allow":["GET"]}}],"collection":[{"href":"https:\/\/veritasinfo.org\/index.php?rest_route=\/wp\/v2\/posts"}],"about":[{"href":"https:\/\/veritasinfo.org\/index.php?rest_route=\/wp\/v2\/types\/post"}],"author":[{"embeddable":true,"href":"https:\/\/veritasinfo.org\/index.php?rest_route=\/wp\/v2\/users\/7"}],"replies":[{"embeddable":true,"href":"https:\/\/veritasinfo.org\/index.php?rest_route=%2Fwp%2Fv2%2Fcomments&post=18864"}],"version-history":[{"count":2,"href":"https:\/\/veritasinfo.org\/index.php?rest_route=\/wp\/v2\/posts\/18864\/revisions"}],"predecessor-version":[{"id":18869,"href":"https:\/\/veritasinfo.org\/index.php?rest_route=\/wp\/v2\/posts\/18864\/revisions\/18869"}],"wp:featuredmedia":[{"embeddable":true,"href":"https:\/\/veritasinfo.org\/index.php?rest_route=\/wp\/v2\/media\/18865"}],"wp:attachment":[{"href":"https:\/\/veritasinfo.org\/index.php?rest_route=%2Fwp%2Fv2%2Fmedia&parent=18864"}],"wp:term":[{"taxonomy":"category","embeddable":true,"href":"https:\/\/veritasinfo.org\/index.php?rest_route=%2Fwp%2Fv2%2Fcategories&post=18864"},{"taxonomy":"post_tag","embeddable":true,"href":"https:\/\/veritasinfo.org\/index.php?rest_route=%2Fwp%2Fv2%2Ftags&post=18864"}],"curies":[{"name":"wp","href":"https:\/\/api.w.org\/{rel}","templated":true}]}}