{"id":18743,"date":"2025-11-02T16:31:55","date_gmt":"2025-11-02T15:31:55","guid":{"rendered":"https:\/\/veritasinfo.org\/?p=18743"},"modified":"2025-11-02T16:31:55","modified_gmt":"2025-11-02T15:31:55","slug":"klasicni-festival-okuplja-poznate-pevace-u-prizrenu","status":"publish","type":"post","link":"https:\/\/veritasinfo.org\/?p=18743&lang=sr","title":{"rendered":"\u201eKlasi\u010dni festival\u201c okuplja poznate peva\u010de u Prizrenu"},"content":{"rendered":"<p>Prizren, 2. novembar 2025.<\/p>\n<p>Festival klasi\u010dne muzike \u201ePrizren Classical Fest\u201c, koji se odr\u017eava u Prizrenu, po\u010deo je sino\u0107. Kulturni grad Prizren, sa prvim izdanjem ovog festivala, do\u010dekuje nastupe poznatih umetnika i bogat muzi\u010dki program. Tokom dve festivalske ve\u010deri, elegancija i emocije klasi\u010dne muzike spoji\u0107e se sa istorijskom atmosferom grada, na zadovoljstvo ljubitelja umetnosti.<\/p>\n<p>Manifestacija se odr\u017eava u Domu kulture u Prizrenu. Na festivalu u\u010destvuju sopran Zana Abazi Ramadani, poznato ime albanske klasi\u010dne muzike Valjton Be\u010diri, kao i \u010dlanovi duva\u010dkog kvinteta: D\u017eovana Marku (oboa), Meriton Ferizi, Nita Krajku, Norik Nu\u0161i (klarinet) i Adea Malja (rog).<\/p>\n<p>U programu je uklju\u010den i poseban nastup \u201eGuitar Duo\u201c, koji \u010dine Eljvis Biti\u010di i X\u017euljian Biti\u010di (gitara). Guda\u010dki kvartet \u201eA Quattro\u201c (D\u017eudi Dodaj \u2013 violina, Villson Guri \u2013 violina, Stela Bello \u2013 viola, D\u017eulja Dodaj \u2013 violina), Remino Sulja (violon\u010delo), D\u017eoslin Zdrava (klavir) i orkestar \u201ePriClassica\u201c, sastavljen od profesionalnih muzi\u010dara iz Prizrena, tako\u0111e \u0107e nastupiti u okviru festivala.<\/p>\n<p>Ve\u010deras, u poslednjoj festivalskoj no\u0107i, nastupi\u0107e i hor pod dirigentskom palicom Eljvisa Biti\u0107ija.<\/p>\n<p>&nbsp;<\/p>\n","protected":false},"excerpt":{"rendered":"<p>Prizren, 2. novembar 2025. Festival klasi\u010dne muzike \u201ePrizren Classical Fest\u201c, koji se odr\u017eava u Prizrenu, po\u010deo je sino\u0107. Kulturni grad Prizren, sa prvim izdanjem ovog<\/p>\n","protected":false},"author":7,"featured_media":18741,"comment_status":"open","ping_status":"open","sticky":false,"template":"","format":"standard","meta":{"footnotes":""},"categories":[34],"tags":[],"class_list":["post-18743","post","type-post","status-publish","format-standard","has-post-thumbnail","hentry","category-kultura"],"yoast_head":"<!-- This site is optimized with the Yoast SEO plugin v25.3.1 - https:\/\/yoast.com\/wordpress\/plugins\/seo\/ -->\n<title>\u201eKlasi\u010dni festival\u201c okuplja poznate peva\u010de u Prizrenu -<\/title>\n<meta name=\"robots\" content=\"index, follow, max-snippet:-1, max-image-preview:large, max-video-preview:-1\" \/>\n<link rel=\"canonical\" href=\"https:\/\/veritasinfo.org\/?p=18743&lang=sr\" \/>\n<meta property=\"og:locale\" content=\"en_US\" \/>\n<meta property=\"og:type\" content=\"article\" \/>\n<meta property=\"og:title\" content=\"\u201eKlasi\u010dni festival\u201c okuplja poznate peva\u010de u Prizrenu -\" \/>\n<meta property=\"og:description\" content=\"Prizren, 2. novembar 2025. Festival klasi\u010dne muzike \u201ePrizren Classical Fest\u201c, koji se odr\u017eava u Prizrenu, po\u010deo je sino\u0107. Kulturni grad Prizren, sa prvim izdanjem ovog\" \/>\n<meta property=\"og:url\" content=\"https:\/\/veritasinfo.org\/?p=18743&amp;lang=sr\" \/>\n<meta property=\"article:published_time\" content=\"2025-11-02T15:31:55+00:00\" \/>\n<meta property=\"og:image\" content=\"https:\/\/veritasinfo.org\/wp-content\/uploads\/2025\/11\/708447-RElnojQRME.jpg\" \/>\n\t<meta property=\"og:image:width\" content=\"780\" \/>\n\t<meta property=\"og:image:height\" content=\"500\" \/>\n\t<meta property=\"og:image:type\" content=\"image\/jpeg\" \/>\n<meta name=\"author\" content=\"US6\" \/>\n<meta name=\"twitter:card\" content=\"summary_large_image\" \/>\n<meta name=\"twitter:label1\" content=\"Written by\" \/>\n\t<meta name=\"twitter:data1\" content=\"US6\" \/>\n\t<meta name=\"twitter:label2\" content=\"Est. reading time\" \/>\n\t<meta name=\"twitter:data2\" content=\"1 minute\" \/>\n<script type=\"application\/ld+json\" class=\"yoast-schema-graph\">{\"@context\":\"https:\/\/schema.org\",\"@graph\":[{\"@type\":\"WebPage\",\"@id\":\"https:\/\/veritasinfo.org\/?p=18743&lang=sr\",\"url\":\"https:\/\/veritasinfo.org\/?p=18743&lang=sr\",\"name\":\"\u201eKlasi\u010dni festival\u201c okuplja poznate peva\u010de u Prizrenu -\",\"isPartOf\":{\"@id\":\"https:\/\/veritasinfo.org\/#website\"},\"primaryImageOfPage\":{\"@id\":\"https:\/\/veritasinfo.org\/?p=18743&lang=sr#primaryimage\"},\"image\":{\"@id\":\"https:\/\/veritasinfo.org\/?p=18743&lang=sr#primaryimage\"},\"thumbnailUrl\":\"https:\/\/veritasinfo.org\/wp-content\/uploads\/2025\/11\/708447-RElnojQRME.jpg\",\"datePublished\":\"2025-11-02T15:31:55+00:00\",\"author\":{\"@id\":\"https:\/\/veritasinfo.org\/#\/schema\/person\/fe199eede04c3937362892b7444747cc\"},\"breadcrumb\":{\"@id\":\"https:\/\/veritasinfo.org\/?p=18743&lang=sr#breadcrumb\"},\"inLanguage\":\"en-US\",\"potentialAction\":[{\"@type\":\"ReadAction\",\"target\":[\"https:\/\/veritasinfo.org\/?p=18743&lang=sr\"]}]},{\"@type\":\"ImageObject\",\"inLanguage\":\"en-US\",\"@id\":\"https:\/\/veritasinfo.org\/?p=18743&lang=sr#primaryimage\",\"url\":\"https:\/\/veritasinfo.org\/wp-content\/uploads\/2025\/11\/708447-RElnojQRME.jpg\",\"contentUrl\":\"https:\/\/veritasinfo.org\/wp-content\/uploads\/2025\/11\/708447-RElnojQRME.jpg\",\"width\":780,\"height\":500},{\"@type\":\"BreadcrumbList\",\"@id\":\"https:\/\/veritasinfo.org\/?p=18743&lang=sr#breadcrumb\",\"itemListElement\":[{\"@type\":\"ListItem\",\"position\":1,\"name\":\"Home\",\"item\":\"https:\/\/veritasinfo.org\/\"},{\"@type\":\"ListItem\",\"position\":2,\"name\":\"\u201eKlasi\u010dni festival\u201c okuplja poznate peva\u010de u Prizrenu\"}]},{\"@type\":\"WebSite\",\"@id\":\"https:\/\/veritasinfo.org\/#website\",\"url\":\"https:\/\/veritasinfo.org\/\",\"name\":\"\",\"description\":\"\",\"potentialAction\":[{\"@type\":\"SearchAction\",\"target\":{\"@type\":\"EntryPoint\",\"urlTemplate\":\"https:\/\/veritasinfo.org\/?s={search_term_string}\"},\"query-input\":{\"@type\":\"PropertyValueSpecification\",\"valueRequired\":true,\"valueName\":\"search_term_string\"}}],\"inLanguage\":\"en-US\"},{\"@type\":\"Person\",\"@id\":\"https:\/\/veritasinfo.org\/#\/schema\/person\/fe199eede04c3937362892b7444747cc\",\"name\":\"US6\",\"image\":{\"@type\":\"ImageObject\",\"inLanguage\":\"en-US\",\"@id\":\"https:\/\/veritasinfo.org\/#\/schema\/person\/image\/\",\"url\":\"https:\/\/secure.gravatar.com\/avatar\/cb16c3c31c9d23b9b8c705964598220b3014e42ff51eb540ff23cefa3ae8c15f?s=96&d=mm&r=g\",\"contentUrl\":\"https:\/\/secure.gravatar.com\/avatar\/cb16c3c31c9d23b9b8c705964598220b3014e42ff51eb540ff23cefa3ae8c15f?s=96&d=mm&r=g\",\"caption\":\"US6\"},\"url\":\"https:\/\/veritasinfo.org\/?author=7\"}]}<\/script>\n<!-- \/ Yoast SEO plugin. -->","yoast_head_json":{"title":"\u201eKlasi\u010dni festival\u201c okuplja poznate peva\u010de u Prizrenu -","robots":{"index":"index","follow":"follow","max-snippet":"max-snippet:-1","max-image-preview":"max-image-preview:large","max-video-preview":"max-video-preview:-1"},"canonical":"https:\/\/veritasinfo.org\/?p=18743&lang=sr","og_locale":"en_US","og_type":"article","og_title":"\u201eKlasi\u010dni festival\u201c okuplja poznate peva\u010de u Prizrenu -","og_description":"Prizren, 2. novembar 2025. Festival klasi\u010dne muzike \u201ePrizren Classical Fest\u201c, koji se odr\u017eava u Prizrenu, po\u010deo je sino\u0107. Kulturni grad Prizren, sa prvim izdanjem ovog","og_url":"https:\/\/veritasinfo.org\/?p=18743&lang=sr","article_published_time":"2025-11-02T15:31:55+00:00","og_image":[{"width":780,"height":500,"url":"https:\/\/veritasinfo.org\/wp-content\/uploads\/2025\/11\/708447-RElnojQRME.jpg","type":"image\/jpeg"}],"author":"US6","twitter_card":"summary_large_image","twitter_misc":{"Written by":"US6","Est. reading time":"1 minute"},"schema":{"@context":"https:\/\/schema.org","@graph":[{"@type":"WebPage","@id":"https:\/\/veritasinfo.org\/?p=18743&lang=sr","url":"https:\/\/veritasinfo.org\/?p=18743&lang=sr","name":"\u201eKlasi\u010dni festival\u201c okuplja poznate peva\u010de u Prizrenu -","isPartOf":{"@id":"https:\/\/veritasinfo.org\/#website"},"primaryImageOfPage":{"@id":"https:\/\/veritasinfo.org\/?p=18743&lang=sr#primaryimage"},"image":{"@id":"https:\/\/veritasinfo.org\/?p=18743&lang=sr#primaryimage"},"thumbnailUrl":"https:\/\/veritasinfo.org\/wp-content\/uploads\/2025\/11\/708447-RElnojQRME.jpg","datePublished":"2025-11-02T15:31:55+00:00","author":{"@id":"https:\/\/veritasinfo.org\/#\/schema\/person\/fe199eede04c3937362892b7444747cc"},"breadcrumb":{"@id":"https:\/\/veritasinfo.org\/?p=18743&lang=sr#breadcrumb"},"inLanguage":"en-US","potentialAction":[{"@type":"ReadAction","target":["https:\/\/veritasinfo.org\/?p=18743&lang=sr"]}]},{"@type":"ImageObject","inLanguage":"en-US","@id":"https:\/\/veritasinfo.org\/?p=18743&lang=sr#primaryimage","url":"https:\/\/veritasinfo.org\/wp-content\/uploads\/2025\/11\/708447-RElnojQRME.jpg","contentUrl":"https:\/\/veritasinfo.org\/wp-content\/uploads\/2025\/11\/708447-RElnojQRME.jpg","width":780,"height":500},{"@type":"BreadcrumbList","@id":"https:\/\/veritasinfo.org\/?p=18743&lang=sr#breadcrumb","itemListElement":[{"@type":"ListItem","position":1,"name":"Home","item":"https:\/\/veritasinfo.org\/"},{"@type":"ListItem","position":2,"name":"\u201eKlasi\u010dni festival\u201c okuplja poznate peva\u010de u Prizrenu"}]},{"@type":"WebSite","@id":"https:\/\/veritasinfo.org\/#website","url":"https:\/\/veritasinfo.org\/","name":"","description":"","potentialAction":[{"@type":"SearchAction","target":{"@type":"EntryPoint","urlTemplate":"https:\/\/veritasinfo.org\/?s={search_term_string}"},"query-input":{"@type":"PropertyValueSpecification","valueRequired":true,"valueName":"search_term_string"}}],"inLanguage":"en-US"},{"@type":"Person","@id":"https:\/\/veritasinfo.org\/#\/schema\/person\/fe199eede04c3937362892b7444747cc","name":"US6","image":{"@type":"ImageObject","inLanguage":"en-US","@id":"https:\/\/veritasinfo.org\/#\/schema\/person\/image\/","url":"https:\/\/secure.gravatar.com\/avatar\/cb16c3c31c9d23b9b8c705964598220b3014e42ff51eb540ff23cefa3ae8c15f?s=96&d=mm&r=g","contentUrl":"https:\/\/secure.gravatar.com\/avatar\/cb16c3c31c9d23b9b8c705964598220b3014e42ff51eb540ff23cefa3ae8c15f?s=96&d=mm&r=g","caption":"US6"},"url":"https:\/\/veritasinfo.org\/?author=7"}]}},"featured_image_urls":{"full":["https:\/\/veritasinfo.org\/wp-content\/uploads\/2025\/11\/708447-RElnojQRME.jpg",780,500,false],"thumbnail":["https:\/\/veritasinfo.org\/wp-content\/uploads\/2025\/11\/708447-RElnojQRME-150x150.jpg",150,150,true],"medium":["https:\/\/veritasinfo.org\/wp-content\/uploads\/2025\/11\/708447-RElnojQRME-300x192.jpg",300,192,true],"medium_large":["https:\/\/veritasinfo.org\/wp-content\/uploads\/2025\/11\/708447-RElnojQRME-768x492.jpg",640,410,true],"large":["https:\/\/veritasinfo.org\/wp-content\/uploads\/2025\/11\/708447-RElnojQRME.jpg",640,410,false],"1536x1536":["https:\/\/veritasinfo.org\/wp-content\/uploads\/2025\/11\/708447-RElnojQRME.jpg",780,500,false],"2048x2048":["https:\/\/veritasinfo.org\/wp-content\/uploads\/2025\/11\/708447-RElnojQRME.jpg",780,500,false],"kreeti-slider-full":["https:\/\/veritasinfo.org\/wp-content\/uploads\/2025\/11\/708447-RElnojQRME.jpg",780,500,false],"kreeti-featured":["https:\/\/veritasinfo.org\/wp-content\/uploads\/2025\/11\/708447-RElnojQRME.jpg",780,500,false],"kreeti-medium":["https:\/\/veritasinfo.org\/wp-content\/uploads\/2025\/11\/708447-RElnojQRME.jpg",720,462,false],"kreeti-medium-square":["https:\/\/veritasinfo.org\/wp-content\/uploads\/2025\/11\/708447-RElnojQRME.jpg",350,224,false]},"author_info":{"info":["US6"]},"category_info":"<a href=\"https:\/\/veritasinfo.org\/?cat=34&#038;lang=sr\" rel=\"category\">Kultura<\/a>","tag_info":"Kultura","comment_count":"0","_links":{"self":[{"href":"https:\/\/veritasinfo.org\/index.php?rest_route=\/wp\/v2\/posts\/18743","targetHints":{"allow":["GET"]}}],"collection":[{"href":"https:\/\/veritasinfo.org\/index.php?rest_route=\/wp\/v2\/posts"}],"about":[{"href":"https:\/\/veritasinfo.org\/index.php?rest_route=\/wp\/v2\/types\/post"}],"author":[{"embeddable":true,"href":"https:\/\/veritasinfo.org\/index.php?rest_route=\/wp\/v2\/users\/7"}],"replies":[{"embeddable":true,"href":"https:\/\/veritasinfo.org\/index.php?rest_route=%2Fwp%2Fv2%2Fcomments&post=18743"}],"version-history":[{"count":1,"href":"https:\/\/veritasinfo.org\/index.php?rest_route=\/wp\/v2\/posts\/18743\/revisions"}],"predecessor-version":[{"id":18744,"href":"https:\/\/veritasinfo.org\/index.php?rest_route=\/wp\/v2\/posts\/18743\/revisions\/18744"}],"wp:featuredmedia":[{"embeddable":true,"href":"https:\/\/veritasinfo.org\/index.php?rest_route=\/wp\/v2\/media\/18741"}],"wp:attachment":[{"href":"https:\/\/veritasinfo.org\/index.php?rest_route=%2Fwp%2Fv2%2Fmedia&parent=18743"}],"wp:term":[{"taxonomy":"category","embeddable":true,"href":"https:\/\/veritasinfo.org\/index.php?rest_route=%2Fwp%2Fv2%2Fcategories&post=18743"},{"taxonomy":"post_tag","embeddable":true,"href":"https:\/\/veritasinfo.org\/index.php?rest_route=%2Fwp%2Fv2%2Ftags&post=18743"}],"curies":[{"name":"wp","href":"https:\/\/api.w.org\/{rel}","templated":true}]}}