{"id":1871,"date":"2025-06-28T17:23:11","date_gmt":"2025-06-28T15:23:11","guid":{"rendered":"https:\/\/veritasinfo.org\/?p=1871"},"modified":"2025-06-28T17:30:28","modified_gmt":"2025-06-28T15:30:28","slug":"1871","status":"publish","type":"post","link":"https:\/\/veritasinfo.org\/?p=1871","title":{"rendered":"Policia e Kosov\u00ebs menaxhoi situat\u00ebn e siguris\u00eb dhe mbar\u00ebvajtjen e aktiviteteve gjat\u00eb manifestimeve p\u00ebr \u2018Vidovdan\u201d"},"content":{"rendered":"<p>Prishtin\u00eb, 28 qershor 2025<\/p>\n<p>Policia e Kosov\u00ebs, si\u00e7 e ka b\u00ebr\u00eb t\u00eb ditur edhe p\u00ebrmes njoftimit zyrtar t\u00eb dt. (27.06.2025), lidhur me manifestimet e \u201cVidovdan-it\u201d, me koh\u00eb ka nd\u00ebrmarr\u00eb masat operative p\u00ebr menaxhimin e situat\u00ebs s\u00eb siguris\u00eb, ruajtjen e rendit publik, orientimin e trafikut rrugor dhe menaxhimin kufitar.<\/p>\n<p>P\u00ebrmes nd\u00ebrmarrjes s\u00eb masave t\u00eb nevojshme koordinuese, parandaluese dhe operative n\u00eb t\u00eb gjitha departamentet dhe rajonet policore, manifestimet kan\u00eb kaluar kryesisht qet\u00eb dhe pa incidente madhore.<\/p>\n<p>Referuar informacioneve nga nj\u00ebsitet policore t\u00eb angazhuara n\u00eb terren, nuk \u00ebsht\u00eb raportuar ndonj\u00eb rast i cili ka ndikuar n\u00eb mbar\u00ebvajtjen e manifestimeve, p\u00ebrve\u00e7 shoq\u00ebrimit t\u00eb 17 personave n\u00eb stacion policor p\u00ebr intervistim, t\u00eb cil\u00ebt kan\u00eb provokuar mas\u00ebn, duke kryer nxitje t\u00eb urrejtjes dhe posedonin veshje me p\u00ebrmbajtje provokuese e nxit\u00ebse, n\u00eb kund\u00ebrshtim me dispozitat ligjore.<\/p>\n<p>T\u00eb gjitha veprimet policore jan\u00eb realizuar n\u00eb bashk\u00ebpunim dhe koordinim me organet e drejt\u00ebsis\u00eb, me vendim t\u00eb t\u00eb cil\u00ebve nj\u00eb t\u00eb dyshuari i \u00ebsht\u00eb shqiptuar masa e ndalimit mbi dyshimin e bazuar p\u00ebr vepr\u00ebn penale arm\u00ebmbajtje pa leje, nj\u00eb tjetri i \u00ebsht\u00eb shqiptuar flet\u00ebparaqitje p\u00ebr kund\u00ebrvajtje, 4 t\u00eb tjer\u00eb jan\u00eb liruar, kurse 11 t\u00eb tjer\u00eb jan\u00eb n\u00eb procedur\u00eb t\u00eb intervistimit.<\/p>\n<p>Policia e Kosov\u00ebs fal\u00ebnderon qytetaret p\u00ebr bashk\u00ebpunimin dhe mir\u00ebkuptimin e treguar, si dhe nj\u00ebherit i sigurona ata se PK-ja do t\u00eb vazhdoj\u00eb angazhimin dhe p\u00ebrkushtimin e saj n\u00eb realizimin e detyrave dhe autorizimeve t\u00eb saj ligjore, menaxhimin e situat\u00ebs s\u00eb siguris\u00eb, zbatimin e Kushtetut\u00ebs s\u00eb RKS-s\u00eb n\u00eb funksion t\u00eb garantimit t\u00eb nj\u00eb mjedisi t\u00eb qet\u00eb e t\u00eb sigurt p\u00ebr t\u00eb gjith\u00eb qytetar\u00ebt pa dallim.<\/p>\n<p>&nbsp;<\/p>\n<p>&nbsp;<\/p>\n<p>&nbsp;<\/p>\n","protected":false},"excerpt":{"rendered":"<p>Prishtin\u00eb, 28 qershor 2025 Policia e Kosov\u00ebs, si\u00e7 e ka b\u00ebr\u00eb t\u00eb ditur edhe p\u00ebrmes njoftimit zyrtar t\u00eb dt. (27.06.2025), lidhur me manifestimet e \u201cVidovdan-it\u201d,<\/p>\n","protected":false},"author":1,"featured_media":1293,"comment_status":"open","ping_status":"open","sticky":false,"template":"","format":"standard","meta":{"footnotes":""},"categories":[60],"tags":[],"class_list":["post-1871","post","type-post","status-publish","format-standard","has-post-thumbnail","hentry","category-shoqerore-sq"],"yoast_head":"<!-- This site is optimized with the Yoast SEO plugin v25.3.1 - https:\/\/yoast.com\/wordpress\/plugins\/seo\/ -->\n<title>Policia e Kosov\u00ebs menaxhoi situat\u00ebn e siguris\u00eb dhe mbar\u00ebvajtjen e aktiviteteve gjat\u00eb manifestimeve p\u00ebr \u2018Vidovdan\u201d -<\/title>\n<meta name=\"robots\" content=\"index, follow, max-snippet:-1, max-image-preview:large, max-video-preview:-1\" \/>\n<link rel=\"canonical\" href=\"https:\/\/veritasinfo.org\/?p=1871\" \/>\n<meta property=\"og:locale\" content=\"en_US\" \/>\n<meta property=\"og:type\" content=\"article\" \/>\n<meta property=\"og:title\" content=\"Policia e Kosov\u00ebs menaxhoi situat\u00ebn e siguris\u00eb dhe mbar\u00ebvajtjen e aktiviteteve gjat\u00eb manifestimeve p\u00ebr \u2018Vidovdan\u201d -\" \/>\n<meta property=\"og:description\" content=\"Prishtin\u00eb, 28 qershor 2025 Policia e Kosov\u00ebs, si\u00e7 e ka b\u00ebr\u00eb t\u00eb ditur edhe p\u00ebrmes njoftimit zyrtar t\u00eb dt. (27.06.2025), lidhur me manifestimet e \u201cVidovdan-it\u201d,\" \/>\n<meta property=\"og:url\" content=\"https:\/\/veritasinfo.org\/?p=1871\" \/>\n<meta property=\"article:published_time\" content=\"2025-06-28T15:23:11+00:00\" \/>\n<meta property=\"article:modified_time\" content=\"2025-06-28T15:30:28+00:00\" \/>\n<meta property=\"og:image\" content=\"https:\/\/veritasinfo.org\/wp-content\/uploads\/2025\/06\/IMG_0094.jpeg\" \/>\n\t<meta property=\"og:image:width\" content=\"318\" \/>\n\t<meta property=\"og:image:height\" content=\"159\" \/>\n\t<meta property=\"og:image:type\" content=\"image\/jpeg\" \/>\n<meta name=\"author\" content=\"admin\" \/>\n<meta name=\"twitter:card\" content=\"summary_large_image\" \/>\n<meta name=\"twitter:label1\" content=\"Written by\" \/>\n\t<meta name=\"twitter:data1\" content=\"admin\" \/>\n\t<meta name=\"twitter:label2\" content=\"Est. reading time\" \/>\n\t<meta name=\"twitter:data2\" content=\"2 minutes\" \/>\n<script type=\"application\/ld+json\" class=\"yoast-schema-graph\">{\"@context\":\"https:\/\/schema.org\",\"@graph\":[{\"@type\":\"WebPage\",\"@id\":\"https:\/\/veritasinfo.org\/?p=1871\",\"url\":\"https:\/\/veritasinfo.org\/?p=1871\",\"name\":\"Policia e Kosov\u00ebs menaxhoi situat\u00ebn e siguris\u00eb dhe mbar\u00ebvajtjen e aktiviteteve gjat\u00eb manifestimeve p\u00ebr \u2018Vidovdan\u201d -\",\"isPartOf\":{\"@id\":\"https:\/\/veritasinfo.org\/#website\"},\"primaryImageOfPage\":{\"@id\":\"https:\/\/veritasinfo.org\/?p=1871#primaryimage\"},\"image\":{\"@id\":\"https:\/\/veritasinfo.org\/?p=1871#primaryimage\"},\"thumbnailUrl\":\"https:\/\/veritasinfo.org\/wp-content\/uploads\/2025\/06\/IMG_0094.jpeg\",\"datePublished\":\"2025-06-28T15:23:11+00:00\",\"dateModified\":\"2025-06-28T15:30:28+00:00\",\"author\":{\"@id\":\"https:\/\/veritasinfo.org\/#\/schema\/person\/7701f8c088bece422266b100a712374f\"},\"breadcrumb\":{\"@id\":\"https:\/\/veritasinfo.org\/?p=1871#breadcrumb\"},\"inLanguage\":\"en-US\",\"potentialAction\":[{\"@type\":\"ReadAction\",\"target\":[\"https:\/\/veritasinfo.org\/?p=1871\"]}]},{\"@type\":\"ImageObject\",\"inLanguage\":\"en-US\",\"@id\":\"https:\/\/veritasinfo.org\/?p=1871#primaryimage\",\"url\":\"https:\/\/veritasinfo.org\/wp-content\/uploads\/2025\/06\/IMG_0094.jpeg\",\"contentUrl\":\"https:\/\/veritasinfo.org\/wp-content\/uploads\/2025\/06\/IMG_0094.jpeg\",\"width\":318,\"height\":159},{\"@type\":\"BreadcrumbList\",\"@id\":\"https:\/\/veritasinfo.org\/?p=1871#breadcrumb\",\"itemListElement\":[{\"@type\":\"ListItem\",\"position\":1,\"name\":\"Home\",\"item\":\"https:\/\/veritasinfo.org\/\"},{\"@type\":\"ListItem\",\"position\":2,\"name\":\"Policia e Kosov\u00ebs menaxhoi situat\u00ebn e siguris\u00eb dhe mbar\u00ebvajtjen e aktiviteteve gjat\u00eb manifestimeve p\u00ebr \u2018Vidovdan\u201d\"}]},{\"@type\":\"WebSite\",\"@id\":\"https:\/\/veritasinfo.org\/#website\",\"url\":\"https:\/\/veritasinfo.org\/\",\"name\":\"\",\"description\":\"\",\"potentialAction\":[{\"@type\":\"SearchAction\",\"target\":{\"@type\":\"EntryPoint\",\"urlTemplate\":\"https:\/\/veritasinfo.org\/?s={search_term_string}\"},\"query-input\":{\"@type\":\"PropertyValueSpecification\",\"valueRequired\":true,\"valueName\":\"search_term_string\"}}],\"inLanguage\":\"en-US\"},{\"@type\":\"Person\",\"@id\":\"https:\/\/veritasinfo.org\/#\/schema\/person\/7701f8c088bece422266b100a712374f\",\"name\":\"admin\",\"image\":{\"@type\":\"ImageObject\",\"inLanguage\":\"en-US\",\"@id\":\"https:\/\/veritasinfo.org\/#\/schema\/person\/image\/\",\"url\":\"https:\/\/secure.gravatar.com\/avatar\/ea53aa3bf6c9a12d5fde8ce4deff43fef3885ae33cf60184161a50d6987cfd2f?s=96&d=mm&r=g\",\"contentUrl\":\"https:\/\/secure.gravatar.com\/avatar\/ea53aa3bf6c9a12d5fde8ce4deff43fef3885ae33cf60184161a50d6987cfd2f?s=96&d=mm&r=g\",\"caption\":\"admin\"},\"sameAs\":[\"https:\/\/veritasinfo.org\"],\"url\":\"https:\/\/veritasinfo.org\/?author=1\"}]}<\/script>\n<!-- \/ Yoast SEO plugin. -->","yoast_head_json":{"title":"Policia e Kosov\u00ebs menaxhoi situat\u00ebn e siguris\u00eb dhe mbar\u00ebvajtjen e aktiviteteve gjat\u00eb manifestimeve p\u00ebr \u2018Vidovdan\u201d -","robots":{"index":"index","follow":"follow","max-snippet":"max-snippet:-1","max-image-preview":"max-image-preview:large","max-video-preview":"max-video-preview:-1"},"canonical":"https:\/\/veritasinfo.org\/?p=1871","og_locale":"en_US","og_type":"article","og_title":"Policia e Kosov\u00ebs menaxhoi situat\u00ebn e siguris\u00eb dhe mbar\u00ebvajtjen e aktiviteteve gjat\u00eb manifestimeve p\u00ebr \u2018Vidovdan\u201d -","og_description":"Prishtin\u00eb, 28 qershor 2025 Policia e Kosov\u00ebs, si\u00e7 e ka b\u00ebr\u00eb t\u00eb ditur edhe p\u00ebrmes njoftimit zyrtar t\u00eb dt. (27.06.2025), lidhur me manifestimet e \u201cVidovdan-it\u201d,","og_url":"https:\/\/veritasinfo.org\/?p=1871","article_published_time":"2025-06-28T15:23:11+00:00","article_modified_time":"2025-06-28T15:30:28+00:00","og_image":[{"width":318,"height":159,"url":"https:\/\/veritasinfo.org\/wp-content\/uploads\/2025\/06\/IMG_0094.jpeg","type":"image\/jpeg"}],"author":"admin","twitter_card":"summary_large_image","twitter_misc":{"Written by":"admin","Est. reading time":"2 minutes"},"schema":{"@context":"https:\/\/schema.org","@graph":[{"@type":"WebPage","@id":"https:\/\/veritasinfo.org\/?p=1871","url":"https:\/\/veritasinfo.org\/?p=1871","name":"Policia e Kosov\u00ebs menaxhoi situat\u00ebn e siguris\u00eb dhe mbar\u00ebvajtjen e aktiviteteve gjat\u00eb manifestimeve p\u00ebr \u2018Vidovdan\u201d -","isPartOf":{"@id":"https:\/\/veritasinfo.org\/#website"},"primaryImageOfPage":{"@id":"https:\/\/veritasinfo.org\/?p=1871#primaryimage"},"image":{"@id":"https:\/\/veritasinfo.org\/?p=1871#primaryimage"},"thumbnailUrl":"https:\/\/veritasinfo.org\/wp-content\/uploads\/2025\/06\/IMG_0094.jpeg","datePublished":"2025-06-28T15:23:11+00:00","dateModified":"2025-06-28T15:30:28+00:00","author":{"@id":"https:\/\/veritasinfo.org\/#\/schema\/person\/7701f8c088bece422266b100a712374f"},"breadcrumb":{"@id":"https:\/\/veritasinfo.org\/?p=1871#breadcrumb"},"inLanguage":"en-US","potentialAction":[{"@type":"ReadAction","target":["https:\/\/veritasinfo.org\/?p=1871"]}]},{"@type":"ImageObject","inLanguage":"en-US","@id":"https:\/\/veritasinfo.org\/?p=1871#primaryimage","url":"https:\/\/veritasinfo.org\/wp-content\/uploads\/2025\/06\/IMG_0094.jpeg","contentUrl":"https:\/\/veritasinfo.org\/wp-content\/uploads\/2025\/06\/IMG_0094.jpeg","width":318,"height":159},{"@type":"BreadcrumbList","@id":"https:\/\/veritasinfo.org\/?p=1871#breadcrumb","itemListElement":[{"@type":"ListItem","position":1,"name":"Home","item":"https:\/\/veritasinfo.org\/"},{"@type":"ListItem","position":2,"name":"Policia e Kosov\u00ebs menaxhoi situat\u00ebn e siguris\u00eb dhe mbar\u00ebvajtjen e aktiviteteve gjat\u00eb manifestimeve p\u00ebr \u2018Vidovdan\u201d"}]},{"@type":"WebSite","@id":"https:\/\/veritasinfo.org\/#website","url":"https:\/\/veritasinfo.org\/","name":"","description":"","potentialAction":[{"@type":"SearchAction","target":{"@type":"EntryPoint","urlTemplate":"https:\/\/veritasinfo.org\/?s={search_term_string}"},"query-input":{"@type":"PropertyValueSpecification","valueRequired":true,"valueName":"search_term_string"}}],"inLanguage":"en-US"},{"@type":"Person","@id":"https:\/\/veritasinfo.org\/#\/schema\/person\/7701f8c088bece422266b100a712374f","name":"admin","image":{"@type":"ImageObject","inLanguage":"en-US","@id":"https:\/\/veritasinfo.org\/#\/schema\/person\/image\/","url":"https:\/\/secure.gravatar.com\/avatar\/ea53aa3bf6c9a12d5fde8ce4deff43fef3885ae33cf60184161a50d6987cfd2f?s=96&d=mm&r=g","contentUrl":"https:\/\/secure.gravatar.com\/avatar\/ea53aa3bf6c9a12d5fde8ce4deff43fef3885ae33cf60184161a50d6987cfd2f?s=96&d=mm&r=g","caption":"admin"},"sameAs":["https:\/\/veritasinfo.org"],"url":"https:\/\/veritasinfo.org\/?author=1"}]}},"featured_image_urls":{"full":["https:\/\/veritasinfo.org\/wp-content\/uploads\/2025\/06\/IMG_0094.jpeg",318,159,false],"thumbnail":["https:\/\/veritasinfo.org\/wp-content\/uploads\/2025\/06\/IMG_0094-150x150.jpeg",150,150,true],"medium":["https:\/\/veritasinfo.org\/wp-content\/uploads\/2025\/06\/IMG_0094-300x150.jpeg",300,150,true],"medium_large":["https:\/\/veritasinfo.org\/wp-content\/uploads\/2025\/06\/IMG_0094.jpeg",318,159,false],"large":["https:\/\/veritasinfo.org\/wp-content\/uploads\/2025\/06\/IMG_0094.jpeg",318,159,false],"1536x1536":["https:\/\/veritasinfo.org\/wp-content\/uploads\/2025\/06\/IMG_0094.jpeg",318,159,false],"2048x2048":["https:\/\/veritasinfo.org\/wp-content\/uploads\/2025\/06\/IMG_0094.jpeg",318,159,false],"kreeti-slider-full":["https:\/\/veritasinfo.org\/wp-content\/uploads\/2025\/06\/IMG_0094.jpeg",318,159,false],"kreeti-featured":["https:\/\/veritasinfo.org\/wp-content\/uploads\/2025\/06\/IMG_0094.jpeg",318,159,false],"kreeti-medium":["https:\/\/veritasinfo.org\/wp-content\/uploads\/2025\/06\/IMG_0094.jpeg",318,159,false],"kreeti-medium-square":["https:\/\/veritasinfo.org\/wp-content\/uploads\/2025\/06\/IMG_0094.jpeg",318,159,false]},"author_info":{"info":["admin"]},"category_info":"<a href=\"https:\/\/veritasinfo.org\/?cat=60\" rel=\"category\">Shoq\u00ebrore<\/a>","tag_info":"Shoq\u00ebrore","comment_count":"0","_links":{"self":[{"href":"https:\/\/veritasinfo.org\/index.php?rest_route=\/wp\/v2\/posts\/1871","targetHints":{"allow":["GET"]}}],"collection":[{"href":"https:\/\/veritasinfo.org\/index.php?rest_route=\/wp\/v2\/posts"}],"about":[{"href":"https:\/\/veritasinfo.org\/index.php?rest_route=\/wp\/v2\/types\/post"}],"author":[{"embeddable":true,"href":"https:\/\/veritasinfo.org\/index.php?rest_route=\/wp\/v2\/users\/1"}],"replies":[{"embeddable":true,"href":"https:\/\/veritasinfo.org\/index.php?rest_route=%2Fwp%2Fv2%2Fcomments&post=1871"}],"version-history":[{"count":2,"href":"https:\/\/veritasinfo.org\/index.php?rest_route=\/wp\/v2\/posts\/1871\/revisions"}],"predecessor-version":[{"id":1875,"href":"https:\/\/veritasinfo.org\/index.php?rest_route=\/wp\/v2\/posts\/1871\/revisions\/1875"}],"wp:featuredmedia":[{"embeddable":true,"href":"https:\/\/veritasinfo.org\/index.php?rest_route=\/wp\/v2\/media\/1293"}],"wp:attachment":[{"href":"https:\/\/veritasinfo.org\/index.php?rest_route=%2Fwp%2Fv2%2Fmedia&parent=1871"}],"wp:term":[{"taxonomy":"category","embeddable":true,"href":"https:\/\/veritasinfo.org\/index.php?rest_route=%2Fwp%2Fv2%2Fcategories&post=1871"},{"taxonomy":"post_tag","embeddable":true,"href":"https:\/\/veritasinfo.org\/index.php?rest_route=%2Fwp%2Fv2%2Ftags&post=1871"}],"curies":[{"name":"wp","href":"https:\/\/api.w.org\/{rel}","templated":true}]}}