{"id":18662,"date":"2025-11-01T15:28:37","date_gmt":"2025-11-01T14:28:37","guid":{"rendered":"https:\/\/veritasinfo.org\/?p=18662"},"modified":"2025-11-01T15:28:37","modified_gmt":"2025-11-01T14:28:37","slug":"serbet-nga-kosova-qe-u-nisen-per-ta-mbeshtetur-vucicin-ofendohen-rende-ne-mrcajevc","status":"publish","type":"post","link":"https:\/\/veritasinfo.org\/?p=18662","title":{"rendered":"Serb\u00ebt nga Kosova q\u00eb u nis\u00ebn p\u00ebr ta mb\u00ebshtetur Vu\u00e7i\u00e7in, ofendohen r\u00ebnd\u00eb n\u00eb Mr\u00e7ajevc"},"content":{"rendered":"<p>Beograd, 1 N\u00ebntor 2025<\/p>\n<p>Nj\u00eb grup prej 60 serb\u00ebsh nga Kosova u nis\u00ebn m\u00eb 29 tetor n\u00eb k\u00ebmb\u00eb drejt Novi Sadit, me q\u00ebllim q\u00eb, si\u00e7 thon\u00eb ata, t\u00eb mb\u00ebshtesin presidentin e Serbis\u00eb, Aleksandar Vu\u00e7iq. Gjat\u00eb marshimit t\u00eb tyre, ata kaluan n\u00ebp\u00ebr Mr\u00e7ajevc, por banor\u00ebt, si\u00e7 d\u00ebgjohet n\u00eb video, nuk i prit\u00ebn si\u00e7 kishin menduar \u2013 p\u00ebrkundrazi, me sharje t\u00eb r\u00ebnda.<\/p>\n<p>Grupi i serb\u00ebve ishte nisur m\u00eb 29 tetor nga Rudnica p\u00ebr n\u00eb Novi Sad, nj\u00eb rrug\u00eb e gjat\u00eb 315 kilometra, q\u00eb do ta p\u00ebrshkojn\u00eb n\u00eb rreth 10 dit\u00eb ecjeje.<br \/>\nAta tashm\u00eb kishin arritur n\u00eb Mr\u00e7ajevc, dhe nd\u00ebrsa kalonin n\u00ebp\u00ebr rrug\u00ebn kryesore, t\u00eb shpejt\u00eb dhe pa ndalur, u p\u00ebrball\u00ebn me nj\u00eb shp\u00ebrthim fyerjesh nga nj\u00eb banor vendas.<\/p>\n<p>\u201cK\u00ebtu keni ardhur p\u00ebr t\u00eb b\u00ebr\u00eb d\u00ebm. Shkoni n\u00eb Kosov\u00eb e ecni atje! As nuk dini nga po shkoni!\u201d, \u2013 d\u00ebgjohet duke th\u00ebn\u00eb burri q\u00eb gjithashtu ka xhiruar videon.<\/p>\n","protected":false},"excerpt":{"rendered":"<p>Beograd, 1 N\u00ebntor 2025 Nj\u00eb grup prej 60 serb\u00ebsh nga Kosova u nis\u00ebn m\u00eb 29 tetor n\u00eb k\u00ebmb\u00eb drejt Novi Sadit, me q\u00ebllim q\u00eb, si\u00e7<\/p>\n","protected":false},"author":7,"featured_media":18645,"comment_status":"open","ping_status":"open","sticky":false,"template":"","format":"standard","meta":{"footnotes":""},"categories":[58],"tags":[],"class_list":["post-18662","post","type-post","status-publish","format-standard","has-post-thumbnail","hentry","category-politike-sq"],"yoast_head":"<!-- This site is optimized with the Yoast SEO plugin v25.3.1 - https:\/\/yoast.com\/wordpress\/plugins\/seo\/ -->\n<title>Serb\u00ebt nga Kosova q\u00eb u nis\u00ebn p\u00ebr ta mb\u00ebshtetur Vu\u00e7i\u00e7in, ofendohen r\u00ebnd\u00eb n\u00eb Mr\u00e7ajevc -<\/title>\n<meta name=\"robots\" content=\"index, follow, max-snippet:-1, max-image-preview:large, max-video-preview:-1\" \/>\n<link rel=\"canonical\" href=\"https:\/\/veritasinfo.org\/?p=18662\" \/>\n<meta property=\"og:locale\" content=\"en_US\" \/>\n<meta property=\"og:type\" content=\"article\" \/>\n<meta property=\"og:title\" content=\"Serb\u00ebt nga Kosova q\u00eb u nis\u00ebn p\u00ebr ta mb\u00ebshtetur Vu\u00e7i\u00e7in, ofendohen r\u00ebnd\u00eb n\u00eb Mr\u00e7ajevc -\" \/>\n<meta property=\"og:description\" content=\"Beograd, 1 N\u00ebntor 2025 Nj\u00eb grup prej 60 serb\u00ebsh nga Kosova u nis\u00ebn m\u00eb 29 tetor n\u00eb k\u00ebmb\u00eb drejt Novi Sadit, me q\u00ebllim q\u00eb, si\u00e7\" \/>\n<meta property=\"og:url\" content=\"https:\/\/veritasinfo.org\/?p=18662\" \/>\n<meta property=\"article:published_time\" content=\"2025-11-01T14:28:37+00:00\" \/>\n<meta property=\"og:image\" content=\"https:\/\/veritasinfo.org\/wp-content\/uploads\/2025\/11\/1761733578-srbi_sa_kosova_krenuli_u_novi_sad_6-1024x576-1.jpg\" \/>\n\t<meta property=\"og:image:width\" content=\"1024\" \/>\n\t<meta property=\"og:image:height\" content=\"576\" \/>\n\t<meta property=\"og:image:type\" content=\"image\/jpeg\" \/>\n<meta name=\"author\" content=\"US6\" \/>\n<meta name=\"twitter:card\" content=\"summary_large_image\" \/>\n<meta name=\"twitter:label1\" content=\"Written by\" \/>\n\t<meta name=\"twitter:data1\" content=\"US6\" \/>\n\t<meta name=\"twitter:label2\" content=\"Est. reading time\" \/>\n\t<meta name=\"twitter:data2\" content=\"1 minute\" \/>\n<script type=\"application\/ld+json\" class=\"yoast-schema-graph\">{\"@context\":\"https:\/\/schema.org\",\"@graph\":[{\"@type\":\"WebPage\",\"@id\":\"https:\/\/veritasinfo.org\/?p=18662\",\"url\":\"https:\/\/veritasinfo.org\/?p=18662\",\"name\":\"Serb\u00ebt nga Kosova q\u00eb u nis\u00ebn p\u00ebr ta mb\u00ebshtetur Vu\u00e7i\u00e7in, ofendohen r\u00ebnd\u00eb n\u00eb Mr\u00e7ajevc -\",\"isPartOf\":{\"@id\":\"https:\/\/veritasinfo.org\/#website\"},\"primaryImageOfPage\":{\"@id\":\"https:\/\/veritasinfo.org\/?p=18662#primaryimage\"},\"image\":{\"@id\":\"https:\/\/veritasinfo.org\/?p=18662#primaryimage\"},\"thumbnailUrl\":\"https:\/\/veritasinfo.org\/wp-content\/uploads\/2025\/11\/1761733578-srbi_sa_kosova_krenuli_u_novi_sad_6-1024x576-1.jpg\",\"datePublished\":\"2025-11-01T14:28:37+00:00\",\"author\":{\"@id\":\"https:\/\/veritasinfo.org\/#\/schema\/person\/fe199eede04c3937362892b7444747cc\"},\"breadcrumb\":{\"@id\":\"https:\/\/veritasinfo.org\/?p=18662#breadcrumb\"},\"inLanguage\":\"en-US\",\"potentialAction\":[{\"@type\":\"ReadAction\",\"target\":[\"https:\/\/veritasinfo.org\/?p=18662\"]}]},{\"@type\":\"ImageObject\",\"inLanguage\":\"en-US\",\"@id\":\"https:\/\/veritasinfo.org\/?p=18662#primaryimage\",\"url\":\"https:\/\/veritasinfo.org\/wp-content\/uploads\/2025\/11\/1761733578-srbi_sa_kosova_krenuli_u_novi_sad_6-1024x576-1.jpg\",\"contentUrl\":\"https:\/\/veritasinfo.org\/wp-content\/uploads\/2025\/11\/1761733578-srbi_sa_kosova_krenuli_u_novi_sad_6-1024x576-1.jpg\",\"width\":1024,\"height\":576},{\"@type\":\"BreadcrumbList\",\"@id\":\"https:\/\/veritasinfo.org\/?p=18662#breadcrumb\",\"itemListElement\":[{\"@type\":\"ListItem\",\"position\":1,\"name\":\"Home\",\"item\":\"https:\/\/veritasinfo.org\/\"},{\"@type\":\"ListItem\",\"position\":2,\"name\":\"Serb\u00ebt nga Kosova q\u00eb u nis\u00ebn p\u00ebr ta mb\u00ebshtetur Vu\u00e7i\u00e7in, ofendohen r\u00ebnd\u00eb n\u00eb Mr\u00e7ajevc\"}]},{\"@type\":\"WebSite\",\"@id\":\"https:\/\/veritasinfo.org\/#website\",\"url\":\"https:\/\/veritasinfo.org\/\",\"name\":\"\",\"description\":\"\",\"potentialAction\":[{\"@type\":\"SearchAction\",\"target\":{\"@type\":\"EntryPoint\",\"urlTemplate\":\"https:\/\/veritasinfo.org\/?s={search_term_string}\"},\"query-input\":{\"@type\":\"PropertyValueSpecification\",\"valueRequired\":true,\"valueName\":\"search_term_string\"}}],\"inLanguage\":\"en-US\"},{\"@type\":\"Person\",\"@id\":\"https:\/\/veritasinfo.org\/#\/schema\/person\/fe199eede04c3937362892b7444747cc\",\"name\":\"US6\",\"image\":{\"@type\":\"ImageObject\",\"inLanguage\":\"en-US\",\"@id\":\"https:\/\/veritasinfo.org\/#\/schema\/person\/image\/\",\"url\":\"https:\/\/secure.gravatar.com\/avatar\/cb16c3c31c9d23b9b8c705964598220b3014e42ff51eb540ff23cefa3ae8c15f?s=96&d=mm&r=g\",\"contentUrl\":\"https:\/\/secure.gravatar.com\/avatar\/cb16c3c31c9d23b9b8c705964598220b3014e42ff51eb540ff23cefa3ae8c15f?s=96&d=mm&r=g\",\"caption\":\"US6\"},\"url\":\"https:\/\/veritasinfo.org\/?author=7\"}]}<\/script>\n<!-- \/ Yoast SEO plugin. -->","yoast_head_json":{"title":"Serb\u00ebt nga Kosova q\u00eb u nis\u00ebn p\u00ebr ta mb\u00ebshtetur Vu\u00e7i\u00e7in, ofendohen r\u00ebnd\u00eb n\u00eb Mr\u00e7ajevc -","robots":{"index":"index","follow":"follow","max-snippet":"max-snippet:-1","max-image-preview":"max-image-preview:large","max-video-preview":"max-video-preview:-1"},"canonical":"https:\/\/veritasinfo.org\/?p=18662","og_locale":"en_US","og_type":"article","og_title":"Serb\u00ebt nga Kosova q\u00eb u nis\u00ebn p\u00ebr ta mb\u00ebshtetur Vu\u00e7i\u00e7in, ofendohen r\u00ebnd\u00eb n\u00eb Mr\u00e7ajevc -","og_description":"Beograd, 1 N\u00ebntor 2025 Nj\u00eb grup prej 60 serb\u00ebsh nga Kosova u nis\u00ebn m\u00eb 29 tetor n\u00eb k\u00ebmb\u00eb drejt Novi Sadit, me q\u00ebllim q\u00eb, si\u00e7","og_url":"https:\/\/veritasinfo.org\/?p=18662","article_published_time":"2025-11-01T14:28:37+00:00","og_image":[{"width":1024,"height":576,"url":"https:\/\/veritasinfo.org\/wp-content\/uploads\/2025\/11\/1761733578-srbi_sa_kosova_krenuli_u_novi_sad_6-1024x576-1.jpg","type":"image\/jpeg"}],"author":"US6","twitter_card":"summary_large_image","twitter_misc":{"Written by":"US6","Est. reading time":"1 minute"},"schema":{"@context":"https:\/\/schema.org","@graph":[{"@type":"WebPage","@id":"https:\/\/veritasinfo.org\/?p=18662","url":"https:\/\/veritasinfo.org\/?p=18662","name":"Serb\u00ebt nga Kosova q\u00eb u nis\u00ebn p\u00ebr ta mb\u00ebshtetur Vu\u00e7i\u00e7in, ofendohen r\u00ebnd\u00eb n\u00eb Mr\u00e7ajevc -","isPartOf":{"@id":"https:\/\/veritasinfo.org\/#website"},"primaryImageOfPage":{"@id":"https:\/\/veritasinfo.org\/?p=18662#primaryimage"},"image":{"@id":"https:\/\/veritasinfo.org\/?p=18662#primaryimage"},"thumbnailUrl":"https:\/\/veritasinfo.org\/wp-content\/uploads\/2025\/11\/1761733578-srbi_sa_kosova_krenuli_u_novi_sad_6-1024x576-1.jpg","datePublished":"2025-11-01T14:28:37+00:00","author":{"@id":"https:\/\/veritasinfo.org\/#\/schema\/person\/fe199eede04c3937362892b7444747cc"},"breadcrumb":{"@id":"https:\/\/veritasinfo.org\/?p=18662#breadcrumb"},"inLanguage":"en-US","potentialAction":[{"@type":"ReadAction","target":["https:\/\/veritasinfo.org\/?p=18662"]}]},{"@type":"ImageObject","inLanguage":"en-US","@id":"https:\/\/veritasinfo.org\/?p=18662#primaryimage","url":"https:\/\/veritasinfo.org\/wp-content\/uploads\/2025\/11\/1761733578-srbi_sa_kosova_krenuli_u_novi_sad_6-1024x576-1.jpg","contentUrl":"https:\/\/veritasinfo.org\/wp-content\/uploads\/2025\/11\/1761733578-srbi_sa_kosova_krenuli_u_novi_sad_6-1024x576-1.jpg","width":1024,"height":576},{"@type":"BreadcrumbList","@id":"https:\/\/veritasinfo.org\/?p=18662#breadcrumb","itemListElement":[{"@type":"ListItem","position":1,"name":"Home","item":"https:\/\/veritasinfo.org\/"},{"@type":"ListItem","position":2,"name":"Serb\u00ebt nga Kosova q\u00eb u nis\u00ebn p\u00ebr ta mb\u00ebshtetur Vu\u00e7i\u00e7in, ofendohen r\u00ebnd\u00eb n\u00eb Mr\u00e7ajevc"}]},{"@type":"WebSite","@id":"https:\/\/veritasinfo.org\/#website","url":"https:\/\/veritasinfo.org\/","name":"","description":"","potentialAction":[{"@type":"SearchAction","target":{"@type":"EntryPoint","urlTemplate":"https:\/\/veritasinfo.org\/?s={search_term_string}"},"query-input":{"@type":"PropertyValueSpecification","valueRequired":true,"valueName":"search_term_string"}}],"inLanguage":"en-US"},{"@type":"Person","@id":"https:\/\/veritasinfo.org\/#\/schema\/person\/fe199eede04c3937362892b7444747cc","name":"US6","image":{"@type":"ImageObject","inLanguage":"en-US","@id":"https:\/\/veritasinfo.org\/#\/schema\/person\/image\/","url":"https:\/\/secure.gravatar.com\/avatar\/cb16c3c31c9d23b9b8c705964598220b3014e42ff51eb540ff23cefa3ae8c15f?s=96&d=mm&r=g","contentUrl":"https:\/\/secure.gravatar.com\/avatar\/cb16c3c31c9d23b9b8c705964598220b3014e42ff51eb540ff23cefa3ae8c15f?s=96&d=mm&r=g","caption":"US6"},"url":"https:\/\/veritasinfo.org\/?author=7"}]}},"featured_image_urls":{"full":["https:\/\/veritasinfo.org\/wp-content\/uploads\/2025\/11\/1761733578-srbi_sa_kosova_krenuli_u_novi_sad_6-1024x576-1.jpg",1024,576,false],"thumbnail":["https:\/\/veritasinfo.org\/wp-content\/uploads\/2025\/11\/1761733578-srbi_sa_kosova_krenuli_u_novi_sad_6-1024x576-1-150x150.jpg",150,150,true],"medium":["https:\/\/veritasinfo.org\/wp-content\/uploads\/2025\/11\/1761733578-srbi_sa_kosova_krenuli_u_novi_sad_6-1024x576-1-300x169.jpg",300,169,true],"medium_large":["https:\/\/veritasinfo.org\/wp-content\/uploads\/2025\/11\/1761733578-srbi_sa_kosova_krenuli_u_novi_sad_6-1024x576-1-768x432.jpg",640,360,true],"large":["https:\/\/veritasinfo.org\/wp-content\/uploads\/2025\/11\/1761733578-srbi_sa_kosova_krenuli_u_novi_sad_6-1024x576-1.jpg",640,360,false],"1536x1536":["https:\/\/veritasinfo.org\/wp-content\/uploads\/2025\/11\/1761733578-srbi_sa_kosova_krenuli_u_novi_sad_6-1024x576-1.jpg",1024,576,false],"2048x2048":["https:\/\/veritasinfo.org\/wp-content\/uploads\/2025\/11\/1761733578-srbi_sa_kosova_krenuli_u_novi_sad_6-1024x576-1.jpg",1024,576,false],"kreeti-slider-full":["https:\/\/veritasinfo.org\/wp-content\/uploads\/2025\/11\/1761733578-srbi_sa_kosova_krenuli_u_novi_sad_6-1024x576-1.jpg",1024,576,false],"kreeti-featured":["https:\/\/veritasinfo.org\/wp-content\/uploads\/2025\/11\/1761733578-srbi_sa_kosova_krenuli_u_novi_sad_6-1024x576-1.jpg",1024,576,false],"kreeti-medium":["https:\/\/veritasinfo.org\/wp-content\/uploads\/2025\/11\/1761733578-srbi_sa_kosova_krenuli_u_novi_sad_6-1024x576-1.jpg",720,405,false],"kreeti-medium-square":["https:\/\/veritasinfo.org\/wp-content\/uploads\/2025\/11\/1761733578-srbi_sa_kosova_krenuli_u_novi_sad_6-1024x576-1.jpg",350,197,false]},"author_info":{"info":["US6"]},"category_info":"<a href=\"https:\/\/veritasinfo.org\/?cat=58\" rel=\"category\">Politik\u00eb<\/a>","tag_info":"Politik\u00eb","comment_count":"0","_links":{"self":[{"href":"https:\/\/veritasinfo.org\/index.php?rest_route=\/wp\/v2\/posts\/18662","targetHints":{"allow":["GET"]}}],"collection":[{"href":"https:\/\/veritasinfo.org\/index.php?rest_route=\/wp\/v2\/posts"}],"about":[{"href":"https:\/\/veritasinfo.org\/index.php?rest_route=\/wp\/v2\/types\/post"}],"author":[{"embeddable":true,"href":"https:\/\/veritasinfo.org\/index.php?rest_route=\/wp\/v2\/users\/7"}],"replies":[{"embeddable":true,"href":"https:\/\/veritasinfo.org\/index.php?rest_route=%2Fwp%2Fv2%2Fcomments&post=18662"}],"version-history":[{"count":1,"href":"https:\/\/veritasinfo.org\/index.php?rest_route=\/wp\/v2\/posts\/18662\/revisions"}],"predecessor-version":[{"id":18663,"href":"https:\/\/veritasinfo.org\/index.php?rest_route=\/wp\/v2\/posts\/18662\/revisions\/18663"}],"wp:featuredmedia":[{"embeddable":true,"href":"https:\/\/veritasinfo.org\/index.php?rest_route=\/wp\/v2\/media\/18645"}],"wp:attachment":[{"href":"https:\/\/veritasinfo.org\/index.php?rest_route=%2Fwp%2Fv2%2Fmedia&parent=18662"}],"wp:term":[{"taxonomy":"category","embeddable":true,"href":"https:\/\/veritasinfo.org\/index.php?rest_route=%2Fwp%2Fv2%2Fcategories&post=18662"},{"taxonomy":"post_tag","embeddable":true,"href":"https:\/\/veritasinfo.org\/index.php?rest_route=%2Fwp%2Fv2%2Ftags&post=18662"}],"curies":[{"name":"wp","href":"https:\/\/api.w.org\/{rel}","templated":true}]}}