{"id":1866,"date":"2025-06-28T15:58:09","date_gmt":"2025-06-28T13:58:09","guid":{"rendered":"https:\/\/veritasinfo.org\/?p=1866"},"modified":"2025-06-28T15:58:59","modified_gmt":"2025-06-28T13:58:59","slug":"kf-drenica-je-privatizovana","status":"publish","type":"post","link":"https:\/\/veritasinfo.org\/?p=1866&lang=sr","title":{"rendered":"KF \u201eDrenica\u201c je privatizovana"},"content":{"rendered":"<p>Srbice, 28. jun 2025.<\/p>\n<p>Gradona\u010delnik op\u0161tine Skenderaj, Fadilj Nura, objavio je putem objave na Fejsbuku da \u0107e se u ponedeljak, sa po\u010detkom u 17:00 \u010dasova, odr\u017eati ceremonija privatizacije Fudbalskog kluba \u201eDrenica\u201c.<\/p>\n<p>Nura se zahvalila svima koji su tokom godina doprineli klubu.<\/p>\n<p>Veritas je obezbedio snimak posete kupaca kluba Trgu \u201eAdem Ja\u0161ari\u201c.<\/p>\n<p><img fetchpriority=\"high\" decoding=\"async\" class=\"alignnone size-medium wp-image-1857\" src=\"https:\/\/veritasinfo.org\/wp-content\/uploads\/2025\/06\/IMG_1601-225x300.jpeg\" alt=\"\" width=\"225\" height=\"300\" srcset=\"https:\/\/veritasinfo.org\/wp-content\/uploads\/2025\/06\/IMG_1601-225x300.jpeg 225w, https:\/\/veritasinfo.org\/wp-content\/uploads\/2025\/06\/IMG_1601-768x1024.jpeg 768w, https:\/\/veritasinfo.org\/wp-content\/uploads\/2025\/06\/IMG_1601-1152x1536.jpeg 1152w, https:\/\/veritasinfo.org\/wp-content\/uploads\/2025\/06\/IMG_1601-1536x2048.jpeg 1536w, https:\/\/veritasinfo.org\/wp-content\/uploads\/2025\/06\/IMG_1601-scaled.jpeg 1920w\" sizes=\"(max-width: 225px) 100vw, 225px\" \/><\/p>\n<p>Ispod je cela objava Fadila Nure:<\/p>\n<p>Va\u017eno saop\u0161tenje!<br \/>\nDragi gra\u0111ani, \u010dlanovi navija\u010dkog kluba \u201eCrni orlovi\u201c, veterani profesionalnog fudbala i navija\u010di na\u0161eg tima FK \u201eDrenica\u201c,<br \/>\nSa zadovoljstvom vas pozivamo na ceremoniju potpisivanja istorijskog ugovora o privatizaciji Fudbalskog kluba \u201eDrenica\u201c, koja \u0107e se sve\u010dano odr\u017eati na stadionu \u201eBajram Aljiu\u201c, 30. juna, od 17 \u010dasova.<br \/>\nPovratak na\u0161eg voljenog tima u elitu kosovskog fudbala bio je sre\u0107an, nakon pozitivnih pomaka u postizanju dogovora sa stranim investitorima i sunarodnicima, kako bi se pregovara\u010dki period finalizovao potpisivanjem sporazuma, koji garantuje svetlu budu\u0107nost za klub, fudbalske \u0161kole i generacije dana\u0161njice i sutra\u0161njice koje \u0107e dolaziti da igraju za crveno-crne boje.<br \/>\nSre\u0107an sam \u0161to pru\u017eamo priliku pozitivnom razvoju na\u0161eg kluba, sa na\u0161im prijateljima investitorima sa jasnom vizijom i projektom za budu\u0107nost dreni\u010dkog fudbala.<\/p>\n<p>U ponedeljak, 30. juna, od 17 \u010dasova na stadionu \u201eBajram Aljiu\u201c, potpisuje se svetla budu\u0107nost za FK \u201eDrenica\u201c!<br \/>\nHvala svima koji su je odr\u017eali u \u017eivotu, koji su je branili sa fanatizmom i koji su joj dali slavu, od 1958. godine do danas!<br \/>\nIstorija priznaje va\u0161e zasluge!<\/p>\n","protected":false},"excerpt":{"rendered":"<p>Srbice, 28. jun 2025. Gradona\u010delnik op\u0161tine Skenderaj, Fadilj Nura, objavio je putem objave na Fejsbuku da \u0107e se u ponedeljak, sa po\u010detkom u 17:00 \u010dasova,<\/p>\n","protected":false},"author":1,"featured_media":1859,"comment_status":"open","ping_status":"open","sticky":false,"template":"","format":"standard","meta":{"footnotes":""},"categories":[36],"tags":[],"class_list":["post-1866","post","type-post","status-publish","format-standard","has-post-thumbnail","hentry","category-sport-sr"],"yoast_head":"<!-- This site is optimized with the Yoast SEO plugin v25.3.1 - https:\/\/yoast.com\/wordpress\/plugins\/seo\/ -->\n<title>KF \u201eDrenica\u201c je privatizovana -<\/title>\n<meta name=\"robots\" content=\"index, follow, max-snippet:-1, max-image-preview:large, max-video-preview:-1\" \/>\n<link rel=\"canonical\" href=\"https:\/\/veritasinfo.org\/?p=1866&lang=sr\" \/>\n<meta property=\"og:locale\" content=\"en_US\" \/>\n<meta property=\"og:type\" content=\"article\" \/>\n<meta property=\"og:title\" content=\"KF \u201eDrenica\u201c je privatizovana -\" \/>\n<meta property=\"og:description\" content=\"Srbice, 28. jun 2025. Gradona\u010delnik op\u0161tine Skenderaj, Fadilj Nura, objavio je putem objave na Fejsbuku da \u0107e se u ponedeljak, sa po\u010detkom u 17:00 \u010dasova,\" \/>\n<meta property=\"og:url\" content=\"https:\/\/veritasinfo.org\/?p=1866&amp;lang=sr\" \/>\n<meta property=\"article:published_time\" content=\"2025-06-28T13:58:09+00:00\" \/>\n<meta property=\"article:modified_time\" content=\"2025-06-28T13:58:59+00:00\" \/>\n<meta property=\"og:image\" content=\"https:\/\/veritasinfo.org\/wp-content\/uploads\/2025\/06\/IMG_1603.jpeg\" \/>\n\t<meta property=\"og:image:width\" content=\"400\" \/>\n\t<meta property=\"og:image:height\" content=\"400\" \/>\n\t<meta property=\"og:image:type\" content=\"image\/jpeg\" \/>\n<meta name=\"author\" content=\"admin\" \/>\n<meta name=\"twitter:card\" content=\"summary_large_image\" \/>\n<meta name=\"twitter:label1\" content=\"Written by\" \/>\n\t<meta name=\"twitter:data1\" content=\"admin\" \/>\n\t<meta name=\"twitter:label2\" content=\"Est. reading time\" \/>\n\t<meta name=\"twitter:data2\" content=\"2 minutes\" \/>\n<script type=\"application\/ld+json\" class=\"yoast-schema-graph\">{\"@context\":\"https:\/\/schema.org\",\"@graph\":[{\"@type\":\"WebPage\",\"@id\":\"https:\/\/veritasinfo.org\/?p=1866&lang=sr\",\"url\":\"https:\/\/veritasinfo.org\/?p=1866&lang=sr\",\"name\":\"KF \u201eDrenica\u201c je privatizovana -\",\"isPartOf\":{\"@id\":\"https:\/\/veritasinfo.org\/#website\"},\"primaryImageOfPage\":{\"@id\":\"https:\/\/veritasinfo.org\/?p=1866&lang=sr#primaryimage\"},\"image\":{\"@id\":\"https:\/\/veritasinfo.org\/?p=1866&lang=sr#primaryimage\"},\"thumbnailUrl\":\"https:\/\/veritasinfo.org\/wp-content\/uploads\/2025\/06\/IMG_1603.jpeg\",\"datePublished\":\"2025-06-28T13:58:09+00:00\",\"dateModified\":\"2025-06-28T13:58:59+00:00\",\"author\":{\"@id\":\"https:\/\/veritasinfo.org\/#\/schema\/person\/7701f8c088bece422266b100a712374f\"},\"breadcrumb\":{\"@id\":\"https:\/\/veritasinfo.org\/?p=1866&lang=sr#breadcrumb\"},\"inLanguage\":\"en-US\",\"potentialAction\":[{\"@type\":\"ReadAction\",\"target\":[\"https:\/\/veritasinfo.org\/?p=1866&lang=sr\"]}]},{\"@type\":\"ImageObject\",\"inLanguage\":\"en-US\",\"@id\":\"https:\/\/veritasinfo.org\/?p=1866&lang=sr#primaryimage\",\"url\":\"https:\/\/veritasinfo.org\/wp-content\/uploads\/2025\/06\/IMG_1603.jpeg\",\"contentUrl\":\"https:\/\/veritasinfo.org\/wp-content\/uploads\/2025\/06\/IMG_1603.jpeg\",\"width\":400,\"height\":400},{\"@type\":\"BreadcrumbList\",\"@id\":\"https:\/\/veritasinfo.org\/?p=1866&lang=sr#breadcrumb\",\"itemListElement\":[{\"@type\":\"ListItem\",\"position\":1,\"name\":\"Home\",\"item\":\"https:\/\/veritasinfo.org\/\"},{\"@type\":\"ListItem\",\"position\":2,\"name\":\"KF \u201eDrenica\u201c je privatizovana\"}]},{\"@type\":\"WebSite\",\"@id\":\"https:\/\/veritasinfo.org\/#website\",\"url\":\"https:\/\/veritasinfo.org\/\",\"name\":\"\",\"description\":\"\",\"potentialAction\":[{\"@type\":\"SearchAction\",\"target\":{\"@type\":\"EntryPoint\",\"urlTemplate\":\"https:\/\/veritasinfo.org\/?s={search_term_string}\"},\"query-input\":{\"@type\":\"PropertyValueSpecification\",\"valueRequired\":true,\"valueName\":\"search_term_string\"}}],\"inLanguage\":\"en-US\"},{\"@type\":\"Person\",\"@id\":\"https:\/\/veritasinfo.org\/#\/schema\/person\/7701f8c088bece422266b100a712374f\",\"name\":\"admin\",\"image\":{\"@type\":\"ImageObject\",\"inLanguage\":\"en-US\",\"@id\":\"https:\/\/veritasinfo.org\/#\/schema\/person\/image\/\",\"url\":\"https:\/\/secure.gravatar.com\/avatar\/ea53aa3bf6c9a12d5fde8ce4deff43fef3885ae33cf60184161a50d6987cfd2f?s=96&d=mm&r=g\",\"contentUrl\":\"https:\/\/secure.gravatar.com\/avatar\/ea53aa3bf6c9a12d5fde8ce4deff43fef3885ae33cf60184161a50d6987cfd2f?s=96&d=mm&r=g\",\"caption\":\"admin\"},\"sameAs\":[\"https:\/\/veritasinfo.org\"],\"url\":\"https:\/\/veritasinfo.org\/?author=1\"}]}<\/script>\n<!-- \/ Yoast SEO plugin. -->","yoast_head_json":{"title":"KF \u201eDrenica\u201c je privatizovana -","robots":{"index":"index","follow":"follow","max-snippet":"max-snippet:-1","max-image-preview":"max-image-preview:large","max-video-preview":"max-video-preview:-1"},"canonical":"https:\/\/veritasinfo.org\/?p=1866&lang=sr","og_locale":"en_US","og_type":"article","og_title":"KF \u201eDrenica\u201c je privatizovana -","og_description":"Srbice, 28. jun 2025. Gradona\u010delnik op\u0161tine Skenderaj, Fadilj Nura, objavio je putem objave na Fejsbuku da \u0107e se u ponedeljak, sa po\u010detkom u 17:00 \u010dasova,","og_url":"https:\/\/veritasinfo.org\/?p=1866&lang=sr","article_published_time":"2025-06-28T13:58:09+00:00","article_modified_time":"2025-06-28T13:58:59+00:00","og_image":[{"width":400,"height":400,"url":"https:\/\/veritasinfo.org\/wp-content\/uploads\/2025\/06\/IMG_1603.jpeg","type":"image\/jpeg"}],"author":"admin","twitter_card":"summary_large_image","twitter_misc":{"Written by":"admin","Est. reading time":"2 minutes"},"schema":{"@context":"https:\/\/schema.org","@graph":[{"@type":"WebPage","@id":"https:\/\/veritasinfo.org\/?p=1866&lang=sr","url":"https:\/\/veritasinfo.org\/?p=1866&lang=sr","name":"KF \u201eDrenica\u201c je privatizovana -","isPartOf":{"@id":"https:\/\/veritasinfo.org\/#website"},"primaryImageOfPage":{"@id":"https:\/\/veritasinfo.org\/?p=1866&lang=sr#primaryimage"},"image":{"@id":"https:\/\/veritasinfo.org\/?p=1866&lang=sr#primaryimage"},"thumbnailUrl":"https:\/\/veritasinfo.org\/wp-content\/uploads\/2025\/06\/IMG_1603.jpeg","datePublished":"2025-06-28T13:58:09+00:00","dateModified":"2025-06-28T13:58:59+00:00","author":{"@id":"https:\/\/veritasinfo.org\/#\/schema\/person\/7701f8c088bece422266b100a712374f"},"breadcrumb":{"@id":"https:\/\/veritasinfo.org\/?p=1866&lang=sr#breadcrumb"},"inLanguage":"en-US","potentialAction":[{"@type":"ReadAction","target":["https:\/\/veritasinfo.org\/?p=1866&lang=sr"]}]},{"@type":"ImageObject","inLanguage":"en-US","@id":"https:\/\/veritasinfo.org\/?p=1866&lang=sr#primaryimage","url":"https:\/\/veritasinfo.org\/wp-content\/uploads\/2025\/06\/IMG_1603.jpeg","contentUrl":"https:\/\/veritasinfo.org\/wp-content\/uploads\/2025\/06\/IMG_1603.jpeg","width":400,"height":400},{"@type":"BreadcrumbList","@id":"https:\/\/veritasinfo.org\/?p=1866&lang=sr#breadcrumb","itemListElement":[{"@type":"ListItem","position":1,"name":"Home","item":"https:\/\/veritasinfo.org\/"},{"@type":"ListItem","position":2,"name":"KF \u201eDrenica\u201c je privatizovana"}]},{"@type":"WebSite","@id":"https:\/\/veritasinfo.org\/#website","url":"https:\/\/veritasinfo.org\/","name":"","description":"","potentialAction":[{"@type":"SearchAction","target":{"@type":"EntryPoint","urlTemplate":"https:\/\/veritasinfo.org\/?s={search_term_string}"},"query-input":{"@type":"PropertyValueSpecification","valueRequired":true,"valueName":"search_term_string"}}],"inLanguage":"en-US"},{"@type":"Person","@id":"https:\/\/veritasinfo.org\/#\/schema\/person\/7701f8c088bece422266b100a712374f","name":"admin","image":{"@type":"ImageObject","inLanguage":"en-US","@id":"https:\/\/veritasinfo.org\/#\/schema\/person\/image\/","url":"https:\/\/secure.gravatar.com\/avatar\/ea53aa3bf6c9a12d5fde8ce4deff43fef3885ae33cf60184161a50d6987cfd2f?s=96&d=mm&r=g","contentUrl":"https:\/\/secure.gravatar.com\/avatar\/ea53aa3bf6c9a12d5fde8ce4deff43fef3885ae33cf60184161a50d6987cfd2f?s=96&d=mm&r=g","caption":"admin"},"sameAs":["https:\/\/veritasinfo.org"],"url":"https:\/\/veritasinfo.org\/?author=1"}]}},"featured_image_urls":{"full":["https:\/\/veritasinfo.org\/wp-content\/uploads\/2025\/06\/IMG_1603.jpeg",400,400,false],"thumbnail":["https:\/\/veritasinfo.org\/wp-content\/uploads\/2025\/06\/IMG_1603-150x150.jpeg",150,150,true],"medium":["https:\/\/veritasinfo.org\/wp-content\/uploads\/2025\/06\/IMG_1603-300x300.jpeg",300,300,true],"medium_large":["https:\/\/veritasinfo.org\/wp-content\/uploads\/2025\/06\/IMG_1603.jpeg",400,400,false],"large":["https:\/\/veritasinfo.org\/wp-content\/uploads\/2025\/06\/IMG_1603.jpeg",400,400,false],"1536x1536":["https:\/\/veritasinfo.org\/wp-content\/uploads\/2025\/06\/IMG_1603.jpeg",400,400,false],"2048x2048":["https:\/\/veritasinfo.org\/wp-content\/uploads\/2025\/06\/IMG_1603.jpeg",400,400,false],"kreeti-slider-full":["https:\/\/veritasinfo.org\/wp-content\/uploads\/2025\/06\/IMG_1603.jpeg",400,400,false],"kreeti-featured":["https:\/\/veritasinfo.org\/wp-content\/uploads\/2025\/06\/IMG_1603.jpeg",400,400,false],"kreeti-medium":["https:\/\/veritasinfo.org\/wp-content\/uploads\/2025\/06\/IMG_1603.jpeg",400,400,false],"kreeti-medium-square":["https:\/\/veritasinfo.org\/wp-content\/uploads\/2025\/06\/IMG_1603.jpeg",350,350,false]},"author_info":{"info":["admin"]},"category_info":"<a href=\"https:\/\/veritasinfo.org\/?cat=36&#038;lang=sr\" rel=\"category\">Sport<\/a>","tag_info":"Sport","comment_count":"0","_links":{"self":[{"href":"https:\/\/veritasinfo.org\/index.php?rest_route=\/wp\/v2\/posts\/1866","targetHints":{"allow":["GET"]}}],"collection":[{"href":"https:\/\/veritasinfo.org\/index.php?rest_route=\/wp\/v2\/posts"}],"about":[{"href":"https:\/\/veritasinfo.org\/index.php?rest_route=\/wp\/v2\/types\/post"}],"author":[{"embeddable":true,"href":"https:\/\/veritasinfo.org\/index.php?rest_route=\/wp\/v2\/users\/1"}],"replies":[{"embeddable":true,"href":"https:\/\/veritasinfo.org\/index.php?rest_route=%2Fwp%2Fv2%2Fcomments&post=1866"}],"version-history":[{"count":2,"href":"https:\/\/veritasinfo.org\/index.php?rest_route=\/wp\/v2\/posts\/1866\/revisions"}],"predecessor-version":[{"id":1868,"href":"https:\/\/veritasinfo.org\/index.php?rest_route=\/wp\/v2\/posts\/1866\/revisions\/1868"}],"wp:featuredmedia":[{"embeddable":true,"href":"https:\/\/veritasinfo.org\/index.php?rest_route=\/wp\/v2\/media\/1859"}],"wp:attachment":[{"href":"https:\/\/veritasinfo.org\/index.php?rest_route=%2Fwp%2Fv2%2Fmedia&parent=1866"}],"wp:term":[{"taxonomy":"category","embeddable":true,"href":"https:\/\/veritasinfo.org\/index.php?rest_route=%2Fwp%2Fv2%2Fcategories&post=1866"},{"taxonomy":"post_tag","embeddable":true,"href":"https:\/\/veritasinfo.org\/index.php?rest_route=%2Fwp%2Fv2%2Ftags&post=1866"}],"curies":[{"name":"wp","href":"https:\/\/api.w.org\/{rel}","templated":true}]}}