{"id":18634,"date":"2025-11-01T12:19:02","date_gmt":"2025-11-01T11:19:02","guid":{"rendered":"https:\/\/veritasinfo.org\/?p=18634"},"modified":"2025-11-01T12:19:02","modified_gmt":"2025-11-01T11:19:02","slug":"tubim-masiv-ne-novi-sad-perkujtim-ne-pervjetorin-e-tragjedise-por-edhe-proteste-kunder-pushtetit","status":"publish","type":"post","link":"https:\/\/veritasinfo.org\/?p=18634","title":{"rendered":"Tubim masiv n\u00eb Novi Sad:  P\u00ebrkujtim n\u00eb p\u00ebrvjetorin e tragjedis\u00eb, por edhe protest\u00eb kund\u00ebr pushtetit"},"content":{"rendered":"<p>Novi Sad, 1 N\u00ebntor 2025<\/p>\n<p>N\u00eb Novi Sad sot \u00ebsht\u00eb mbajtur nj\u00eb p\u00ebrkujtim i madh me rastin e nj\u00ebvjetorit t\u00eb tragjedis\u00eb kur, si pasoj\u00eb e shembjes s\u00eb nj\u00eb tendine n\u00eb nj\u00eb qend\u00ebr tregtare, humb\u00ebn jet\u00ebn 15 persona, nd\u00ebrsa dhjet\u00ebra t\u00eb tjer\u00eb u plagos\u00ebn. Tubimi, i cili filloi me nj\u00eb minut\u00eb heshtjeje dhe ndezje qirinjsh, u shnd\u00ebrrua n\u00eb nj\u00eb protest\u00eb masive t\u00eb qytetar\u00ebve kund\u00ebr pushtetit n\u00eb Serbi.<\/p>\n<p>Mij\u00ebra qytetar\u00eb nga Novi Sadi dhe qytete t\u00eb tjera u mblodh\u00ebn n\u00eb qend\u00ebr t\u00eb qytetit, duke mbajtur pankarta me mesazhe si \u201cDrejt\u00ebsi p\u00ebr 15\u201d, \u201cNuk harrojm\u00eb\u201d dhe \u201cP\u00ebrgjegj\u00ebsi, jo justifikime\u201d. Shum\u00eb pjes\u00ebmarr\u00ebs theksuan se tragjedia nuk ishte nj\u00eb aksident i rast\u00ebsish\u00ebm, por pasoj\u00eb e neglizhenc\u00ebs, korrupsionit dhe mang\u00ebsive n\u00eb sistem.<\/p>\n<p>\u201cPrej nj\u00eb viti po presim t\u00eb v\u00ebrtet\u00ebn dhe drejt\u00ebsin\u00eb. Askush nuk ka dh\u00ebn\u00eb llogari, nd\u00ebrsa familjet e viktimave p\u00ebrdit\u00eb kalojn\u00eb p\u00ebrmes dhimbjes dhe posht\u00ebrimit. Kjo nuk \u00ebsht\u00eb vet\u00ebm nj\u00eb ,p\u00ebrkujtim por nj\u00eb thirrje p\u00ebr drejt\u00ebsi,\u201d tha nj\u00ebri nga fol\u00ebsit, p\u00ebrfaq\u00ebsues i familjeve t\u00eb viktimave.<\/p>\n<p>T\u00eb mbledhurit fishk\u00ebllyen n\u00eb momentin kur u p\u00ebrmend\u00ebn emrat e funksionar\u00ebve shtet\u00ebror\u00eb, duke k\u00ebrkuar dor\u00ebheqjet e p\u00ebrgjegj\u00ebsve dhe nj\u00eb hetim transparent. Gjat\u00eb tubimit nuk pati incidente, nd\u00ebrsa atmosfera ishte e denj\u00eb, por e tensionuar.<\/p>\n<p>N\u00eb fund t\u00eb p\u00ebrkujtim qytetar\u00ebt vendos\u00ebn lule dhe ndez\u00ebn qirinj p\u00ebrpara memorialit t\u00eb improvizuar, duke k\u00ebnduar dhe duartrokitur n\u00eb shenj\u00eb kujtimi p\u00ebr viktimat. Organizator\u00ebt paralajm\u00ebruan se do t\u00eb vazhdojn\u00eb me tubime t\u00eb tjera deri sa, si\u00e7 than\u00eb ata, \u201cdrejt\u00ebsia t\u00eb vendoset dhe p\u00ebrgjegj\u00ebsit t\u00eb nd\u00ebshkohen.\u201d<\/p>\n","protected":false},"excerpt":{"rendered":"<p>Novi Sad, 1 N\u00ebntor 2025 N\u00eb Novi Sad sot \u00ebsht\u00eb mbajtur nj\u00eb p\u00ebrkujtim i madh me rastin e nj\u00ebvjetorit t\u00eb tragjedis\u00eb kur, si pasoj\u00eb e<\/p>\n","protected":false},"author":6,"featured_media":18629,"comment_status":"open","ping_status":"open","sticky":false,"template":"","format":"standard","meta":{"footnotes":""},"categories":[58],"tags":[],"class_list":["post-18634","post","type-post","status-publish","format-standard","has-post-thumbnail","hentry","category-politike-sq"],"yoast_head":"<!-- This site is optimized with the Yoast SEO plugin v25.3.1 - https:\/\/yoast.com\/wordpress\/plugins\/seo\/ -->\n<title>Tubim masiv n\u00eb Novi Sad: P\u00ebrkujtim n\u00eb p\u00ebrvjetorin e tragjedis\u00eb, por edhe protest\u00eb kund\u00ebr pushtetit -<\/title>\n<meta name=\"robots\" content=\"index, follow, max-snippet:-1, max-image-preview:large, max-video-preview:-1\" \/>\n<link rel=\"canonical\" href=\"https:\/\/veritasinfo.org\/?p=18634\" \/>\n<meta property=\"og:locale\" content=\"en_US\" \/>\n<meta property=\"og:type\" content=\"article\" \/>\n<meta property=\"og:title\" content=\"Tubim masiv n\u00eb Novi Sad: P\u00ebrkujtim n\u00eb p\u00ebrvjetorin e tragjedis\u00eb, por edhe protest\u00eb kund\u00ebr pushtetit -\" \/>\n<meta property=\"og:description\" content=\"Novi Sad, 1 N\u00ebntor 2025 N\u00eb Novi Sad sot \u00ebsht\u00eb mbajtur nj\u00eb p\u00ebrkujtim i madh me rastin e nj\u00ebvjetorit t\u00eb tragjedis\u00eb kur, si pasoj\u00eb e\" \/>\n<meta property=\"og:url\" content=\"https:\/\/veritasinfo.org\/?p=18634\" \/>\n<meta property=\"article:published_time\" content=\"2025-11-01T11:19:02+00:00\" \/>\n<meta property=\"og:image\" content=\"https:\/\/veritasinfo.org\/wp-content\/uploads\/2025\/11\/IMG-20251101-WA0017.jpg\" \/>\n\t<meta property=\"og:image:width\" content=\"1273\" \/>\n\t<meta property=\"og:image:height\" content=\"736\" \/>\n\t<meta property=\"og:image:type\" content=\"image\/jpeg\" \/>\n<meta name=\"author\" content=\"US5\" \/>\n<meta name=\"twitter:card\" content=\"summary_large_image\" \/>\n<meta name=\"twitter:label1\" content=\"Written by\" \/>\n\t<meta name=\"twitter:data1\" content=\"US5\" \/>\n\t<meta name=\"twitter:label2\" content=\"Est. reading time\" \/>\n\t<meta name=\"twitter:data2\" content=\"1 minute\" \/>\n<script type=\"application\/ld+json\" class=\"yoast-schema-graph\">{\"@context\":\"https:\/\/schema.org\",\"@graph\":[{\"@type\":\"WebPage\",\"@id\":\"https:\/\/veritasinfo.org\/?p=18634\",\"url\":\"https:\/\/veritasinfo.org\/?p=18634\",\"name\":\"Tubim masiv n\u00eb Novi Sad: P\u00ebrkujtim n\u00eb p\u00ebrvjetorin e tragjedis\u00eb, por edhe protest\u00eb kund\u00ebr pushtetit -\",\"isPartOf\":{\"@id\":\"https:\/\/veritasinfo.org\/#website\"},\"primaryImageOfPage\":{\"@id\":\"https:\/\/veritasinfo.org\/?p=18634#primaryimage\"},\"image\":{\"@id\":\"https:\/\/veritasinfo.org\/?p=18634#primaryimage\"},\"thumbnailUrl\":\"https:\/\/veritasinfo.org\/wp-content\/uploads\/2025\/11\/IMG-20251101-WA0017.jpg\",\"datePublished\":\"2025-11-01T11:19:02+00:00\",\"author\":{\"@id\":\"https:\/\/veritasinfo.org\/#\/schema\/person\/bc442336e35414d04494ab8fb45db4c6\"},\"breadcrumb\":{\"@id\":\"https:\/\/veritasinfo.org\/?p=18634#breadcrumb\"},\"inLanguage\":\"en-US\",\"potentialAction\":[{\"@type\":\"ReadAction\",\"target\":[\"https:\/\/veritasinfo.org\/?p=18634\"]}]},{\"@type\":\"ImageObject\",\"inLanguage\":\"en-US\",\"@id\":\"https:\/\/veritasinfo.org\/?p=18634#primaryimage\",\"url\":\"https:\/\/veritasinfo.org\/wp-content\/uploads\/2025\/11\/IMG-20251101-WA0017.jpg\",\"contentUrl\":\"https:\/\/veritasinfo.org\/wp-content\/uploads\/2025\/11\/IMG-20251101-WA0017.jpg\",\"width\":1273,\"height\":736},{\"@type\":\"BreadcrumbList\",\"@id\":\"https:\/\/veritasinfo.org\/?p=18634#breadcrumb\",\"itemListElement\":[{\"@type\":\"ListItem\",\"position\":1,\"name\":\"Home\",\"item\":\"https:\/\/veritasinfo.org\/\"},{\"@type\":\"ListItem\",\"position\":2,\"name\":\"Tubim masiv n\u00eb Novi Sad: P\u00ebrkujtim n\u00eb p\u00ebrvjetorin e tragjedis\u00eb, por edhe protest\u00eb kund\u00ebr pushtetit\"}]},{\"@type\":\"WebSite\",\"@id\":\"https:\/\/veritasinfo.org\/#website\",\"url\":\"https:\/\/veritasinfo.org\/\",\"name\":\"\",\"description\":\"\",\"potentialAction\":[{\"@type\":\"SearchAction\",\"target\":{\"@type\":\"EntryPoint\",\"urlTemplate\":\"https:\/\/veritasinfo.org\/?s={search_term_string}\"},\"query-input\":{\"@type\":\"PropertyValueSpecification\",\"valueRequired\":true,\"valueName\":\"search_term_string\"}}],\"inLanguage\":\"en-US\"},{\"@type\":\"Person\",\"@id\":\"https:\/\/veritasinfo.org\/#\/schema\/person\/bc442336e35414d04494ab8fb45db4c6\",\"name\":\"US5\",\"image\":{\"@type\":\"ImageObject\",\"inLanguage\":\"en-US\",\"@id\":\"https:\/\/veritasinfo.org\/#\/schema\/person\/image\/\",\"url\":\"https:\/\/secure.gravatar.com\/avatar\/16a61e7272a0c5d001121ebb9e60e925d5816e4ac1e443ed3e640d9a6ae55d0c?s=96&d=mm&r=g\",\"contentUrl\":\"https:\/\/secure.gravatar.com\/avatar\/16a61e7272a0c5d001121ebb9e60e925d5816e4ac1e443ed3e640d9a6ae55d0c?s=96&d=mm&r=g\",\"caption\":\"US5\"},\"url\":\"https:\/\/veritasinfo.org\/?author=6\"}]}<\/script>\n<!-- \/ Yoast SEO plugin. -->","yoast_head_json":{"title":"Tubim masiv n\u00eb Novi Sad: P\u00ebrkujtim n\u00eb p\u00ebrvjetorin e tragjedis\u00eb, por edhe protest\u00eb kund\u00ebr pushtetit -","robots":{"index":"index","follow":"follow","max-snippet":"max-snippet:-1","max-image-preview":"max-image-preview:large","max-video-preview":"max-video-preview:-1"},"canonical":"https:\/\/veritasinfo.org\/?p=18634","og_locale":"en_US","og_type":"article","og_title":"Tubim masiv n\u00eb Novi Sad: P\u00ebrkujtim n\u00eb p\u00ebrvjetorin e tragjedis\u00eb, por edhe protest\u00eb kund\u00ebr pushtetit -","og_description":"Novi Sad, 1 N\u00ebntor 2025 N\u00eb Novi Sad sot \u00ebsht\u00eb mbajtur nj\u00eb p\u00ebrkujtim i madh me rastin e nj\u00ebvjetorit t\u00eb tragjedis\u00eb kur, si pasoj\u00eb e","og_url":"https:\/\/veritasinfo.org\/?p=18634","article_published_time":"2025-11-01T11:19:02+00:00","og_image":[{"width":1273,"height":736,"url":"https:\/\/veritasinfo.org\/wp-content\/uploads\/2025\/11\/IMG-20251101-WA0017.jpg","type":"image\/jpeg"}],"author":"US5","twitter_card":"summary_large_image","twitter_misc":{"Written by":"US5","Est. reading time":"1 minute"},"schema":{"@context":"https:\/\/schema.org","@graph":[{"@type":"WebPage","@id":"https:\/\/veritasinfo.org\/?p=18634","url":"https:\/\/veritasinfo.org\/?p=18634","name":"Tubim masiv n\u00eb Novi Sad: P\u00ebrkujtim n\u00eb p\u00ebrvjetorin e tragjedis\u00eb, por edhe protest\u00eb kund\u00ebr pushtetit -","isPartOf":{"@id":"https:\/\/veritasinfo.org\/#website"},"primaryImageOfPage":{"@id":"https:\/\/veritasinfo.org\/?p=18634#primaryimage"},"image":{"@id":"https:\/\/veritasinfo.org\/?p=18634#primaryimage"},"thumbnailUrl":"https:\/\/veritasinfo.org\/wp-content\/uploads\/2025\/11\/IMG-20251101-WA0017.jpg","datePublished":"2025-11-01T11:19:02+00:00","author":{"@id":"https:\/\/veritasinfo.org\/#\/schema\/person\/bc442336e35414d04494ab8fb45db4c6"},"breadcrumb":{"@id":"https:\/\/veritasinfo.org\/?p=18634#breadcrumb"},"inLanguage":"en-US","potentialAction":[{"@type":"ReadAction","target":["https:\/\/veritasinfo.org\/?p=18634"]}]},{"@type":"ImageObject","inLanguage":"en-US","@id":"https:\/\/veritasinfo.org\/?p=18634#primaryimage","url":"https:\/\/veritasinfo.org\/wp-content\/uploads\/2025\/11\/IMG-20251101-WA0017.jpg","contentUrl":"https:\/\/veritasinfo.org\/wp-content\/uploads\/2025\/11\/IMG-20251101-WA0017.jpg","width":1273,"height":736},{"@type":"BreadcrumbList","@id":"https:\/\/veritasinfo.org\/?p=18634#breadcrumb","itemListElement":[{"@type":"ListItem","position":1,"name":"Home","item":"https:\/\/veritasinfo.org\/"},{"@type":"ListItem","position":2,"name":"Tubim masiv n\u00eb Novi Sad: P\u00ebrkujtim n\u00eb p\u00ebrvjetorin e tragjedis\u00eb, por edhe protest\u00eb kund\u00ebr pushtetit"}]},{"@type":"WebSite","@id":"https:\/\/veritasinfo.org\/#website","url":"https:\/\/veritasinfo.org\/","name":"","description":"","potentialAction":[{"@type":"SearchAction","target":{"@type":"EntryPoint","urlTemplate":"https:\/\/veritasinfo.org\/?s={search_term_string}"},"query-input":{"@type":"PropertyValueSpecification","valueRequired":true,"valueName":"search_term_string"}}],"inLanguage":"en-US"},{"@type":"Person","@id":"https:\/\/veritasinfo.org\/#\/schema\/person\/bc442336e35414d04494ab8fb45db4c6","name":"US5","image":{"@type":"ImageObject","inLanguage":"en-US","@id":"https:\/\/veritasinfo.org\/#\/schema\/person\/image\/","url":"https:\/\/secure.gravatar.com\/avatar\/16a61e7272a0c5d001121ebb9e60e925d5816e4ac1e443ed3e640d9a6ae55d0c?s=96&d=mm&r=g","contentUrl":"https:\/\/secure.gravatar.com\/avatar\/16a61e7272a0c5d001121ebb9e60e925d5816e4ac1e443ed3e640d9a6ae55d0c?s=96&d=mm&r=g","caption":"US5"},"url":"https:\/\/veritasinfo.org\/?author=6"}]}},"featured_image_urls":{"full":["https:\/\/veritasinfo.org\/wp-content\/uploads\/2025\/11\/IMG-20251101-WA0017.jpg",1273,736,false],"thumbnail":["https:\/\/veritasinfo.org\/wp-content\/uploads\/2025\/11\/IMG-20251101-WA0017-150x150.jpg",150,150,true],"medium":["https:\/\/veritasinfo.org\/wp-content\/uploads\/2025\/11\/IMG-20251101-WA0017-300x173.jpg",300,173,true],"medium_large":["https:\/\/veritasinfo.org\/wp-content\/uploads\/2025\/11\/IMG-20251101-WA0017-768x444.jpg",640,370,true],"large":["https:\/\/veritasinfo.org\/wp-content\/uploads\/2025\/11\/IMG-20251101-WA0017-1024x592.jpg",640,370,true],"1536x1536":["https:\/\/veritasinfo.org\/wp-content\/uploads\/2025\/11\/IMG-20251101-WA0017.jpg",1273,736,false],"2048x2048":["https:\/\/veritasinfo.org\/wp-content\/uploads\/2025\/11\/IMG-20251101-WA0017.jpg",1273,736,false],"kreeti-slider-full":["https:\/\/veritasinfo.org\/wp-content\/uploads\/2025\/11\/IMG-20251101-WA0017.jpg",1245,720,false],"kreeti-featured":["https:\/\/veritasinfo.org\/wp-content\/uploads\/2025\/11\/IMG-20251101-WA0017.jpg",1024,592,false],"kreeti-medium":["https:\/\/veritasinfo.org\/wp-content\/uploads\/2025\/11\/IMG-20251101-WA0017.jpg",720,416,false],"kreeti-medium-square":["https:\/\/veritasinfo.org\/wp-content\/uploads\/2025\/11\/IMG-20251101-WA0017.jpg",350,202,false]},"author_info":{"info":["US5"]},"category_info":"<a href=\"https:\/\/veritasinfo.org\/?cat=58\" rel=\"category\">Politik\u00eb<\/a>","tag_info":"Politik\u00eb","comment_count":"0","_links":{"self":[{"href":"https:\/\/veritasinfo.org\/index.php?rest_route=\/wp\/v2\/posts\/18634","targetHints":{"allow":["GET"]}}],"collection":[{"href":"https:\/\/veritasinfo.org\/index.php?rest_route=\/wp\/v2\/posts"}],"about":[{"href":"https:\/\/veritasinfo.org\/index.php?rest_route=\/wp\/v2\/types\/post"}],"author":[{"embeddable":true,"href":"https:\/\/veritasinfo.org\/index.php?rest_route=\/wp\/v2\/users\/6"}],"replies":[{"embeddable":true,"href":"https:\/\/veritasinfo.org\/index.php?rest_route=%2Fwp%2Fv2%2Fcomments&post=18634"}],"version-history":[{"count":1,"href":"https:\/\/veritasinfo.org\/index.php?rest_route=\/wp\/v2\/posts\/18634\/revisions"}],"predecessor-version":[{"id":18635,"href":"https:\/\/veritasinfo.org\/index.php?rest_route=\/wp\/v2\/posts\/18634\/revisions\/18635"}],"wp:featuredmedia":[{"embeddable":true,"href":"https:\/\/veritasinfo.org\/index.php?rest_route=\/wp\/v2\/media\/18629"}],"wp:attachment":[{"href":"https:\/\/veritasinfo.org\/index.php?rest_route=%2Fwp%2Fv2%2Fmedia&parent=18634"}],"wp:term":[{"taxonomy":"category","embeddable":true,"href":"https:\/\/veritasinfo.org\/index.php?rest_route=%2Fwp%2Fv2%2Fcategories&post=18634"},{"taxonomy":"post_tag","embeddable":true,"href":"https:\/\/veritasinfo.org\/index.php?rest_route=%2Fwp%2Fv2%2Ftags&post=18634"}],"curies":[{"name":"wp","href":"https:\/\/api.w.org\/{rel}","templated":true}]}}