{"id":18600,"date":"2025-11-01T09:06:42","date_gmt":"2025-11-01T08:06:42","guid":{"rendered":"https:\/\/veritasinfo.org\/?p=18600"},"modified":"2025-11-01T09:06:42","modified_gmt":"2025-11-01T08:06:42","slug":"vucic-perpiqet-ta-minimizoje-protesten-nderkohe-barrikadon-me-forca-policore-novi-sadin","status":"publish","type":"post","link":"https:\/\/veritasinfo.org\/?p=18600","title":{"rendered":"Vu\u00e7i\u00e7 p\u00ebrpiqet ta minimizoj\u00eb protest\u00ebn, nd\u00ebrkoh\u00eb barrikadon me forca policore\u00a0Novi\u00a0Sadin"},"content":{"rendered":"<p>Prishtin\u00eb, 1 n\u00ebntor 2025<\/p>\n<p>Student\u00eb serb\u00eb, t\u00eb cil\u00ebve u jan\u00eb bashkuar edhe mij\u00ebra qytetar\u00eb t\u00eb tjer\u00eb, jan\u00eb nisur n\u00eb marsh drejt Novi-Sadit p\u00ebr protest\u00ebn m\u00eb t\u00eb madhe q\u00eb synojn\u00eb ta organizojn\u00eb kund\u00ebr pushtetit t\u00eb Aleksand\u00ebr Vu\u00e7iqit. E Vu\u00e7iqi, q\u00eb protestat i sheh si komplot t\u00eb Per\u00ebndimit kund\u00ebr tij, ka paralajm\u00ebruar veprimin e policis\u00eb.<\/p>\n<p>Dhjet\u00ebra e mij\u00ebra student\u00eb e qytetar\u00eb serb\u00eb kan\u00eb nisur marshin drejt Novi-Sadit, n\u00eb protest\u00ebn q\u00eb pritet t\u00eb jet\u00eb m\u00eb e madhja kund\u00ebr pushtetit t\u00eb Aleksand\u00ebr Vu\u00e7iqit. Organizimi b\u00ebhet n\u00eb nj\u00ebvjetorin e vdekjes s\u00eb 16 qytetar\u00ebve, nga \u00e7atia e nj\u00eb stacioni hekurudhor q\u00eb u shemb pak koh\u00eb pas rinovimit.<\/p>\n<p>Protestat, t\u00eb cilat fillimisht nis\u00ebn p\u00ebr t\u00eb k\u00ebrkuar llogari nga pushteti p\u00ebr k\u00ebt\u00eb tragjedi, u shnd\u00ebrruan shpejt n\u00eb l\u00ebvizje masive q\u00eb k\u00ebrkojn\u00eb zgjedhje t\u00eb parakohshme dhe reforma t\u00eb m\u00ebdha demokratike.<\/p>\n<p>E kur u pyet nga nj\u00eb gazetar p\u00ebr p\u00ebrkujtimin e s\u00eb shtun\u00ebs, Vu\u00e7iq \u00ebsht\u00eb p\u00ebrpjekur ta ul\u00eb r\u00ebnd\u00ebsin\u00eb e protest\u00ebs, tek ka theksuar se nuk do t\u00eb ket\u00eb ndryshim t\u00eb qeveris\u00eb.<\/p>\n<p>Vu\u00e7iq ka k\u00ebrc\u00ebnuar me arrestime masive n\u00ebse protestuesit p\u00ebrdorin dhun\u00eb dhe ka th\u00ebn\u00eb se mb\u00ebshtet\u00ebsit e tij po planifikojn\u00eb nj\u00eb tubim q\u00eb e ka quajtur \u201cshum\u00eb m\u00eb t\u00eb madh\u201d m\u00eb von\u00eb n\u00eb n\u00ebntor.<\/p>\n<p>E, gjat\u00eb dit\u00ebs, policia ka arrestuar n\u00eb Novi-Sad, Misha Ba\u00e7ullovin, politikan opozitar q\u00eb e kund\u00ebrshton Vu\u00e7iqin, dhe aktivist n\u00eb protestat kund\u00ebr tij. Mediat pro presidentit serb raportuan se arrestimi u b\u00eb n\u00ebn dyshimin se Ba\u00e7ullovi ka planifikuar t\u00eb inskenoj\u00eb helmimin e vet dhe m\u00eb pas ta akuzoj\u00eb Vu\u00e7iqin dhe zyrtar\u00eb t\u00eb tjer\u00eb shtet\u00ebror\u00eb p\u00ebr k\u00ebt\u00eb.<\/p>\n<p>Gjat\u00eb marshit, protestuesit u ndal\u00ebn n\u00eb qytetin e Indijas ku ngrit\u00ebn tenda.<\/p>\n<p>\u201cDhimbja qe e kemi sot nuk \u00ebsht\u00eb asgj\u00eb n\u00eb krahasim me q\u00ebllimet tona. E kaluam nat\u00ebn k\u00ebtu, n\u00eb tenda. Por ishte m\u00eb mir\u00eb sesa kemi menduar. Nuk jemi lodhur. Askush nuk \u00ebsht\u00eb lodhur. Do t\u00eb vazhdojm\u00eb marshin sot\u201d, ka theksuar Mina Lazic, studente e cila i \u00ebsht\u00eb bashkuar marshit.<\/p>\n<p>Shumica e protestave t\u00eb organizuara deri tani kan\u00eb qen\u00eb paq\u00ebsore. Por ka pasur edhe incidente t\u00eb shkaktuara nga mb\u00ebshtet\u00ebsit e Vu\u00e7iqit, nd\u00ebrsa policia ka arrestuar qindra protestues.<\/p>\n<p>K\u00ebsaj radhe pritet q\u00eb njer\u00ebzit t\u00eb organizojn\u00eb tubime t\u00eb ndara n\u00eb Novi-Sad, formul\u00eb q\u00eb besohet se do ta b\u00ebj\u00eb m\u00eb t\u00eb v\u00ebshtir\u00eb nd\u00ebrhyrjen e policis\u00eb, krahasuar me nj\u00eb tubim t\u00eb vet\u00ebm qendror.<\/p>\n<p>Incidenti tragjik i 1 n\u00ebntorit t\u00eb 2024-s u \u00ebsht\u00eb atribuuar neglizhenc\u00ebs s\u00eb qeveris\u00eb, korrupsionit t\u00eb p\u00ebrhapur dhe marr\u00ebveshjeve t\u00eb dyshimta me kompani kineze nd\u00ebrtimi q\u00eb mor\u00ebn pjes\u00eb n\u00eb rinovimin e stacionit t\u00eb trenit.<\/p>\n<p>Megjithat\u00eb, Vu\u00e7iq ka th\u00ebn\u00eb se protestat jan\u00eb komplot i Per\u00ebndimit p\u00ebr ta larguar nga pushteti.<\/p>\n<p>&nbsp;<\/p>\n","protected":false},"excerpt":{"rendered":"<p>Prishtin\u00eb, 1 n\u00ebntor 2025 Student\u00eb serb\u00eb, t\u00eb cil\u00ebve u jan\u00eb bashkuar edhe mij\u00ebra qytetar\u00eb t\u00eb tjer\u00eb, jan\u00eb nisur n\u00eb marsh drejt Novi-Sadit p\u00ebr protest\u00ebn m\u00eb<\/p>\n","protected":false},"author":7,"featured_media":18601,"comment_status":"open","ping_status":"open","sticky":false,"template":"","format":"standard","meta":{"footnotes":""},"categories":[58],"tags":[],"class_list":["post-18600","post","type-post","status-publish","format-standard","has-post-thumbnail","hentry","category-politike-sq"],"yoast_head":"<!-- This site is optimized with the Yoast SEO plugin v25.3.1 - https:\/\/yoast.com\/wordpress\/plugins\/seo\/ -->\n<title>Vu\u00e7i\u00e7 p\u00ebrpiqet ta minimizoj\u00eb protest\u00ebn, nd\u00ebrkoh\u00eb barrikadon me forca policore\u00a0Novi\u00a0Sadin -<\/title>\n<meta name=\"robots\" content=\"index, follow, max-snippet:-1, max-image-preview:large, max-video-preview:-1\" \/>\n<link rel=\"canonical\" href=\"https:\/\/veritasinfo.org\/?p=18600\" \/>\n<meta property=\"og:locale\" content=\"en_US\" \/>\n<meta property=\"og:type\" content=\"article\" \/>\n<meta property=\"og:title\" content=\"Vu\u00e7i\u00e7 p\u00ebrpiqet ta minimizoj\u00eb protest\u00ebn, nd\u00ebrkoh\u00eb barrikadon me forca policore\u00a0Novi\u00a0Sadin -\" \/>\n<meta property=\"og:description\" content=\"Prishtin\u00eb, 1 n\u00ebntor 2025 Student\u00eb serb\u00eb, t\u00eb cil\u00ebve u jan\u00eb bashkuar edhe mij\u00ebra qytetar\u00eb t\u00eb tjer\u00eb, jan\u00eb nisur n\u00eb marsh drejt Novi-Sadit p\u00ebr protest\u00ebn m\u00eb\" \/>\n<meta property=\"og:url\" content=\"https:\/\/veritasinfo.org\/?p=18600\" \/>\n<meta property=\"article:published_time\" content=\"2025-11-01T08:06:42+00:00\" \/>\n<meta property=\"og:image\" content=\"https:\/\/veritasinfo.org\/wp-content\/uploads\/2025\/11\/7e134f56-1b5e-4244-bc55-ca30571c0b30.jpg\" \/>\n\t<meta property=\"og:image:width\" content=\"586\" \/>\n\t<meta property=\"og:image:height\" content=\"388\" \/>\n\t<meta property=\"og:image:type\" content=\"image\/jpeg\" \/>\n<meta name=\"author\" content=\"US6\" \/>\n<meta name=\"twitter:card\" content=\"summary_large_image\" \/>\n<meta name=\"twitter:label1\" content=\"Written by\" \/>\n\t<meta name=\"twitter:data1\" content=\"US6\" \/>\n\t<meta name=\"twitter:label2\" content=\"Est. reading time\" \/>\n\t<meta name=\"twitter:data2\" content=\"3 minutes\" \/>\n<script type=\"application\/ld+json\" class=\"yoast-schema-graph\">{\"@context\":\"https:\/\/schema.org\",\"@graph\":[{\"@type\":\"WebPage\",\"@id\":\"https:\/\/veritasinfo.org\/?p=18600\",\"url\":\"https:\/\/veritasinfo.org\/?p=18600\",\"name\":\"Vu\u00e7i\u00e7 p\u00ebrpiqet ta minimizoj\u00eb protest\u00ebn, nd\u00ebrkoh\u00eb barrikadon me forca policore\u00a0Novi\u00a0Sadin -\",\"isPartOf\":{\"@id\":\"https:\/\/veritasinfo.org\/#website\"},\"primaryImageOfPage\":{\"@id\":\"https:\/\/veritasinfo.org\/?p=18600#primaryimage\"},\"image\":{\"@id\":\"https:\/\/veritasinfo.org\/?p=18600#primaryimage\"},\"thumbnailUrl\":\"https:\/\/veritasinfo.org\/wp-content\/uploads\/2025\/11\/7e134f56-1b5e-4244-bc55-ca30571c0b30.jpg\",\"datePublished\":\"2025-11-01T08:06:42+00:00\",\"author\":{\"@id\":\"https:\/\/veritasinfo.org\/#\/schema\/person\/fe199eede04c3937362892b7444747cc\"},\"breadcrumb\":{\"@id\":\"https:\/\/veritasinfo.org\/?p=18600#breadcrumb\"},\"inLanguage\":\"en-US\",\"potentialAction\":[{\"@type\":\"ReadAction\",\"target\":[\"https:\/\/veritasinfo.org\/?p=18600\"]}]},{\"@type\":\"ImageObject\",\"inLanguage\":\"en-US\",\"@id\":\"https:\/\/veritasinfo.org\/?p=18600#primaryimage\",\"url\":\"https:\/\/veritasinfo.org\/wp-content\/uploads\/2025\/11\/7e134f56-1b5e-4244-bc55-ca30571c0b30.jpg\",\"contentUrl\":\"https:\/\/veritasinfo.org\/wp-content\/uploads\/2025\/11\/7e134f56-1b5e-4244-bc55-ca30571c0b30.jpg\",\"width\":586,\"height\":388},{\"@type\":\"BreadcrumbList\",\"@id\":\"https:\/\/veritasinfo.org\/?p=18600#breadcrumb\",\"itemListElement\":[{\"@type\":\"ListItem\",\"position\":1,\"name\":\"Home\",\"item\":\"https:\/\/veritasinfo.org\/\"},{\"@type\":\"ListItem\",\"position\":2,\"name\":\"Vu\u00e7i\u00e7 p\u00ebrpiqet ta minimizoj\u00eb protest\u00ebn, nd\u00ebrkoh\u00eb barrikadon me forca policore\u00a0Novi\u00a0Sadin\"}]},{\"@type\":\"WebSite\",\"@id\":\"https:\/\/veritasinfo.org\/#website\",\"url\":\"https:\/\/veritasinfo.org\/\",\"name\":\"\",\"description\":\"\",\"potentialAction\":[{\"@type\":\"SearchAction\",\"target\":{\"@type\":\"EntryPoint\",\"urlTemplate\":\"https:\/\/veritasinfo.org\/?s={search_term_string}\"},\"query-input\":{\"@type\":\"PropertyValueSpecification\",\"valueRequired\":true,\"valueName\":\"search_term_string\"}}],\"inLanguage\":\"en-US\"},{\"@type\":\"Person\",\"@id\":\"https:\/\/veritasinfo.org\/#\/schema\/person\/fe199eede04c3937362892b7444747cc\",\"name\":\"US6\",\"image\":{\"@type\":\"ImageObject\",\"inLanguage\":\"en-US\",\"@id\":\"https:\/\/veritasinfo.org\/#\/schema\/person\/image\/\",\"url\":\"https:\/\/secure.gravatar.com\/avatar\/cb16c3c31c9d23b9b8c705964598220b3014e42ff51eb540ff23cefa3ae8c15f?s=96&d=mm&r=g\",\"contentUrl\":\"https:\/\/secure.gravatar.com\/avatar\/cb16c3c31c9d23b9b8c705964598220b3014e42ff51eb540ff23cefa3ae8c15f?s=96&d=mm&r=g\",\"caption\":\"US6\"},\"url\":\"https:\/\/veritasinfo.org\/?author=7\"}]}<\/script>\n<!-- \/ Yoast SEO plugin. -->","yoast_head_json":{"title":"Vu\u00e7i\u00e7 p\u00ebrpiqet ta minimizoj\u00eb protest\u00ebn, nd\u00ebrkoh\u00eb barrikadon me forca policore\u00a0Novi\u00a0Sadin -","robots":{"index":"index","follow":"follow","max-snippet":"max-snippet:-1","max-image-preview":"max-image-preview:large","max-video-preview":"max-video-preview:-1"},"canonical":"https:\/\/veritasinfo.org\/?p=18600","og_locale":"en_US","og_type":"article","og_title":"Vu\u00e7i\u00e7 p\u00ebrpiqet ta minimizoj\u00eb protest\u00ebn, nd\u00ebrkoh\u00eb barrikadon me forca policore\u00a0Novi\u00a0Sadin -","og_description":"Prishtin\u00eb, 1 n\u00ebntor 2025 Student\u00eb serb\u00eb, t\u00eb cil\u00ebve u jan\u00eb bashkuar edhe mij\u00ebra qytetar\u00eb t\u00eb tjer\u00eb, jan\u00eb nisur n\u00eb marsh drejt Novi-Sadit p\u00ebr protest\u00ebn m\u00eb","og_url":"https:\/\/veritasinfo.org\/?p=18600","article_published_time":"2025-11-01T08:06:42+00:00","og_image":[{"width":586,"height":388,"url":"https:\/\/veritasinfo.org\/wp-content\/uploads\/2025\/11\/7e134f56-1b5e-4244-bc55-ca30571c0b30.jpg","type":"image\/jpeg"}],"author":"US6","twitter_card":"summary_large_image","twitter_misc":{"Written by":"US6","Est. reading time":"3 minutes"},"schema":{"@context":"https:\/\/schema.org","@graph":[{"@type":"WebPage","@id":"https:\/\/veritasinfo.org\/?p=18600","url":"https:\/\/veritasinfo.org\/?p=18600","name":"Vu\u00e7i\u00e7 p\u00ebrpiqet ta minimizoj\u00eb protest\u00ebn, nd\u00ebrkoh\u00eb barrikadon me forca policore\u00a0Novi\u00a0Sadin -","isPartOf":{"@id":"https:\/\/veritasinfo.org\/#website"},"primaryImageOfPage":{"@id":"https:\/\/veritasinfo.org\/?p=18600#primaryimage"},"image":{"@id":"https:\/\/veritasinfo.org\/?p=18600#primaryimage"},"thumbnailUrl":"https:\/\/veritasinfo.org\/wp-content\/uploads\/2025\/11\/7e134f56-1b5e-4244-bc55-ca30571c0b30.jpg","datePublished":"2025-11-01T08:06:42+00:00","author":{"@id":"https:\/\/veritasinfo.org\/#\/schema\/person\/fe199eede04c3937362892b7444747cc"},"breadcrumb":{"@id":"https:\/\/veritasinfo.org\/?p=18600#breadcrumb"},"inLanguage":"en-US","potentialAction":[{"@type":"ReadAction","target":["https:\/\/veritasinfo.org\/?p=18600"]}]},{"@type":"ImageObject","inLanguage":"en-US","@id":"https:\/\/veritasinfo.org\/?p=18600#primaryimage","url":"https:\/\/veritasinfo.org\/wp-content\/uploads\/2025\/11\/7e134f56-1b5e-4244-bc55-ca30571c0b30.jpg","contentUrl":"https:\/\/veritasinfo.org\/wp-content\/uploads\/2025\/11\/7e134f56-1b5e-4244-bc55-ca30571c0b30.jpg","width":586,"height":388},{"@type":"BreadcrumbList","@id":"https:\/\/veritasinfo.org\/?p=18600#breadcrumb","itemListElement":[{"@type":"ListItem","position":1,"name":"Home","item":"https:\/\/veritasinfo.org\/"},{"@type":"ListItem","position":2,"name":"Vu\u00e7i\u00e7 p\u00ebrpiqet ta minimizoj\u00eb protest\u00ebn, nd\u00ebrkoh\u00eb barrikadon me forca policore\u00a0Novi\u00a0Sadin"}]},{"@type":"WebSite","@id":"https:\/\/veritasinfo.org\/#website","url":"https:\/\/veritasinfo.org\/","name":"","description":"","potentialAction":[{"@type":"SearchAction","target":{"@type":"EntryPoint","urlTemplate":"https:\/\/veritasinfo.org\/?s={search_term_string}"},"query-input":{"@type":"PropertyValueSpecification","valueRequired":true,"valueName":"search_term_string"}}],"inLanguage":"en-US"},{"@type":"Person","@id":"https:\/\/veritasinfo.org\/#\/schema\/person\/fe199eede04c3937362892b7444747cc","name":"US6","image":{"@type":"ImageObject","inLanguage":"en-US","@id":"https:\/\/veritasinfo.org\/#\/schema\/person\/image\/","url":"https:\/\/secure.gravatar.com\/avatar\/cb16c3c31c9d23b9b8c705964598220b3014e42ff51eb540ff23cefa3ae8c15f?s=96&d=mm&r=g","contentUrl":"https:\/\/secure.gravatar.com\/avatar\/cb16c3c31c9d23b9b8c705964598220b3014e42ff51eb540ff23cefa3ae8c15f?s=96&d=mm&r=g","caption":"US6"},"url":"https:\/\/veritasinfo.org\/?author=7"}]}},"featured_image_urls":{"full":["https:\/\/veritasinfo.org\/wp-content\/uploads\/2025\/11\/7e134f56-1b5e-4244-bc55-ca30571c0b30.jpg",586,388,false],"thumbnail":["https:\/\/veritasinfo.org\/wp-content\/uploads\/2025\/11\/7e134f56-1b5e-4244-bc55-ca30571c0b30-150x150.jpg",150,150,true],"medium":["https:\/\/veritasinfo.org\/wp-content\/uploads\/2025\/11\/7e134f56-1b5e-4244-bc55-ca30571c0b30-300x199.jpg",300,199,true],"medium_large":["https:\/\/veritasinfo.org\/wp-content\/uploads\/2025\/11\/7e134f56-1b5e-4244-bc55-ca30571c0b30.jpg",586,388,false],"large":["https:\/\/veritasinfo.org\/wp-content\/uploads\/2025\/11\/7e134f56-1b5e-4244-bc55-ca30571c0b30.jpg",586,388,false],"1536x1536":["https:\/\/veritasinfo.org\/wp-content\/uploads\/2025\/11\/7e134f56-1b5e-4244-bc55-ca30571c0b30.jpg",586,388,false],"2048x2048":["https:\/\/veritasinfo.org\/wp-content\/uploads\/2025\/11\/7e134f56-1b5e-4244-bc55-ca30571c0b30.jpg",586,388,false],"kreeti-slider-full":["https:\/\/veritasinfo.org\/wp-content\/uploads\/2025\/11\/7e134f56-1b5e-4244-bc55-ca30571c0b30.jpg",586,388,false],"kreeti-featured":["https:\/\/veritasinfo.org\/wp-content\/uploads\/2025\/11\/7e134f56-1b5e-4244-bc55-ca30571c0b30.jpg",586,388,false],"kreeti-medium":["https:\/\/veritasinfo.org\/wp-content\/uploads\/2025\/11\/7e134f56-1b5e-4244-bc55-ca30571c0b30.jpg",586,388,false],"kreeti-medium-square":["https:\/\/veritasinfo.org\/wp-content\/uploads\/2025\/11\/7e134f56-1b5e-4244-bc55-ca30571c0b30.jpg",350,232,false]},"author_info":{"info":["US6"]},"category_info":"<a href=\"https:\/\/veritasinfo.org\/?cat=58\" rel=\"category\">Politik\u00eb<\/a>","tag_info":"Politik\u00eb","comment_count":"0","_links":{"self":[{"href":"https:\/\/veritasinfo.org\/index.php?rest_route=\/wp\/v2\/posts\/18600","targetHints":{"allow":["GET"]}}],"collection":[{"href":"https:\/\/veritasinfo.org\/index.php?rest_route=\/wp\/v2\/posts"}],"about":[{"href":"https:\/\/veritasinfo.org\/index.php?rest_route=\/wp\/v2\/types\/post"}],"author":[{"embeddable":true,"href":"https:\/\/veritasinfo.org\/index.php?rest_route=\/wp\/v2\/users\/7"}],"replies":[{"embeddable":true,"href":"https:\/\/veritasinfo.org\/index.php?rest_route=%2Fwp%2Fv2%2Fcomments&post=18600"}],"version-history":[{"count":1,"href":"https:\/\/veritasinfo.org\/index.php?rest_route=\/wp\/v2\/posts\/18600\/revisions"}],"predecessor-version":[{"id":18602,"href":"https:\/\/veritasinfo.org\/index.php?rest_route=\/wp\/v2\/posts\/18600\/revisions\/18602"}],"wp:featuredmedia":[{"embeddable":true,"href":"https:\/\/veritasinfo.org\/index.php?rest_route=\/wp\/v2\/media\/18601"}],"wp:attachment":[{"href":"https:\/\/veritasinfo.org\/index.php?rest_route=%2Fwp%2Fv2%2Fmedia&parent=18600"}],"wp:term":[{"taxonomy":"category","embeddable":true,"href":"https:\/\/veritasinfo.org\/index.php?rest_route=%2Fwp%2Fv2%2Fcategories&post=18600"},{"taxonomy":"post_tag","embeddable":true,"href":"https:\/\/veritasinfo.org\/index.php?rest_route=%2Fwp%2Fv2%2Ftags&post=18600"}],"curies":[{"name":"wp","href":"https:\/\/api.w.org\/{rel}","templated":true}]}}