{"id":18537,"date":"2025-10-31T17:39:07","date_gmt":"2025-10-31T16:39:07","guid":{"rendered":"https:\/\/veritasinfo.org\/?p=18537"},"modified":"2025-10-31T17:39:07","modified_gmt":"2025-10-31T16:39:07","slug":"si-rekrutohen-vullnetaret-nga-serbia-dhe-cfare-u-premtohet-nese-luftojne-per-putinin-ne-ukraine","status":"publish","type":"post","link":"https:\/\/veritasinfo.org\/?p=18537","title":{"rendered":"Si rekrutohen vullnetar\u00ebt nga Serbia dhe \u00e7far\u00eb u premtohet n\u00ebse luftojn\u00eb p\u00ebr Putinin n\u00eb Ukrain\u00eb?"},"content":{"rendered":"<p>Prishtin\u00eb, 31 tetor 2025<\/p>\n<p>Gazetar\u00ebt e\u00a0BIRN-it jan\u00eb infiltruar n\u00eb grupe private n\u00eb Telegram, ku mercenar\u00eb me p\u00ebrvoj\u00eb shum\u00ebvje\u00e7are rekrutojn\u00eb vullnetar\u00eb t\u00eb rinj nga Serbia dhe Bosnja e Hercegovina, duke u ofruar kontrata fitimprur\u00ebse dhe p\u00ebrfitime t\u00eb ndryshme n\u00ebse i bashkohen ushtris\u00eb ruse n\u00eb frontin e Ukrain\u00ebs.<\/p>\n<p>\u201cV\u00ebllez\u00ebr, mos harroni, p\u00ebr \u00e7do pyetje \u2013 shkoni si turist\u00eb p\u00ebr n\u00eb Rusi. Asnj\u00eb p\u00ebrgjigje tjet\u00ebr\u201d.<\/p>\n<p>Kjo \u00ebsht\u00eb nj\u00eb nga qindra mesazhe t\u00eb shk\u00ebmbyera n\u00eb nj\u00eb grup privat n\u00eb Telegram, ku jan\u00eb bashkuar gazetar\u00ebt e BIRN-it gjat\u00eb hetimit t\u00eb tyre mbi m\u00ebnyr\u00ebn se si mercenar\u00ebt p\u00ebrdorin rrjetet sociale p\u00ebr t\u00eb rekrutuar vullnetar\u00eb t\u00eb rinj nga Serbia dhe Bosnja e Hercegovina, duke i joshur t\u00eb bashkohen me forcat ruse n\u00eb Ukrain\u00eb.<\/p>\n<p>Edhe pse pjes\u00ebmarrja dhe organizimi i pjes\u00ebmarrjes n\u00eb konflikte t\u00eb huaja jan\u00eb t\u00eb ndaluara me ligj n\u00eb t\u00eb dy vendet, hetimi i BIRN-it tregon se shtetas t\u00eb Serbis\u00eb dhe Bosnj\u00ebs rekrutohen aktivisht p\u00ebr ushtrin\u00eb ruse p\u00ebrmes rrjetit Telegram.<\/p>\n<p>Gjat\u00eb kat\u00ebr muajve t\u00eb monitorimit t\u00eb grupeve t\u00eb rekrutimit n\u00eb Telegram, gazetar\u00ebt e BIRN-it zbuluan se mercenar\u00ebt nga Ballkani, me dekada p\u00ebrvoj\u00eb n\u00eb front, t\u00ebrheqin vullnetar\u00eb t\u00eb rinj duke u premtuar mij\u00ebra euro fitim, shtet\u00ebsi ruse dhe p\u00ebrfitime p\u00ebr familjet e tyre.<\/p>\n<p>BIRN identifikoi t\u00eb pakt\u00ebn dy mercenar\u00eb t\u00eb njohur si rekrutues \u2013 Dejan Beriq, i njohur p\u00ebr kanalet e tij popullore n\u00eb YouTube dhe Telegram ku ndan p\u00ebrvojat nga fronti me mij\u00ebra ndjek\u00ebs, dhe Davor Savi\u00e7iq, mercenar me p\u00ebrvoj\u00eb dhe oficer i sh\u00ebrbimit ushtarak informativ rus (GRU), i cili m\u00eb par\u00eb ka luftuar edhe n\u00eb Siri.<\/p>\n<p>T\u00eb dy jan\u00eb angazhuar n\u00eb an\u00ebn e forcave pro-ruse n\u00eb Republik\u00ebn Popullore t\u00eb vet\u00ebshpallur t\u00eb Donetskut n\u00eb lindje t\u00eb Donbasit q\u00eb nga viti 2014, transmeton Telegrafi.<\/p>\n<p>Beriq iu p\u00ebrgjigj pyetjeve t\u00eb BIRN-it duke th\u00ebn\u00eb se do pranonte intervist\u00eb vet\u00ebm n\u00ebse do paguhej mir\u00eb, nd\u00ebrsa Savi\u00e7iq u p\u00ebrgjigj me dy mesazhe zanore me sharje dhe fyerje.<\/p>\n<p>Telegram, deri n\u00eb publikimin e tekstit, nuk i \u00ebsht\u00eb p\u00ebrgjigjur pyetjeve t\u00eb BIRN-it n\u00eb lidhje me grupet e rekrutimit.<\/p>\n<p>N\u00eb muajin korrik t\u00eb vitit 2025, pas humbjeve t\u00eb m\u00ebdha t\u00eb Rusis\u00eb n\u00eb Ukrain\u00eb dhe p\u00ebrpjekjeve t\u00eb Mosk\u00ebs p\u00ebr t\u00eb shmangur nj\u00eb val\u00eb tjet\u00ebr t\u00eb mobilizimit masiv, presidenti rus Vladimir Putin n\u00ebnshkroi nj\u00eb dekret q\u00eb u lejon t\u00eb huajve t\u00eb sh\u00ebrbejn\u00eb n\u00eb ushtrin\u00eb ruse, jo vet\u00ebm gjat\u00eb gjendjes s\u00eb jasht\u00ebzakonshme, por edhe n\u00eb \u201cperiudhat e mobilizimit\u201d. N\u00eb Rusi vazhdon t\u00eb jet\u00eb n\u00eb fuqi dekreti p\u00ebr mobilizim i shpallur nga Putini n\u00eb vitin 2022.<\/p>\n<p>S\u00eb shpejti pas n\u00ebnshkrimit t\u00eb dekretit, gazetar\u00ebt e BIRN-it vun\u00eb re nj\u00eb rritje t\u00eb reklamave p\u00ebr rekrutim n\u00eb rrjetet sociale dhe hyn\u00eb n\u00eb kontakt me rekrutuesit duke p\u00ebrdorur nj\u00eb identitet t\u00eb rrem\u00eb me emrin \u201cIgor Dimitrijeviq\u201d.<\/p>\n<p>P\u00ebrmes k\u00ebtij profili, ata kontaktuan me Dejan Beriqin, nj\u00ebrin nga luft\u00ebtar\u00ebt m\u00eb t\u00eb njohur serb\u00eb n\u00eb ushtrin\u00eb ruse, i cili rregullisht publikon video nga fronti n\u00eb kanalet e tij n\u00eb Telegram dhe YouTube.<\/p>\n<p>Komunikimi u nd\u00ebrpre kur Beriq pyeti n\u00ebse \u201cIgori\u201d dinte rusisht, duke sqaruar se kontratat mund t\u2019i n\u00ebnshkruajn\u00eb vet\u00ebm meshkujt nga 20 deri n\u00eb 49 vje\u00e7 q\u00eb flasin rusisht.<\/p>\n<p>Megjithat\u00eb, m\u00eb 9 shtator, Beriq d\u00ebrgoi nj\u00eb mesazh privat duke th\u00ebn\u00eb se po formohej nj\u00eb nj\u00ebsi e re me \u201cshum\u00eb serb\u00eb\u201d dhe se njohja e rusishtes nuk do t\u00eb ishte e detyrueshme.<\/p>\n<p>\u201cK\u00ebtu kemi rregulluar gjith\u00e7ka. Mund t\u00eb nisesh. Kur ta blesh bilet\u00ebn, njofto q\u00eb t\u00eb presim dik\u00eb n\u00eb aeroport. Shiko t\u00eb marr\u00ebsh bilet\u00eb t\u00eb lir\u00eb, p\u00ebrmes Turqis\u00eb, jo k\u00ebto t\u00eb drejtat, t\u00eb shtrenjtat\u201d, tha Beriq n\u00eb nj\u00eb mesazh zanor, duke shtuar se parat\u00eb p\u00ebr bilet\u00ebn deri n\u00eb Mosk\u00eb do t\u00eb rimbursoheshin.<\/p>\n<p>Beriq tregoi nj\u00eb rregull &#8211; nga Rusia nuk lejohet d\u00ebrgimi i fotove, videove apo mesazheve as familjar\u00ebve m\u00eb t\u00eb af\u00ebrt &#8211; n\u00eb t\u00eb kund\u00ebrt\u00ebn pason burgim shum\u00ebvje\u00e7ar.<\/p>\n<p>\u201cGjith\u00e7ka \u00ebsht\u00eb e rrept\u00eb. St\u00ebrvitja nuk \u00ebsht\u00eb e v\u00ebshtir\u00eb, asgj\u00eb e komplikuar. Komandanti \u00ebsht\u00eb Vuku\u201d, shkroi ai.<\/p>\n<p>\u201cVuk\u201d \u00ebsht\u00eb nofka e Davor Savi\u00e7iqit, mercenar i njohur nga Republika Serbe, i cili \u00ebsht\u00eb shfaqur me Beriqin n\u00eb media ruse. Ai i tha \u201cIgorit\u201d se do ta priste n\u00eb aeroportin Vnukovo n\u00eb Mosk\u00eb.<\/p>\n<p>Kur gazetar\u00ebt e kontaktuan \u201cDavorin\u201d, ai d\u00ebrgoi nj\u00eb foto t\u00eb tij p\u00ebr ta njohur n\u00eb aeroport \u2013 n\u00eb foto ishte Davor Savi\u00e7i\u00e7. Ai refuzoi t\u00eb fliste p\u00ebr detajet e kontrat\u00ebs p\u00ebrmes Telegramit.<\/p>\n<p>\u201cKur t\u00eb vish, v\u00eblla, nuk flasim asgj\u00eb n\u00eb telefon\u201d, tha ai.<\/p>\n<p>Savi\u00e7iq \u00ebsht\u00eb vullnetar nga Doboj (Bosnja e veriut), p\u00ebr t\u00eb cilin Radio Evropa e Lir\u00eb kishte konstatuar m\u00eb par\u00eb se \u00ebsht\u00eb oficer i GRU-s\u00eb dhe q\u00eb nga fundi i vitit 2021 rekruton mercenar\u00eb p\u00ebr batalionin e tij \u201cVukovi\u201d.Sipas RSE-s\u00eb, ai ka marr\u00eb pjes\u00eb n\u00eb luft\u00ebn n\u00eb Siri si pjes\u00ebtar i grupit mercenar Wagner, nd\u00ebrsa n\u00eb vitet 2018\u20132019 ka qen\u00eb n\u00eb Donbas si instruktor n\u00eb nj\u00eb grup specialist\u00ebsh t\u00eb GRU-s\u00eb q\u00eb ndihmonin ushtrin\u00eb e Republik\u00ebs Popullore t\u00eb Donetskut.<\/p>\n<p>Bosnja dhe Serbia n\u00eb vitin 2014 ndryshuan kodet penale p\u00ebr t\u00eb ndaluar pjes\u00ebmarrjen n\u00eb luft\u00ebra t\u00eb huaja, pasi shum\u00eb shtetas nga Ballkani kishin shkuar n\u00eb Lindjen e Mesme p\u00ebr t\u2019u bashkuar me Shtetin Islamik.<\/p>\n<p>D\u00ebnimet p\u00ebr k\u00ebt\u00eb shkelje ndryshojn\u00eb nga dy muaj deri n\u00eb dhjet\u00eb vjet burg n\u00eb Serbi, dhe deri n\u00eb tet\u00eb vjet n\u00eb Bosnj\u00eb.<\/p>\n<p>Megjithat\u00eb, vullnetar\u00eb nga t\u00eb dy vendet i jan\u00eb bashkuar forcave ruse q\u00eb nga aneksimi i Krimes\u00eb n\u00eb 2014, dhe raportime t\u00eb reja p\u00ebr mercenar\u00eb ballkanik\u00eb jan\u00eb shfaqur q\u00eb nga fillimi i pushtimit rus t\u00eb Ukrain\u00ebs n\u00eb vitin 2022.<\/p>\n<p>Rekrutimi p\u00ebrmes rrjeteve sociale<\/p>\n<p>Nj\u00eb tjet\u00ebr shpallje p\u00ebr rekrut\u00eb t\u00eb mundsh\u00ebm n\u00eb ushtrin\u00eb ruse u publikua n\u00eb Facebook. Postimi ishte n\u00eb serbisht, dhe p\u00ebrmbante nj\u00eb num\u00ebr telefoni rus t\u00eb nj\u00eb personi me emrin \u201cAslan\u201d.<\/p>\n<p>P\u00ebrmes k\u00ebtij numri, profili \u201cIgor Dimitrijeviq\u201d i BIRN-it kontaktoi me \u201cAslanin\u201d, i cili tha se sh\u00ebrbente n\u00eb ushtrin\u00eb ruse dhe se nj\u00eb mik serb e kishte lutur t\u00eb ndihmonte bashk\u00ebkombasit q\u00eb t\u00eb n\u00ebnshkruanin kontratat.<\/p>\n<p>\u201cT\u00eb gjith\u00eb jemi v\u00ebllez\u00ebr,\u201d shkroi ai.<\/p>\n<p>\u201cAslani\u201d tha se rekrut\u00ebt e rinj pas n\u00ebnshkrimit t\u00eb kontrat\u00ebs nj\u00ebvje\u00e7are marrin nj\u00eb bonus prej 52 mij\u00eb markash konvertibile (rreth 26 mij\u00eb euro) dhe m\u00eb pas nj\u00eb pag\u00eb mujore prej 5.500 markash (rreth 2.250 euro).<\/p>\n<p>T\u00eb nj\u00ebjtat shuma p\u00ebrmendeshin edhe nga administratori i grupit Telegram \u201cSVO\u201d (\u201cOperacioni Ushtarak Special\u201d) \u2013 term q\u00eb p\u00ebrdorin autoritetet ruse p\u00ebr pushtimin e Ukrain\u00ebs.<\/p>\n<p>Grupi u krijua me nj\u00ebzet e disa an\u00ebtar\u00eb, shumica t\u00eb rinj nga Serbia, disa nga Republika Serbe dhe nj\u00eb pjes\u00eb e tyre ish-t\u00eb burgosur. Madje kishte edhe nj\u00eb grua, e cila m\u00eb pas u p\u00ebrjashtua pasi u sqarua se t\u00eb huajat nuk pranoheshin. Administratori i grupit p\u00ebrdorte pseudonimin \u201c\u00c7etniku Vullnetar\u201d, nj\u00ebsoj si faqja n\u00eb Facebook ku ishte publikuar njoftimi p\u00ebr rekrutim. BIRN zbuloi se pas k\u00ebtij profili fshihej nj\u00eb burr\u00eb me emrin Zhelko Tomiq, i cili kishte publikuar foto nga fronti me Darijo Ristiqin, nj\u00eb tjet\u00ebr vullnetar nga Modri\u00e7a.<\/p>\n<p>Ristiqi u arrestua n\u00eb Bosnje n\u00eb muajin shtator t\u00eb vitit 2025 dhe \u00ebsht\u00eb akuzuar p\u00ebr pjes\u00ebmarrje n\u00eb luft\u00ebn n\u00eb Ukrain\u00eb. Avokati i tij, Rade \u00c7ulibrk, tha p\u00ebr BIRN se rasti \u00ebsht\u00eb n\u00eb faz\u00ebn e arritjes s\u00eb nj\u00eb marr\u00ebveshjeje p\u00ebr pranimin e faj\u00ebsis\u00eb.<\/p>\n<p>Vullnetar\u00ebve u premtohen mij\u00ebra euro, shtet\u00ebsi ruse dhe vende pune<\/p>\n<p>Administratori \u201c\u00c7etniku Vullnetar\u201d u shkruante an\u00ebtar\u00ebve t\u00eb grupit se, pas mb\u00ebrritjes n\u00eb hotelin n\u00eb Socchi (Rusi), \u00e7do rekrut do t\u00eb n\u00ebnshkruante nj\u00eb kontrat\u00eb nj\u00ebvje\u00e7are dhe do t\u00eb merrte bonusin prej 26.000 eurosh. M\u00eb pas, paga mujore do t\u00eb ishte 2.250 euro.<\/p>\n<p>Ai premtonte gjithashtu se p\u00ebrmes sh\u00ebrbimit n\u00eb ushtri mund t\u00eb fitohej shtet\u00ebsia ruse \u2013 e cila m\u00eb pas do t\u2019u mund\u00ebsonte edhe an\u00ebtar\u00ebve t\u00eb familjes p\u00ebrfitime, p\u00ebrfshir\u00eb arsim falas p\u00ebr f\u00ebmij\u00ebt dhe ndihm\u00eb p\u00ebr veteran\u00ebt pas p\u00ebrfundimit t\u00eb luft\u00ebs, duke u siguruar edhe vende pune.<\/p>\n","protected":false},"excerpt":{"rendered":"<p>Prishtin\u00eb, 31 tetor 2025 Gazetar\u00ebt e\u00a0BIRN-it jan\u00eb infiltruar n\u00eb grupe private n\u00eb Telegram, ku mercenar\u00eb me p\u00ebrvoj\u00eb shum\u00ebvje\u00e7are rekrutojn\u00eb vullnetar\u00eb t\u00eb rinj nga Serbia dhe<\/p>\n","protected":false},"author":7,"featured_media":18538,"comment_status":"open","ping_status":"open","sticky":false,"template":"","format":"standard","meta":{"footnotes":""},"categories":[58],"tags":[],"class_list":["post-18537","post","type-post","status-publish","format-standard","has-post-thumbnail","hentry","category-politike-sq"],"yoast_head":"<!-- This site is optimized with the Yoast SEO plugin v25.3.1 - https:\/\/yoast.com\/wordpress\/plugins\/seo\/ -->\n<title>Si rekrutohen vullnetar\u00ebt nga Serbia dhe \u00e7far\u00eb u premtohet n\u00ebse luftojn\u00eb p\u00ebr Putinin n\u00eb Ukrain\u00eb? -<\/title>\n<meta name=\"robots\" content=\"index, follow, max-snippet:-1, max-image-preview:large, max-video-preview:-1\" \/>\n<link rel=\"canonical\" href=\"https:\/\/veritasinfo.org\/?p=18537\" \/>\n<meta property=\"og:locale\" content=\"en_US\" \/>\n<meta property=\"og:type\" content=\"article\" \/>\n<meta property=\"og:title\" content=\"Si rekrutohen vullnetar\u00ebt nga Serbia dhe \u00e7far\u00eb u premtohet n\u00ebse luftojn\u00eb p\u00ebr Putinin n\u00eb Ukrain\u00eb? -\" \/>\n<meta property=\"og:description\" content=\"Prishtin\u00eb, 31 tetor 2025 Gazetar\u00ebt e\u00a0BIRN-it jan\u00eb infiltruar n\u00eb grupe private n\u00eb Telegram, ku mercenar\u00eb me p\u00ebrvoj\u00eb shum\u00ebvje\u00e7are rekrutojn\u00eb vullnetar\u00eb t\u00eb rinj nga Serbia dhe\" \/>\n<meta property=\"og:url\" content=\"https:\/\/veritasinfo.org\/?p=18537\" \/>\n<meta property=\"article:published_time\" content=\"2025-10-31T16:39:07+00:00\" \/>\n<meta property=\"og:image\" content=\"https:\/\/veritasinfo.org\/wp-content\/uploads\/2025\/10\/1-18.jpg\" \/>\n\t<meta property=\"og:image:width\" content=\"894\" \/>\n\t<meta property=\"og:image:height\" content=\"573\" \/>\n\t<meta property=\"og:image:type\" content=\"image\/jpeg\" \/>\n<meta name=\"author\" content=\"US6\" \/>\n<meta name=\"twitter:card\" content=\"summary_large_image\" \/>\n<meta name=\"twitter:label1\" content=\"Written by\" \/>\n\t<meta name=\"twitter:data1\" content=\"US6\" \/>\n\t<meta name=\"twitter:label2\" content=\"Est. reading time\" \/>\n\t<meta name=\"twitter:data2\" content=\"6 minutes\" \/>\n<script type=\"application\/ld+json\" class=\"yoast-schema-graph\">{\"@context\":\"https:\/\/schema.org\",\"@graph\":[{\"@type\":\"WebPage\",\"@id\":\"https:\/\/veritasinfo.org\/?p=18537\",\"url\":\"https:\/\/veritasinfo.org\/?p=18537\",\"name\":\"Si rekrutohen vullnetar\u00ebt nga Serbia dhe \u00e7far\u00eb u premtohet n\u00ebse luftojn\u00eb p\u00ebr Putinin n\u00eb Ukrain\u00eb? -\",\"isPartOf\":{\"@id\":\"https:\/\/veritasinfo.org\/#website\"},\"primaryImageOfPage\":{\"@id\":\"https:\/\/veritasinfo.org\/?p=18537#primaryimage\"},\"image\":{\"@id\":\"https:\/\/veritasinfo.org\/?p=18537#primaryimage\"},\"thumbnailUrl\":\"https:\/\/veritasinfo.org\/wp-content\/uploads\/2025\/10\/1-18.jpg\",\"datePublished\":\"2025-10-31T16:39:07+00:00\",\"author\":{\"@id\":\"https:\/\/veritasinfo.org\/#\/schema\/person\/fe199eede04c3937362892b7444747cc\"},\"breadcrumb\":{\"@id\":\"https:\/\/veritasinfo.org\/?p=18537#breadcrumb\"},\"inLanguage\":\"en-US\",\"potentialAction\":[{\"@type\":\"ReadAction\",\"target\":[\"https:\/\/veritasinfo.org\/?p=18537\"]}]},{\"@type\":\"ImageObject\",\"inLanguage\":\"en-US\",\"@id\":\"https:\/\/veritasinfo.org\/?p=18537#primaryimage\",\"url\":\"https:\/\/veritasinfo.org\/wp-content\/uploads\/2025\/10\/1-18.jpg\",\"contentUrl\":\"https:\/\/veritasinfo.org\/wp-content\/uploads\/2025\/10\/1-18.jpg\",\"width\":894,\"height\":573},{\"@type\":\"BreadcrumbList\",\"@id\":\"https:\/\/veritasinfo.org\/?p=18537#breadcrumb\",\"itemListElement\":[{\"@type\":\"ListItem\",\"position\":1,\"name\":\"Home\",\"item\":\"https:\/\/veritasinfo.org\/\"},{\"@type\":\"ListItem\",\"position\":2,\"name\":\"Si rekrutohen vullnetar\u00ebt nga Serbia dhe \u00e7far\u00eb u premtohet n\u00ebse luftojn\u00eb p\u00ebr Putinin n\u00eb Ukrain\u00eb?\"}]},{\"@type\":\"WebSite\",\"@id\":\"https:\/\/veritasinfo.org\/#website\",\"url\":\"https:\/\/veritasinfo.org\/\",\"name\":\"\",\"description\":\"\",\"potentialAction\":[{\"@type\":\"SearchAction\",\"target\":{\"@type\":\"EntryPoint\",\"urlTemplate\":\"https:\/\/veritasinfo.org\/?s={search_term_string}\"},\"query-input\":{\"@type\":\"PropertyValueSpecification\",\"valueRequired\":true,\"valueName\":\"search_term_string\"}}],\"inLanguage\":\"en-US\"},{\"@type\":\"Person\",\"@id\":\"https:\/\/veritasinfo.org\/#\/schema\/person\/fe199eede04c3937362892b7444747cc\",\"name\":\"US6\",\"image\":{\"@type\":\"ImageObject\",\"inLanguage\":\"en-US\",\"@id\":\"https:\/\/veritasinfo.org\/#\/schema\/person\/image\/\",\"url\":\"https:\/\/secure.gravatar.com\/avatar\/cb16c3c31c9d23b9b8c705964598220b3014e42ff51eb540ff23cefa3ae8c15f?s=96&d=mm&r=g\",\"contentUrl\":\"https:\/\/secure.gravatar.com\/avatar\/cb16c3c31c9d23b9b8c705964598220b3014e42ff51eb540ff23cefa3ae8c15f?s=96&d=mm&r=g\",\"caption\":\"US6\"},\"url\":\"https:\/\/veritasinfo.org\/?author=7\"}]}<\/script>\n<!-- \/ Yoast SEO plugin. -->","yoast_head_json":{"title":"Si rekrutohen vullnetar\u00ebt nga Serbia dhe \u00e7far\u00eb u premtohet n\u00ebse luftojn\u00eb p\u00ebr Putinin n\u00eb Ukrain\u00eb? -","robots":{"index":"index","follow":"follow","max-snippet":"max-snippet:-1","max-image-preview":"max-image-preview:large","max-video-preview":"max-video-preview:-1"},"canonical":"https:\/\/veritasinfo.org\/?p=18537","og_locale":"en_US","og_type":"article","og_title":"Si rekrutohen vullnetar\u00ebt nga Serbia dhe \u00e7far\u00eb u premtohet n\u00ebse luftojn\u00eb p\u00ebr Putinin n\u00eb Ukrain\u00eb? -","og_description":"Prishtin\u00eb, 31 tetor 2025 Gazetar\u00ebt e\u00a0BIRN-it jan\u00eb infiltruar n\u00eb grupe private n\u00eb Telegram, ku mercenar\u00eb me p\u00ebrvoj\u00eb shum\u00ebvje\u00e7are rekrutojn\u00eb vullnetar\u00eb t\u00eb rinj nga Serbia dhe","og_url":"https:\/\/veritasinfo.org\/?p=18537","article_published_time":"2025-10-31T16:39:07+00:00","og_image":[{"width":894,"height":573,"url":"https:\/\/veritasinfo.org\/wp-content\/uploads\/2025\/10\/1-18.jpg","type":"image\/jpeg"}],"author":"US6","twitter_card":"summary_large_image","twitter_misc":{"Written by":"US6","Est. reading time":"6 minutes"},"schema":{"@context":"https:\/\/schema.org","@graph":[{"@type":"WebPage","@id":"https:\/\/veritasinfo.org\/?p=18537","url":"https:\/\/veritasinfo.org\/?p=18537","name":"Si rekrutohen vullnetar\u00ebt nga Serbia dhe \u00e7far\u00eb u premtohet n\u00ebse luftojn\u00eb p\u00ebr Putinin n\u00eb Ukrain\u00eb? -","isPartOf":{"@id":"https:\/\/veritasinfo.org\/#website"},"primaryImageOfPage":{"@id":"https:\/\/veritasinfo.org\/?p=18537#primaryimage"},"image":{"@id":"https:\/\/veritasinfo.org\/?p=18537#primaryimage"},"thumbnailUrl":"https:\/\/veritasinfo.org\/wp-content\/uploads\/2025\/10\/1-18.jpg","datePublished":"2025-10-31T16:39:07+00:00","author":{"@id":"https:\/\/veritasinfo.org\/#\/schema\/person\/fe199eede04c3937362892b7444747cc"},"breadcrumb":{"@id":"https:\/\/veritasinfo.org\/?p=18537#breadcrumb"},"inLanguage":"en-US","potentialAction":[{"@type":"ReadAction","target":["https:\/\/veritasinfo.org\/?p=18537"]}]},{"@type":"ImageObject","inLanguage":"en-US","@id":"https:\/\/veritasinfo.org\/?p=18537#primaryimage","url":"https:\/\/veritasinfo.org\/wp-content\/uploads\/2025\/10\/1-18.jpg","contentUrl":"https:\/\/veritasinfo.org\/wp-content\/uploads\/2025\/10\/1-18.jpg","width":894,"height":573},{"@type":"BreadcrumbList","@id":"https:\/\/veritasinfo.org\/?p=18537#breadcrumb","itemListElement":[{"@type":"ListItem","position":1,"name":"Home","item":"https:\/\/veritasinfo.org\/"},{"@type":"ListItem","position":2,"name":"Si rekrutohen vullnetar\u00ebt nga Serbia dhe \u00e7far\u00eb u premtohet n\u00ebse luftojn\u00eb p\u00ebr Putinin n\u00eb Ukrain\u00eb?"}]},{"@type":"WebSite","@id":"https:\/\/veritasinfo.org\/#website","url":"https:\/\/veritasinfo.org\/","name":"","description":"","potentialAction":[{"@type":"SearchAction","target":{"@type":"EntryPoint","urlTemplate":"https:\/\/veritasinfo.org\/?s={search_term_string}"},"query-input":{"@type":"PropertyValueSpecification","valueRequired":true,"valueName":"search_term_string"}}],"inLanguage":"en-US"},{"@type":"Person","@id":"https:\/\/veritasinfo.org\/#\/schema\/person\/fe199eede04c3937362892b7444747cc","name":"US6","image":{"@type":"ImageObject","inLanguage":"en-US","@id":"https:\/\/veritasinfo.org\/#\/schema\/person\/image\/","url":"https:\/\/secure.gravatar.com\/avatar\/cb16c3c31c9d23b9b8c705964598220b3014e42ff51eb540ff23cefa3ae8c15f?s=96&d=mm&r=g","contentUrl":"https:\/\/secure.gravatar.com\/avatar\/cb16c3c31c9d23b9b8c705964598220b3014e42ff51eb540ff23cefa3ae8c15f?s=96&d=mm&r=g","caption":"US6"},"url":"https:\/\/veritasinfo.org\/?author=7"}]}},"featured_image_urls":{"full":["https:\/\/veritasinfo.org\/wp-content\/uploads\/2025\/10\/1-18.jpg",894,573,false],"thumbnail":["https:\/\/veritasinfo.org\/wp-content\/uploads\/2025\/10\/1-18-150x150.jpg",150,150,true],"medium":["https:\/\/veritasinfo.org\/wp-content\/uploads\/2025\/10\/1-18-300x192.jpg",300,192,true],"medium_large":["https:\/\/veritasinfo.org\/wp-content\/uploads\/2025\/10\/1-18-768x492.jpg",640,410,true],"large":["https:\/\/veritasinfo.org\/wp-content\/uploads\/2025\/10\/1-18.jpg",640,410,false],"1536x1536":["https:\/\/veritasinfo.org\/wp-content\/uploads\/2025\/10\/1-18.jpg",894,573,false],"2048x2048":["https:\/\/veritasinfo.org\/wp-content\/uploads\/2025\/10\/1-18.jpg",894,573,false],"kreeti-slider-full":["https:\/\/veritasinfo.org\/wp-content\/uploads\/2025\/10\/1-18.jpg",894,573,false],"kreeti-featured":["https:\/\/veritasinfo.org\/wp-content\/uploads\/2025\/10\/1-18.jpg",894,573,false],"kreeti-medium":["https:\/\/veritasinfo.org\/wp-content\/uploads\/2025\/10\/1-18.jpg",720,461,false],"kreeti-medium-square":["https:\/\/veritasinfo.org\/wp-content\/uploads\/2025\/10\/1-18.jpg",350,224,false]},"author_info":{"info":["US6"]},"category_info":"<a href=\"https:\/\/veritasinfo.org\/?cat=58\" rel=\"category\">Politik\u00eb<\/a>","tag_info":"Politik\u00eb","comment_count":"0","_links":{"self":[{"href":"https:\/\/veritasinfo.org\/index.php?rest_route=\/wp\/v2\/posts\/18537","targetHints":{"allow":["GET"]}}],"collection":[{"href":"https:\/\/veritasinfo.org\/index.php?rest_route=\/wp\/v2\/posts"}],"about":[{"href":"https:\/\/veritasinfo.org\/index.php?rest_route=\/wp\/v2\/types\/post"}],"author":[{"embeddable":true,"href":"https:\/\/veritasinfo.org\/index.php?rest_route=\/wp\/v2\/users\/7"}],"replies":[{"embeddable":true,"href":"https:\/\/veritasinfo.org\/index.php?rest_route=%2Fwp%2Fv2%2Fcomments&post=18537"}],"version-history":[{"count":1,"href":"https:\/\/veritasinfo.org\/index.php?rest_route=\/wp\/v2\/posts\/18537\/revisions"}],"predecessor-version":[{"id":18539,"href":"https:\/\/veritasinfo.org\/index.php?rest_route=\/wp\/v2\/posts\/18537\/revisions\/18539"}],"wp:featuredmedia":[{"embeddable":true,"href":"https:\/\/veritasinfo.org\/index.php?rest_route=\/wp\/v2\/media\/18538"}],"wp:attachment":[{"href":"https:\/\/veritasinfo.org\/index.php?rest_route=%2Fwp%2Fv2%2Fmedia&parent=18537"}],"wp:term":[{"taxonomy":"category","embeddable":true,"href":"https:\/\/veritasinfo.org\/index.php?rest_route=%2Fwp%2Fv2%2Fcategories&post=18537"},{"taxonomy":"post_tag","embeddable":true,"href":"https:\/\/veritasinfo.org\/index.php?rest_route=%2Fwp%2Fv2%2Ftags&post=18537"}],"curies":[{"name":"wp","href":"https:\/\/api.w.org\/{rel}","templated":true}]}}