{"id":18533,"date":"2025-10-31T17:36:26","date_gmt":"2025-10-31T16:36:26","guid":{"rendered":"https:\/\/veritasinfo.org\/?p=18533"},"modified":"2025-10-31T17:36:26","modified_gmt":"2025-10-31T16:36:26","slug":"gjyqtaret-e-akuzuan-mbrojtjen-per-vonesa-avokati-i-thacit-prokuroria-pati-kohe-5-vjet-per-rastin-e-saj","status":"publish","type":"post","link":"https:\/\/veritasinfo.org\/?p=18533","title":{"rendered":"Gjyqtar\u00ebt e akuzuan mbrojtjen p\u00ebr vonesa, avokati i Tha\u00e7it: Prokuroria pati koh\u00eb 5 vjet p\u00ebr rastin e saj"},"content":{"rendered":"<p>Prishtin\u00eb 31 Tetor 2025<\/p>\n<p>Mbrojtja e Hashim Tha\u00e7it ka reaguar pas kritikave q\u00eb mor\u00ebn nga gjyqtar\u00ebt p\u00ebr vonesa.<\/p>\n<p>N\u00eb nj\u00eb parashtres\u00eb t\u00eb publikuar, avokati i Tha\u00e7it ia kujton gjyqtar\u00ebve se probleme t\u00eb shumta me d\u00ebshmitar\u00eb kishte pasur edhe Prokurora.<\/p>\n<p>\u201cMbrojtja v\u00ebren se ky nuk \u00ebsht\u00eb nj\u00eb problem unik; Prokuroria Speciale u p\u00ebrball me pengesa t\u00eb ngjashme gjat\u00eb gjith\u00eb \u00e7\u00ebshtjes s\u00eb saj dhe nuk ishte n\u00eb gjendje t\u00eb p\u00ebrmbushte t\u00eb gjitha dit\u00ebt e planifikuara gjyq\u00ebsore, ve\u00e7an\u00ebrisht n\u00eb fund t\u00eb \u00e7\u00ebshtjes s\u00eb saj p\u00ebr shkak t\u00eb problemeve t\u00eb disponueshm\u00ebris\u00eb s\u00eb d\u00ebshmitar\u00ebve.Megjithat\u00eb, Mbrojtja \u00ebsht\u00eb n\u00eb dijeni t\u00eb detyrimeve t\u00eb saj n\u00eb p\u00ebrputhje me paragrafin 81 t\u00eb Urdhrit p\u00ebr Zhvillimin e Procedurave, dhe po nd\u00ebrmerr t\u00eb gjitha hapat e mundsh\u00ebm p\u00ebr t\u2019i p\u00ebrmbushur ato. \u00c7do dit\u00eb gjyq\u00ebsore e pap\u00ebrdorur ose pjes\u00ebrisht e p\u00ebrdorur gjat\u00eb \u00e7\u00ebshtjes s\u00eb Mbrojtjes ka qen\u00eb p\u00ebr shkak t\u00eb rrethanave jasht\u00eb kontrollit t\u00eb Mbrojtjes. P\u00ebr shembull, disa nga koh\u00ebt e pap\u00ebrdorura t\u00eb sallave t\u00eb gjyqit kan\u00eb qen\u00eb rezultat i p\u00ebrfundimit t\u00eb d\u00ebshmive m\u00eb shpejt se sa pritej p\u00ebr shkak t\u00eb vler\u00ebsimeve t\u00eb pasakta\u201d, thuhet n\u00eb parashtes\u00eb, raporton Nacionale.<\/p>\n<p>Si rezultat i problemeve me d\u00ebshmitar\u00eb, u anuluan edhe seancat e jav\u00ebs s\u00eb ardhshme.<\/p>\n<p>\u201cM\u00eb 23 dhe 24 tetor 2025, n\u00eb p\u00ebrputhje me Urdhrin e Trupit Gjykues, Mbrojtja kontaktoi p\u00ebrs\u00ebri secilin prej d\u00ebshmitar\u00ebve t\u00eb mbetur t\u00eb propozuar p\u00ebr t\u00eb konfirmuar disponueshm\u00ebrin\u00eb e tyre p\u00ebr t\u00eb d\u00ebshmuar. Bazuar n\u00eb k\u00ebto komunikime, n\u00ebse [REDAKTUAR] nuk d\u00ebshmon sipas planit n\u00eb jav\u00ebn e 3 n\u00ebntorit 2025, Mbrojtja konfirmon se nuk do t\u00eb ket\u00eb asnj\u00eb d\u00ebshmitar tjet\u00ebr t\u00eb disponuesh\u00ebm p\u00ebr t\u00eb d\u00ebshmuar gjat\u00eb k\u00ebsaj jave. Kjo p\u00ebr shkak se: (i) 1DW-007 u miratua p\u00ebr t\u00eb d\u00ebshmuar nga Qeveria e Shteteve t\u00eb Bashkuara (\u201cSHBA\u201d) vet\u00ebm m\u00eb 17 tetor 2025. Ai m\u00eb pas n\u00ebnshkroi deklarat\u00ebn e tij m\u00eb 20 tetor 2025, e cila iu zbulua t\u00eb gjitha pal\u00ebve dhe pjes\u00ebmarr\u00ebsve m\u00eb 21 tetor 2025, dhe njoftimi zyrtar i t\u00eb gjitha k\u00ebrkesave p\u00ebrkat\u00ebse u paraqit m\u00eb 22 tetor 2025. N\u00eb p\u00ebrputhje me udh\u00ebzimet e m\u00ebparshme t\u00eb Panelit, t\u00eb gjitha pal\u00ebt dhe pjes\u00ebmarr\u00ebsit kan\u00eb t\u00eb drejt\u00eb t\u00eb njoftohen tre jav\u00eb p\u00ebrpara deklarat\u00ebs s\u00eb d\u00ebshmitarit dhe t\u00eb gjitha k\u00ebrkesave p\u00ebrkat\u00ebse para d\u00ebshmis\u00eb. Si i till\u00eb, 1DW-007 nuk \u00ebsht\u00eb n\u00eb gjendje t\u00eb filloj\u00eb t\u00eb d\u00ebshmoj\u00eb para 12 n\u00ebntorit 2025. 1DW-007 ka njoftuar gjithashtu se ka detyrime profesionale q\u00eb e b\u00ebjn\u00eb t\u00eb padisponuesh\u00ebm para 17 n\u00ebntorit 2025, duke p\u00ebrfshir\u00eb udh\u00ebtimin n\u00eb jav\u00ebn e 3 n\u00ebntorit 2025. Ai ka konfirmuar gatishm\u00ebrin\u00eb e tij p\u00ebr t\u00eb udh\u00ebtuar n\u00eb Hag\u00eb m\u00eb 17 n\u00ebntor 2025 dhe p\u00ebr t\u00eb filluar t\u00eb d\u00ebshmoj\u00eb pasditen e 18 n\u00ebntorit\u201d, thuhet n\u00eb parashtres\u00eb.<\/p>\n<p>\u201c1DW-008 ka detyrime profesionale n\u00eb SHBA, si rezultat i t\u00eb cilave ai nuk \u00ebsht\u00eb n\u00eb gjendje t\u00eb udh\u00ebtoj\u00eb para 9 n\u00ebntorit 2025, dhe p\u00ebr k\u00ebt\u00eb arsye \u00ebsht\u00eb n\u00eb gjendje t\u00eb filloj\u00eb d\u00ebshmin\u00eb e tij vet\u00ebm n\u00eb jav\u00ebn e 10 n\u00ebntorit 2025; dhe 1DW-009 fillimisht ishte planifikuar t\u00eb d\u00ebshmonte n\u00eb jav\u00ebn e 3 n\u00ebntorit 2025. Megjithat\u00eb, p\u00ebr shkak t\u00eb pasiguris\u00eb dhe munges\u00ebs s\u00eb informacionit n\u00eb lidhje me [REDAKTUAR], dhe k\u00ebrkesave nga 1DW-009 dhe WPSO p\u00ebr t\u00eb finalizuar datat e propozuara t\u00eb d\u00ebshmis\u00eb, Mbrojtja caktoi d\u00ebshmin\u00eb e tij n\u00eb jav\u00ebn e 10 n\u00ebntorit 2025, pas p\u00ebrfundimit t\u00eb d\u00ebshmis\u00eb s\u00eb 1DW-008\u201d, thuhet m\u00eb tutje.<\/p>\n<p>Krejt n\u00eb fund, avokati i Tha\u00e7it thekson se Prokuroria pati 5 vite koh\u00eb p\u00ebr rastin e saj.<\/p>\n<p>\u201cMbrojtja vler\u00ebson \u2013 dhe ndan \u2013 shqet\u00ebsimet e Trupit Gjykues se vonesat \u201cpo ndikojn\u00eb n\u00eb p\u00ebrfundimin e shpejt\u00eb dhe efektiv t\u00eb \u00e7\u00ebshtjes dhe, n\u00eb t\u00eb nj\u00ebjt\u00ebn m\u00ebnyr\u00eb, n\u00eb t\u00eb drejtat e atyre q\u00eb jan\u00eb t\u00eb p\u00ebrfshir\u00eb p\u00ebr nj\u00eb gjykim pa vonesa t\u00eb panevojshme\u201d. Megjithat\u00eb, vonesat n\u00eb \u00e7\u00ebshtjen e Mbrojtjes duhet t\u00eb shihen n\u00eb kontekstin m\u00eb t\u00eb gjer\u00eb t\u00eb k\u00ebtyre procedurave. Z. Tha\u00e7i dhe t\u00eb akuzuarit e tjer\u00eb jan\u00eb mbajtur n\u00eb paraburgim prej pes\u00eb vitesh: periudha paraprake zgjati gati 2.5 vjet, dhe Trupi Gjykues i lejoi PSP-s\u00eb pak m\u00eb shum\u00eb se 2 vjet p\u00ebr t\u00eb paraqitur \u00e7\u00ebshtjen e saj, duke p\u00ebrfshir\u00eb gjykimin p\u00ebrfundimtar t\u00eb mocioneve me shkrim t\u00eb paraqitura n\u00eb fund t\u00eb \u00e7\u00ebshtjes s\u00eb PSP-s\u00eb\u201d, thuhet aty.<\/p>\n","protected":false},"excerpt":{"rendered":"<p>Prishtin\u00eb 31 Tetor 2025 Mbrojtja e Hashim Tha\u00e7it ka reaguar pas kritikave q\u00eb mor\u00ebn nga gjyqtar\u00ebt p\u00ebr vonesa. N\u00eb nj\u00eb parashtres\u00eb t\u00eb publikuar, avokati i<\/p>\n","protected":false},"author":6,"featured_media":18534,"comment_status":"open","ping_status":"open","sticky":false,"template":"","format":"standard","meta":{"footnotes":""},"categories":[58],"tags":[],"class_list":["post-18533","post","type-post","status-publish","format-standard","has-post-thumbnail","hentry","category-politike-sq"],"yoast_head":"<!-- This site is optimized with the Yoast SEO plugin v25.3.1 - https:\/\/yoast.com\/wordpress\/plugins\/seo\/ -->\n<title>Gjyqtar\u00ebt e akuzuan mbrojtjen p\u00ebr vonesa, avokati i Tha\u00e7it: Prokuroria pati koh\u00eb 5 vjet p\u00ebr rastin e saj -<\/title>\n<meta name=\"robots\" content=\"index, follow, max-snippet:-1, max-image-preview:large, max-video-preview:-1\" \/>\n<link rel=\"canonical\" href=\"https:\/\/veritasinfo.org\/?p=18533\" \/>\n<meta property=\"og:locale\" content=\"en_US\" \/>\n<meta property=\"og:type\" content=\"article\" \/>\n<meta property=\"og:title\" content=\"Gjyqtar\u00ebt e akuzuan mbrojtjen p\u00ebr vonesa, avokati i Tha\u00e7it: Prokuroria pati koh\u00eb 5 vjet p\u00ebr rastin e saj -\" \/>\n<meta property=\"og:description\" content=\"Prishtin\u00eb 31 Tetor 2025 Mbrojtja e Hashim Tha\u00e7it ka reaguar pas kritikave q\u00eb mor\u00ebn nga gjyqtar\u00ebt p\u00ebr vonesa. N\u00eb nj\u00eb parashtres\u00eb t\u00eb publikuar, avokati i\" \/>\n<meta property=\"og:url\" content=\"https:\/\/veritasinfo.org\/?p=18533\" \/>\n<meta property=\"article:published_time\" content=\"2025-10-31T16:36:26+00:00\" \/>\n<meta property=\"og:image\" content=\"https:\/\/veritasinfo.org\/wp-content\/uploads\/2025\/10\/dfsdfnsg.jpg\" \/>\n\t<meta property=\"og:image:width\" content=\"1132\" \/>\n\t<meta property=\"og:image:height\" content=\"701\" \/>\n\t<meta property=\"og:image:type\" content=\"image\/jpeg\" \/>\n<meta name=\"author\" content=\"US5\" \/>\n<meta name=\"twitter:card\" content=\"summary_large_image\" \/>\n<meta name=\"twitter:label1\" content=\"Written by\" \/>\n\t<meta name=\"twitter:data1\" content=\"US5\" \/>\n\t<meta name=\"twitter:label2\" content=\"Est. reading time\" \/>\n\t<meta name=\"twitter:data2\" content=\"1 minute\" \/>\n<script type=\"application\/ld+json\" class=\"yoast-schema-graph\">{\"@context\":\"https:\/\/schema.org\",\"@graph\":[{\"@type\":\"WebPage\",\"@id\":\"https:\/\/veritasinfo.org\/?p=18533\",\"url\":\"https:\/\/veritasinfo.org\/?p=18533\",\"name\":\"Gjyqtar\u00ebt e akuzuan mbrojtjen p\u00ebr vonesa, avokati i Tha\u00e7it: Prokuroria pati koh\u00eb 5 vjet p\u00ebr rastin e saj -\",\"isPartOf\":{\"@id\":\"https:\/\/veritasinfo.org\/#website\"},\"primaryImageOfPage\":{\"@id\":\"https:\/\/veritasinfo.org\/?p=18533#primaryimage\"},\"image\":{\"@id\":\"https:\/\/veritasinfo.org\/?p=18533#primaryimage\"},\"thumbnailUrl\":\"https:\/\/veritasinfo.org\/wp-content\/uploads\/2025\/10\/dfsdfnsg.jpg\",\"datePublished\":\"2025-10-31T16:36:26+00:00\",\"author\":{\"@id\":\"https:\/\/veritasinfo.org\/#\/schema\/person\/bc442336e35414d04494ab8fb45db4c6\"},\"breadcrumb\":{\"@id\":\"https:\/\/veritasinfo.org\/?p=18533#breadcrumb\"},\"inLanguage\":\"en-US\",\"potentialAction\":[{\"@type\":\"ReadAction\",\"target\":[\"https:\/\/veritasinfo.org\/?p=18533\"]}]},{\"@type\":\"ImageObject\",\"inLanguage\":\"en-US\",\"@id\":\"https:\/\/veritasinfo.org\/?p=18533#primaryimage\",\"url\":\"https:\/\/veritasinfo.org\/wp-content\/uploads\/2025\/10\/dfsdfnsg.jpg\",\"contentUrl\":\"https:\/\/veritasinfo.org\/wp-content\/uploads\/2025\/10\/dfsdfnsg.jpg\",\"width\":1132,\"height\":701},{\"@type\":\"BreadcrumbList\",\"@id\":\"https:\/\/veritasinfo.org\/?p=18533#breadcrumb\",\"itemListElement\":[{\"@type\":\"ListItem\",\"position\":1,\"name\":\"Home\",\"item\":\"https:\/\/veritasinfo.org\/\"},{\"@type\":\"ListItem\",\"position\":2,\"name\":\"Gjyqtar\u00ebt e akuzuan mbrojtjen p\u00ebr vonesa, avokati i Tha\u00e7it: Prokuroria pati koh\u00eb 5 vjet p\u00ebr rastin e saj\"}]},{\"@type\":\"WebSite\",\"@id\":\"https:\/\/veritasinfo.org\/#website\",\"url\":\"https:\/\/veritasinfo.org\/\",\"name\":\"\",\"description\":\"\",\"potentialAction\":[{\"@type\":\"SearchAction\",\"target\":{\"@type\":\"EntryPoint\",\"urlTemplate\":\"https:\/\/veritasinfo.org\/?s={search_term_string}\"},\"query-input\":{\"@type\":\"PropertyValueSpecification\",\"valueRequired\":true,\"valueName\":\"search_term_string\"}}],\"inLanguage\":\"en-US\"},{\"@type\":\"Person\",\"@id\":\"https:\/\/veritasinfo.org\/#\/schema\/person\/bc442336e35414d04494ab8fb45db4c6\",\"name\":\"US5\",\"image\":{\"@type\":\"ImageObject\",\"inLanguage\":\"en-US\",\"@id\":\"https:\/\/veritasinfo.org\/#\/schema\/person\/image\/\",\"url\":\"https:\/\/secure.gravatar.com\/avatar\/16a61e7272a0c5d001121ebb9e60e925d5816e4ac1e443ed3e640d9a6ae55d0c?s=96&d=mm&r=g\",\"contentUrl\":\"https:\/\/secure.gravatar.com\/avatar\/16a61e7272a0c5d001121ebb9e60e925d5816e4ac1e443ed3e640d9a6ae55d0c?s=96&d=mm&r=g\",\"caption\":\"US5\"},\"url\":\"https:\/\/veritasinfo.org\/?author=6\"}]}<\/script>\n<!-- \/ Yoast SEO plugin. -->","yoast_head_json":{"title":"Gjyqtar\u00ebt e akuzuan mbrojtjen p\u00ebr vonesa, avokati i Tha\u00e7it: Prokuroria pati koh\u00eb 5 vjet p\u00ebr rastin e saj -","robots":{"index":"index","follow":"follow","max-snippet":"max-snippet:-1","max-image-preview":"max-image-preview:large","max-video-preview":"max-video-preview:-1"},"canonical":"https:\/\/veritasinfo.org\/?p=18533","og_locale":"en_US","og_type":"article","og_title":"Gjyqtar\u00ebt e akuzuan mbrojtjen p\u00ebr vonesa, avokati i Tha\u00e7it: Prokuroria pati koh\u00eb 5 vjet p\u00ebr rastin e saj -","og_description":"Prishtin\u00eb 31 Tetor 2025 Mbrojtja e Hashim Tha\u00e7it ka reaguar pas kritikave q\u00eb mor\u00ebn nga gjyqtar\u00ebt p\u00ebr vonesa. N\u00eb nj\u00eb parashtres\u00eb t\u00eb publikuar, avokati i","og_url":"https:\/\/veritasinfo.org\/?p=18533","article_published_time":"2025-10-31T16:36:26+00:00","og_image":[{"width":1132,"height":701,"url":"https:\/\/veritasinfo.org\/wp-content\/uploads\/2025\/10\/dfsdfnsg.jpg","type":"image\/jpeg"}],"author":"US5","twitter_card":"summary_large_image","twitter_misc":{"Written by":"US5","Est. reading time":"1 minute"},"schema":{"@context":"https:\/\/schema.org","@graph":[{"@type":"WebPage","@id":"https:\/\/veritasinfo.org\/?p=18533","url":"https:\/\/veritasinfo.org\/?p=18533","name":"Gjyqtar\u00ebt e akuzuan mbrojtjen p\u00ebr vonesa, avokati i Tha\u00e7it: Prokuroria pati koh\u00eb 5 vjet p\u00ebr rastin e saj -","isPartOf":{"@id":"https:\/\/veritasinfo.org\/#website"},"primaryImageOfPage":{"@id":"https:\/\/veritasinfo.org\/?p=18533#primaryimage"},"image":{"@id":"https:\/\/veritasinfo.org\/?p=18533#primaryimage"},"thumbnailUrl":"https:\/\/veritasinfo.org\/wp-content\/uploads\/2025\/10\/dfsdfnsg.jpg","datePublished":"2025-10-31T16:36:26+00:00","author":{"@id":"https:\/\/veritasinfo.org\/#\/schema\/person\/bc442336e35414d04494ab8fb45db4c6"},"breadcrumb":{"@id":"https:\/\/veritasinfo.org\/?p=18533#breadcrumb"},"inLanguage":"en-US","potentialAction":[{"@type":"ReadAction","target":["https:\/\/veritasinfo.org\/?p=18533"]}]},{"@type":"ImageObject","inLanguage":"en-US","@id":"https:\/\/veritasinfo.org\/?p=18533#primaryimage","url":"https:\/\/veritasinfo.org\/wp-content\/uploads\/2025\/10\/dfsdfnsg.jpg","contentUrl":"https:\/\/veritasinfo.org\/wp-content\/uploads\/2025\/10\/dfsdfnsg.jpg","width":1132,"height":701},{"@type":"BreadcrumbList","@id":"https:\/\/veritasinfo.org\/?p=18533#breadcrumb","itemListElement":[{"@type":"ListItem","position":1,"name":"Home","item":"https:\/\/veritasinfo.org\/"},{"@type":"ListItem","position":2,"name":"Gjyqtar\u00ebt e akuzuan mbrojtjen p\u00ebr vonesa, avokati i Tha\u00e7it: Prokuroria pati koh\u00eb 5 vjet p\u00ebr rastin e saj"}]},{"@type":"WebSite","@id":"https:\/\/veritasinfo.org\/#website","url":"https:\/\/veritasinfo.org\/","name":"","description":"","potentialAction":[{"@type":"SearchAction","target":{"@type":"EntryPoint","urlTemplate":"https:\/\/veritasinfo.org\/?s={search_term_string}"},"query-input":{"@type":"PropertyValueSpecification","valueRequired":true,"valueName":"search_term_string"}}],"inLanguage":"en-US"},{"@type":"Person","@id":"https:\/\/veritasinfo.org\/#\/schema\/person\/bc442336e35414d04494ab8fb45db4c6","name":"US5","image":{"@type":"ImageObject","inLanguage":"en-US","@id":"https:\/\/veritasinfo.org\/#\/schema\/person\/image\/","url":"https:\/\/secure.gravatar.com\/avatar\/16a61e7272a0c5d001121ebb9e60e925d5816e4ac1e443ed3e640d9a6ae55d0c?s=96&d=mm&r=g","contentUrl":"https:\/\/secure.gravatar.com\/avatar\/16a61e7272a0c5d001121ebb9e60e925d5816e4ac1e443ed3e640d9a6ae55d0c?s=96&d=mm&r=g","caption":"US5"},"url":"https:\/\/veritasinfo.org\/?author=6"}]}},"featured_image_urls":{"full":["https:\/\/veritasinfo.org\/wp-content\/uploads\/2025\/10\/dfsdfnsg.jpg",1132,701,false],"thumbnail":["https:\/\/veritasinfo.org\/wp-content\/uploads\/2025\/10\/dfsdfnsg-150x150.jpg",150,150,true],"medium":["https:\/\/veritasinfo.org\/wp-content\/uploads\/2025\/10\/dfsdfnsg-300x186.jpg",300,186,true],"medium_large":["https:\/\/veritasinfo.org\/wp-content\/uploads\/2025\/10\/dfsdfnsg-768x476.jpg",640,397,true],"large":["https:\/\/veritasinfo.org\/wp-content\/uploads\/2025\/10\/dfsdfnsg-1024x634.jpg",640,396,true],"1536x1536":["https:\/\/veritasinfo.org\/wp-content\/uploads\/2025\/10\/dfsdfnsg.jpg",1132,701,false],"2048x2048":["https:\/\/veritasinfo.org\/wp-content\/uploads\/2025\/10\/dfsdfnsg.jpg",1132,701,false],"kreeti-slider-full":["https:\/\/veritasinfo.org\/wp-content\/uploads\/2025\/10\/dfsdfnsg.jpg",1132,701,false],"kreeti-featured":["https:\/\/veritasinfo.org\/wp-content\/uploads\/2025\/10\/dfsdfnsg.jpg",1024,634,false],"kreeti-medium":["https:\/\/veritasinfo.org\/wp-content\/uploads\/2025\/10\/dfsdfnsg.jpg",720,446,false],"kreeti-medium-square":["https:\/\/veritasinfo.org\/wp-content\/uploads\/2025\/10\/dfsdfnsg.jpg",350,217,false]},"author_info":{"info":["US5"]},"category_info":"<a href=\"https:\/\/veritasinfo.org\/?cat=58\" rel=\"category\">Politik\u00eb<\/a>","tag_info":"Politik\u00eb","comment_count":"0","_links":{"self":[{"href":"https:\/\/veritasinfo.org\/index.php?rest_route=\/wp\/v2\/posts\/18533","targetHints":{"allow":["GET"]}}],"collection":[{"href":"https:\/\/veritasinfo.org\/index.php?rest_route=\/wp\/v2\/posts"}],"about":[{"href":"https:\/\/veritasinfo.org\/index.php?rest_route=\/wp\/v2\/types\/post"}],"author":[{"embeddable":true,"href":"https:\/\/veritasinfo.org\/index.php?rest_route=\/wp\/v2\/users\/6"}],"replies":[{"embeddable":true,"href":"https:\/\/veritasinfo.org\/index.php?rest_route=%2Fwp%2Fv2%2Fcomments&post=18533"}],"version-history":[{"count":1,"href":"https:\/\/veritasinfo.org\/index.php?rest_route=\/wp\/v2\/posts\/18533\/revisions"}],"predecessor-version":[{"id":18535,"href":"https:\/\/veritasinfo.org\/index.php?rest_route=\/wp\/v2\/posts\/18533\/revisions\/18535"}],"wp:featuredmedia":[{"embeddable":true,"href":"https:\/\/veritasinfo.org\/index.php?rest_route=\/wp\/v2\/media\/18534"}],"wp:attachment":[{"href":"https:\/\/veritasinfo.org\/index.php?rest_route=%2Fwp%2Fv2%2Fmedia&parent=18533"}],"wp:term":[{"taxonomy":"category","embeddable":true,"href":"https:\/\/veritasinfo.org\/index.php?rest_route=%2Fwp%2Fv2%2Fcategories&post=18533"},{"taxonomy":"post_tag","embeddable":true,"href":"https:\/\/veritasinfo.org\/index.php?rest_route=%2Fwp%2Fv2%2Ftags&post=18533"}],"curies":[{"name":"wp","href":"https:\/\/api.w.org\/{rel}","templated":true}]}}