{"id":18493,"date":"2025-10-31T11:16:35","date_gmt":"2025-10-31T10:16:35","guid":{"rendered":"https:\/\/veritasinfo.org\/?p=18493"},"modified":"2025-10-31T11:21:27","modified_gmt":"2025-10-31T10:21:27","slug":"kurti-pak-para-takimit-me-presidenten-ne-takimin-do-te-shkoj-me-optimizem-te-plote","status":"publish","type":"post","link":"https:\/\/veritasinfo.org\/?p=18493","title":{"rendered":"Kurti pak para takimit me Presidenten: N\u00eb takimin do t\u00eb shkoj me optimiz\u00ebm t\u00eb plot\u00eb"},"content":{"rendered":"<p>Prishtin\u00eb 31 Tetor 2025<\/p>\n<p>Kryetari i L\u00ebvizjes Vet\u00ebvendosje, Albin Kurti, \u00ebsht\u00eb deklaruar pas mbledhjes s\u00eb Qeveris\u00eb n\u00eb detyr\u00eb, duke folur p\u00ebr zhvillimet e fundit politike n\u00eb vend.<\/p>\n<p>N\u00eb nj\u00eb konferenc\u00eb p\u00ebr media, Kurti \u00ebsht\u00eb pyetur lidhur me takimin e ftuar nga presidentja e vendit, Vjosa Osmani, me p\u00ebrfaq\u00ebsuesit e partive politike, pas d\u00ebshtimit p\u00ebr formimin e qeveris\u00eb s\u00eb re.<\/p>\n<p>Kurti tha se n\u00eb k\u00ebt\u00eb takim do t\u00eb marr\u00eb pjes\u00eb me \u201coptimiz\u00ebm t\u00eb plot\u00eb\u201d, duke theksuar se pret nj\u00eb diskutim konstruktiv.<\/p>\n<p>\u201cTakimi q\u00eb do t\u00eb zhvillohet n\u00eb zyr\u00ebn e Presidenc\u00ebs, besoj se do t\u00eb fokusohet n\u00eb tem\u00ebn p\u00ebr t\u00eb cil\u00ebn jemi ftuar, meq\u00eb her\u00ebn e par\u00eb nuk u arrit t\u00eb formohet qeveria. Un\u00eb dua t\u00eb shkoj aty me optimiz\u00ebm,\u201d deklaroi ai.<\/p>\n<p>Presidentja Osmani ka ftuar lider\u00ebt e partive politike n\u00eb takim sot nga ora 12:00, nd\u00ebrsa t\u00eb gjith\u00eb kan\u00eb konfirmuar pjes\u00ebmarrjen e tyre.<\/p>\n<p>A A<br \/>\nQeveria n\u00eb detyr\u00eb e Republik\u00ebs s\u00eb Kosov\u00ebs, n\u00eb mbledhjen e mbajtur t\u00eb premten, ka miratuar rritjen e pag\u00ebs minimale, e cila do t\u00eb zbatohet n\u00eb dy faza gjat\u00eb vitit 2026.<\/p>\n<p>Sipas ministrit n\u00eb detyr\u00eb t\u00eb Financave, Pun\u00ebs dhe Transfereve, paga minimale nga janari 2026 do t\u00eb jet\u00eb 425 euro, nd\u00ebrsa nga korriku i po atij viti do t\u00eb arrij\u00eb n\u00eb 500 euro.<\/p>\n<p>\u201cRritja e pag\u00ebs minimale do t\u00eb b\u00ebhet n\u00eb dy faza, fillimisht n\u00eb 425 euro nga 1 janari 2026 dhe m\u00eb pas n\u00eb 500 euro nga 1 korriku 2026,\u201d ka b\u00ebr\u00eb t\u00eb ditur ministri.<\/p>\n<p>Kryeministri n\u00eb detyr\u00eb, Albin Kurti, tha se kjo \u00ebsht\u00eb nj\u00eb prej rritjeve m\u00eb t\u00eb m\u00ebdha t\u00eb pag\u00ebs minimale q\u00eb ka ndodhur ndonj\u00ebher\u00eb n\u00eb vend, duke theksuar progresin q\u00eb ka b\u00ebr\u00eb Qeveria gjat\u00eb mandatit t\u00eb tij.<\/p>\n<p>\u201cKur kemi ardhur n\u00eb pushtet, paga minimale ka qen\u00eb nga 130 deri n\u00eb 170 euro. E rrit\u00ebm n\u00eb 264 euro, m\u00eb pas n\u00eb 350 euro, e tani po e \u00e7ojm\u00eb n\u00eb dy shkall\u00eb \u2013 nga 1 janari i vitit t\u00eb ardhsh\u00ebm n\u00eb 425 euro, nd\u00ebrkaq nga 1 korriku n\u00eb 500 euro,\u201d \u00ebsht\u00eb shprehur Kurti.<\/p>\n<p>Kjo mas\u00eb, sipas Qeveris\u00eb, synon t\u00eb p\u00ebrmir\u00ebsoj\u00eb standardin e jetes\u00ebs s\u00eb pun\u00ebtor\u00ebve dhe t\u00eb rris\u00eb fuqin\u00eb bler\u00ebse t\u00eb qytetar\u00ebve, ve\u00e7an\u00ebrisht n\u00eb sektorin privat.<\/p>\n","protected":false},"excerpt":{"rendered":"<p>Prishtin\u00eb 31 Tetor 2025 Kryetari i L\u00ebvizjes Vet\u00ebvendosje, Albin Kurti, \u00ebsht\u00eb deklaruar pas mbledhjes s\u00eb Qeveris\u00eb n\u00eb detyr\u00eb, duke folur p\u00ebr zhvillimet e fundit politike<\/p>\n","protected":false},"author":6,"featured_media":18494,"comment_status":"open","ping_status":"open","sticky":false,"template":"","format":"standard","meta":{"footnotes":""},"categories":[58],"tags":[],"class_list":["post-18493","post","type-post","status-publish","format-standard","has-post-thumbnail","hentry","category-politike-sq"],"yoast_head":"<!-- This site is optimized with the Yoast SEO plugin v25.3.1 - https:\/\/yoast.com\/wordpress\/plugins\/seo\/ -->\n<title>Kurti pak para takimit me Presidenten: N\u00eb takimin do t\u00eb shkoj me optimiz\u00ebm t\u00eb plot\u00eb -<\/title>\n<meta name=\"robots\" content=\"index, follow, max-snippet:-1, max-image-preview:large, max-video-preview:-1\" \/>\n<link rel=\"canonical\" href=\"https:\/\/veritasinfo.org\/?p=18493\" \/>\n<meta property=\"og:locale\" content=\"en_US\" \/>\n<meta property=\"og:type\" content=\"article\" \/>\n<meta property=\"og:title\" content=\"Kurti pak para takimit me Presidenten: N\u00eb takimin do t\u00eb shkoj me optimiz\u00ebm t\u00eb plot\u00eb -\" \/>\n<meta property=\"og:description\" content=\"Prishtin\u00eb 31 Tetor 2025 Kryetari i L\u00ebvizjes Vet\u00ebvendosje, Albin Kurti, \u00ebsht\u00eb deklaruar pas mbledhjes s\u00eb Qeveris\u00eb n\u00eb detyr\u00eb, duke folur p\u00ebr zhvillimet e fundit politike\" \/>\n<meta property=\"og:url\" content=\"https:\/\/veritasinfo.org\/?p=18493\" \/>\n<meta property=\"article:published_time\" content=\"2025-10-31T10:16:35+00:00\" \/>\n<meta property=\"article:modified_time\" content=\"2025-10-31T10:21:27+00:00\" \/>\n<meta property=\"og:image\" content=\"https:\/\/veritasinfo.org\/wp-content\/uploads\/2025\/10\/fc7b1af9-f6bd-4958-af44-25fb1a1afa5a.webp\" \/>\n\t<meta property=\"og:image:width\" content=\"1360\" \/>\n\t<meta property=\"og:image:height\" content=\"870\" \/>\n\t<meta property=\"og:image:type\" content=\"image\/webp\" \/>\n<meta name=\"author\" content=\"US5\" \/>\n<meta name=\"twitter:card\" content=\"summary_large_image\" \/>\n<meta name=\"twitter:label1\" content=\"Written by\" \/>\n\t<meta name=\"twitter:data1\" content=\"US5\" \/>\n\t<meta name=\"twitter:label2\" content=\"Est. reading time\" \/>\n\t<meta name=\"twitter:data2\" content=\"2 minutes\" \/>\n<script type=\"application\/ld+json\" class=\"yoast-schema-graph\">{\"@context\":\"https:\/\/schema.org\",\"@graph\":[{\"@type\":\"WebPage\",\"@id\":\"https:\/\/veritasinfo.org\/?p=18493\",\"url\":\"https:\/\/veritasinfo.org\/?p=18493\",\"name\":\"Kurti pak para takimit me Presidenten: N\u00eb takimin do t\u00eb shkoj me optimiz\u00ebm t\u00eb plot\u00eb -\",\"isPartOf\":{\"@id\":\"https:\/\/veritasinfo.org\/#website\"},\"primaryImageOfPage\":{\"@id\":\"https:\/\/veritasinfo.org\/?p=18493#primaryimage\"},\"image\":{\"@id\":\"https:\/\/veritasinfo.org\/?p=18493#primaryimage\"},\"thumbnailUrl\":\"https:\/\/veritasinfo.org\/wp-content\/uploads\/2025\/10\/fc7b1af9-f6bd-4958-af44-25fb1a1afa5a.webp\",\"datePublished\":\"2025-10-31T10:16:35+00:00\",\"dateModified\":\"2025-10-31T10:21:27+00:00\",\"author\":{\"@id\":\"https:\/\/veritasinfo.org\/#\/schema\/person\/bc442336e35414d04494ab8fb45db4c6\"},\"breadcrumb\":{\"@id\":\"https:\/\/veritasinfo.org\/?p=18493#breadcrumb\"},\"inLanguage\":\"en-US\",\"potentialAction\":[{\"@type\":\"ReadAction\",\"target\":[\"https:\/\/veritasinfo.org\/?p=18493\"]}]},{\"@type\":\"ImageObject\",\"inLanguage\":\"en-US\",\"@id\":\"https:\/\/veritasinfo.org\/?p=18493#primaryimage\",\"url\":\"https:\/\/veritasinfo.org\/wp-content\/uploads\/2025\/10\/fc7b1af9-f6bd-4958-af44-25fb1a1afa5a.webp\",\"contentUrl\":\"https:\/\/veritasinfo.org\/wp-content\/uploads\/2025\/10\/fc7b1af9-f6bd-4958-af44-25fb1a1afa5a.webp\",\"width\":1360,\"height\":870},{\"@type\":\"BreadcrumbList\",\"@id\":\"https:\/\/veritasinfo.org\/?p=18493#breadcrumb\",\"itemListElement\":[{\"@type\":\"ListItem\",\"position\":1,\"name\":\"Home\",\"item\":\"https:\/\/veritasinfo.org\/\"},{\"@type\":\"ListItem\",\"position\":2,\"name\":\"Kurti pak para takimit me Presidenten: N\u00eb takimin do t\u00eb shkoj me optimiz\u00ebm t\u00eb plot\u00eb\"}]},{\"@type\":\"WebSite\",\"@id\":\"https:\/\/veritasinfo.org\/#website\",\"url\":\"https:\/\/veritasinfo.org\/\",\"name\":\"\",\"description\":\"\",\"potentialAction\":[{\"@type\":\"SearchAction\",\"target\":{\"@type\":\"EntryPoint\",\"urlTemplate\":\"https:\/\/veritasinfo.org\/?s={search_term_string}\"},\"query-input\":{\"@type\":\"PropertyValueSpecification\",\"valueRequired\":true,\"valueName\":\"search_term_string\"}}],\"inLanguage\":\"en-US\"},{\"@type\":\"Person\",\"@id\":\"https:\/\/veritasinfo.org\/#\/schema\/person\/bc442336e35414d04494ab8fb45db4c6\",\"name\":\"US5\",\"image\":{\"@type\":\"ImageObject\",\"inLanguage\":\"en-US\",\"@id\":\"https:\/\/veritasinfo.org\/#\/schema\/person\/image\/\",\"url\":\"https:\/\/secure.gravatar.com\/avatar\/16a61e7272a0c5d001121ebb9e60e925d5816e4ac1e443ed3e640d9a6ae55d0c?s=96&d=mm&r=g\",\"contentUrl\":\"https:\/\/secure.gravatar.com\/avatar\/16a61e7272a0c5d001121ebb9e60e925d5816e4ac1e443ed3e640d9a6ae55d0c?s=96&d=mm&r=g\",\"caption\":\"US5\"},\"url\":\"https:\/\/veritasinfo.org\/?author=6\"}]}<\/script>\n<!-- \/ Yoast SEO plugin. -->","yoast_head_json":{"title":"Kurti pak para takimit me Presidenten: N\u00eb takimin do t\u00eb shkoj me optimiz\u00ebm t\u00eb plot\u00eb -","robots":{"index":"index","follow":"follow","max-snippet":"max-snippet:-1","max-image-preview":"max-image-preview:large","max-video-preview":"max-video-preview:-1"},"canonical":"https:\/\/veritasinfo.org\/?p=18493","og_locale":"en_US","og_type":"article","og_title":"Kurti pak para takimit me Presidenten: N\u00eb takimin do t\u00eb shkoj me optimiz\u00ebm t\u00eb plot\u00eb -","og_description":"Prishtin\u00eb 31 Tetor 2025 Kryetari i L\u00ebvizjes Vet\u00ebvendosje, Albin Kurti, \u00ebsht\u00eb deklaruar pas mbledhjes s\u00eb Qeveris\u00eb n\u00eb detyr\u00eb, duke folur p\u00ebr zhvillimet e fundit politike","og_url":"https:\/\/veritasinfo.org\/?p=18493","article_published_time":"2025-10-31T10:16:35+00:00","article_modified_time":"2025-10-31T10:21:27+00:00","og_image":[{"width":1360,"height":870,"url":"https:\/\/veritasinfo.org\/wp-content\/uploads\/2025\/10\/fc7b1af9-f6bd-4958-af44-25fb1a1afa5a.webp","type":"image\/webp"}],"author":"US5","twitter_card":"summary_large_image","twitter_misc":{"Written by":"US5","Est. reading time":"2 minutes"},"schema":{"@context":"https:\/\/schema.org","@graph":[{"@type":"WebPage","@id":"https:\/\/veritasinfo.org\/?p=18493","url":"https:\/\/veritasinfo.org\/?p=18493","name":"Kurti pak para takimit me Presidenten: N\u00eb takimin do t\u00eb shkoj me optimiz\u00ebm t\u00eb plot\u00eb -","isPartOf":{"@id":"https:\/\/veritasinfo.org\/#website"},"primaryImageOfPage":{"@id":"https:\/\/veritasinfo.org\/?p=18493#primaryimage"},"image":{"@id":"https:\/\/veritasinfo.org\/?p=18493#primaryimage"},"thumbnailUrl":"https:\/\/veritasinfo.org\/wp-content\/uploads\/2025\/10\/fc7b1af9-f6bd-4958-af44-25fb1a1afa5a.webp","datePublished":"2025-10-31T10:16:35+00:00","dateModified":"2025-10-31T10:21:27+00:00","author":{"@id":"https:\/\/veritasinfo.org\/#\/schema\/person\/bc442336e35414d04494ab8fb45db4c6"},"breadcrumb":{"@id":"https:\/\/veritasinfo.org\/?p=18493#breadcrumb"},"inLanguage":"en-US","potentialAction":[{"@type":"ReadAction","target":["https:\/\/veritasinfo.org\/?p=18493"]}]},{"@type":"ImageObject","inLanguage":"en-US","@id":"https:\/\/veritasinfo.org\/?p=18493#primaryimage","url":"https:\/\/veritasinfo.org\/wp-content\/uploads\/2025\/10\/fc7b1af9-f6bd-4958-af44-25fb1a1afa5a.webp","contentUrl":"https:\/\/veritasinfo.org\/wp-content\/uploads\/2025\/10\/fc7b1af9-f6bd-4958-af44-25fb1a1afa5a.webp","width":1360,"height":870},{"@type":"BreadcrumbList","@id":"https:\/\/veritasinfo.org\/?p=18493#breadcrumb","itemListElement":[{"@type":"ListItem","position":1,"name":"Home","item":"https:\/\/veritasinfo.org\/"},{"@type":"ListItem","position":2,"name":"Kurti pak para takimit me Presidenten: N\u00eb takimin do t\u00eb shkoj me optimiz\u00ebm t\u00eb plot\u00eb"}]},{"@type":"WebSite","@id":"https:\/\/veritasinfo.org\/#website","url":"https:\/\/veritasinfo.org\/","name":"","description":"","potentialAction":[{"@type":"SearchAction","target":{"@type":"EntryPoint","urlTemplate":"https:\/\/veritasinfo.org\/?s={search_term_string}"},"query-input":{"@type":"PropertyValueSpecification","valueRequired":true,"valueName":"search_term_string"}}],"inLanguage":"en-US"},{"@type":"Person","@id":"https:\/\/veritasinfo.org\/#\/schema\/person\/bc442336e35414d04494ab8fb45db4c6","name":"US5","image":{"@type":"ImageObject","inLanguage":"en-US","@id":"https:\/\/veritasinfo.org\/#\/schema\/person\/image\/","url":"https:\/\/secure.gravatar.com\/avatar\/16a61e7272a0c5d001121ebb9e60e925d5816e4ac1e443ed3e640d9a6ae55d0c?s=96&d=mm&r=g","contentUrl":"https:\/\/secure.gravatar.com\/avatar\/16a61e7272a0c5d001121ebb9e60e925d5816e4ac1e443ed3e640d9a6ae55d0c?s=96&d=mm&r=g","caption":"US5"},"url":"https:\/\/veritasinfo.org\/?author=6"}]}},"featured_image_urls":{"full":["https:\/\/veritasinfo.org\/wp-content\/uploads\/2025\/10\/fc7b1af9-f6bd-4958-af44-25fb1a1afa5a.webp",1360,870,false],"thumbnail":["https:\/\/veritasinfo.org\/wp-content\/uploads\/2025\/10\/fc7b1af9-f6bd-4958-af44-25fb1a1afa5a-150x150.webp",150,150,true],"medium":["https:\/\/veritasinfo.org\/wp-content\/uploads\/2025\/10\/fc7b1af9-f6bd-4958-af44-25fb1a1afa5a-300x192.webp",300,192,true],"medium_large":["https:\/\/veritasinfo.org\/wp-content\/uploads\/2025\/10\/fc7b1af9-f6bd-4958-af44-25fb1a1afa5a-768x491.webp",640,409,true],"large":["https:\/\/veritasinfo.org\/wp-content\/uploads\/2025\/10\/fc7b1af9-f6bd-4958-af44-25fb1a1afa5a-1024x655.webp",640,409,true],"1536x1536":["https:\/\/veritasinfo.org\/wp-content\/uploads\/2025\/10\/fc7b1af9-f6bd-4958-af44-25fb1a1afa5a.webp",1360,870,false],"2048x2048":["https:\/\/veritasinfo.org\/wp-content\/uploads\/2025\/10\/fc7b1af9-f6bd-4958-af44-25fb1a1afa5a.webp",1360,870,false],"kreeti-slider-full":["https:\/\/veritasinfo.org\/wp-content\/uploads\/2025\/10\/fc7b1af9-f6bd-4958-af44-25fb1a1afa5a.webp",1126,720,false],"kreeti-featured":["https:\/\/veritasinfo.org\/wp-content\/uploads\/2025\/10\/fc7b1af9-f6bd-4958-af44-25fb1a1afa5a.webp",1024,655,false],"kreeti-medium":["https:\/\/veritasinfo.org\/wp-content\/uploads\/2025\/10\/fc7b1af9-f6bd-4958-af44-25fb1a1afa5a.webp",720,461,false],"kreeti-medium-square":["https:\/\/veritasinfo.org\/wp-content\/uploads\/2025\/10\/fc7b1af9-f6bd-4958-af44-25fb1a1afa5a.webp",350,224,false]},"author_info":{"info":["US5"]},"category_info":"<a href=\"https:\/\/veritasinfo.org\/?cat=58\" rel=\"category\">Politik\u00eb<\/a>","tag_info":"Politik\u00eb","comment_count":"0","_links":{"self":[{"href":"https:\/\/veritasinfo.org\/index.php?rest_route=\/wp\/v2\/posts\/18493","targetHints":{"allow":["GET"]}}],"collection":[{"href":"https:\/\/veritasinfo.org\/index.php?rest_route=\/wp\/v2\/posts"}],"about":[{"href":"https:\/\/veritasinfo.org\/index.php?rest_route=\/wp\/v2\/types\/post"}],"author":[{"embeddable":true,"href":"https:\/\/veritasinfo.org\/index.php?rest_route=\/wp\/v2\/users\/6"}],"replies":[{"embeddable":true,"href":"https:\/\/veritasinfo.org\/index.php?rest_route=%2Fwp%2Fv2%2Fcomments&post=18493"}],"version-history":[{"count":1,"href":"https:\/\/veritasinfo.org\/index.php?rest_route=\/wp\/v2\/posts\/18493\/revisions"}],"predecessor-version":[{"id":18495,"href":"https:\/\/veritasinfo.org\/index.php?rest_route=\/wp\/v2\/posts\/18493\/revisions\/18495"}],"wp:featuredmedia":[{"embeddable":true,"href":"https:\/\/veritasinfo.org\/index.php?rest_route=\/wp\/v2\/media\/18494"}],"wp:attachment":[{"href":"https:\/\/veritasinfo.org\/index.php?rest_route=%2Fwp%2Fv2%2Fmedia&parent=18493"}],"wp:term":[{"taxonomy":"category","embeddable":true,"href":"https:\/\/veritasinfo.org\/index.php?rest_route=%2Fwp%2Fv2%2Fcategories&post=18493"},{"taxonomy":"post_tag","embeddable":true,"href":"https:\/\/veritasinfo.org\/index.php?rest_route=%2Fwp%2Fv2%2Ftags&post=18493"}],"curies":[{"name":"wp","href":"https:\/\/api.w.org\/{rel}","templated":true}]}}