{"id":18483,"date":"2025-10-31T10:24:30","date_gmt":"2025-10-31T09:24:30","guid":{"rendered":"https:\/\/veritasinfo.org\/?p=18483"},"modified":"2025-10-31T11:21:51","modified_gmt":"2025-10-31T10:21:51","slug":"qeveria-ne-detyre-rrite-pagen-minimale-ne-sektorin-privat-pensionet-dhe-shtesat-e-femijeve","status":"publish","type":"post","link":"https:\/\/veritasinfo.org\/?p=18483","title":{"rendered":"Qeveria n\u00eb detyr\u00eb, rrit\u00eb pag\u00ebn minimale n\u00eb sektorin privat, pensionet dhe shtesat e f\u00ebmij\u00ebve"},"content":{"rendered":"<p>Prishtin\u00eb 31 Tetor 2025<\/p>\n<p>Qeveria n\u00eb detyr\u00eb, n\u00eb krye me kryeministrin n\u00eb detyr\u00eb, Albin Kurti, ka marr\u00eb disa vendime gjat\u00eb mbledhjes s\u00eb sotme.<\/p>\n<p>N\u00eb k\u00ebt\u00eb mbledhje, Kurti b\u00ebri t\u00eb ditur disa nga vendimet q\u00eb jan\u00eb marr\u00eb p\u00ebr rritjen e pag\u00ebs minimale n\u00eb sektorin privat, rritjen e pensioneve dhe rritjen e shtesave p\u00ebr f\u00ebmij\u00ebt nga 0 deri n\u00eb 16 vjet, raporton Arbresh.info.<\/p>\n<p>\u201cP\u00ebrve\u00e7 rritjes s\u00eb pagave n\u00eb sektorin publik, kemi lajm t\u00eb mir\u00eb edhe p\u00ebr sektorin privat, sepse Ministria e Financave, Pun\u00ebs dhe Transfereve, kemi propozimin edhe p\u00ebr rritjen e pag\u00ebs minimale, rritje kjo q\u00eb do t\u00eb ndikoj tek rreth 150 mij\u00eb t\u00eb pun\u00ebsuar\u201d, tha Kurti.<\/p>\n<p>Po ashtu, ai tha se ka lajme t\u00eb mira edhe p\u00ebr pensionist\u00ebt.<\/p>\n<p>\u201cAshtu si\u00e7 ju kam premtuar, sot ka lajme t\u00eb mira edhe p\u00ebr pensionist\u00ebt, sepse pensioni minimal nga 120 euro do t\u00eb b\u00ebhet 150 euro, duke filluar nga muaji n\u00ebntor, i cili fillon nes\u00ebr. Kjo rritje prek\u00eb rreth 200 mij\u00eb pensionist\u00eb n\u00eb kategorit\u00eb e pensioneve bazike, ato p\u00ebr personat me aft\u00ebsi t\u00eb kufizuar, p\u00ebr t\u00eb rritur, por edhe p\u00ebr f\u00ebmij\u00eb, pensionin familjar, si dhe pensionin invalidor t\u00eb pun\u00ebs\u201d, tha Kurti<\/p>\n<p>Por, kryeministri n\u00eb detyr\u00eb nuk harroi as f\u00ebmij\u00ebt, duke th\u00ebn\u00eb se nga n\u00ebntori rreth 400 f\u00ebmij\u00eb nga 0 deri n\u00eb 16 vjet do marrin shtesat e tyre me rritje.<\/p>\n<p>\u201c E si\u00e7 e dini kam premtuar se do ket\u00eb lajm t\u00eb mir\u00eb edhe p\u00ebr n\u00ebnat q\u00eb marrin shtesa p\u00ebr f\u00ebmij\u00ebt. Nga muaji n\u00ebntor, shtesat p\u00ebr rreth 400 mij\u00eb f\u00ebmij\u00eb nga 0 deri n\u00eb 16 vjet do t\u00eb rriten p\u00ebr 50 p\u00ebr qind. Pra, nj\u00eb n\u00ebn\u00eb me dy f\u00ebmij\u00eb q\u00eb k\u00ebt\u00eb muaj ka marr 40 euro, nga muaji i ardhsh\u00ebm do marr 60 euro, nj\u00eb n\u00ebn\u00eb me kat\u00ebr f\u00ebmij\u00eb q\u00eb k\u00ebt\u00eb muaj ka marr\u00eb 120 euro, nga muaji i ardhsh\u00ebm do marr\u00eb 180 euro n\u00eb muaj\u201d, u shpreh Kurti.<\/p>\n","protected":false},"excerpt":{"rendered":"<p>Prishtin\u00eb 31 Tetor 2025 Qeveria n\u00eb detyr\u00eb, n\u00eb krye me kryeministrin n\u00eb detyr\u00eb, Albin Kurti, ka marr\u00eb disa vendime gjat\u00eb mbledhjes s\u00eb sotme. N\u00eb k\u00ebt\u00eb<\/p>\n","protected":false},"author":6,"featured_media":18276,"comment_status":"open","ping_status":"open","sticky":false,"template":"","format":"standard","meta":{"footnotes":""},"categories":[58],"tags":[],"class_list":["post-18483","post","type-post","status-publish","format-standard","has-post-thumbnail","hentry","category-politike-sq"],"yoast_head":"<!-- This site is optimized with the Yoast SEO plugin v25.3.1 - https:\/\/yoast.com\/wordpress\/plugins\/seo\/ -->\n<title>Qeveria n\u00eb detyr\u00eb, rrit\u00eb pag\u00ebn minimale n\u00eb sektorin privat, pensionet dhe shtesat e f\u00ebmij\u00ebve -<\/title>\n<meta name=\"robots\" content=\"index, follow, max-snippet:-1, max-image-preview:large, max-video-preview:-1\" \/>\n<link rel=\"canonical\" href=\"https:\/\/veritasinfo.org\/?p=18483\" \/>\n<meta property=\"og:locale\" content=\"en_US\" \/>\n<meta property=\"og:type\" content=\"article\" \/>\n<meta property=\"og:title\" content=\"Qeveria n\u00eb detyr\u00eb, rrit\u00eb pag\u00ebn minimale n\u00eb sektorin privat, pensionet dhe shtesat e f\u00ebmij\u00ebve -\" \/>\n<meta property=\"og:description\" content=\"Prishtin\u00eb 31 Tetor 2025 Qeveria n\u00eb detyr\u00eb, n\u00eb krye me kryeministrin n\u00eb detyr\u00eb, Albin Kurti, ka marr\u00eb disa vendime gjat\u00eb mbledhjes s\u00eb sotme. N\u00eb k\u00ebt\u00eb\" \/>\n<meta property=\"og:url\" content=\"https:\/\/veritasinfo.org\/?p=18483\" \/>\n<meta property=\"article:published_time\" content=\"2025-10-31T09:24:30+00:00\" \/>\n<meta property=\"article:modified_time\" content=\"2025-10-31T10:21:51+00:00\" \/>\n<meta property=\"og:image\" content=\"https:\/\/veritasinfo.org\/wp-content\/uploads\/2025\/10\/Kurti_Aljbin_38-600x360-1.jpg\" \/>\n\t<meta property=\"og:image:width\" content=\"600\" \/>\n\t<meta property=\"og:image:height\" content=\"360\" \/>\n\t<meta property=\"og:image:type\" content=\"image\/jpeg\" \/>\n<meta name=\"author\" content=\"US5\" \/>\n<meta name=\"twitter:card\" content=\"summary_large_image\" \/>\n<meta name=\"twitter:label1\" content=\"Written by\" \/>\n\t<meta name=\"twitter:data1\" content=\"US5\" \/>\n\t<meta name=\"twitter:label2\" content=\"Est. reading time\" \/>\n\t<meta name=\"twitter:data2\" content=\"2 minutes\" \/>\n<script type=\"application\/ld+json\" class=\"yoast-schema-graph\">{\"@context\":\"https:\/\/schema.org\",\"@graph\":[{\"@type\":\"WebPage\",\"@id\":\"https:\/\/veritasinfo.org\/?p=18483\",\"url\":\"https:\/\/veritasinfo.org\/?p=18483\",\"name\":\"Qeveria n\u00eb detyr\u00eb, rrit\u00eb pag\u00ebn minimale n\u00eb sektorin privat, pensionet dhe shtesat e f\u00ebmij\u00ebve -\",\"isPartOf\":{\"@id\":\"https:\/\/veritasinfo.org\/#website\"},\"primaryImageOfPage\":{\"@id\":\"https:\/\/veritasinfo.org\/?p=18483#primaryimage\"},\"image\":{\"@id\":\"https:\/\/veritasinfo.org\/?p=18483#primaryimage\"},\"thumbnailUrl\":\"https:\/\/veritasinfo.org\/wp-content\/uploads\/2025\/10\/Kurti_Aljbin_38-600x360-1.jpg\",\"datePublished\":\"2025-10-31T09:24:30+00:00\",\"dateModified\":\"2025-10-31T10:21:51+00:00\",\"author\":{\"@id\":\"https:\/\/veritasinfo.org\/#\/schema\/person\/bc442336e35414d04494ab8fb45db4c6\"},\"breadcrumb\":{\"@id\":\"https:\/\/veritasinfo.org\/?p=18483#breadcrumb\"},\"inLanguage\":\"en-US\",\"potentialAction\":[{\"@type\":\"ReadAction\",\"target\":[\"https:\/\/veritasinfo.org\/?p=18483\"]}]},{\"@type\":\"ImageObject\",\"inLanguage\":\"en-US\",\"@id\":\"https:\/\/veritasinfo.org\/?p=18483#primaryimage\",\"url\":\"https:\/\/veritasinfo.org\/wp-content\/uploads\/2025\/10\/Kurti_Aljbin_38-600x360-1.jpg\",\"contentUrl\":\"https:\/\/veritasinfo.org\/wp-content\/uploads\/2025\/10\/Kurti_Aljbin_38-600x360-1.jpg\",\"width\":600,\"height\":360},{\"@type\":\"BreadcrumbList\",\"@id\":\"https:\/\/veritasinfo.org\/?p=18483#breadcrumb\",\"itemListElement\":[{\"@type\":\"ListItem\",\"position\":1,\"name\":\"Home\",\"item\":\"https:\/\/veritasinfo.org\/\"},{\"@type\":\"ListItem\",\"position\":2,\"name\":\"Qeveria n\u00eb detyr\u00eb, rrit\u00eb pag\u00ebn minimale n\u00eb sektorin privat, pensionet dhe shtesat e f\u00ebmij\u00ebve\"}]},{\"@type\":\"WebSite\",\"@id\":\"https:\/\/veritasinfo.org\/#website\",\"url\":\"https:\/\/veritasinfo.org\/\",\"name\":\"\",\"description\":\"\",\"potentialAction\":[{\"@type\":\"SearchAction\",\"target\":{\"@type\":\"EntryPoint\",\"urlTemplate\":\"https:\/\/veritasinfo.org\/?s={search_term_string}\"},\"query-input\":{\"@type\":\"PropertyValueSpecification\",\"valueRequired\":true,\"valueName\":\"search_term_string\"}}],\"inLanguage\":\"en-US\"},{\"@type\":\"Person\",\"@id\":\"https:\/\/veritasinfo.org\/#\/schema\/person\/bc442336e35414d04494ab8fb45db4c6\",\"name\":\"US5\",\"image\":{\"@type\":\"ImageObject\",\"inLanguage\":\"en-US\",\"@id\":\"https:\/\/veritasinfo.org\/#\/schema\/person\/image\/\",\"url\":\"https:\/\/secure.gravatar.com\/avatar\/16a61e7272a0c5d001121ebb9e60e925d5816e4ac1e443ed3e640d9a6ae55d0c?s=96&d=mm&r=g\",\"contentUrl\":\"https:\/\/secure.gravatar.com\/avatar\/16a61e7272a0c5d001121ebb9e60e925d5816e4ac1e443ed3e640d9a6ae55d0c?s=96&d=mm&r=g\",\"caption\":\"US5\"},\"url\":\"https:\/\/veritasinfo.org\/?author=6\"}]}<\/script>\n<!-- \/ Yoast SEO plugin. -->","yoast_head_json":{"title":"Qeveria n\u00eb detyr\u00eb, rrit\u00eb pag\u00ebn minimale n\u00eb sektorin privat, pensionet dhe shtesat e f\u00ebmij\u00ebve -","robots":{"index":"index","follow":"follow","max-snippet":"max-snippet:-1","max-image-preview":"max-image-preview:large","max-video-preview":"max-video-preview:-1"},"canonical":"https:\/\/veritasinfo.org\/?p=18483","og_locale":"en_US","og_type":"article","og_title":"Qeveria n\u00eb detyr\u00eb, rrit\u00eb pag\u00ebn minimale n\u00eb sektorin privat, pensionet dhe shtesat e f\u00ebmij\u00ebve -","og_description":"Prishtin\u00eb 31 Tetor 2025 Qeveria n\u00eb detyr\u00eb, n\u00eb krye me kryeministrin n\u00eb detyr\u00eb, Albin Kurti, ka marr\u00eb disa vendime gjat\u00eb mbledhjes s\u00eb sotme. N\u00eb k\u00ebt\u00eb","og_url":"https:\/\/veritasinfo.org\/?p=18483","article_published_time":"2025-10-31T09:24:30+00:00","article_modified_time":"2025-10-31T10:21:51+00:00","og_image":[{"width":600,"height":360,"url":"https:\/\/veritasinfo.org\/wp-content\/uploads\/2025\/10\/Kurti_Aljbin_38-600x360-1.jpg","type":"image\/jpeg"}],"author":"US5","twitter_card":"summary_large_image","twitter_misc":{"Written by":"US5","Est. reading time":"2 minutes"},"schema":{"@context":"https:\/\/schema.org","@graph":[{"@type":"WebPage","@id":"https:\/\/veritasinfo.org\/?p=18483","url":"https:\/\/veritasinfo.org\/?p=18483","name":"Qeveria n\u00eb detyr\u00eb, rrit\u00eb pag\u00ebn minimale n\u00eb sektorin privat, pensionet dhe shtesat e f\u00ebmij\u00ebve -","isPartOf":{"@id":"https:\/\/veritasinfo.org\/#website"},"primaryImageOfPage":{"@id":"https:\/\/veritasinfo.org\/?p=18483#primaryimage"},"image":{"@id":"https:\/\/veritasinfo.org\/?p=18483#primaryimage"},"thumbnailUrl":"https:\/\/veritasinfo.org\/wp-content\/uploads\/2025\/10\/Kurti_Aljbin_38-600x360-1.jpg","datePublished":"2025-10-31T09:24:30+00:00","dateModified":"2025-10-31T10:21:51+00:00","author":{"@id":"https:\/\/veritasinfo.org\/#\/schema\/person\/bc442336e35414d04494ab8fb45db4c6"},"breadcrumb":{"@id":"https:\/\/veritasinfo.org\/?p=18483#breadcrumb"},"inLanguage":"en-US","potentialAction":[{"@type":"ReadAction","target":["https:\/\/veritasinfo.org\/?p=18483"]}]},{"@type":"ImageObject","inLanguage":"en-US","@id":"https:\/\/veritasinfo.org\/?p=18483#primaryimage","url":"https:\/\/veritasinfo.org\/wp-content\/uploads\/2025\/10\/Kurti_Aljbin_38-600x360-1.jpg","contentUrl":"https:\/\/veritasinfo.org\/wp-content\/uploads\/2025\/10\/Kurti_Aljbin_38-600x360-1.jpg","width":600,"height":360},{"@type":"BreadcrumbList","@id":"https:\/\/veritasinfo.org\/?p=18483#breadcrumb","itemListElement":[{"@type":"ListItem","position":1,"name":"Home","item":"https:\/\/veritasinfo.org\/"},{"@type":"ListItem","position":2,"name":"Qeveria n\u00eb detyr\u00eb, rrit\u00eb pag\u00ebn minimale n\u00eb sektorin privat, pensionet dhe shtesat e f\u00ebmij\u00ebve"}]},{"@type":"WebSite","@id":"https:\/\/veritasinfo.org\/#website","url":"https:\/\/veritasinfo.org\/","name":"","description":"","potentialAction":[{"@type":"SearchAction","target":{"@type":"EntryPoint","urlTemplate":"https:\/\/veritasinfo.org\/?s={search_term_string}"},"query-input":{"@type":"PropertyValueSpecification","valueRequired":true,"valueName":"search_term_string"}}],"inLanguage":"en-US"},{"@type":"Person","@id":"https:\/\/veritasinfo.org\/#\/schema\/person\/bc442336e35414d04494ab8fb45db4c6","name":"US5","image":{"@type":"ImageObject","inLanguage":"en-US","@id":"https:\/\/veritasinfo.org\/#\/schema\/person\/image\/","url":"https:\/\/secure.gravatar.com\/avatar\/16a61e7272a0c5d001121ebb9e60e925d5816e4ac1e443ed3e640d9a6ae55d0c?s=96&d=mm&r=g","contentUrl":"https:\/\/secure.gravatar.com\/avatar\/16a61e7272a0c5d001121ebb9e60e925d5816e4ac1e443ed3e640d9a6ae55d0c?s=96&d=mm&r=g","caption":"US5"},"url":"https:\/\/veritasinfo.org\/?author=6"}]}},"featured_image_urls":{"full":["https:\/\/veritasinfo.org\/wp-content\/uploads\/2025\/10\/Kurti_Aljbin_38-600x360-1.jpg",600,360,false],"thumbnail":["https:\/\/veritasinfo.org\/wp-content\/uploads\/2025\/10\/Kurti_Aljbin_38-600x360-1-150x150.jpg",150,150,true],"medium":["https:\/\/veritasinfo.org\/wp-content\/uploads\/2025\/10\/Kurti_Aljbin_38-600x360-1-300x180.jpg",300,180,true],"medium_large":["https:\/\/veritasinfo.org\/wp-content\/uploads\/2025\/10\/Kurti_Aljbin_38-600x360-1.jpg",600,360,false],"large":["https:\/\/veritasinfo.org\/wp-content\/uploads\/2025\/10\/Kurti_Aljbin_38-600x360-1.jpg",600,360,false],"1536x1536":["https:\/\/veritasinfo.org\/wp-content\/uploads\/2025\/10\/Kurti_Aljbin_38-600x360-1.jpg",600,360,false],"2048x2048":["https:\/\/veritasinfo.org\/wp-content\/uploads\/2025\/10\/Kurti_Aljbin_38-600x360-1.jpg",600,360,false],"kreeti-slider-full":["https:\/\/veritasinfo.org\/wp-content\/uploads\/2025\/10\/Kurti_Aljbin_38-600x360-1.jpg",600,360,false],"kreeti-featured":["https:\/\/veritasinfo.org\/wp-content\/uploads\/2025\/10\/Kurti_Aljbin_38-600x360-1.jpg",600,360,false],"kreeti-medium":["https:\/\/veritasinfo.org\/wp-content\/uploads\/2025\/10\/Kurti_Aljbin_38-600x360-1.jpg",600,360,false],"kreeti-medium-square":["https:\/\/veritasinfo.org\/wp-content\/uploads\/2025\/10\/Kurti_Aljbin_38-600x360-1.jpg",350,210,false]},"author_info":{"info":["US5"]},"category_info":"<a href=\"https:\/\/veritasinfo.org\/?cat=58\" rel=\"category\">Politik\u00eb<\/a>","tag_info":"Politik\u00eb","comment_count":"0","_links":{"self":[{"href":"https:\/\/veritasinfo.org\/index.php?rest_route=\/wp\/v2\/posts\/18483","targetHints":{"allow":["GET"]}}],"collection":[{"href":"https:\/\/veritasinfo.org\/index.php?rest_route=\/wp\/v2\/posts"}],"about":[{"href":"https:\/\/veritasinfo.org\/index.php?rest_route=\/wp\/v2\/types\/post"}],"author":[{"embeddable":true,"href":"https:\/\/veritasinfo.org\/index.php?rest_route=\/wp\/v2\/users\/6"}],"replies":[{"embeddable":true,"href":"https:\/\/veritasinfo.org\/index.php?rest_route=%2Fwp%2Fv2%2Fcomments&post=18483"}],"version-history":[{"count":1,"href":"https:\/\/veritasinfo.org\/index.php?rest_route=\/wp\/v2\/posts\/18483\/revisions"}],"predecessor-version":[{"id":18484,"href":"https:\/\/veritasinfo.org\/index.php?rest_route=\/wp\/v2\/posts\/18483\/revisions\/18484"}],"wp:featuredmedia":[{"embeddable":true,"href":"https:\/\/veritasinfo.org\/index.php?rest_route=\/wp\/v2\/media\/18276"}],"wp:attachment":[{"href":"https:\/\/veritasinfo.org\/index.php?rest_route=%2Fwp%2Fv2%2Fmedia&parent=18483"}],"wp:term":[{"taxonomy":"category","embeddable":true,"href":"https:\/\/veritasinfo.org\/index.php?rest_route=%2Fwp%2Fv2%2Fcategories&post=18483"},{"taxonomy":"post_tag","embeddable":true,"href":"https:\/\/veritasinfo.org\/index.php?rest_route=%2Fwp%2Fv2%2Ftags&post=18483"}],"curies":[{"name":"wp","href":"https:\/\/api.w.org\/{rel}","templated":true}]}}