{"id":18478,"date":"2025-10-31T09:59:10","date_gmt":"2025-10-31T08:59:10","guid":{"rendered":"https:\/\/veritasinfo.org\/?p=18478"},"modified":"2025-10-31T09:59:10","modified_gmt":"2025-10-31T08:59:10","slug":"kurti-ne-buxhetin-e-vitit-2026-perfshihet-paga-e-13-te-dhe-rriten-investimet-kapitale","status":"publish","type":"post","link":"https:\/\/veritasinfo.org\/?p=18478","title":{"rendered":"Kurti: N\u00eb buxhetin e vitit 2026 p\u00ebrfshihet paga e 13-t\u00eb dhe rriten investimet kapitale"},"content":{"rendered":"<p>Prishtin\u00eb, 31 tetor 2025<\/p>\n<p>Kryeministri n\u00eb detyr\u00eb, Albin Kurti, n\u00eb mbledhjen e sotme t\u00eb Qeveris\u00eb ka njoftuar se kabineti do t\u00eb miratoj\u00eb Projektligjin p\u00ebr ndarjet buxhetore p\u00ebr vitin fiskal 2026.<br \/>\nKurti theksoi se buxheti i ardhsh\u00ebm do t\u00eb jet\u00eb me vler\u00eb 4 miliard\u00eb euro, nd\u00ebrsa rreth 1 miliard euro do t\u00eb dedikohen p\u00ebr investime kapitale. Ai njoftoi gjithashtu se risia e k\u00ebtij buxheti do t\u00eb jet\u00eb dh\u00ebnia e pag\u00ebs s\u00eb 13-t\u00eb p\u00ebr t\u00eb gjith\u00eb punonj\u00ebsit e sektorit publik.<\/p>\n<p>\u201cAshtu si\u00e7 e parasheh Ligji p\u00ebr Financat Publike, brenda afatit ligjor sot po miratojm\u00eb projektligjin p\u00ebr ndarje buxhetore p\u00ebr vitin fiskal 2026. Sikurse \u00e7do vit, edhe ky buxhet do t\u00eb ket\u00eb shum\u00eb risi,\u201d tha Kurti.<\/p>\n<p>\u201cKam k\u00ebnaq\u00ebsin\u00eb t\u2019ju njoftoj se \u00ebsht\u00eb buxhet me vler\u00eb prej 4 miliard\u00eb euro, ku nj\u00eb e kat\u00ebrta, apo rreth 1 miliard euro, jan\u00eb buxhetuar p\u00ebr investime kapitale. Nj\u00eb risi do t\u00eb jet\u00eb edhe dh\u00ebnia e pag\u00ebs s\u00eb 13-t\u00eb p\u00ebr t\u00eb gjith\u00eb punonj\u00ebsit e sektorit publik,\u201d shtoi ai.<\/p>\n<p>Projektligji pritet t\u2019i d\u00ebrgohet Kuvendit p\u00ebr shqyrtim dhe miratim n\u00eb procedur\u00eb t\u00eb rregullt parlamentare.<\/p>\n<p>&nbsp;<\/p>\n","protected":false},"excerpt":{"rendered":"<p>Prishtin\u00eb, 31 tetor 2025 Kryeministri n\u00eb detyr\u00eb, Albin Kurti, n\u00eb mbledhjen e sotme t\u00eb Qeveris\u00eb ka njoftuar se kabineti do t\u00eb miratoj\u00eb Projektligjin p\u00ebr ndarjet<\/p>\n","protected":false},"author":7,"featured_media":18479,"comment_status":"open","ping_status":"open","sticky":false,"template":"","format":"standard","meta":{"footnotes":""},"categories":[58],"tags":[],"class_list":["post-18478","post","type-post","status-publish","format-standard","has-post-thumbnail","hentry","category-politike-sq"],"yoast_head":"<!-- This site is optimized with the Yoast SEO plugin v25.3.1 - https:\/\/yoast.com\/wordpress\/plugins\/seo\/ -->\n<title>Kurti: N\u00eb buxhetin e vitit 2026 p\u00ebrfshihet paga e 13-t\u00eb dhe rriten investimet kapitale -<\/title>\n<meta name=\"robots\" content=\"index, follow, max-snippet:-1, max-image-preview:large, max-video-preview:-1\" \/>\n<link rel=\"canonical\" href=\"https:\/\/veritasinfo.org\/?p=18478\" \/>\n<meta property=\"og:locale\" content=\"en_US\" \/>\n<meta property=\"og:type\" content=\"article\" \/>\n<meta property=\"og:title\" content=\"Kurti: N\u00eb buxhetin e vitit 2026 p\u00ebrfshihet paga e 13-t\u00eb dhe rriten investimet kapitale -\" \/>\n<meta property=\"og:description\" content=\"Prishtin\u00eb, 31 tetor 2025 Kryeministri n\u00eb detyr\u00eb, Albin Kurti, n\u00eb mbledhjen e sotme t\u00eb Qeveris\u00eb ka njoftuar se kabineti do t\u00eb miratoj\u00eb Projektligjin p\u00ebr ndarjet\" \/>\n<meta property=\"og:url\" content=\"https:\/\/veritasinfo.org\/?p=18478\" \/>\n<meta property=\"article:published_time\" content=\"2025-10-31T08:59:10+00:00\" \/>\n<meta property=\"og:image\" content=\"https:\/\/veritasinfo.org\/wp-content\/uploads\/2025\/10\/Qeveria-850x567-1.jpg\" \/>\n\t<meta property=\"og:image:width\" content=\"850\" \/>\n\t<meta property=\"og:image:height\" content=\"567\" \/>\n\t<meta property=\"og:image:type\" content=\"image\/jpeg\" \/>\n<meta name=\"author\" content=\"US6\" \/>\n<meta name=\"twitter:card\" content=\"summary_large_image\" \/>\n<meta name=\"twitter:label1\" content=\"Written by\" \/>\n\t<meta name=\"twitter:data1\" content=\"US6\" \/>\n\t<meta name=\"twitter:label2\" content=\"Est. reading time\" \/>\n\t<meta name=\"twitter:data2\" content=\"1 minute\" \/>\n<script type=\"application\/ld+json\" class=\"yoast-schema-graph\">{\"@context\":\"https:\/\/schema.org\",\"@graph\":[{\"@type\":\"WebPage\",\"@id\":\"https:\/\/veritasinfo.org\/?p=18478\",\"url\":\"https:\/\/veritasinfo.org\/?p=18478\",\"name\":\"Kurti: N\u00eb buxhetin e vitit 2026 p\u00ebrfshihet paga e 13-t\u00eb dhe rriten investimet kapitale -\",\"isPartOf\":{\"@id\":\"https:\/\/veritasinfo.org\/#website\"},\"primaryImageOfPage\":{\"@id\":\"https:\/\/veritasinfo.org\/?p=18478#primaryimage\"},\"image\":{\"@id\":\"https:\/\/veritasinfo.org\/?p=18478#primaryimage\"},\"thumbnailUrl\":\"https:\/\/veritasinfo.org\/wp-content\/uploads\/2025\/10\/Qeveria-850x567-1.jpg\",\"datePublished\":\"2025-10-31T08:59:10+00:00\",\"author\":{\"@id\":\"https:\/\/veritasinfo.org\/#\/schema\/person\/fe199eede04c3937362892b7444747cc\"},\"breadcrumb\":{\"@id\":\"https:\/\/veritasinfo.org\/?p=18478#breadcrumb\"},\"inLanguage\":\"en-US\",\"potentialAction\":[{\"@type\":\"ReadAction\",\"target\":[\"https:\/\/veritasinfo.org\/?p=18478\"]}]},{\"@type\":\"ImageObject\",\"inLanguage\":\"en-US\",\"@id\":\"https:\/\/veritasinfo.org\/?p=18478#primaryimage\",\"url\":\"https:\/\/veritasinfo.org\/wp-content\/uploads\/2025\/10\/Qeveria-850x567-1.jpg\",\"contentUrl\":\"https:\/\/veritasinfo.org\/wp-content\/uploads\/2025\/10\/Qeveria-850x567-1.jpg\",\"width\":850,\"height\":567},{\"@type\":\"BreadcrumbList\",\"@id\":\"https:\/\/veritasinfo.org\/?p=18478#breadcrumb\",\"itemListElement\":[{\"@type\":\"ListItem\",\"position\":1,\"name\":\"Home\",\"item\":\"https:\/\/veritasinfo.org\/\"},{\"@type\":\"ListItem\",\"position\":2,\"name\":\"Kurti: N\u00eb buxhetin e vitit 2026 p\u00ebrfshihet paga e 13-t\u00eb dhe rriten investimet kapitale\"}]},{\"@type\":\"WebSite\",\"@id\":\"https:\/\/veritasinfo.org\/#website\",\"url\":\"https:\/\/veritasinfo.org\/\",\"name\":\"\",\"description\":\"\",\"potentialAction\":[{\"@type\":\"SearchAction\",\"target\":{\"@type\":\"EntryPoint\",\"urlTemplate\":\"https:\/\/veritasinfo.org\/?s={search_term_string}\"},\"query-input\":{\"@type\":\"PropertyValueSpecification\",\"valueRequired\":true,\"valueName\":\"search_term_string\"}}],\"inLanguage\":\"en-US\"},{\"@type\":\"Person\",\"@id\":\"https:\/\/veritasinfo.org\/#\/schema\/person\/fe199eede04c3937362892b7444747cc\",\"name\":\"US6\",\"image\":{\"@type\":\"ImageObject\",\"inLanguage\":\"en-US\",\"@id\":\"https:\/\/veritasinfo.org\/#\/schema\/person\/image\/\",\"url\":\"https:\/\/secure.gravatar.com\/avatar\/cb16c3c31c9d23b9b8c705964598220b3014e42ff51eb540ff23cefa3ae8c15f?s=96&d=mm&r=g\",\"contentUrl\":\"https:\/\/secure.gravatar.com\/avatar\/cb16c3c31c9d23b9b8c705964598220b3014e42ff51eb540ff23cefa3ae8c15f?s=96&d=mm&r=g\",\"caption\":\"US6\"},\"url\":\"https:\/\/veritasinfo.org\/?author=7\"}]}<\/script>\n<!-- \/ Yoast SEO plugin. -->","yoast_head_json":{"title":"Kurti: N\u00eb buxhetin e vitit 2026 p\u00ebrfshihet paga e 13-t\u00eb dhe rriten investimet kapitale -","robots":{"index":"index","follow":"follow","max-snippet":"max-snippet:-1","max-image-preview":"max-image-preview:large","max-video-preview":"max-video-preview:-1"},"canonical":"https:\/\/veritasinfo.org\/?p=18478","og_locale":"en_US","og_type":"article","og_title":"Kurti: N\u00eb buxhetin e vitit 2026 p\u00ebrfshihet paga e 13-t\u00eb dhe rriten investimet kapitale -","og_description":"Prishtin\u00eb, 31 tetor 2025 Kryeministri n\u00eb detyr\u00eb, Albin Kurti, n\u00eb mbledhjen e sotme t\u00eb Qeveris\u00eb ka njoftuar se kabineti do t\u00eb miratoj\u00eb Projektligjin p\u00ebr ndarjet","og_url":"https:\/\/veritasinfo.org\/?p=18478","article_published_time":"2025-10-31T08:59:10+00:00","og_image":[{"width":850,"height":567,"url":"https:\/\/veritasinfo.org\/wp-content\/uploads\/2025\/10\/Qeveria-850x567-1.jpg","type":"image\/jpeg"}],"author":"US6","twitter_card":"summary_large_image","twitter_misc":{"Written by":"US6","Est. reading time":"1 minute"},"schema":{"@context":"https:\/\/schema.org","@graph":[{"@type":"WebPage","@id":"https:\/\/veritasinfo.org\/?p=18478","url":"https:\/\/veritasinfo.org\/?p=18478","name":"Kurti: N\u00eb buxhetin e vitit 2026 p\u00ebrfshihet paga e 13-t\u00eb dhe rriten investimet kapitale -","isPartOf":{"@id":"https:\/\/veritasinfo.org\/#website"},"primaryImageOfPage":{"@id":"https:\/\/veritasinfo.org\/?p=18478#primaryimage"},"image":{"@id":"https:\/\/veritasinfo.org\/?p=18478#primaryimage"},"thumbnailUrl":"https:\/\/veritasinfo.org\/wp-content\/uploads\/2025\/10\/Qeveria-850x567-1.jpg","datePublished":"2025-10-31T08:59:10+00:00","author":{"@id":"https:\/\/veritasinfo.org\/#\/schema\/person\/fe199eede04c3937362892b7444747cc"},"breadcrumb":{"@id":"https:\/\/veritasinfo.org\/?p=18478#breadcrumb"},"inLanguage":"en-US","potentialAction":[{"@type":"ReadAction","target":["https:\/\/veritasinfo.org\/?p=18478"]}]},{"@type":"ImageObject","inLanguage":"en-US","@id":"https:\/\/veritasinfo.org\/?p=18478#primaryimage","url":"https:\/\/veritasinfo.org\/wp-content\/uploads\/2025\/10\/Qeveria-850x567-1.jpg","contentUrl":"https:\/\/veritasinfo.org\/wp-content\/uploads\/2025\/10\/Qeveria-850x567-1.jpg","width":850,"height":567},{"@type":"BreadcrumbList","@id":"https:\/\/veritasinfo.org\/?p=18478#breadcrumb","itemListElement":[{"@type":"ListItem","position":1,"name":"Home","item":"https:\/\/veritasinfo.org\/"},{"@type":"ListItem","position":2,"name":"Kurti: N\u00eb buxhetin e vitit 2026 p\u00ebrfshihet paga e 13-t\u00eb dhe rriten investimet kapitale"}]},{"@type":"WebSite","@id":"https:\/\/veritasinfo.org\/#website","url":"https:\/\/veritasinfo.org\/","name":"","description":"","potentialAction":[{"@type":"SearchAction","target":{"@type":"EntryPoint","urlTemplate":"https:\/\/veritasinfo.org\/?s={search_term_string}"},"query-input":{"@type":"PropertyValueSpecification","valueRequired":true,"valueName":"search_term_string"}}],"inLanguage":"en-US"},{"@type":"Person","@id":"https:\/\/veritasinfo.org\/#\/schema\/person\/fe199eede04c3937362892b7444747cc","name":"US6","image":{"@type":"ImageObject","inLanguage":"en-US","@id":"https:\/\/veritasinfo.org\/#\/schema\/person\/image\/","url":"https:\/\/secure.gravatar.com\/avatar\/cb16c3c31c9d23b9b8c705964598220b3014e42ff51eb540ff23cefa3ae8c15f?s=96&d=mm&r=g","contentUrl":"https:\/\/secure.gravatar.com\/avatar\/cb16c3c31c9d23b9b8c705964598220b3014e42ff51eb540ff23cefa3ae8c15f?s=96&d=mm&r=g","caption":"US6"},"url":"https:\/\/veritasinfo.org\/?author=7"}]}},"featured_image_urls":{"full":["https:\/\/veritasinfo.org\/wp-content\/uploads\/2025\/10\/Qeveria-850x567-1.jpg",850,567,false],"thumbnail":["https:\/\/veritasinfo.org\/wp-content\/uploads\/2025\/10\/Qeveria-850x567-1-150x150.jpg",150,150,true],"medium":["https:\/\/veritasinfo.org\/wp-content\/uploads\/2025\/10\/Qeveria-850x567-1-300x200.jpg",300,200,true],"medium_large":["https:\/\/veritasinfo.org\/wp-content\/uploads\/2025\/10\/Qeveria-850x567-1-768x512.jpg",640,427,true],"large":["https:\/\/veritasinfo.org\/wp-content\/uploads\/2025\/10\/Qeveria-850x567-1.jpg",640,427,false],"1536x1536":["https:\/\/veritasinfo.org\/wp-content\/uploads\/2025\/10\/Qeveria-850x567-1.jpg",850,567,false],"2048x2048":["https:\/\/veritasinfo.org\/wp-content\/uploads\/2025\/10\/Qeveria-850x567-1.jpg",850,567,false],"kreeti-slider-full":["https:\/\/veritasinfo.org\/wp-content\/uploads\/2025\/10\/Qeveria-850x567-1.jpg",850,567,false],"kreeti-featured":["https:\/\/veritasinfo.org\/wp-content\/uploads\/2025\/10\/Qeveria-850x567-1.jpg",850,567,false],"kreeti-medium":["https:\/\/veritasinfo.org\/wp-content\/uploads\/2025\/10\/Qeveria-850x567-1.jpg",720,480,false],"kreeti-medium-square":["https:\/\/veritasinfo.org\/wp-content\/uploads\/2025\/10\/Qeveria-850x567-1.jpg",350,233,false]},"author_info":{"info":["US6"]},"category_info":"<a href=\"https:\/\/veritasinfo.org\/?cat=58\" rel=\"category\">Politik\u00eb<\/a>","tag_info":"Politik\u00eb","comment_count":"0","_links":{"self":[{"href":"https:\/\/veritasinfo.org\/index.php?rest_route=\/wp\/v2\/posts\/18478","targetHints":{"allow":["GET"]}}],"collection":[{"href":"https:\/\/veritasinfo.org\/index.php?rest_route=\/wp\/v2\/posts"}],"about":[{"href":"https:\/\/veritasinfo.org\/index.php?rest_route=\/wp\/v2\/types\/post"}],"author":[{"embeddable":true,"href":"https:\/\/veritasinfo.org\/index.php?rest_route=\/wp\/v2\/users\/7"}],"replies":[{"embeddable":true,"href":"https:\/\/veritasinfo.org\/index.php?rest_route=%2Fwp%2Fv2%2Fcomments&post=18478"}],"version-history":[{"count":1,"href":"https:\/\/veritasinfo.org\/index.php?rest_route=\/wp\/v2\/posts\/18478\/revisions"}],"predecessor-version":[{"id":18480,"href":"https:\/\/veritasinfo.org\/index.php?rest_route=\/wp\/v2\/posts\/18478\/revisions\/18480"}],"wp:featuredmedia":[{"embeddable":true,"href":"https:\/\/veritasinfo.org\/index.php?rest_route=\/wp\/v2\/media\/18479"}],"wp:attachment":[{"href":"https:\/\/veritasinfo.org\/index.php?rest_route=%2Fwp%2Fv2%2Fmedia&parent=18478"}],"wp:term":[{"taxonomy":"category","embeddable":true,"href":"https:\/\/veritasinfo.org\/index.php?rest_route=%2Fwp%2Fv2%2Fcategories&post=18478"},{"taxonomy":"post_tag","embeddable":true,"href":"https:\/\/veritasinfo.org\/index.php?rest_route=%2Fwp%2Fv2%2Ftags&post=18478"}],"curies":[{"name":"wp","href":"https:\/\/api.w.org\/{rel}","templated":true}]}}