{"id":18408,"date":"2025-10-30T18:34:09","date_gmt":"2025-10-30T17:34:09","guid":{"rendered":"https:\/\/veritasinfo.org\/?p=18408"},"modified":"2025-10-30T18:34:09","modified_gmt":"2025-10-30T17:34:09","slug":"vellai-i-vuciqit-permendet-si-organizator-i-marreveshjeve-financiare-te-paligjshme","status":"publish","type":"post","link":"https:\/\/veritasinfo.org\/?p=18408","title":{"rendered":"V\u00ebllai i Vu\u00e7iqit p\u00ebrmendet si organizator i marr\u00ebveshjeve financiare t\u00eb paligjshme"},"content":{"rendered":"<p>Prishtin\u00eb, 30 tetor 2025<\/p>\n<p>Mediumi serb\u00a0\u201cradar.nova.rs\u201d\u00a0kan\u00eb publikuar nj\u00eb audio-p\u00ebrgjim t\u00eb nj\u00eb takimi t\u00eb ndodhur n\u00eb vitin 2017 n\u00eb mes t\u00eb Dushan Borkovic dhe Branko Malovic, t\u00eb cil\u00ebt flasin p\u00ebr ndarjen e disa parave t\u00eb marra nga Komuna e Pan\u00e7ev\u00ebs p\u00ebr kompanit\u00eb e tyre qe merren me sportin e automobilizmit, e q\u00eb jan\u00eb gjithsejt\u00eb 58.7 milion\u00eb dinar\u00eb, buxhet vjetor.<\/p>\n<p>N\u00eb k\u00ebt\u00eb audio-p\u00ebrgjim si\u00e7 raporton kjo media, Borkovic shpreh pak\u00ebnaq\u00ebsin\u00eb e tij p\u00ebr ndarjen e parave. I nj\u00ebjti gjat\u00eb gjith\u00eb bised\u00ebs i referohet presidentit t\u00eb Serbis\u00eb q\u00eb ishte kryeminist\u00ebr n\u00eb at\u00eb koh\u00eb, v\u00ebllait t\u00eb Vu\u00e7iqit, Andrej Vu\u00e7iq, dhe Nikolla Petrovicit, q\u00eb kjo gazet\u00eb i referohet si \u201ckumbari i presidentit\u201d.<\/p>\n<p>N\u00eb k\u00ebt\u00eb takim ka qen\u00eb i pranish\u00ebm edhe kryetari i at\u00ebhersh\u00ebm i bashkis\u00eb s\u00eb Pan\u00e7ev\u00ebs, Sasha Pavlov, por n\u00eb audio p\u00ebrgjim shihet q\u00eb ai mezi merr pjes\u00eb n\u00eb bised\u00eb.<\/p>\n<p>Si\u00e7 raporton \u201cradar.nova.rs\u201d n\u00eb baz\u00eb t\u00eb k\u00ebtij p\u00ebrgjimi, shihet q\u00eb nism\u00ebtar i gjith\u00eb k\u00ebsaj \u00ebsht\u00eb v\u00ebllai i Vu\u00e7iqit, Andrej Vu\u00e7iq.<\/p>\n<p>\u201cNga kjo pjes\u00eb e bised\u00ebs, p\u00ebrve\u00e7 faktit q\u00eb v\u00ebllai i presidentit e ka iniciuar at\u00eb, mund t\u00eb shihet se ka pasur nj\u00eb nd\u00ebrmjet\u00ebs midis tij dhe Malovi\u00e7it n\u00eb lidhje me parat\u00eb q\u00eb merrte Borkoviqi. M\u00eb von\u00eb, kur kthehen n\u00eb k\u00ebt\u00eb tem\u00eb, ata p\u00ebrmendin Aleksandar Farkashin, i cili para SNS-s\u00eb ishte an\u00ebtar i K\u00ebshillit t\u00eb Qytetit t\u00eb Pan\u00e7ev\u00ebs p\u00ebrgjegj\u00ebs p\u00ebr sportin\u201d, shkruan \u201cradar.nova.rs\u201d.<\/p>\n<p>&nbsp;<\/p>\n","protected":false},"excerpt":{"rendered":"<p>Prishtin\u00eb, 30 tetor 2025 Mediumi serb\u00a0\u201cradar.nova.rs\u201d\u00a0kan\u00eb publikuar nj\u00eb audio-p\u00ebrgjim t\u00eb nj\u00eb takimi t\u00eb ndodhur n\u00eb vitin 2017 n\u00eb mes t\u00eb Dushan Borkovic dhe Branko Malovic,<\/p>\n","protected":false},"author":7,"featured_media":18409,"comment_status":"open","ping_status":"open","sticky":false,"template":"","format":"standard","meta":{"footnotes":""},"categories":[58],"tags":[],"class_list":["post-18408","post","type-post","status-publish","format-standard","has-post-thumbnail","hentry","category-politike-sq"],"yoast_head":"<!-- This site is optimized with the Yoast SEO plugin v25.3.1 - https:\/\/yoast.com\/wordpress\/plugins\/seo\/ -->\n<title>V\u00ebllai i Vu\u00e7iqit p\u00ebrmendet si organizator i marr\u00ebveshjeve financiare t\u00eb paligjshme -<\/title>\n<meta name=\"robots\" content=\"index, follow, max-snippet:-1, max-image-preview:large, max-video-preview:-1\" \/>\n<link rel=\"canonical\" href=\"https:\/\/veritasinfo.org\/?p=18408\" \/>\n<meta property=\"og:locale\" content=\"en_US\" \/>\n<meta property=\"og:type\" content=\"article\" \/>\n<meta property=\"og:title\" content=\"V\u00ebllai i Vu\u00e7iqit p\u00ebrmendet si organizator i marr\u00ebveshjeve financiare t\u00eb paligjshme -\" \/>\n<meta property=\"og:description\" content=\"Prishtin\u00eb, 30 tetor 2025 Mediumi serb\u00a0\u201cradar.nova.rs\u201d\u00a0kan\u00eb publikuar nj\u00eb audio-p\u00ebrgjim t\u00eb nj\u00eb takimi t\u00eb ndodhur n\u00eb vitin 2017 n\u00eb mes t\u00eb Dushan Borkovic dhe Branko Malovic,\" \/>\n<meta property=\"og:url\" content=\"https:\/\/veritasinfo.org\/?p=18408\" \/>\n<meta property=\"article:published_time\" content=\"2025-10-30T17:34:09+00:00\" \/>\n<meta property=\"og:image\" content=\"https:\/\/veritasinfo.org\/wp-content\/uploads\/2025\/10\/1-16.jpg\" \/>\n\t<meta property=\"og:image:width\" content=\"965\" \/>\n\t<meta property=\"og:image:height\" content=\"615\" \/>\n\t<meta property=\"og:image:type\" content=\"image\/jpeg\" \/>\n<meta name=\"author\" content=\"US6\" \/>\n<meta name=\"twitter:card\" content=\"summary_large_image\" \/>\n<meta name=\"twitter:label1\" content=\"Written by\" \/>\n\t<meta name=\"twitter:data1\" content=\"US6\" \/>\n\t<meta name=\"twitter:label2\" content=\"Est. reading time\" \/>\n\t<meta name=\"twitter:data2\" content=\"2 minutes\" \/>\n<script type=\"application\/ld+json\" class=\"yoast-schema-graph\">{\"@context\":\"https:\/\/schema.org\",\"@graph\":[{\"@type\":\"WebPage\",\"@id\":\"https:\/\/veritasinfo.org\/?p=18408\",\"url\":\"https:\/\/veritasinfo.org\/?p=18408\",\"name\":\"V\u00ebllai i Vu\u00e7iqit p\u00ebrmendet si organizator i marr\u00ebveshjeve financiare t\u00eb paligjshme -\",\"isPartOf\":{\"@id\":\"https:\/\/veritasinfo.org\/#website\"},\"primaryImageOfPage\":{\"@id\":\"https:\/\/veritasinfo.org\/?p=18408#primaryimage\"},\"image\":{\"@id\":\"https:\/\/veritasinfo.org\/?p=18408#primaryimage\"},\"thumbnailUrl\":\"https:\/\/veritasinfo.org\/wp-content\/uploads\/2025\/10\/1-16.jpg\",\"datePublished\":\"2025-10-30T17:34:09+00:00\",\"author\":{\"@id\":\"https:\/\/veritasinfo.org\/#\/schema\/person\/fe199eede04c3937362892b7444747cc\"},\"breadcrumb\":{\"@id\":\"https:\/\/veritasinfo.org\/?p=18408#breadcrumb\"},\"inLanguage\":\"en-US\",\"potentialAction\":[{\"@type\":\"ReadAction\",\"target\":[\"https:\/\/veritasinfo.org\/?p=18408\"]}]},{\"@type\":\"ImageObject\",\"inLanguage\":\"en-US\",\"@id\":\"https:\/\/veritasinfo.org\/?p=18408#primaryimage\",\"url\":\"https:\/\/veritasinfo.org\/wp-content\/uploads\/2025\/10\/1-16.jpg\",\"contentUrl\":\"https:\/\/veritasinfo.org\/wp-content\/uploads\/2025\/10\/1-16.jpg\",\"width\":965,\"height\":615},{\"@type\":\"BreadcrumbList\",\"@id\":\"https:\/\/veritasinfo.org\/?p=18408#breadcrumb\",\"itemListElement\":[{\"@type\":\"ListItem\",\"position\":1,\"name\":\"Home\",\"item\":\"https:\/\/veritasinfo.org\/\"},{\"@type\":\"ListItem\",\"position\":2,\"name\":\"V\u00ebllai i Vu\u00e7iqit p\u00ebrmendet si organizator i marr\u00ebveshjeve financiare t\u00eb paligjshme\"}]},{\"@type\":\"WebSite\",\"@id\":\"https:\/\/veritasinfo.org\/#website\",\"url\":\"https:\/\/veritasinfo.org\/\",\"name\":\"\",\"description\":\"\",\"potentialAction\":[{\"@type\":\"SearchAction\",\"target\":{\"@type\":\"EntryPoint\",\"urlTemplate\":\"https:\/\/veritasinfo.org\/?s={search_term_string}\"},\"query-input\":{\"@type\":\"PropertyValueSpecification\",\"valueRequired\":true,\"valueName\":\"search_term_string\"}}],\"inLanguage\":\"en-US\"},{\"@type\":\"Person\",\"@id\":\"https:\/\/veritasinfo.org\/#\/schema\/person\/fe199eede04c3937362892b7444747cc\",\"name\":\"US6\",\"image\":{\"@type\":\"ImageObject\",\"inLanguage\":\"en-US\",\"@id\":\"https:\/\/veritasinfo.org\/#\/schema\/person\/image\/\",\"url\":\"https:\/\/secure.gravatar.com\/avatar\/cb16c3c31c9d23b9b8c705964598220b3014e42ff51eb540ff23cefa3ae8c15f?s=96&d=mm&r=g\",\"contentUrl\":\"https:\/\/secure.gravatar.com\/avatar\/cb16c3c31c9d23b9b8c705964598220b3014e42ff51eb540ff23cefa3ae8c15f?s=96&d=mm&r=g\",\"caption\":\"US6\"},\"url\":\"https:\/\/veritasinfo.org\/?author=7\"}]}<\/script>\n<!-- \/ Yoast SEO plugin. -->","yoast_head_json":{"title":"V\u00ebllai i Vu\u00e7iqit p\u00ebrmendet si organizator i marr\u00ebveshjeve financiare t\u00eb paligjshme -","robots":{"index":"index","follow":"follow","max-snippet":"max-snippet:-1","max-image-preview":"max-image-preview:large","max-video-preview":"max-video-preview:-1"},"canonical":"https:\/\/veritasinfo.org\/?p=18408","og_locale":"en_US","og_type":"article","og_title":"V\u00ebllai i Vu\u00e7iqit p\u00ebrmendet si organizator i marr\u00ebveshjeve financiare t\u00eb paligjshme -","og_description":"Prishtin\u00eb, 30 tetor 2025 Mediumi serb\u00a0\u201cradar.nova.rs\u201d\u00a0kan\u00eb publikuar nj\u00eb audio-p\u00ebrgjim t\u00eb nj\u00eb takimi t\u00eb ndodhur n\u00eb vitin 2017 n\u00eb mes t\u00eb Dushan Borkovic dhe Branko Malovic,","og_url":"https:\/\/veritasinfo.org\/?p=18408","article_published_time":"2025-10-30T17:34:09+00:00","og_image":[{"width":965,"height":615,"url":"https:\/\/veritasinfo.org\/wp-content\/uploads\/2025\/10\/1-16.jpg","type":"image\/jpeg"}],"author":"US6","twitter_card":"summary_large_image","twitter_misc":{"Written by":"US6","Est. reading time":"2 minutes"},"schema":{"@context":"https:\/\/schema.org","@graph":[{"@type":"WebPage","@id":"https:\/\/veritasinfo.org\/?p=18408","url":"https:\/\/veritasinfo.org\/?p=18408","name":"V\u00ebllai i Vu\u00e7iqit p\u00ebrmendet si organizator i marr\u00ebveshjeve financiare t\u00eb paligjshme -","isPartOf":{"@id":"https:\/\/veritasinfo.org\/#website"},"primaryImageOfPage":{"@id":"https:\/\/veritasinfo.org\/?p=18408#primaryimage"},"image":{"@id":"https:\/\/veritasinfo.org\/?p=18408#primaryimage"},"thumbnailUrl":"https:\/\/veritasinfo.org\/wp-content\/uploads\/2025\/10\/1-16.jpg","datePublished":"2025-10-30T17:34:09+00:00","author":{"@id":"https:\/\/veritasinfo.org\/#\/schema\/person\/fe199eede04c3937362892b7444747cc"},"breadcrumb":{"@id":"https:\/\/veritasinfo.org\/?p=18408#breadcrumb"},"inLanguage":"en-US","potentialAction":[{"@type":"ReadAction","target":["https:\/\/veritasinfo.org\/?p=18408"]}]},{"@type":"ImageObject","inLanguage":"en-US","@id":"https:\/\/veritasinfo.org\/?p=18408#primaryimage","url":"https:\/\/veritasinfo.org\/wp-content\/uploads\/2025\/10\/1-16.jpg","contentUrl":"https:\/\/veritasinfo.org\/wp-content\/uploads\/2025\/10\/1-16.jpg","width":965,"height":615},{"@type":"BreadcrumbList","@id":"https:\/\/veritasinfo.org\/?p=18408#breadcrumb","itemListElement":[{"@type":"ListItem","position":1,"name":"Home","item":"https:\/\/veritasinfo.org\/"},{"@type":"ListItem","position":2,"name":"V\u00ebllai i Vu\u00e7iqit p\u00ebrmendet si organizator i marr\u00ebveshjeve financiare t\u00eb paligjshme"}]},{"@type":"WebSite","@id":"https:\/\/veritasinfo.org\/#website","url":"https:\/\/veritasinfo.org\/","name":"","description":"","potentialAction":[{"@type":"SearchAction","target":{"@type":"EntryPoint","urlTemplate":"https:\/\/veritasinfo.org\/?s={search_term_string}"},"query-input":{"@type":"PropertyValueSpecification","valueRequired":true,"valueName":"search_term_string"}}],"inLanguage":"en-US"},{"@type":"Person","@id":"https:\/\/veritasinfo.org\/#\/schema\/person\/fe199eede04c3937362892b7444747cc","name":"US6","image":{"@type":"ImageObject","inLanguage":"en-US","@id":"https:\/\/veritasinfo.org\/#\/schema\/person\/image\/","url":"https:\/\/secure.gravatar.com\/avatar\/cb16c3c31c9d23b9b8c705964598220b3014e42ff51eb540ff23cefa3ae8c15f?s=96&d=mm&r=g","contentUrl":"https:\/\/secure.gravatar.com\/avatar\/cb16c3c31c9d23b9b8c705964598220b3014e42ff51eb540ff23cefa3ae8c15f?s=96&d=mm&r=g","caption":"US6"},"url":"https:\/\/veritasinfo.org\/?author=7"}]}},"featured_image_urls":{"full":["https:\/\/veritasinfo.org\/wp-content\/uploads\/2025\/10\/1-16.jpg",965,615,false],"thumbnail":["https:\/\/veritasinfo.org\/wp-content\/uploads\/2025\/10\/1-16-150x150.jpg",150,150,true],"medium":["https:\/\/veritasinfo.org\/wp-content\/uploads\/2025\/10\/1-16-300x191.jpg",300,191,true],"medium_large":["https:\/\/veritasinfo.org\/wp-content\/uploads\/2025\/10\/1-16-768x489.jpg",640,408,true],"large":["https:\/\/veritasinfo.org\/wp-content\/uploads\/2025\/10\/1-16.jpg",640,408,false],"1536x1536":["https:\/\/veritasinfo.org\/wp-content\/uploads\/2025\/10\/1-16.jpg",965,615,false],"2048x2048":["https:\/\/veritasinfo.org\/wp-content\/uploads\/2025\/10\/1-16.jpg",965,615,false],"kreeti-slider-full":["https:\/\/veritasinfo.org\/wp-content\/uploads\/2025\/10\/1-16.jpg",965,615,false],"kreeti-featured":["https:\/\/veritasinfo.org\/wp-content\/uploads\/2025\/10\/1-16.jpg",965,615,false],"kreeti-medium":["https:\/\/veritasinfo.org\/wp-content\/uploads\/2025\/10\/1-16.jpg",720,459,false],"kreeti-medium-square":["https:\/\/veritasinfo.org\/wp-content\/uploads\/2025\/10\/1-16.jpg",350,223,false]},"author_info":{"info":["US6"]},"category_info":"<a href=\"https:\/\/veritasinfo.org\/?cat=58\" rel=\"category\">Politik\u00eb<\/a>","tag_info":"Politik\u00eb","comment_count":"0","_links":{"self":[{"href":"https:\/\/veritasinfo.org\/index.php?rest_route=\/wp\/v2\/posts\/18408","targetHints":{"allow":["GET"]}}],"collection":[{"href":"https:\/\/veritasinfo.org\/index.php?rest_route=\/wp\/v2\/posts"}],"about":[{"href":"https:\/\/veritasinfo.org\/index.php?rest_route=\/wp\/v2\/types\/post"}],"author":[{"embeddable":true,"href":"https:\/\/veritasinfo.org\/index.php?rest_route=\/wp\/v2\/users\/7"}],"replies":[{"embeddable":true,"href":"https:\/\/veritasinfo.org\/index.php?rest_route=%2Fwp%2Fv2%2Fcomments&post=18408"}],"version-history":[{"count":1,"href":"https:\/\/veritasinfo.org\/index.php?rest_route=\/wp\/v2\/posts\/18408\/revisions"}],"predecessor-version":[{"id":18410,"href":"https:\/\/veritasinfo.org\/index.php?rest_route=\/wp\/v2\/posts\/18408\/revisions\/18410"}],"wp:featuredmedia":[{"embeddable":true,"href":"https:\/\/veritasinfo.org\/index.php?rest_route=\/wp\/v2\/media\/18409"}],"wp:attachment":[{"href":"https:\/\/veritasinfo.org\/index.php?rest_route=%2Fwp%2Fv2%2Fmedia&parent=18408"}],"wp:term":[{"taxonomy":"category","embeddable":true,"href":"https:\/\/veritasinfo.org\/index.php?rest_route=%2Fwp%2Fv2%2Fcategories&post=18408"},{"taxonomy":"post_tag","embeddable":true,"href":"https:\/\/veritasinfo.org\/index.php?rest_route=%2Fwp%2Fv2%2Ftags&post=18408"}],"curies":[{"name":"wp","href":"https:\/\/api.w.org\/{rel}","templated":true}]}}