{"id":18375,"date":"2025-10-30T14:35:45","date_gmt":"2025-10-30T13:35:45","guid":{"rendered":"https:\/\/veritasinfo.org\/?p=18375"},"modified":"2025-10-30T14:35:45","modified_gmt":"2025-10-30T13:35:45","slug":"kurti-ne-forumin-e-paqes-ne-paris-kosova-histori-suksesi-e-nderhyrjes-humanitare-te-nato-s","status":"publish","type":"post","link":"https:\/\/veritasinfo.org\/?p=18375","title":{"rendered":"Kurti n\u00eb Forumin e Paqes n\u00eb Paris: Kosova, histori suksesi e nd\u00ebrhyrjes humanitare t\u00eb NATO-s"},"content":{"rendered":"<p>Prishtin\u00eb 30 Tetor 2025<\/p>\n<p>Kryeministri n\u00eb detyr\u00eb i Kosov\u00ebs, Albin Kurti, ishte i ftuar n\u00eb diskutimin me tem\u00eb \u201cPaqeruajtja n\u00eb nj\u00eb udh\u00ebkryq: E ardhmja e misioneve t\u00eb OKB-s\u00eb dhe p\u00ebrgjegj\u00ebsia globale\u201d, organizuar n\u00eb kuad\u00ebr t\u00eb Forumit t\u00eb Paqes q\u00eb po mbahet n\u00eb Paris.<\/p>\n<p>N\u00eb fjal\u00ebn e tij, kryeministri Kurti theksoi se Kosova p\u00ebrfaq\u00ebson nj\u00eb histori t\u00eb dyfisht\u00eb suksesi: s\u00eb pari, si shembull i nd\u00ebrhyrjes ushtarake dhe humanitare t\u00eb NATO-s q\u00eb ndaloi gjenocidin e kryer nga Serbia, dhe s\u00eb dyti, si nj\u00eb shtet ku zhvillimi dhe demokracia ecin krah p\u00ebr krah.<\/p>\n<p>Ai shtoi se, me forcimin e institucioneve shtet\u00ebrore nd\u00ebr vite, \u00ebsht\u00eb ulur gradualisht prania ushtarake nd\u00ebrkomb\u00ebtare n\u00eb vend, nd\u00ebrsa nj\u00ebkoh\u00ebsisht \u00ebsht\u00eb rritur progresi ekonomik.<\/p>\n<p>\u201cSot Kosova ka Bruto Produkt Vendor (BPV) p\u00ebr kok\u00eb banori gjasht\u00eb her\u00eb m\u00eb t\u00eb lart\u00eb se n\u00eb vitin 2000 dhe tri her\u00eb m\u00eb t\u00eb lart\u00eb se n\u00eb vitin e shpalljes s\u00eb pavar\u00ebsis\u00eb, m\u00eb 2008. Kosova duhet t\u00eb sh\u00ebrbej\u00eb si shembull se \u00e7lirimi dhe pavar\u00ebsia sjellin edhe p\u00ebrfitime makroekonomike e sociale p\u00ebr t\u00eb gjith\u00eb qytetar\u00ebt,\u201d thuhet n\u00eb komunikat\u00ebn e Zyr\u00ebs s\u00eb Kryeministrit.<\/p>\n<p>Kurti theksoi se \u00e7do mision paqeruajt\u00ebs ka nevoj\u00eb p\u00ebr vlera t\u00eb p\u00ebrbashk\u00ebta, e jo vet\u00ebm p\u00ebr interesa t\u00eb p\u00ebrbashk\u00ebta, duke n\u00ebnvizuar r\u00ebnd\u00ebsin\u00eb e multilateralizmit, dialogut, negocimit, pajtueshm\u00ebris\u00eb dhe arritjes s\u00eb marr\u00ebveshjeve.<\/p>\n<p>N\u00eb k\u00ebt\u00eb kuptim, ai p\u00ebrmendi modelin e Bashkimit Evropian si nj\u00eb projekt politik dhe proces historik t\u00eb paqes dhe prosperitetit.<\/p>\n<p>Duke iu p\u00ebrgjigjur pyetjeve t\u00eb pjes\u00ebmarr\u00ebsve, kryeministri foli edhe p\u00ebr forcimin e shtet\u00ebsis\u00eb s\u00eb Kosov\u00ebs n\u00eb aren\u00ebn nd\u00ebrkomb\u00ebtare, duke p\u00ebrmendur tri njohjet e reja q\u00eb vendi ka marr\u00eb gjat\u00eb k\u00ebtij viti, si dhe aspiratat p\u00ebr integrim n\u00eb Bashkimin Evropian dhe NATO, krahas r\u00ebnd\u00ebsis\u00eb s\u00eb bashk\u00ebpunimit rajonal.<\/p>\n<p>A A<br \/>\nKomisioni Evropian ka q\u00ebllim t\u00eb heq\u00eb m\u00eb tej masat financiare ndaj Kosov\u00ebs, n\u00ebse pas raundit t\u00eb dyt\u00eb t\u00eb zgjedhjeve lokale, n\u00eb veri arrihet nj\u00eb transfer i rregullt i qeverisjes dhe deeskalimi mbetet i q\u00ebndruesh\u00ebm. Kjo thuhet n\u00eb draft-raportin e progresit p\u00ebr Kosov\u00ebn, t\u00eb cilin Komisioni Evropian pritet ta publikoj\u00eb m\u00eb 4 n\u00ebntor.<\/p>\n<p>Sipas burimeve diplomatike, kjo n\u00ebnkupton bartje t\u00eb qet\u00eb t\u00eb pushtetit dhe marrje t\u00eb detyr\u00ebs nga kryetar\u00ebt e rinj t\u00eb komunave n\u00eb veri.<\/p>\n<p>Raporti i progresit, dokumenti m\u00eb i r\u00ebnd\u00ebsish\u00ebm q\u00eb p\u00ebrpilon Komisioni Evropian p\u00ebr vendet e zgjerimit, n\u00eb rastin e Kosov\u00ebs nuk evidenton p\u00ebrparime t\u00eb r\u00ebnd\u00ebsishme. P\u00ebrkundrazi, ai konstaton progres t\u00eb kufizuar apo p\u00ebrparim t\u00eb pjessh\u00ebm n\u00eb shumic\u00ebn e fushave \u2013 vler\u00ebsime q\u00eb konsiderohen p\u00ebrgjith\u00ebsisht t\u00eb ul\u00ebta.<\/p>\n<p>Sa i p\u00ebrket situat\u00ebs n\u00eb veri, raporti kritikon veprimet e autoriteteve t\u00eb Kosov\u00ebs, t\u00eb cilat, si\u00e7 thuhet, kan\u00eb qen\u00eb n\u00eb kund\u00ebrshtim me obligimet e vendit ndaj Bashkimit Evropian dhe me procesin e normalizimit t\u00eb marr\u00ebdh\u00ebnieve me Serbin\u00eb, raporton RTK.<\/p>\n<p>Sipas gjetjeve t\u00eb dokumentit, dialogu ka qen\u00eb i penguar p\u00ebr shkak t\u00eb situat\u00ebs politike si n\u00eb Kosov\u00eb, ashtu edhe n\u00eb Serbi. N\u00eb k\u00ebt\u00eb kuad\u00ebr p\u00ebrmendet se Serbia nuk ka nd\u00ebrmarr\u00eb masa ndaj autor\u00ebve t\u00eb sulmit n\u00eb Banjsk\u00eb, ngjarje q\u00eb ka sh\u00ebnuar p\u00ebrshkall\u00ebzimin m\u00eb t\u00eb madh t\u00eb siguris\u00eb.<br \/>\nN\u00eb kapitullin politik, drafti v\u00ebren se viti i kaluar \u00ebsht\u00eb karakterizuar nga p\u00ebr\u00e7arje t\u00eb brendshme politike dhe fushat\u00eb konfrontuese n\u00eb prag t\u00eb zgjedhjeve t\u00eb p\u00ebrgjithshme. Po ashtu, theksohet se kjo situat\u00eb \u00ebsht\u00eb ndjekur nga ng\u00ebr\u00e7i politik, si pasoj\u00eb e munges\u00ebs s\u00eb vullnetit apo paaft\u00ebsis\u00eb s\u00eb partive politike p\u00ebr t\u00eb gjetur zgjidhje drejt krijimit t\u00eb institucioneve.<\/p>\n<p>Kosova gjithashtu kritikohet n\u00eb fush\u00ebn e liris\u00eb s\u00eb shprehjes, ku, sipas draftit, nuk \u00ebsht\u00eb sh\u00ebnuar asnj\u00eb p\u00ebrparim. Raporti p\u00ebrmend sfidat lidhur me transparenc\u00ebn e pron\u00ebsis\u00eb s\u00eb mediave dhe q\u00ebndrueshm\u00ebrin\u00eb e tyre financiare, si dhe sulmet ndaj gazetar\u00ebve, p\u00ebrfshir\u00eb pengimin n\u00eb kryerjen e detyr\u00ebs dhe sulmet verbale nga zyrtar\u00eb t\u00eb lart\u00eb qeveritar\u00eb.<\/p>\n","protected":false},"excerpt":{"rendered":"<p>Prishtin\u00eb 30 Tetor 2025 Kryeministri n\u00eb detyr\u00eb i Kosov\u00ebs, Albin Kurti, ishte i ftuar n\u00eb diskutimin me tem\u00eb \u201cPaqeruajtja n\u00eb nj\u00eb udh\u00ebkryq: E ardhmja e<\/p>\n","protected":false},"author":6,"featured_media":18376,"comment_status":"open","ping_status":"open","sticky":false,"template":"","format":"standard","meta":{"footnotes":""},"categories":[58],"tags":[],"class_list":["post-18375","post","type-post","status-publish","format-standard","has-post-thumbnail","hentry","category-politike-sq"],"yoast_head":"<!-- This site is optimized with the Yoast SEO plugin v25.3.1 - https:\/\/yoast.com\/wordpress\/plugins\/seo\/ -->\n<title>Kurti n\u00eb Forumin e Paqes n\u00eb Paris: Kosova, histori suksesi e nd\u00ebrhyrjes humanitare t\u00eb NATO-s -<\/title>\n<meta name=\"robots\" content=\"index, follow, max-snippet:-1, max-image-preview:large, max-video-preview:-1\" \/>\n<link rel=\"canonical\" href=\"https:\/\/veritasinfo.org\/?p=18375\" \/>\n<meta property=\"og:locale\" content=\"en_US\" \/>\n<meta property=\"og:type\" content=\"article\" \/>\n<meta property=\"og:title\" content=\"Kurti n\u00eb Forumin e Paqes n\u00eb Paris: Kosova, histori suksesi e nd\u00ebrhyrjes humanitare t\u00eb NATO-s -\" \/>\n<meta property=\"og:description\" content=\"Prishtin\u00eb 30 Tetor 2025 Kryeministri n\u00eb detyr\u00eb i Kosov\u00ebs, Albin Kurti, ishte i ftuar n\u00eb diskutimin me tem\u00eb \u201cPaqeruajtja n\u00eb nj\u00eb udh\u00ebkryq: E ardhmja e\" \/>\n<meta property=\"og:url\" content=\"https:\/\/veritasinfo.org\/?p=18375\" \/>\n<meta property=\"article:published_time\" content=\"2025-10-30T13:35:45+00:00\" \/>\n<meta property=\"og:image\" content=\"https:\/\/veritasinfo.org\/wp-content\/uploads\/2025\/10\/IMG-20251030-WA00001.jpg\" \/>\n\t<meta property=\"og:image:width\" content=\"1024\" \/>\n\t<meta property=\"og:image:height\" content=\"570\" \/>\n\t<meta property=\"og:image:type\" content=\"image\/jpeg\" \/>\n<meta name=\"author\" content=\"US5\" \/>\n<meta name=\"twitter:card\" content=\"summary_large_image\" \/>\n<meta name=\"twitter:label1\" content=\"Written by\" \/>\n\t<meta name=\"twitter:data1\" content=\"US5\" \/>\n\t<meta name=\"twitter:label2\" content=\"Est. reading time\" \/>\n\t<meta name=\"twitter:data2\" content=\"1 minute\" \/>\n<script type=\"application\/ld+json\" class=\"yoast-schema-graph\">{\"@context\":\"https:\/\/schema.org\",\"@graph\":[{\"@type\":\"WebPage\",\"@id\":\"https:\/\/veritasinfo.org\/?p=18375\",\"url\":\"https:\/\/veritasinfo.org\/?p=18375\",\"name\":\"Kurti n\u00eb Forumin e Paqes n\u00eb Paris: Kosova, histori suksesi e nd\u00ebrhyrjes humanitare t\u00eb NATO-s -\",\"isPartOf\":{\"@id\":\"https:\/\/veritasinfo.org\/#website\"},\"primaryImageOfPage\":{\"@id\":\"https:\/\/veritasinfo.org\/?p=18375#primaryimage\"},\"image\":{\"@id\":\"https:\/\/veritasinfo.org\/?p=18375#primaryimage\"},\"thumbnailUrl\":\"https:\/\/veritasinfo.org\/wp-content\/uploads\/2025\/10\/IMG-20251030-WA00001.jpg\",\"datePublished\":\"2025-10-30T13:35:45+00:00\",\"author\":{\"@id\":\"https:\/\/veritasinfo.org\/#\/schema\/person\/bc442336e35414d04494ab8fb45db4c6\"},\"breadcrumb\":{\"@id\":\"https:\/\/veritasinfo.org\/?p=18375#breadcrumb\"},\"inLanguage\":\"en-US\",\"potentialAction\":[{\"@type\":\"ReadAction\",\"target\":[\"https:\/\/veritasinfo.org\/?p=18375\"]}]},{\"@type\":\"ImageObject\",\"inLanguage\":\"en-US\",\"@id\":\"https:\/\/veritasinfo.org\/?p=18375#primaryimage\",\"url\":\"https:\/\/veritasinfo.org\/wp-content\/uploads\/2025\/10\/IMG-20251030-WA00001.jpg\",\"contentUrl\":\"https:\/\/veritasinfo.org\/wp-content\/uploads\/2025\/10\/IMG-20251030-WA00001.jpg\",\"width\":1024,\"height\":570},{\"@type\":\"BreadcrumbList\",\"@id\":\"https:\/\/veritasinfo.org\/?p=18375#breadcrumb\",\"itemListElement\":[{\"@type\":\"ListItem\",\"position\":1,\"name\":\"Home\",\"item\":\"https:\/\/veritasinfo.org\/\"},{\"@type\":\"ListItem\",\"position\":2,\"name\":\"Kurti n\u00eb Forumin e Paqes n\u00eb Paris: Kosova, histori suksesi e nd\u00ebrhyrjes humanitare t\u00eb NATO-s\"}]},{\"@type\":\"WebSite\",\"@id\":\"https:\/\/veritasinfo.org\/#website\",\"url\":\"https:\/\/veritasinfo.org\/\",\"name\":\"\",\"description\":\"\",\"potentialAction\":[{\"@type\":\"SearchAction\",\"target\":{\"@type\":\"EntryPoint\",\"urlTemplate\":\"https:\/\/veritasinfo.org\/?s={search_term_string}\"},\"query-input\":{\"@type\":\"PropertyValueSpecification\",\"valueRequired\":true,\"valueName\":\"search_term_string\"}}],\"inLanguage\":\"en-US\"},{\"@type\":\"Person\",\"@id\":\"https:\/\/veritasinfo.org\/#\/schema\/person\/bc442336e35414d04494ab8fb45db4c6\",\"name\":\"US5\",\"image\":{\"@type\":\"ImageObject\",\"inLanguage\":\"en-US\",\"@id\":\"https:\/\/veritasinfo.org\/#\/schema\/person\/image\/\",\"url\":\"https:\/\/secure.gravatar.com\/avatar\/16a61e7272a0c5d001121ebb9e60e925d5816e4ac1e443ed3e640d9a6ae55d0c?s=96&d=mm&r=g\",\"contentUrl\":\"https:\/\/secure.gravatar.com\/avatar\/16a61e7272a0c5d001121ebb9e60e925d5816e4ac1e443ed3e640d9a6ae55d0c?s=96&d=mm&r=g\",\"caption\":\"US5\"},\"url\":\"https:\/\/veritasinfo.org\/?author=6\"}]}<\/script>\n<!-- \/ Yoast SEO plugin. -->","yoast_head_json":{"title":"Kurti n\u00eb Forumin e Paqes n\u00eb Paris: Kosova, histori suksesi e nd\u00ebrhyrjes humanitare t\u00eb NATO-s -","robots":{"index":"index","follow":"follow","max-snippet":"max-snippet:-1","max-image-preview":"max-image-preview:large","max-video-preview":"max-video-preview:-1"},"canonical":"https:\/\/veritasinfo.org\/?p=18375","og_locale":"en_US","og_type":"article","og_title":"Kurti n\u00eb Forumin e Paqes n\u00eb Paris: Kosova, histori suksesi e nd\u00ebrhyrjes humanitare t\u00eb NATO-s -","og_description":"Prishtin\u00eb 30 Tetor 2025 Kryeministri n\u00eb detyr\u00eb i Kosov\u00ebs, Albin Kurti, ishte i ftuar n\u00eb diskutimin me tem\u00eb \u201cPaqeruajtja n\u00eb nj\u00eb udh\u00ebkryq: E ardhmja e","og_url":"https:\/\/veritasinfo.org\/?p=18375","article_published_time":"2025-10-30T13:35:45+00:00","og_image":[{"width":1024,"height":570,"url":"https:\/\/veritasinfo.org\/wp-content\/uploads\/2025\/10\/IMG-20251030-WA00001.jpg","type":"image\/jpeg"}],"author":"US5","twitter_card":"summary_large_image","twitter_misc":{"Written by":"US5","Est. reading time":"1 minute"},"schema":{"@context":"https:\/\/schema.org","@graph":[{"@type":"WebPage","@id":"https:\/\/veritasinfo.org\/?p=18375","url":"https:\/\/veritasinfo.org\/?p=18375","name":"Kurti n\u00eb Forumin e Paqes n\u00eb Paris: Kosova, histori suksesi e nd\u00ebrhyrjes humanitare t\u00eb NATO-s -","isPartOf":{"@id":"https:\/\/veritasinfo.org\/#website"},"primaryImageOfPage":{"@id":"https:\/\/veritasinfo.org\/?p=18375#primaryimage"},"image":{"@id":"https:\/\/veritasinfo.org\/?p=18375#primaryimage"},"thumbnailUrl":"https:\/\/veritasinfo.org\/wp-content\/uploads\/2025\/10\/IMG-20251030-WA00001.jpg","datePublished":"2025-10-30T13:35:45+00:00","author":{"@id":"https:\/\/veritasinfo.org\/#\/schema\/person\/bc442336e35414d04494ab8fb45db4c6"},"breadcrumb":{"@id":"https:\/\/veritasinfo.org\/?p=18375#breadcrumb"},"inLanguage":"en-US","potentialAction":[{"@type":"ReadAction","target":["https:\/\/veritasinfo.org\/?p=18375"]}]},{"@type":"ImageObject","inLanguage":"en-US","@id":"https:\/\/veritasinfo.org\/?p=18375#primaryimage","url":"https:\/\/veritasinfo.org\/wp-content\/uploads\/2025\/10\/IMG-20251030-WA00001.jpg","contentUrl":"https:\/\/veritasinfo.org\/wp-content\/uploads\/2025\/10\/IMG-20251030-WA00001.jpg","width":1024,"height":570},{"@type":"BreadcrumbList","@id":"https:\/\/veritasinfo.org\/?p=18375#breadcrumb","itemListElement":[{"@type":"ListItem","position":1,"name":"Home","item":"https:\/\/veritasinfo.org\/"},{"@type":"ListItem","position":2,"name":"Kurti n\u00eb Forumin e Paqes n\u00eb Paris: Kosova, histori suksesi e nd\u00ebrhyrjes humanitare t\u00eb NATO-s"}]},{"@type":"WebSite","@id":"https:\/\/veritasinfo.org\/#website","url":"https:\/\/veritasinfo.org\/","name":"","description":"","potentialAction":[{"@type":"SearchAction","target":{"@type":"EntryPoint","urlTemplate":"https:\/\/veritasinfo.org\/?s={search_term_string}"},"query-input":{"@type":"PropertyValueSpecification","valueRequired":true,"valueName":"search_term_string"}}],"inLanguage":"en-US"},{"@type":"Person","@id":"https:\/\/veritasinfo.org\/#\/schema\/person\/bc442336e35414d04494ab8fb45db4c6","name":"US5","image":{"@type":"ImageObject","inLanguage":"en-US","@id":"https:\/\/veritasinfo.org\/#\/schema\/person\/image\/","url":"https:\/\/secure.gravatar.com\/avatar\/16a61e7272a0c5d001121ebb9e60e925d5816e4ac1e443ed3e640d9a6ae55d0c?s=96&d=mm&r=g","contentUrl":"https:\/\/secure.gravatar.com\/avatar\/16a61e7272a0c5d001121ebb9e60e925d5816e4ac1e443ed3e640d9a6ae55d0c?s=96&d=mm&r=g","caption":"US5"},"url":"https:\/\/veritasinfo.org\/?author=6"}]}},"featured_image_urls":{"full":["https:\/\/veritasinfo.org\/wp-content\/uploads\/2025\/10\/IMG-20251030-WA00001.jpg",1024,570,false],"thumbnail":["https:\/\/veritasinfo.org\/wp-content\/uploads\/2025\/10\/IMG-20251030-WA00001-150x150.jpg",150,150,true],"medium":["https:\/\/veritasinfo.org\/wp-content\/uploads\/2025\/10\/IMG-20251030-WA00001-300x167.jpg",300,167,true],"medium_large":["https:\/\/veritasinfo.org\/wp-content\/uploads\/2025\/10\/IMG-20251030-WA00001-768x428.jpg",640,357,true],"large":["https:\/\/veritasinfo.org\/wp-content\/uploads\/2025\/10\/IMG-20251030-WA00001.jpg",640,356,false],"1536x1536":["https:\/\/veritasinfo.org\/wp-content\/uploads\/2025\/10\/IMG-20251030-WA00001.jpg",1024,570,false],"2048x2048":["https:\/\/veritasinfo.org\/wp-content\/uploads\/2025\/10\/IMG-20251030-WA00001.jpg",1024,570,false],"kreeti-slider-full":["https:\/\/veritasinfo.org\/wp-content\/uploads\/2025\/10\/IMG-20251030-WA00001.jpg",1024,570,false],"kreeti-featured":["https:\/\/veritasinfo.org\/wp-content\/uploads\/2025\/10\/IMG-20251030-WA00001.jpg",1024,570,false],"kreeti-medium":["https:\/\/veritasinfo.org\/wp-content\/uploads\/2025\/10\/IMG-20251030-WA00001.jpg",720,401,false],"kreeti-medium-square":["https:\/\/veritasinfo.org\/wp-content\/uploads\/2025\/10\/IMG-20251030-WA00001.jpg",350,195,false]},"author_info":{"info":["US5"]},"category_info":"<a href=\"https:\/\/veritasinfo.org\/?cat=58\" rel=\"category\">Politik\u00eb<\/a>","tag_info":"Politik\u00eb","comment_count":"0","_links":{"self":[{"href":"https:\/\/veritasinfo.org\/index.php?rest_route=\/wp\/v2\/posts\/18375","targetHints":{"allow":["GET"]}}],"collection":[{"href":"https:\/\/veritasinfo.org\/index.php?rest_route=\/wp\/v2\/posts"}],"about":[{"href":"https:\/\/veritasinfo.org\/index.php?rest_route=\/wp\/v2\/types\/post"}],"author":[{"embeddable":true,"href":"https:\/\/veritasinfo.org\/index.php?rest_route=\/wp\/v2\/users\/6"}],"replies":[{"embeddable":true,"href":"https:\/\/veritasinfo.org\/index.php?rest_route=%2Fwp%2Fv2%2Fcomments&post=18375"}],"version-history":[{"count":1,"href":"https:\/\/veritasinfo.org\/index.php?rest_route=\/wp\/v2\/posts\/18375\/revisions"}],"predecessor-version":[{"id":18377,"href":"https:\/\/veritasinfo.org\/index.php?rest_route=\/wp\/v2\/posts\/18375\/revisions\/18377"}],"wp:featuredmedia":[{"embeddable":true,"href":"https:\/\/veritasinfo.org\/index.php?rest_route=\/wp\/v2\/media\/18376"}],"wp:attachment":[{"href":"https:\/\/veritasinfo.org\/index.php?rest_route=%2Fwp%2Fv2%2Fmedia&parent=18375"}],"wp:term":[{"taxonomy":"category","embeddable":true,"href":"https:\/\/veritasinfo.org\/index.php?rest_route=%2Fwp%2Fv2%2Fcategories&post=18375"},{"taxonomy":"post_tag","embeddable":true,"href":"https:\/\/veritasinfo.org\/index.php?rest_route=%2Fwp%2Fv2%2Ftags&post=18375"}],"curies":[{"name":"wp","href":"https:\/\/api.w.org\/{rel}","templated":true}]}}