{"id":18364,"date":"2025-10-30T12:47:37","date_gmt":"2025-10-30T11:47:37","guid":{"rendered":"https:\/\/veritasinfo.org\/?p=18364"},"modified":"2025-10-30T12:47:37","modified_gmt":"2025-10-30T11:47:37","slug":"kurti-takon-zyrtarin-e-larte-belg-flasin-per-rrugen-e-kosoves-drejt-be-se","status":"publish","type":"post","link":"https:\/\/veritasinfo.org\/?p=18364","title":{"rendered":"Kurti takon zyrtarin e lart\u00eb belg, flasin p\u00ebr rrug\u00ebn e Kosov\u00ebs drejt BE-s\u00eb"},"content":{"rendered":"<p>Prishtin\u00eb 30 Tetor 2025<\/p>\n<p>Gjat\u00eb q\u00ebndrimit n\u00eb Paris, n\u00eb kuad\u00ebr t\u00eb Forumit t\u00eb Paqes, Kryeministri n\u00eb detyr\u00eb, Albin Kurti ka zhvilluar takim me Presidentin e Dhom\u00ebs s\u00eb P\u00ebrfaq\u00ebsuesve t\u00eb Belgjik\u00ebs, Peter De Roover.<\/p>\n<p>N\u00eb njoftimin p\u00ebr media b\u00ebhet e ditur se aty \u00ebhst\u00eb diskutuar p\u00ebr marr\u00ebdh\u00ebniet dypal\u00ebshe nd\u00ebrmjet Kosov\u00ebs dhe Mbret\u00ebris\u00eb s\u00eb Belgjik\u00ebs, bashk\u00ebpunimin n\u00eb fusha me interes t\u00eb p\u00ebrbashk\u00ebt dhe zhvillimet e fundit n\u00eb vend e rajon.<\/p>\n<p>\u201cKryeministri Kurti e njoftoi Presidentin De Roover p\u00ebr rezultatet e Kosov\u00ebs n\u00eb rrafshin ekonomik, nd\u00ebr to rritjen e q\u00ebndrueshme ekonomike prej mesatarisht 6% n\u00eb kat\u00ebr vitet e fundit dhe dyfishimin e investimeve t\u00eb huaja direkte, kushtet e volitshme dhe p\u00ebrpar\u00ebsit\u00eb q\u00eb vendi yn\u00eb ofron p\u00ebr investime t\u00eb huaja. Ai ve\u00e7oi investimet e r\u00ebnd\u00ebsishme q\u00eb ka b\u00ebr\u00eb qeveria n\u00eb sektorin e bujq\u00ebsis\u00eb dhe t\u00eb mbrojtjes, si dhe reformat e nd\u00ebrmarra n\u00eb politikat e mir\u00ebqenies sociale\u201d, thuhet n\u00eb njoftim.<\/p>\n<p>Gjithashtu, thot\u00eb qeveria, n\u00eb k\u00ebt\u00eb takim \u00ebsht\u00eb diskutuar p\u00ebr  rrug\u00ebtimin e Kosov\u00ebs drejt Bashkimit Evropian.<\/p>\n<p>\u201cKryeministri Kurti p\u00ebrmendi r\u00ebnd\u00ebsin\u00eb dhe efektin pozitiv q\u00eb ka pasur liberalizimi i vizave p\u00ebr qytetar\u00ebt e Kosov\u00ebs, dhe aplikimin p\u00ebr an\u00ebtar\u00ebsim n\u00eb Bashkimin Evropian n\u00eb dhjetor t\u00eb vitit 2022 si hap t\u00eb r\u00ebnd\u00ebsish\u00ebm q\u00eb d\u00ebshmon p\u00ebrkushtimin e institucioneve t\u00eb vendit ndaj reformave demokratike dhe integrimit evropian\u201d, njoftoi Qeveria e Kosov\u00ebs.<\/p>\n","protected":false},"excerpt":{"rendered":"<p>Prishtin\u00eb 30 Tetor 2025 Gjat\u00eb q\u00ebndrimit n\u00eb Paris, n\u00eb kuad\u00ebr t\u00eb Forumit t\u00eb Paqes, Kryeministri n\u00eb detyr\u00eb, Albin Kurti ka zhvilluar takim me Presidentin e<\/p>\n","protected":false},"author":6,"featured_media":18365,"comment_status":"open","ping_status":"open","sticky":false,"template":"","format":"standard","meta":{"footnotes":""},"categories":[58],"tags":[],"class_list":["post-18364","post","type-post","status-publish","format-standard","has-post-thumbnail","hentry","category-politike-sq"],"yoast_head":"<!-- This site is optimized with the Yoast SEO plugin v25.3.1 - https:\/\/yoast.com\/wordpress\/plugins\/seo\/ -->\n<title>Kurti takon zyrtarin e lart\u00eb belg, flasin p\u00ebr rrug\u00ebn e Kosov\u00ebs drejt BE-s\u00eb -<\/title>\n<meta name=\"robots\" content=\"index, follow, max-snippet:-1, max-image-preview:large, max-video-preview:-1\" \/>\n<link rel=\"canonical\" href=\"https:\/\/veritasinfo.org\/?p=18364\" \/>\n<meta property=\"og:locale\" content=\"en_US\" \/>\n<meta property=\"og:type\" content=\"article\" \/>\n<meta property=\"og:title\" content=\"Kurti takon zyrtarin e lart\u00eb belg, flasin p\u00ebr rrug\u00ebn e Kosov\u00ebs drejt BE-s\u00eb -\" \/>\n<meta property=\"og:description\" content=\"Prishtin\u00eb 30 Tetor 2025 Gjat\u00eb q\u00ebndrimit n\u00eb Paris, n\u00eb kuad\u00ebr t\u00eb Forumit t\u00eb Paqes, Kryeministri n\u00eb detyr\u00eb, Albin Kurti ka zhvilluar takim me Presidentin e\" \/>\n<meta property=\"og:url\" content=\"https:\/\/veritasinfo.org\/?p=18364\" \/>\n<meta property=\"article:published_time\" content=\"2025-10-30T11:47:37+00:00\" \/>\n<meta property=\"og:image\" content=\"https:\/\/veritasinfo.org\/wp-content\/uploads\/2025\/10\/708245-163hwpGnBe.jpg\" \/>\n\t<meta property=\"og:image:width\" content=\"780\" \/>\n\t<meta property=\"og:image:height\" content=\"500\" \/>\n\t<meta property=\"og:image:type\" content=\"image\/jpeg\" \/>\n<meta name=\"author\" content=\"US5\" \/>\n<meta name=\"twitter:card\" content=\"summary_large_image\" \/>\n<meta name=\"twitter:label1\" content=\"Written by\" \/>\n\t<meta name=\"twitter:data1\" content=\"US5\" \/>\n\t<meta name=\"twitter:label2\" content=\"Est. reading time\" \/>\n\t<meta name=\"twitter:data2\" content=\"1 minute\" \/>\n<script type=\"application\/ld+json\" class=\"yoast-schema-graph\">{\"@context\":\"https:\/\/schema.org\",\"@graph\":[{\"@type\":\"WebPage\",\"@id\":\"https:\/\/veritasinfo.org\/?p=18364\",\"url\":\"https:\/\/veritasinfo.org\/?p=18364\",\"name\":\"Kurti takon zyrtarin e lart\u00eb belg, flasin p\u00ebr rrug\u00ebn e Kosov\u00ebs drejt BE-s\u00eb -\",\"isPartOf\":{\"@id\":\"https:\/\/veritasinfo.org\/#website\"},\"primaryImageOfPage\":{\"@id\":\"https:\/\/veritasinfo.org\/?p=18364#primaryimage\"},\"image\":{\"@id\":\"https:\/\/veritasinfo.org\/?p=18364#primaryimage\"},\"thumbnailUrl\":\"https:\/\/veritasinfo.org\/wp-content\/uploads\/2025\/10\/708245-163hwpGnBe.jpg\",\"datePublished\":\"2025-10-30T11:47:37+00:00\",\"author\":{\"@id\":\"https:\/\/veritasinfo.org\/#\/schema\/person\/bc442336e35414d04494ab8fb45db4c6\"},\"breadcrumb\":{\"@id\":\"https:\/\/veritasinfo.org\/?p=18364#breadcrumb\"},\"inLanguage\":\"en-US\",\"potentialAction\":[{\"@type\":\"ReadAction\",\"target\":[\"https:\/\/veritasinfo.org\/?p=18364\"]}]},{\"@type\":\"ImageObject\",\"inLanguage\":\"en-US\",\"@id\":\"https:\/\/veritasinfo.org\/?p=18364#primaryimage\",\"url\":\"https:\/\/veritasinfo.org\/wp-content\/uploads\/2025\/10\/708245-163hwpGnBe.jpg\",\"contentUrl\":\"https:\/\/veritasinfo.org\/wp-content\/uploads\/2025\/10\/708245-163hwpGnBe.jpg\",\"width\":780,\"height\":500},{\"@type\":\"BreadcrumbList\",\"@id\":\"https:\/\/veritasinfo.org\/?p=18364#breadcrumb\",\"itemListElement\":[{\"@type\":\"ListItem\",\"position\":1,\"name\":\"Home\",\"item\":\"https:\/\/veritasinfo.org\/\"},{\"@type\":\"ListItem\",\"position\":2,\"name\":\"Kurti takon zyrtarin e lart\u00eb belg, flasin p\u00ebr rrug\u00ebn e Kosov\u00ebs drejt BE-s\u00eb\"}]},{\"@type\":\"WebSite\",\"@id\":\"https:\/\/veritasinfo.org\/#website\",\"url\":\"https:\/\/veritasinfo.org\/\",\"name\":\"\",\"description\":\"\",\"potentialAction\":[{\"@type\":\"SearchAction\",\"target\":{\"@type\":\"EntryPoint\",\"urlTemplate\":\"https:\/\/veritasinfo.org\/?s={search_term_string}\"},\"query-input\":{\"@type\":\"PropertyValueSpecification\",\"valueRequired\":true,\"valueName\":\"search_term_string\"}}],\"inLanguage\":\"en-US\"},{\"@type\":\"Person\",\"@id\":\"https:\/\/veritasinfo.org\/#\/schema\/person\/bc442336e35414d04494ab8fb45db4c6\",\"name\":\"US5\",\"image\":{\"@type\":\"ImageObject\",\"inLanguage\":\"en-US\",\"@id\":\"https:\/\/veritasinfo.org\/#\/schema\/person\/image\/\",\"url\":\"https:\/\/secure.gravatar.com\/avatar\/16a61e7272a0c5d001121ebb9e60e925d5816e4ac1e443ed3e640d9a6ae55d0c?s=96&d=mm&r=g\",\"contentUrl\":\"https:\/\/secure.gravatar.com\/avatar\/16a61e7272a0c5d001121ebb9e60e925d5816e4ac1e443ed3e640d9a6ae55d0c?s=96&d=mm&r=g\",\"caption\":\"US5\"},\"url\":\"https:\/\/veritasinfo.org\/?author=6\"}]}<\/script>\n<!-- \/ Yoast SEO plugin. -->","yoast_head_json":{"title":"Kurti takon zyrtarin e lart\u00eb belg, flasin p\u00ebr rrug\u00ebn e Kosov\u00ebs drejt BE-s\u00eb -","robots":{"index":"index","follow":"follow","max-snippet":"max-snippet:-1","max-image-preview":"max-image-preview:large","max-video-preview":"max-video-preview:-1"},"canonical":"https:\/\/veritasinfo.org\/?p=18364","og_locale":"en_US","og_type":"article","og_title":"Kurti takon zyrtarin e lart\u00eb belg, flasin p\u00ebr rrug\u00ebn e Kosov\u00ebs drejt BE-s\u00eb -","og_description":"Prishtin\u00eb 30 Tetor 2025 Gjat\u00eb q\u00ebndrimit n\u00eb Paris, n\u00eb kuad\u00ebr t\u00eb Forumit t\u00eb Paqes, Kryeministri n\u00eb detyr\u00eb, Albin Kurti ka zhvilluar takim me Presidentin e","og_url":"https:\/\/veritasinfo.org\/?p=18364","article_published_time":"2025-10-30T11:47:37+00:00","og_image":[{"width":780,"height":500,"url":"https:\/\/veritasinfo.org\/wp-content\/uploads\/2025\/10\/708245-163hwpGnBe.jpg","type":"image\/jpeg"}],"author":"US5","twitter_card":"summary_large_image","twitter_misc":{"Written by":"US5","Est. reading time":"1 minute"},"schema":{"@context":"https:\/\/schema.org","@graph":[{"@type":"WebPage","@id":"https:\/\/veritasinfo.org\/?p=18364","url":"https:\/\/veritasinfo.org\/?p=18364","name":"Kurti takon zyrtarin e lart\u00eb belg, flasin p\u00ebr rrug\u00ebn e Kosov\u00ebs drejt BE-s\u00eb -","isPartOf":{"@id":"https:\/\/veritasinfo.org\/#website"},"primaryImageOfPage":{"@id":"https:\/\/veritasinfo.org\/?p=18364#primaryimage"},"image":{"@id":"https:\/\/veritasinfo.org\/?p=18364#primaryimage"},"thumbnailUrl":"https:\/\/veritasinfo.org\/wp-content\/uploads\/2025\/10\/708245-163hwpGnBe.jpg","datePublished":"2025-10-30T11:47:37+00:00","author":{"@id":"https:\/\/veritasinfo.org\/#\/schema\/person\/bc442336e35414d04494ab8fb45db4c6"},"breadcrumb":{"@id":"https:\/\/veritasinfo.org\/?p=18364#breadcrumb"},"inLanguage":"en-US","potentialAction":[{"@type":"ReadAction","target":["https:\/\/veritasinfo.org\/?p=18364"]}]},{"@type":"ImageObject","inLanguage":"en-US","@id":"https:\/\/veritasinfo.org\/?p=18364#primaryimage","url":"https:\/\/veritasinfo.org\/wp-content\/uploads\/2025\/10\/708245-163hwpGnBe.jpg","contentUrl":"https:\/\/veritasinfo.org\/wp-content\/uploads\/2025\/10\/708245-163hwpGnBe.jpg","width":780,"height":500},{"@type":"BreadcrumbList","@id":"https:\/\/veritasinfo.org\/?p=18364#breadcrumb","itemListElement":[{"@type":"ListItem","position":1,"name":"Home","item":"https:\/\/veritasinfo.org\/"},{"@type":"ListItem","position":2,"name":"Kurti takon zyrtarin e lart\u00eb belg, flasin p\u00ebr rrug\u00ebn e Kosov\u00ebs drejt BE-s\u00eb"}]},{"@type":"WebSite","@id":"https:\/\/veritasinfo.org\/#website","url":"https:\/\/veritasinfo.org\/","name":"","description":"","potentialAction":[{"@type":"SearchAction","target":{"@type":"EntryPoint","urlTemplate":"https:\/\/veritasinfo.org\/?s={search_term_string}"},"query-input":{"@type":"PropertyValueSpecification","valueRequired":true,"valueName":"search_term_string"}}],"inLanguage":"en-US"},{"@type":"Person","@id":"https:\/\/veritasinfo.org\/#\/schema\/person\/bc442336e35414d04494ab8fb45db4c6","name":"US5","image":{"@type":"ImageObject","inLanguage":"en-US","@id":"https:\/\/veritasinfo.org\/#\/schema\/person\/image\/","url":"https:\/\/secure.gravatar.com\/avatar\/16a61e7272a0c5d001121ebb9e60e925d5816e4ac1e443ed3e640d9a6ae55d0c?s=96&d=mm&r=g","contentUrl":"https:\/\/secure.gravatar.com\/avatar\/16a61e7272a0c5d001121ebb9e60e925d5816e4ac1e443ed3e640d9a6ae55d0c?s=96&d=mm&r=g","caption":"US5"},"url":"https:\/\/veritasinfo.org\/?author=6"}]}},"featured_image_urls":{"full":["https:\/\/veritasinfo.org\/wp-content\/uploads\/2025\/10\/708245-163hwpGnBe.jpg",780,500,false],"thumbnail":["https:\/\/veritasinfo.org\/wp-content\/uploads\/2025\/10\/708245-163hwpGnBe-150x150.jpg",150,150,true],"medium":["https:\/\/veritasinfo.org\/wp-content\/uploads\/2025\/10\/708245-163hwpGnBe-300x192.jpg",300,192,true],"medium_large":["https:\/\/veritasinfo.org\/wp-content\/uploads\/2025\/10\/708245-163hwpGnBe-768x492.jpg",640,410,true],"large":["https:\/\/veritasinfo.org\/wp-content\/uploads\/2025\/10\/708245-163hwpGnBe.jpg",640,410,false],"1536x1536":["https:\/\/veritasinfo.org\/wp-content\/uploads\/2025\/10\/708245-163hwpGnBe.jpg",780,500,false],"2048x2048":["https:\/\/veritasinfo.org\/wp-content\/uploads\/2025\/10\/708245-163hwpGnBe.jpg",780,500,false],"kreeti-slider-full":["https:\/\/veritasinfo.org\/wp-content\/uploads\/2025\/10\/708245-163hwpGnBe.jpg",780,500,false],"kreeti-featured":["https:\/\/veritasinfo.org\/wp-content\/uploads\/2025\/10\/708245-163hwpGnBe.jpg",780,500,false],"kreeti-medium":["https:\/\/veritasinfo.org\/wp-content\/uploads\/2025\/10\/708245-163hwpGnBe.jpg",720,462,false],"kreeti-medium-square":["https:\/\/veritasinfo.org\/wp-content\/uploads\/2025\/10\/708245-163hwpGnBe.jpg",350,224,false]},"author_info":{"info":["US5"]},"category_info":"<a href=\"https:\/\/veritasinfo.org\/?cat=58\" rel=\"category\">Politik\u00eb<\/a>","tag_info":"Politik\u00eb","comment_count":"0","_links":{"self":[{"href":"https:\/\/veritasinfo.org\/index.php?rest_route=\/wp\/v2\/posts\/18364","targetHints":{"allow":["GET"]}}],"collection":[{"href":"https:\/\/veritasinfo.org\/index.php?rest_route=\/wp\/v2\/posts"}],"about":[{"href":"https:\/\/veritasinfo.org\/index.php?rest_route=\/wp\/v2\/types\/post"}],"author":[{"embeddable":true,"href":"https:\/\/veritasinfo.org\/index.php?rest_route=\/wp\/v2\/users\/6"}],"replies":[{"embeddable":true,"href":"https:\/\/veritasinfo.org\/index.php?rest_route=%2Fwp%2Fv2%2Fcomments&post=18364"}],"version-history":[{"count":1,"href":"https:\/\/veritasinfo.org\/index.php?rest_route=\/wp\/v2\/posts\/18364\/revisions"}],"predecessor-version":[{"id":18366,"href":"https:\/\/veritasinfo.org\/index.php?rest_route=\/wp\/v2\/posts\/18364\/revisions\/18366"}],"wp:featuredmedia":[{"embeddable":true,"href":"https:\/\/veritasinfo.org\/index.php?rest_route=\/wp\/v2\/media\/18365"}],"wp:attachment":[{"href":"https:\/\/veritasinfo.org\/index.php?rest_route=%2Fwp%2Fv2%2Fmedia&parent=18364"}],"wp:term":[{"taxonomy":"category","embeddable":true,"href":"https:\/\/veritasinfo.org\/index.php?rest_route=%2Fwp%2Fv2%2Fcategories&post=18364"},{"taxonomy":"post_tag","embeddable":true,"href":"https:\/\/veritasinfo.org\/index.php?rest_route=%2Fwp%2Fv2%2Ftags&post=18364"}],"curies":[{"name":"wp","href":"https:\/\/api.w.org\/{rel}","templated":true}]}}