{"id":18209,"date":"2025-10-29T14:38:19","date_gmt":"2025-10-29T13:38:19","guid":{"rendered":"https:\/\/veritasinfo.org\/?p=18209"},"modified":"2025-10-29T14:40:58","modified_gmt":"2025-10-29T13:40:58","slug":"kurti-i-ftuar-nderi-ne-darken-e-qarkut-diplomatik-te-parisit-flet-per-rolin-e-kosoves-ne-evropen-demokratike","status":"publish","type":"post","link":"https:\/\/veritasinfo.org\/?p=18209","title":{"rendered":"Kurti i ftuar nderi n\u00eb dark\u00ebn e Qarkut Diplomatik t\u00eb Parisit \u2013 flet p\u00ebr rolin e Kosov\u00ebs n\u00eb Evrop\u00ebn demokratike"},"content":{"rendered":"<p>Prishtin\u00eb 29 Tetor 2025<\/p>\n<p>Kryeministri n\u00eb detyr\u00eb i Republik\u00ebs s\u00eb Kosov\u00ebs, Albin Kurti, ishte mbr\u00ebm\u00eb i ftuar nderi n\u00eb dark\u00ebn e shtruar nga Qarku Diplomatik i Parisit, ku t\u00eb pranish\u00ebm ishin personalitete t\u00eb larta t\u00eb hallkave diplomatike, politike dhe ekonomike t\u00eb Franc\u00ebs. Ai shprehu fal\u00ebnderim p\u00ebr ftes\u00ebn, nj\u00eb dit\u00eb para Forumit t\u00eb Paqes n\u00eb Paris, forum ky q\u00eb mbledh lider\u00eb nga e gjith\u00eb bota, transmeton KosovaNews.N\u00eb adresimin e tij para t\u00eb pranishm\u00ebve, kryeministri foli p\u00ebr r\u00ebnd\u00ebsin\u00eb e solidaritetit dhe bashk\u00ebpunimit nd\u00ebrmjet vendeve demokratike n\u00eb avancimin e m\u00ebtejm\u00eb t\u00eb shoq\u00ebrive tona dhe n\u00eb p\u00ebrballje me sfidat e p\u00ebrbashk\u00ebta. Ai theksoi nevoj\u00ebn, si dhe r\u00ebnd\u00ebsin\u00eb, q\u00eb n\u00eb rrug\u00ebtimin p\u00ebrpara t\u00eb vendeve evropiane vlerat dhe interesat t\u00eb ecin gjithmon\u00eb bashk\u00eb.Kryeministri gjithashtu foli p\u00ebr angazhimin dhe vler\u00ebn e shtuar t\u00eb an\u00ebtar\u00ebsimit t\u00eb Kosov\u00ebs dhe gjith\u00eb Ballkanit Per\u00ebndimor n\u00eb Bashkimin Evropian dhe NATO. Ai tha se an\u00ebtar\u00ebsimi i Ballkanit Per\u00ebndimor n\u00eb Bashkimin Evropian \u00ebsht\u00eb n\u00eb vet\u00eb interesin ekonomik dhe t\u00eb siguris\u00eb t\u00eb Bashkimit Evropian dhe shteteve an\u00ebtare t\u00eb tij. N\u00eb k\u00ebt\u00eb drejtim, ai shtoi se u p\u00ebrket atyre q\u00eb besojn\u00eb se zgjerimi i jasht\u00ebm i Bashkimit Evropian dhe reformat e brendshme t\u00eb tij shkojn\u00eb krah p\u00ebr krah. Vet\u00ebm nj\u00eb Evrop\u00eb q\u00eb d\u00ebshiron t\u00eb reformohet nga brenda mund t\u00eb zgjerohet nga jasht\u00eb, dhe vet\u00ebm nj\u00eb Evrop\u00eb q\u00eb d\u00ebshiron t\u00eb zgjerohet nga jasht\u00eb mund t\u00eb reformohet suksessh\u00ebm nga brenda; zgjerimi i jasht\u00ebm dhe reformat e brendshme jan\u00eb nj\u00ebkoh\u00ebsisht mund\u00ebsi dhe kushte t\u00eb nj\u00ebra-tjetr\u00ebs, u shpreh kryeministri.Kryeministri Kurti sot merr pjes\u00eb n\u00eb edicionin e tet\u00eb t\u00eb Forumit t\u00eb Paqes n\u00eb Paris, me ftes\u00eb t\u00eb Presidentit t\u00eb Republik\u00ebs s\u00eb Franc\u00ebs, Emmanuel Macron. <\/p>\n","protected":false},"excerpt":{"rendered":"<p>Prishtin\u00eb 29 Tetor 2025 Kryeministri n\u00eb detyr\u00eb i Republik\u00ebs s\u00eb Kosov\u00ebs, Albin Kurti, ishte mbr\u00ebm\u00eb i ftuar nderi n\u00eb dark\u00ebn e shtruar nga Qarku Diplomatik<\/p>\n","protected":false},"author":6,"featured_media":18210,"comment_status":"open","ping_status":"open","sticky":false,"template":"","format":"standard","meta":{"footnotes":""},"categories":[93],"tags":[],"class_list":["post-18209","post","type-post","status-publish","format-standard","has-post-thumbnail","hentry","category-politika-sq"],"yoast_head":"<!-- This site is optimized with the Yoast SEO plugin v25.3.1 - https:\/\/yoast.com\/wordpress\/plugins\/seo\/ -->\n<title>Kurti i ftuar nderi n\u00eb dark\u00ebn e Qarkut Diplomatik t\u00eb Parisit \u2013 flet p\u00ebr rolin e Kosov\u00ebs n\u00eb Evrop\u00ebn demokratike -<\/title>\n<meta name=\"robots\" content=\"index, follow, max-snippet:-1, max-image-preview:large, max-video-preview:-1\" \/>\n<link rel=\"canonical\" href=\"https:\/\/veritasinfo.org\/?p=18209\" \/>\n<meta property=\"og:locale\" content=\"en_US\" \/>\n<meta property=\"og:type\" content=\"article\" \/>\n<meta property=\"og:title\" content=\"Kurti i ftuar nderi n\u00eb dark\u00ebn e Qarkut Diplomatik t\u00eb Parisit \u2013 flet p\u00ebr rolin e Kosov\u00ebs n\u00eb Evrop\u00ebn demokratike -\" \/>\n<meta property=\"og:description\" content=\"Prishtin\u00eb 29 Tetor 2025 Kryeministri n\u00eb detyr\u00eb i Republik\u00ebs s\u00eb Kosov\u00ebs, Albin Kurti, ishte mbr\u00ebm\u00eb i ftuar nderi n\u00eb dark\u00ebn e shtruar nga Qarku Diplomatik\" \/>\n<meta property=\"og:url\" content=\"https:\/\/veritasinfo.org\/?p=18209\" \/>\n<meta property=\"article:published_time\" content=\"2025-10-29T13:38:19+00:00\" \/>\n<meta property=\"article:modified_time\" content=\"2025-10-29T13:40:58+00:00\" \/>\n<meta property=\"og:image\" content=\"https:\/\/veritasinfo.org\/wp-content\/uploads\/2025\/10\/29.10.2025-ZKM-6-1536x1024-1.webp\" \/>\n\t<meta property=\"og:image:width\" content=\"1536\" \/>\n\t<meta property=\"og:image:height\" content=\"1024\" \/>\n\t<meta property=\"og:image:type\" content=\"image\/webp\" \/>\n<meta name=\"author\" content=\"US5\" \/>\n<meta name=\"twitter:card\" content=\"summary_large_image\" \/>\n<meta name=\"twitter:label1\" content=\"Written by\" \/>\n\t<meta name=\"twitter:data1\" content=\"US5\" \/>\n\t<meta name=\"twitter:label2\" content=\"Est. reading time\" \/>\n\t<meta name=\"twitter:data2\" content=\"2 minutes\" \/>\n<script type=\"application\/ld+json\" class=\"yoast-schema-graph\">{\"@context\":\"https:\/\/schema.org\",\"@graph\":[{\"@type\":\"WebPage\",\"@id\":\"https:\/\/veritasinfo.org\/?p=18209\",\"url\":\"https:\/\/veritasinfo.org\/?p=18209\",\"name\":\"Kurti i ftuar nderi n\u00eb dark\u00ebn e Qarkut Diplomatik t\u00eb Parisit \u2013 flet p\u00ebr rolin e Kosov\u00ebs n\u00eb Evrop\u00ebn demokratike -\",\"isPartOf\":{\"@id\":\"https:\/\/veritasinfo.org\/#website\"},\"primaryImageOfPage\":{\"@id\":\"https:\/\/veritasinfo.org\/?p=18209#primaryimage\"},\"image\":{\"@id\":\"https:\/\/veritasinfo.org\/?p=18209#primaryimage\"},\"thumbnailUrl\":\"https:\/\/veritasinfo.org\/wp-content\/uploads\/2025\/10\/29.10.2025-ZKM-6-1536x1024-1.webp\",\"datePublished\":\"2025-10-29T13:38:19+00:00\",\"dateModified\":\"2025-10-29T13:40:58+00:00\",\"author\":{\"@id\":\"https:\/\/veritasinfo.org\/#\/schema\/person\/bc442336e35414d04494ab8fb45db4c6\"},\"breadcrumb\":{\"@id\":\"https:\/\/veritasinfo.org\/?p=18209#breadcrumb\"},\"inLanguage\":\"en-US\",\"potentialAction\":[{\"@type\":\"ReadAction\",\"target\":[\"https:\/\/veritasinfo.org\/?p=18209\"]}]},{\"@type\":\"ImageObject\",\"inLanguage\":\"en-US\",\"@id\":\"https:\/\/veritasinfo.org\/?p=18209#primaryimage\",\"url\":\"https:\/\/veritasinfo.org\/wp-content\/uploads\/2025\/10\/29.10.2025-ZKM-6-1536x1024-1.webp\",\"contentUrl\":\"https:\/\/veritasinfo.org\/wp-content\/uploads\/2025\/10\/29.10.2025-ZKM-6-1536x1024-1.webp\",\"width\":1536,\"height\":1024},{\"@type\":\"BreadcrumbList\",\"@id\":\"https:\/\/veritasinfo.org\/?p=18209#breadcrumb\",\"itemListElement\":[{\"@type\":\"ListItem\",\"position\":1,\"name\":\"Home\",\"item\":\"https:\/\/veritasinfo.org\/\"},{\"@type\":\"ListItem\",\"position\":2,\"name\":\"Kurti i ftuar nderi n\u00eb dark\u00ebn e Qarkut Diplomatik t\u00eb Parisit \u2013 flet p\u00ebr rolin e Kosov\u00ebs n\u00eb Evrop\u00ebn demokratike\"}]},{\"@type\":\"WebSite\",\"@id\":\"https:\/\/veritasinfo.org\/#website\",\"url\":\"https:\/\/veritasinfo.org\/\",\"name\":\"\",\"description\":\"\",\"potentialAction\":[{\"@type\":\"SearchAction\",\"target\":{\"@type\":\"EntryPoint\",\"urlTemplate\":\"https:\/\/veritasinfo.org\/?s={search_term_string}\"},\"query-input\":{\"@type\":\"PropertyValueSpecification\",\"valueRequired\":true,\"valueName\":\"search_term_string\"}}],\"inLanguage\":\"en-US\"},{\"@type\":\"Person\",\"@id\":\"https:\/\/veritasinfo.org\/#\/schema\/person\/bc442336e35414d04494ab8fb45db4c6\",\"name\":\"US5\",\"image\":{\"@type\":\"ImageObject\",\"inLanguage\":\"en-US\",\"@id\":\"https:\/\/veritasinfo.org\/#\/schema\/person\/image\/\",\"url\":\"https:\/\/secure.gravatar.com\/avatar\/16a61e7272a0c5d001121ebb9e60e925d5816e4ac1e443ed3e640d9a6ae55d0c?s=96&d=mm&r=g\",\"contentUrl\":\"https:\/\/secure.gravatar.com\/avatar\/16a61e7272a0c5d001121ebb9e60e925d5816e4ac1e443ed3e640d9a6ae55d0c?s=96&d=mm&r=g\",\"caption\":\"US5\"},\"url\":\"https:\/\/veritasinfo.org\/?author=6\"}]}<\/script>\n<!-- \/ Yoast SEO plugin. -->","yoast_head_json":{"title":"Kurti i ftuar nderi n\u00eb dark\u00ebn e Qarkut Diplomatik t\u00eb Parisit \u2013 flet p\u00ebr rolin e Kosov\u00ebs n\u00eb Evrop\u00ebn demokratike -","robots":{"index":"index","follow":"follow","max-snippet":"max-snippet:-1","max-image-preview":"max-image-preview:large","max-video-preview":"max-video-preview:-1"},"canonical":"https:\/\/veritasinfo.org\/?p=18209","og_locale":"en_US","og_type":"article","og_title":"Kurti i ftuar nderi n\u00eb dark\u00ebn e Qarkut Diplomatik t\u00eb Parisit \u2013 flet p\u00ebr rolin e Kosov\u00ebs n\u00eb Evrop\u00ebn demokratike -","og_description":"Prishtin\u00eb 29 Tetor 2025 Kryeministri n\u00eb detyr\u00eb i Republik\u00ebs s\u00eb Kosov\u00ebs, Albin Kurti, ishte mbr\u00ebm\u00eb i ftuar nderi n\u00eb dark\u00ebn e shtruar nga Qarku Diplomatik","og_url":"https:\/\/veritasinfo.org\/?p=18209","article_published_time":"2025-10-29T13:38:19+00:00","article_modified_time":"2025-10-29T13:40:58+00:00","og_image":[{"width":1536,"height":1024,"url":"https:\/\/veritasinfo.org\/wp-content\/uploads\/2025\/10\/29.10.2025-ZKM-6-1536x1024-1.webp","type":"image\/webp"}],"author":"US5","twitter_card":"summary_large_image","twitter_misc":{"Written by":"US5","Est. reading time":"2 minutes"},"schema":{"@context":"https:\/\/schema.org","@graph":[{"@type":"WebPage","@id":"https:\/\/veritasinfo.org\/?p=18209","url":"https:\/\/veritasinfo.org\/?p=18209","name":"Kurti i ftuar nderi n\u00eb dark\u00ebn e Qarkut Diplomatik t\u00eb Parisit \u2013 flet p\u00ebr rolin e Kosov\u00ebs n\u00eb Evrop\u00ebn demokratike -","isPartOf":{"@id":"https:\/\/veritasinfo.org\/#website"},"primaryImageOfPage":{"@id":"https:\/\/veritasinfo.org\/?p=18209#primaryimage"},"image":{"@id":"https:\/\/veritasinfo.org\/?p=18209#primaryimage"},"thumbnailUrl":"https:\/\/veritasinfo.org\/wp-content\/uploads\/2025\/10\/29.10.2025-ZKM-6-1536x1024-1.webp","datePublished":"2025-10-29T13:38:19+00:00","dateModified":"2025-10-29T13:40:58+00:00","author":{"@id":"https:\/\/veritasinfo.org\/#\/schema\/person\/bc442336e35414d04494ab8fb45db4c6"},"breadcrumb":{"@id":"https:\/\/veritasinfo.org\/?p=18209#breadcrumb"},"inLanguage":"en-US","potentialAction":[{"@type":"ReadAction","target":["https:\/\/veritasinfo.org\/?p=18209"]}]},{"@type":"ImageObject","inLanguage":"en-US","@id":"https:\/\/veritasinfo.org\/?p=18209#primaryimage","url":"https:\/\/veritasinfo.org\/wp-content\/uploads\/2025\/10\/29.10.2025-ZKM-6-1536x1024-1.webp","contentUrl":"https:\/\/veritasinfo.org\/wp-content\/uploads\/2025\/10\/29.10.2025-ZKM-6-1536x1024-1.webp","width":1536,"height":1024},{"@type":"BreadcrumbList","@id":"https:\/\/veritasinfo.org\/?p=18209#breadcrumb","itemListElement":[{"@type":"ListItem","position":1,"name":"Home","item":"https:\/\/veritasinfo.org\/"},{"@type":"ListItem","position":2,"name":"Kurti i ftuar nderi n\u00eb dark\u00ebn e Qarkut Diplomatik t\u00eb Parisit \u2013 flet p\u00ebr rolin e Kosov\u00ebs n\u00eb Evrop\u00ebn demokratike"}]},{"@type":"WebSite","@id":"https:\/\/veritasinfo.org\/#website","url":"https:\/\/veritasinfo.org\/","name":"","description":"","potentialAction":[{"@type":"SearchAction","target":{"@type":"EntryPoint","urlTemplate":"https:\/\/veritasinfo.org\/?s={search_term_string}"},"query-input":{"@type":"PropertyValueSpecification","valueRequired":true,"valueName":"search_term_string"}}],"inLanguage":"en-US"},{"@type":"Person","@id":"https:\/\/veritasinfo.org\/#\/schema\/person\/bc442336e35414d04494ab8fb45db4c6","name":"US5","image":{"@type":"ImageObject","inLanguage":"en-US","@id":"https:\/\/veritasinfo.org\/#\/schema\/person\/image\/","url":"https:\/\/secure.gravatar.com\/avatar\/16a61e7272a0c5d001121ebb9e60e925d5816e4ac1e443ed3e640d9a6ae55d0c?s=96&d=mm&r=g","contentUrl":"https:\/\/secure.gravatar.com\/avatar\/16a61e7272a0c5d001121ebb9e60e925d5816e4ac1e443ed3e640d9a6ae55d0c?s=96&d=mm&r=g","caption":"US5"},"url":"https:\/\/veritasinfo.org\/?author=6"}]}},"featured_image_urls":{"full":["https:\/\/veritasinfo.org\/wp-content\/uploads\/2025\/10\/29.10.2025-ZKM-6-1536x1024-1.webp",1536,1024,false],"thumbnail":["https:\/\/veritasinfo.org\/wp-content\/uploads\/2025\/10\/29.10.2025-ZKM-6-1536x1024-1-150x150.webp",150,150,true],"medium":["https:\/\/veritasinfo.org\/wp-content\/uploads\/2025\/10\/29.10.2025-ZKM-6-1536x1024-1-300x200.webp",300,200,true],"medium_large":["https:\/\/veritasinfo.org\/wp-content\/uploads\/2025\/10\/29.10.2025-ZKM-6-1536x1024-1-768x512.webp",640,427,true],"large":["https:\/\/veritasinfo.org\/wp-content\/uploads\/2025\/10\/29.10.2025-ZKM-6-1536x1024-1-1024x683.webp",640,427,true],"1536x1536":["https:\/\/veritasinfo.org\/wp-content\/uploads\/2025\/10\/29.10.2025-ZKM-6-1536x1024-1.webp",1536,1024,false],"2048x2048":["https:\/\/veritasinfo.org\/wp-content\/uploads\/2025\/10\/29.10.2025-ZKM-6-1536x1024-1.webp",1536,1024,false],"kreeti-slider-full":["https:\/\/veritasinfo.org\/wp-content\/uploads\/2025\/10\/29.10.2025-ZKM-6-1536x1024-1.webp",1080,720,false],"kreeti-featured":["https:\/\/veritasinfo.org\/wp-content\/uploads\/2025\/10\/29.10.2025-ZKM-6-1536x1024-1.webp",1024,683,false],"kreeti-medium":["https:\/\/veritasinfo.org\/wp-content\/uploads\/2025\/10\/29.10.2025-ZKM-6-1536x1024-1.webp",720,480,false],"kreeti-medium-square":["https:\/\/veritasinfo.org\/wp-content\/uploads\/2025\/10\/29.10.2025-ZKM-6-1536x1024-1.webp",350,233,false]},"author_info":{"info":["US5"]},"category_info":"<a href=\"https:\/\/veritasinfo.org\/?cat=93\" rel=\"category\">Politika<\/a>","tag_info":"Politika","comment_count":"0","_links":{"self":[{"href":"https:\/\/veritasinfo.org\/index.php?rest_route=\/wp\/v2\/posts\/18209","targetHints":{"allow":["GET"]}}],"collection":[{"href":"https:\/\/veritasinfo.org\/index.php?rest_route=\/wp\/v2\/posts"}],"about":[{"href":"https:\/\/veritasinfo.org\/index.php?rest_route=\/wp\/v2\/types\/post"}],"author":[{"embeddable":true,"href":"https:\/\/veritasinfo.org\/index.php?rest_route=\/wp\/v2\/users\/6"}],"replies":[{"embeddable":true,"href":"https:\/\/veritasinfo.org\/index.php?rest_route=%2Fwp%2Fv2%2Fcomments&post=18209"}],"version-history":[{"count":2,"href":"https:\/\/veritasinfo.org\/index.php?rest_route=\/wp\/v2\/posts\/18209\/revisions"}],"predecessor-version":[{"id":18214,"href":"https:\/\/veritasinfo.org\/index.php?rest_route=\/wp\/v2\/posts\/18209\/revisions\/18214"}],"wp:featuredmedia":[{"embeddable":true,"href":"https:\/\/veritasinfo.org\/index.php?rest_route=\/wp\/v2\/media\/18210"}],"wp:attachment":[{"href":"https:\/\/veritasinfo.org\/index.php?rest_route=%2Fwp%2Fv2%2Fmedia&parent=18209"}],"wp:term":[{"taxonomy":"category","embeddable":true,"href":"https:\/\/veritasinfo.org\/index.php?rest_route=%2Fwp%2Fv2%2Fcategories&post=18209"},{"taxonomy":"post_tag","embeddable":true,"href":"https:\/\/veritasinfo.org\/index.php?rest_route=%2Fwp%2Fv2%2Ftags&post=18209"}],"curies":[{"name":"wp","href":"https:\/\/api.w.org\/{rel}","templated":true}]}}