{"id":18189,"date":"2025-10-29T12:22:14","date_gmt":"2025-10-29T11:22:14","guid":{"rendered":"https:\/\/veritasinfo.org\/?p=18189"},"modified":"2025-10-29T12:22:14","modified_gmt":"2025-10-29T11:22:14","slug":"kurti-nga-franca-kosova-ka-luftuar-korrupsionin-dhe-ka-shenuar-rritje-te-qendrueshme-ekonomike","status":"publish","type":"post","link":"https:\/\/veritasinfo.org\/?p=18189","title":{"rendered":"Kurti nga Franca: Kosova ka luftuar korrupsionin dhe ka sh\u00ebnuar rritje t\u00eb q\u00ebndrueshme ekonomike"},"content":{"rendered":"<p>Prishtin\u00eb 29 Tetor 2025<br \/>\nN\u00eb kryeqytetin e Franc\u00ebs, n\u00eb Paris, Kryeministri n\u00eb detyr\u00eb i Republik\u00ebs s\u00eb Kosov\u00ebs, Albin Kurti, mori pjes\u00eb n\u00eb diskutimin e organizuar nga Instituti francez, Jacques Delors e ku u prit nga Drejtorja e Institutit, Sylvie Mattelly.<\/p>\n<p>Nga zyra e kryeministris\u00eb thon\u00eb se tema kryesore e diskutimit ishte situata gjeopolitike n\u00eb Evrop\u00eb dhe ndikimi i Ballkanit Per\u00ebndimor. Tema tjera t\u00eb diskutimit ishin mbrojtja, t\u00eb drejtat e njeriut, p\u00ebrfshir\u00eb ato t\u00eb pakicave, si dhe zhvillimet e fundit n\u00eb vend. I pranish\u00ebm n\u00eb k\u00ebt\u00eb tryez\u00eb ishte edhe i D\u00ebrguari i Posa\u00e7\u00ebm i Ministris\u00eb s\u00eb Pun\u00ebve t\u00eb Jashtme t\u00eb Franc\u00ebs p\u00ebr Ballkanin Per\u00ebndimor, Ren\u00e9 Troccaz.<\/p>\n<p>\u201cN\u00eb fjal\u00ebn hyr\u00ebse t\u00eb tij, ai theksoi se po jetojm\u00eb n\u00eb nj\u00eb koh\u00eb kur Evropa \u00ebsht\u00eb e begat\u00eb, dhe n\u00eb t\u00eb nj\u00ebjt\u00ebn koh\u00eb thell\u00ebsisht e sfiduar, duke shtuar se aft\u00ebsia jon\u00eb p\u00ebr t\u00eb planifikuar n\u00eb terme afatgjate vazhdimisht po vihet n\u00eb hije nga realitete t\u00eb menj\u00ebhershme gjeopolitike. P\u00ebr dekada, jemi udh\u00ebhequr nga d\u00ebshira p\u00ebr homeostaz\u00eb, por ky m\u00eb nuk \u00ebsht\u00eb realiteti yn\u00eb, tha m\u00eb tej. \u201cSistemet q\u00eb lul\u00ebzojn\u00eb, qofshin ato institucione, organizata apo shoq\u00ebri, evoluojn\u00eb p\u00ebrmes cikleve t\u00eb rendit, \u00e7rregullimit dhe rirregullimit, dhe p\u00ebr Evrop\u00ebn, ky ekuilib\u00ebr i ri k\u00ebrkon nj\u00eb q\u00ebndrim t\u00eb qart\u00eb kund\u00ebr autoritarizmit dhe p\u00ebrfshirje e qart\u00eb e atyre vendeve q\u00eb mb\u00ebshtesin demokracin\u00eb\u201d, citohet t\u00eb ket\u00eb th\u00ebn\u00eb Kurti.<\/p>\n<p>Kurti \u00ebsht\u00eb shprehur edhe se q\u00eb prej shpalljes s\u00eb pavar\u00ebsis\u00eb n\u00eb 2008-\u00ebn me mb\u00ebshtetje nd\u00ebrkomb\u00ebtare Kosova ka krijuar institucione t\u00eb forta demokratike.<\/p>\n<p>Ai \u00ebsht\u00eb ndalur edhe te qeverisja e tij, e ku thekson se \u00ebsht\u00eb luftuar korrupsionu dhe \u00ebsht\u00eb sh\u00ebnuar rritje e q\u00ebndrueshme ekonomike.<\/p>\n<p>\u201cKurti theksoi se q\u00eb prej shpalljes s\u00eb pavar\u00ebsis\u00eb n\u00eb vitin 2008 me mb\u00ebshtetjen nd\u00ebrkomb\u00ebtare, vendi yn\u00eb ka zhvilluar institucione t\u00eb forta demokratike, nd\u00ebrkaq gjat\u00eb k\u00ebtij mandati qeveritar, Kosova ka luftuar korrupsionin dhe ka sh\u00ebnuar rritje t\u00eb q\u00ebndrueshme ekonomike. Ai ve\u00e7oi lajmet se n\u00eb muajin korrik t\u00eb k\u00ebtij viti, Fondi Nd\u00ebrkomb\u00ebtar Monetar dhe Banka Bot\u00ebrore hoq\u00ebn zyrtarisht Kosov\u00ebn nga lista e vendeve t\u00eb brishta dhe t\u00eb prekura nga konflikti duke u bazuar n\u00eb p\u00ebrparimin institucional dhe ekonomik t\u00eb vendit si\u00e7 reflektohen edhe n\u00eb r\u00ebnien e ndjeshme t\u00eb papun\u00ebsis\u00eb nga af\u00ebr 26% n\u00eb m\u00eb pak se 11%\u201d, thuhet n\u00eb njoftim.<\/p>\n<p>M\u00eb tej \u201cKryeministri u shpreh se vendi ka prezantuar dhe zbatuar politika progresive sociale q\u00eb p\u00ebrmir\u00ebsojn\u00eb jetes\u00ebn dhe mir\u00ebqenien e qytetar\u00ebve; nga b\u00ebrja e arsimit t\u00eb lart\u00eb publik falas dhe ndarja e shtesave p\u00ebr lehona e f\u00ebmij\u00eb, te skemat e pun\u00ebsimit t\u00eb t\u00eb rinjve dhe pensione m\u00eb t\u00eb larta, teksa Kosova po p\u00ebrgatitet q\u00eb t\u00eb mir\u00ebpres Loj\u00ebrat Mesdhetare 2030 n\u00eb kuad\u00ebr t\u00eb s\u00eb cilave po b\u00ebhen e do t\u00eb b\u00ebhen investimet m\u00eb t\u00eb m\u00ebdha n\u00eb infrastruktur\u00ebn sportive. Sa i p\u00ebrket k\u00ebsaj t\u00eb fundit, kryeministri fal\u00ebnderoi Agjencin\u00eb franceze p\u00ebr Zhvillim (AFD) dhe p\u00ebrfaq\u00ebsuesit e saj q\u00eb ishin aty t\u00eb pranish\u00ebm p\u00ebr mb\u00ebshtetjen dhe bashk\u00ebpunimin me institucionet e vendit ton\u00eb\u201d.<\/p>\n<p>Gjat\u00eb diskutimit, u trajtua edhe tema e siguris\u00eb dhe mbrojtjes, me \u00e7\u2019rast Kurti thuhet t\u00eb ket\u00eb n\u00ebnvizuar v\u00ebmendjen q\u00eb qeveria q\u00eb ai drejton i ka dh\u00ebn\u00eb mbrojtjes p\u00ebrmes rritjes s\u00eb buxhetit dhe ngritjes s\u00eb kapaciteteve t\u00eb Forc\u00ebs s\u00eb Siguris\u00eb s\u00eb Kosov\u00ebs n\u00eb bashk\u00ebpunimin me partner\u00ebt tan\u00eb nd\u00ebrkomb\u00ebtar\u00eb, duke theksuar se mbrojtja e demokracis\u00eb \u00ebsht\u00eb e pandashme dhe e pandalshme.<\/p>\n","protected":false},"excerpt":{"rendered":"<p>Prishtin\u00eb 29 Tetor 2025 N\u00eb kryeqytetin e Franc\u00ebs, n\u00eb Paris, Kryeministri n\u00eb detyr\u00eb i Republik\u00ebs s\u00eb Kosov\u00ebs, Albin Kurti, mori pjes\u00eb n\u00eb diskutimin e organizuar<\/p>\n","protected":false},"author":6,"featured_media":18190,"comment_status":"open","ping_status":"open","sticky":false,"template":"","format":"standard","meta":{"footnotes":""},"categories":[58],"tags":[],"class_list":["post-18189","post","type-post","status-publish","format-standard","has-post-thumbnail","hentry","category-politike-sq"],"yoast_head":"<!-- This site is optimized with the Yoast SEO plugin v25.3.1 - https:\/\/yoast.com\/wordpress\/plugins\/seo\/ -->\n<title>Kurti nga Franca: Kosova ka luftuar korrupsionin dhe ka sh\u00ebnuar rritje t\u00eb q\u00ebndrueshme ekonomike -<\/title>\n<meta name=\"robots\" content=\"index, follow, max-snippet:-1, max-image-preview:large, max-video-preview:-1\" \/>\n<link rel=\"canonical\" href=\"https:\/\/veritasinfo.org\/?p=18189\" \/>\n<meta property=\"og:locale\" content=\"en_US\" \/>\n<meta property=\"og:type\" content=\"article\" \/>\n<meta property=\"og:title\" content=\"Kurti nga Franca: Kosova ka luftuar korrupsionin dhe ka sh\u00ebnuar rritje t\u00eb q\u00ebndrueshme ekonomike -\" \/>\n<meta property=\"og:description\" content=\"Prishtin\u00eb 29 Tetor 2025 N\u00eb kryeqytetin e Franc\u00ebs, n\u00eb Paris, Kryeministri n\u00eb detyr\u00eb i Republik\u00ebs s\u00eb Kosov\u00ebs, Albin Kurti, mori pjes\u00eb n\u00eb diskutimin e organizuar\" \/>\n<meta property=\"og:url\" content=\"https:\/\/veritasinfo.org\/?p=18189\" \/>\n<meta property=\"article:published_time\" content=\"2025-10-29T11:22:14+00:00\" \/>\n<meta property=\"og:image\" content=\"https:\/\/veritasinfo.org\/wp-content\/uploads\/2025\/10\/kurti-franca1-1500x1000-1.jpg\" \/>\n\t<meta property=\"og:image:width\" content=\"1500\" \/>\n\t<meta property=\"og:image:height\" content=\"1000\" \/>\n\t<meta property=\"og:image:type\" content=\"image\/jpeg\" \/>\n<meta name=\"author\" content=\"US5\" \/>\n<meta name=\"twitter:card\" content=\"summary_large_image\" \/>\n<meta name=\"twitter:label1\" content=\"Written by\" \/>\n\t<meta name=\"twitter:data1\" content=\"US5\" \/>\n\t<meta name=\"twitter:label2\" content=\"Est. reading time\" \/>\n\t<meta name=\"twitter:data2\" content=\"1 minute\" \/>\n<script type=\"application\/ld+json\" class=\"yoast-schema-graph\">{\"@context\":\"https:\/\/schema.org\",\"@graph\":[{\"@type\":\"WebPage\",\"@id\":\"https:\/\/veritasinfo.org\/?p=18189\",\"url\":\"https:\/\/veritasinfo.org\/?p=18189\",\"name\":\"Kurti nga Franca: Kosova ka luftuar korrupsionin dhe ka sh\u00ebnuar rritje t\u00eb q\u00ebndrueshme ekonomike -\",\"isPartOf\":{\"@id\":\"https:\/\/veritasinfo.org\/#website\"},\"primaryImageOfPage\":{\"@id\":\"https:\/\/veritasinfo.org\/?p=18189#primaryimage\"},\"image\":{\"@id\":\"https:\/\/veritasinfo.org\/?p=18189#primaryimage\"},\"thumbnailUrl\":\"https:\/\/veritasinfo.org\/wp-content\/uploads\/2025\/10\/kurti-franca1-1500x1000-1.jpg\",\"datePublished\":\"2025-10-29T11:22:14+00:00\",\"author\":{\"@id\":\"https:\/\/veritasinfo.org\/#\/schema\/person\/bc442336e35414d04494ab8fb45db4c6\"},\"breadcrumb\":{\"@id\":\"https:\/\/veritasinfo.org\/?p=18189#breadcrumb\"},\"inLanguage\":\"en-US\",\"potentialAction\":[{\"@type\":\"ReadAction\",\"target\":[\"https:\/\/veritasinfo.org\/?p=18189\"]}]},{\"@type\":\"ImageObject\",\"inLanguage\":\"en-US\",\"@id\":\"https:\/\/veritasinfo.org\/?p=18189#primaryimage\",\"url\":\"https:\/\/veritasinfo.org\/wp-content\/uploads\/2025\/10\/kurti-franca1-1500x1000-1.jpg\",\"contentUrl\":\"https:\/\/veritasinfo.org\/wp-content\/uploads\/2025\/10\/kurti-franca1-1500x1000-1.jpg\",\"width\":1500,\"height\":1000},{\"@type\":\"BreadcrumbList\",\"@id\":\"https:\/\/veritasinfo.org\/?p=18189#breadcrumb\",\"itemListElement\":[{\"@type\":\"ListItem\",\"position\":1,\"name\":\"Home\",\"item\":\"https:\/\/veritasinfo.org\/\"},{\"@type\":\"ListItem\",\"position\":2,\"name\":\"Kurti nga Franca: Kosova ka luftuar korrupsionin dhe ka sh\u00ebnuar rritje t\u00eb q\u00ebndrueshme ekonomike\"}]},{\"@type\":\"WebSite\",\"@id\":\"https:\/\/veritasinfo.org\/#website\",\"url\":\"https:\/\/veritasinfo.org\/\",\"name\":\"\",\"description\":\"\",\"potentialAction\":[{\"@type\":\"SearchAction\",\"target\":{\"@type\":\"EntryPoint\",\"urlTemplate\":\"https:\/\/veritasinfo.org\/?s={search_term_string}\"},\"query-input\":{\"@type\":\"PropertyValueSpecification\",\"valueRequired\":true,\"valueName\":\"search_term_string\"}}],\"inLanguage\":\"en-US\"},{\"@type\":\"Person\",\"@id\":\"https:\/\/veritasinfo.org\/#\/schema\/person\/bc442336e35414d04494ab8fb45db4c6\",\"name\":\"US5\",\"image\":{\"@type\":\"ImageObject\",\"inLanguage\":\"en-US\",\"@id\":\"https:\/\/veritasinfo.org\/#\/schema\/person\/image\/\",\"url\":\"https:\/\/secure.gravatar.com\/avatar\/16a61e7272a0c5d001121ebb9e60e925d5816e4ac1e443ed3e640d9a6ae55d0c?s=96&d=mm&r=g\",\"contentUrl\":\"https:\/\/secure.gravatar.com\/avatar\/16a61e7272a0c5d001121ebb9e60e925d5816e4ac1e443ed3e640d9a6ae55d0c?s=96&d=mm&r=g\",\"caption\":\"US5\"},\"url\":\"https:\/\/veritasinfo.org\/?author=6\"}]}<\/script>\n<!-- \/ Yoast SEO plugin. -->","yoast_head_json":{"title":"Kurti nga Franca: Kosova ka luftuar korrupsionin dhe ka sh\u00ebnuar rritje t\u00eb q\u00ebndrueshme ekonomike -","robots":{"index":"index","follow":"follow","max-snippet":"max-snippet:-1","max-image-preview":"max-image-preview:large","max-video-preview":"max-video-preview:-1"},"canonical":"https:\/\/veritasinfo.org\/?p=18189","og_locale":"en_US","og_type":"article","og_title":"Kurti nga Franca: Kosova ka luftuar korrupsionin dhe ka sh\u00ebnuar rritje t\u00eb q\u00ebndrueshme ekonomike -","og_description":"Prishtin\u00eb 29 Tetor 2025 N\u00eb kryeqytetin e Franc\u00ebs, n\u00eb Paris, Kryeministri n\u00eb detyr\u00eb i Republik\u00ebs s\u00eb Kosov\u00ebs, Albin Kurti, mori pjes\u00eb n\u00eb diskutimin e organizuar","og_url":"https:\/\/veritasinfo.org\/?p=18189","article_published_time":"2025-10-29T11:22:14+00:00","og_image":[{"width":1500,"height":1000,"url":"https:\/\/veritasinfo.org\/wp-content\/uploads\/2025\/10\/kurti-franca1-1500x1000-1.jpg","type":"image\/jpeg"}],"author":"US5","twitter_card":"summary_large_image","twitter_misc":{"Written by":"US5","Est. reading time":"1 minute"},"schema":{"@context":"https:\/\/schema.org","@graph":[{"@type":"WebPage","@id":"https:\/\/veritasinfo.org\/?p=18189","url":"https:\/\/veritasinfo.org\/?p=18189","name":"Kurti nga Franca: Kosova ka luftuar korrupsionin dhe ka sh\u00ebnuar rritje t\u00eb q\u00ebndrueshme ekonomike -","isPartOf":{"@id":"https:\/\/veritasinfo.org\/#website"},"primaryImageOfPage":{"@id":"https:\/\/veritasinfo.org\/?p=18189#primaryimage"},"image":{"@id":"https:\/\/veritasinfo.org\/?p=18189#primaryimage"},"thumbnailUrl":"https:\/\/veritasinfo.org\/wp-content\/uploads\/2025\/10\/kurti-franca1-1500x1000-1.jpg","datePublished":"2025-10-29T11:22:14+00:00","author":{"@id":"https:\/\/veritasinfo.org\/#\/schema\/person\/bc442336e35414d04494ab8fb45db4c6"},"breadcrumb":{"@id":"https:\/\/veritasinfo.org\/?p=18189#breadcrumb"},"inLanguage":"en-US","potentialAction":[{"@type":"ReadAction","target":["https:\/\/veritasinfo.org\/?p=18189"]}]},{"@type":"ImageObject","inLanguage":"en-US","@id":"https:\/\/veritasinfo.org\/?p=18189#primaryimage","url":"https:\/\/veritasinfo.org\/wp-content\/uploads\/2025\/10\/kurti-franca1-1500x1000-1.jpg","contentUrl":"https:\/\/veritasinfo.org\/wp-content\/uploads\/2025\/10\/kurti-franca1-1500x1000-1.jpg","width":1500,"height":1000},{"@type":"BreadcrumbList","@id":"https:\/\/veritasinfo.org\/?p=18189#breadcrumb","itemListElement":[{"@type":"ListItem","position":1,"name":"Home","item":"https:\/\/veritasinfo.org\/"},{"@type":"ListItem","position":2,"name":"Kurti nga Franca: Kosova ka luftuar korrupsionin dhe ka sh\u00ebnuar rritje t\u00eb q\u00ebndrueshme ekonomike"}]},{"@type":"WebSite","@id":"https:\/\/veritasinfo.org\/#website","url":"https:\/\/veritasinfo.org\/","name":"","description":"","potentialAction":[{"@type":"SearchAction","target":{"@type":"EntryPoint","urlTemplate":"https:\/\/veritasinfo.org\/?s={search_term_string}"},"query-input":{"@type":"PropertyValueSpecification","valueRequired":true,"valueName":"search_term_string"}}],"inLanguage":"en-US"},{"@type":"Person","@id":"https:\/\/veritasinfo.org\/#\/schema\/person\/bc442336e35414d04494ab8fb45db4c6","name":"US5","image":{"@type":"ImageObject","inLanguage":"en-US","@id":"https:\/\/veritasinfo.org\/#\/schema\/person\/image\/","url":"https:\/\/secure.gravatar.com\/avatar\/16a61e7272a0c5d001121ebb9e60e925d5816e4ac1e443ed3e640d9a6ae55d0c?s=96&d=mm&r=g","contentUrl":"https:\/\/secure.gravatar.com\/avatar\/16a61e7272a0c5d001121ebb9e60e925d5816e4ac1e443ed3e640d9a6ae55d0c?s=96&d=mm&r=g","caption":"US5"},"url":"https:\/\/veritasinfo.org\/?author=6"}]}},"featured_image_urls":{"full":["https:\/\/veritasinfo.org\/wp-content\/uploads\/2025\/10\/kurti-franca1-1500x1000-1.jpg",1500,1000,false],"thumbnail":["https:\/\/veritasinfo.org\/wp-content\/uploads\/2025\/10\/kurti-franca1-1500x1000-1-150x150.jpg",150,150,true],"medium":["https:\/\/veritasinfo.org\/wp-content\/uploads\/2025\/10\/kurti-franca1-1500x1000-1-300x200.jpg",300,200,true],"medium_large":["https:\/\/veritasinfo.org\/wp-content\/uploads\/2025\/10\/kurti-franca1-1500x1000-1-768x512.jpg",640,427,true],"large":["https:\/\/veritasinfo.org\/wp-content\/uploads\/2025\/10\/kurti-franca1-1500x1000-1-1024x683.jpg",640,427,true],"1536x1536":["https:\/\/veritasinfo.org\/wp-content\/uploads\/2025\/10\/kurti-franca1-1500x1000-1.jpg",1500,1000,false],"2048x2048":["https:\/\/veritasinfo.org\/wp-content\/uploads\/2025\/10\/kurti-franca1-1500x1000-1.jpg",1500,1000,false],"kreeti-slider-full":["https:\/\/veritasinfo.org\/wp-content\/uploads\/2025\/10\/kurti-franca1-1500x1000-1.jpg",1080,720,false],"kreeti-featured":["https:\/\/veritasinfo.org\/wp-content\/uploads\/2025\/10\/kurti-franca1-1500x1000-1.jpg",1024,683,false],"kreeti-medium":["https:\/\/veritasinfo.org\/wp-content\/uploads\/2025\/10\/kurti-franca1-1500x1000-1.jpg",720,480,false],"kreeti-medium-square":["https:\/\/veritasinfo.org\/wp-content\/uploads\/2025\/10\/kurti-franca1-1500x1000-1.jpg",350,233,false]},"author_info":{"info":["US5"]},"category_info":"<a href=\"https:\/\/veritasinfo.org\/?cat=58\" rel=\"category\">Politik\u00eb<\/a>","tag_info":"Politik\u00eb","comment_count":"0","_links":{"self":[{"href":"https:\/\/veritasinfo.org\/index.php?rest_route=\/wp\/v2\/posts\/18189","targetHints":{"allow":["GET"]}}],"collection":[{"href":"https:\/\/veritasinfo.org\/index.php?rest_route=\/wp\/v2\/posts"}],"about":[{"href":"https:\/\/veritasinfo.org\/index.php?rest_route=\/wp\/v2\/types\/post"}],"author":[{"embeddable":true,"href":"https:\/\/veritasinfo.org\/index.php?rest_route=\/wp\/v2\/users\/6"}],"replies":[{"embeddable":true,"href":"https:\/\/veritasinfo.org\/index.php?rest_route=%2Fwp%2Fv2%2Fcomments&post=18189"}],"version-history":[{"count":1,"href":"https:\/\/veritasinfo.org\/index.php?rest_route=\/wp\/v2\/posts\/18189\/revisions"}],"predecessor-version":[{"id":18191,"href":"https:\/\/veritasinfo.org\/index.php?rest_route=\/wp\/v2\/posts\/18189\/revisions\/18191"}],"wp:featuredmedia":[{"embeddable":true,"href":"https:\/\/veritasinfo.org\/index.php?rest_route=\/wp\/v2\/media\/18190"}],"wp:attachment":[{"href":"https:\/\/veritasinfo.org\/index.php?rest_route=%2Fwp%2Fv2%2Fmedia&parent=18189"}],"wp:term":[{"taxonomy":"category","embeddable":true,"href":"https:\/\/veritasinfo.org\/index.php?rest_route=%2Fwp%2Fv2%2Fcategories&post=18189"},{"taxonomy":"post_tag","embeddable":true,"href":"https:\/\/veritasinfo.org\/index.php?rest_route=%2Fwp%2Fv2%2Ftags&post=18189"}],"curies":[{"name":"wp","href":"https:\/\/api.w.org\/{rel}","templated":true}]}}