{"id":18050,"date":"2025-10-28T16:15:50","date_gmt":"2025-10-28T15:15:50","guid":{"rendered":"https:\/\/veritasinfo.org\/?p=18050"},"modified":"2025-10-28T16:15:50","modified_gmt":"2025-10-28T15:15:50","slug":"kllokot-kercenime-dhe-presione-ndaj-serbeve-nga-lista-serbe-para-raundit-te-dyte-te-zgjedhjeve-lokale","status":"publish","type":"post","link":"https:\/\/veritasinfo.org\/?p=18050","title":{"rendered":"Kllokot: K\u00ebrc\u00ebnime dhe presione ndaj serb\u00ebve nga Lista Serbe, para raundit t\u00eb dyt\u00eb t\u00eb zgjedhjeve lokale"},"content":{"rendered":"<p>Kllokot, 28 tetor 2025<\/p>\n<p>Rreth nj\u00ebzet banor\u00eb t\u00eb Kllokotit jan\u00eb mbledhur p\u00ebrpara shkoll\u00ebs fillore \u201cSh\u00ebn Sava\u201d p\u00ebr t\u00eb protestuar p\u00ebr disa arsye: shkarkimin e drejtorit t\u00eb shkoll\u00ebs pa u konsultuar me kolektivin, mosvazhdimin e kontratave t\u00eb disa m\u00ebsuesve, uljen e pagave dhe k\u00ebrc\u00ebnimet e shantazhet e m\u00ebparshme. T\u00eb pak\u00ebnaqurit p\u00ebr gjendjen e tyre faj\u00ebsojn\u00eb kandidatin e List\u00ebs Serbe p\u00ebr kryetar t\u00eb Kllokotit, Bozhidar Dejanoviq.<\/p>\n<p>Sipas banor\u00ebve, drejtoresha e sapoem\u00ebruar, Sun\u00e7ica Nikoliq nga fshati G\u00ebrn\u00e7ar\u00eb, ka tentuar dy dit\u00eb me radh\u00eb t\u00eb hyj\u00eb n\u00eb shkoll\u00ebn fillore n\u00eb Kllokot, por pa sukses.<\/p>\n<p>Strahinja Zdravkoviq, thot\u00eb se drejtoresha e re ka k\u00ebrc\u00ebnuar se do t\u2019i largoj\u00eb nga puna.<br \/>\n\u201cAjo \u00ebsht\u00eb d\u00ebrguar nga Bozhidar Dejanoviq p\u00ebr t\u2019i larguar njer\u00ebzit nga puna. Ka shum\u00eb shembuj. K\u00ebtu jan\u00eb disa djem q\u00eb jan\u00eb hequr nga puna. Edhe gruan time e kan\u00eb hequr. Ajo ka punuar n\u00eb shkoll\u00ebn fillore n\u00eb Viti. Pas zgjedhjeve na thirri atje dhe tha: \u2018Nuk keni votuar, shkoni n\u00eb sht\u00ebpi. Kaq ishte\u2019\u201d, tha m\u00ebsuesi i edukat\u00ebs fizike n\u00eb shkoll\u00ebn \u201cSh\u00ebn Sava\u201d n\u00eb Kllokot, Strahinja Zdravkoviq.<\/p>\n<p>Ai shtoi se tani po presin se \u00e7far\u00eb do t\u00eb thot\u00eb nga e ashtuquajtura zyr\u00eb p\u00ebr Kosov\u00ebn.<br \/>\n\u201cAjo nuk pyeti ask\u00ebnd, vet\u00ebm erdhi dhe tha: \u2018Un\u00eb jam drejtoresha e re\u2019. Sot erdhi, provoi t\u00eb hynte, por sigurimi nuk e lejoi. Filloi t\u00eb shtyhej dhe para se t\u00eb largohej tha se do t\u00eb na heq\u00eb nga puna sapo t\u00eb marr\u00eb detyr\u00ebn\u201d, tha Zdravkoviq.<\/p>\n<p>T\u00eb pyetur nga mediet pse vet\u00ebm nj\u00ebzet persona po protestojn\u00eb n\u00ebse ka kaq shum\u00eb probleme e k\u00ebrc\u00ebnime, ai u p\u00ebrgjigj:<br \/>\n\u201cP\u00ebr shkak t\u00eb frik\u00ebs \u2013 q\u00eb t\u00eb mos i largojn\u00eb nga puna, t\u00eb mos u heqin pag\u00ebn minimale apo ndihm\u00ebn sociale. Duhej t\u00eb vinin m\u00eb shum\u00eb, por nuk guxojn\u00eb. Njer\u00ebzit jan\u00eb n\u00ebn presion. N\u00ebse nuk voton, shkon n\u00eb sht\u00ebpi.\u201d<\/p>\n<p>Sipas tij, drejtoresha e re ka ardhur \u201cme urdh\u00ebr t\u00eb Bozhidar Dejanoviqit p\u00ebr t\u2019i larguar njer\u00ebzit\u201d.<br \/>\n\u201cNe nuk jemi kund\u00ebr List\u00ebs Serbe, por kund\u00ebr atij njeriu, kandidatit t\u00eb saj, Bozhidar Dejanoviq. \u00cbsht\u00eb njeri i gabuar p\u00ebr at\u00eb pozit\u00eb\u201d, shtoi ai.<\/p>\n<p>Ai tha se drejtori i m\u00ebparsh\u00ebm, Vladan Bogdanoviq, nuk kishte pranuar t\u00eb largonte punonj\u00ebsit.<br \/>\n\u201cPrandaj e hoq\u00ebn dhe vendos\u00ebn njeriun e tyre, k\u00ebt\u00eb grua, p\u00ebr ta b\u00ebr\u00eb at\u00eb pun\u00eb. Kemi d\u00ebgjuar q\u00eb jan\u00eb p\u00ebrgatitur edhe vendimet e pushimit nga puna. Po presin vet\u00ebm q\u00eb ajo t\u00eb hyj\u00eb dhe t\u2019i ndaj\u00eb. Ne q\u00eb jemi mbledhur k\u00ebtu, jemi 15 pun\u00ebtor\u00eb\u201d, tha Zdravkoviq.<\/p>\n<p>Sreten Bogdanoviq: Ne nuk kemi asnj\u00eb fjal\u00eb<br \/>\n\u201cNa trajtojn\u00eb si pula p\u00ebr majm\u00ebri, nuk kemi asnj\u00eb fjal\u00eb, edhe pse kemi k\u00ebshill shkollor dhe kolektiv arsimor,\u201d tha m\u00ebsuesi i gjuh\u00ebs serbe, Sreten Bogdanoviq.<br \/>\n\u201cAskujt nuk i intereson mendimi yn\u00eb. D\u00ebrgojn\u00eb dik\u00eb p\u00ebr t\u00eb zbatuar urdhra t\u00eb panjohur p\u00ebr ne. Thuhet se ajo drejtoresh\u00eb ka p\u00ebr detyr\u00eb t\u00eb suspendoj\u00eb dhe largoj\u00eb shum\u00eb pun\u00ebtor\u00eb t\u00eb shkoll\u00ebs. \u00c7far\u00eb synojn\u00eb \u2013 nuk e di askush,\u201d shtoi ai.<\/p>\n<p>Ai nuk \u00ebsht\u00eb i sigurt n\u00ebse situata aktuale ka lidhje me raundin e dyt\u00eb t\u00eb zgjedhjeve lokale n\u00eb Kllokot.<br \/>\n\u201cNuk mund ta them me siguri, por mund t\u00eb hamend\u00ebsohet. K\u00ebrkojn\u00eb t\u00eb punojm\u00eb sipas urdhrave, por njer\u00ebzit nuk duan m\u00eb t\u00eb durojn\u00eb. Ne kemi 25 vjet q\u00eb jetojm\u00eb n\u00ebn presione. Tani, p\u00ebrve\u00e7 tyre, po p\u00ebrjetojm\u00eb presione edhe nga dikush q\u00eb po na imponohet p\u00ebr t\u00eb na sunduar,\u201d tha Bogdanoviq.<\/p>\n<p>Atij i kan\u00eb mbetur edhe gjasht\u00eb muaj deri n\u00eb pension.<br \/>\n\u201cNuk mund t\u00eb pajtohem me k\u00ebt\u00eb m\u00ebnyr\u00eb pune. Jam n\u00ebn stres nga ajo q\u00eb ajo grua b\u00ebri sot n\u00eb m\u00ebngjes. Filloi t\u00eb b\u00ebrtas\u00eb dhe t\u00eb shtyj\u00eb pun\u00ebtorin e sigurimit,\u201d tha ai.<\/p>\n<p>\u201cAjo erdhi dje dhe tha: \u2018Un\u00eb jam drejtoresha juaj\u2019. Sigurimi, sigurisht, nuk lejon persona t\u00eb panjohur t\u00eb hyjn\u00eb brenda. Sot erdhi p\u00ebrs\u00ebri dhe b\u00ebrtiti: \u2018Kush jeni ju t\u00eb m\u00eb ndaloni? Un\u00eb jam kjo, un\u00eb jam ajo&#8230; T\u00eb gjith\u00ebve do t\u2019ju heq nga puna kur t\u00eb b\u00ebhem drejtoresh\u00eb\u2019. K\u00ebto ishin fjal\u00ebt e saj,\u201d tregoi Bogdanoviq.<\/p>\n<p>Dobri Zdravkoviq: Nuk e di pse ka ardhur<br \/>\nN\u00eb debat me drejtoresh\u00ebn e re t\u00eb shkoll\u00ebs \u201cSh\u00ebn Sava\u201d hyri edhe punonj\u00ebsi i sigurimit, Dobri Zdravkoviq.<br \/>\n\u201cAjo, nuk e di pse ka ardhur. M\u00eb tha: \u2018Ti nuk mund t\u00eb vendos\u00ebsh asgj\u00eb, m\u00eb ka d\u00ebrguar ministria dhe un\u00eb do t\u00eb hyj\u2019. Pas pak ajo shkoi me Bozhidar Dejanoviqin p\u00ebr konsultime. Ajo vjen k\u00ebtu p\u00ebr t\u00eb provokuar, q\u00eb dikush ta godas\u00eb, e pastaj ai t\u00eb shkoj\u00eb n\u00eb burg ose njer\u00ebzit t\u00eb frik\u00ebsohen dhe ta lejojn\u00eb t\u00eb hyj\u00eb,\u201d tha ai.<\/p>\n<p>Ai shtoi se Sun\u00e7ica Nikoliq e kishte k\u00ebrc\u00ebnuar dhe e kishte fotografuar.<br \/>\n\u201cM\u00eb tha: \u2018E di \u00e7far\u00eb do t\u00eb t\u00eb ndodh\u00eb kur t\u00eb kalosh kufirin p\u00ebr n\u00eb Serbi, q\u00eb nuk m\u00eb le t\u00eb hyj. Mua m\u00eb ka lejuar Serbia, e ti po vepron kund\u00ebr Serbis\u00eb\u2019. I thash\u00eb: Lirisht, m\u00eb denonco, kam edhe un\u00eb \u00e7far\u00eb t\u00eb them n\u00eb Serbi,\u201d tha ai.<\/p>\n<p>Edhe ai faj\u00ebson Bozhidar Dejanoviqin p\u00ebr k\u00ebto probleme.<br \/>\n\u201cAi vazhdimisht shkon sht\u00ebpi m\u00eb sht\u00ebpi dhe k\u00ebrc\u00ebnon se do t\u00eb na heq\u00eb nga puna. Ne nuk jemi kund\u00ebr Serbis\u00eb, p\u00ebrse do t\u00eb ishim, kur pag\u00ebn e marrim nga Serbia? Por ai na detyron t\u00eb jemi kund\u00ebr. Snaj\u00ebn time e hoqi nga puna, i dha vet\u00ebm kat\u00ebr or\u00eb. Pastaj tha: \u2018Tani do ta shkat\u00ebrroj gjith\u00eb familjen tuaj\u2019 dhe d\u00ebrgoi k\u00ebt\u00eb drejtoresh\u00eb,\u201d rr\u00ebfeu ai.<\/p>\n<p>Boban Bogdanoviq: Kurr\u00eb nuk kam dashur t\u00eb jem me List\u00ebn Serbe<br \/>\nProbleme kan\u00eb edhe pun\u00ebtor\u00ebt e t\u00eb ashtuquajturit organi i p\u00ebrkohsh\u00ebm i komun\u00ebs s\u00eb Vitis\u00eb. Disa prej tyre, sipas raportimeve, kan\u00eb pasur ulje pagash para raundit t\u00eb par\u00eb t\u00eb zgjedhjeve lokale.<br \/>\n\u201cP\u00ebr k\u00ebto zgjedhje, pag\u00ebn e fundit nuk na e dhan\u00eb\u2026 Zoti Dejanoviq m\u00eb k\u00ebrc\u00ebnoi se do t\u00eb m\u00eb heq\u00eb nga puna. Kam marr\u00eb pjes\u00eb n\u00eb disa tubime&#8230; Kurr\u00eb nuk kam dashur t\u00eb jem pjes\u00eb e List\u00ebs Serbe dhe as nuk dua. Pse e b\u00ebri k\u00ebt\u00eb, nuk e di,\u201d tha pun\u00ebtori Boban Bogdanoviq.<\/p>\n<p>I pyetur n\u00ebse ka k\u00ebrkuar sqarime pse iu ul paga, ai u p\u00ebrgjigj:<br \/>\n\u201cNuk p\u00ebrgjigjet askush. Vet\u00ebm me telefon kam mundur t\u00eb pyes.\u201d<\/p>\n<p>Sipas tij, paga i \u00ebsht\u00eb ulur edhe Nikolla Stanojkovit nga Mogilla, n\u00eb t\u00eb ashtuquajturin organ i p\u00ebrkohsh\u00ebm i komun\u00ebs s\u00eb Vitis\u00eb.<\/p>\n<p>\u201cDejanoviqi m\u00eb kishte k\u00ebrc\u00ebnuar edhe m\u00eb par\u00eb se do t\u00eb m\u00eb ul\u00eb pag\u00ebn. Si mundet ai t\u2019u heq\u00eb pagat njer\u00ebzve si t\u2019i doj\u00eb? Kjo \u00ebsht\u00eb katastrof\u00eb p\u00ebr familjen time. Jam baba i vet\u00ebm, gruaja m\u00eb ka vdekur para tre vitesh. Kam nj\u00eb djal\u00eb dhe tri vajza. Djali nuk punon askund, askush nuk do ta pun\u00ebsoj\u00eb. Do t\u00eb shohim \u00e7far\u00eb do t\u00eb ndodh\u00eb,\u201d p\u00ebrfundoi Bogdanoviq.<\/p>\n<p>Sun\u00e7ica Nikoliq \u00ebsht\u00eb em\u00ebruar ushtruese detyre e drejtoresh\u00ebs s\u00eb shkoll\u00ebs fillore \u201cSh\u00ebn Sava\u201d n\u00eb Kllokot m\u00eb 24 tetor 2025, deri n\u00eb zgjedhjen e drejtorit t\u00eb ri, por jo m\u00eb gjat\u00eb se gjasht\u00eb muaj.<\/p>\n<p>Kujtojm\u00eb se ai m\u00eb 9 n\u00ebntor do t\u00eb p\u00ebrballet n\u00eb raundin e dyt\u00eb t\u00eb zgjedhjeve lokale me Sre\u00e7ko Spasiqin p\u00ebr postin e kryetarit t\u00eb komun\u00ebs.<\/p>\n","protected":false},"excerpt":{"rendered":"<p>Kllokot, 28 tetor 2025 Rreth nj\u00ebzet banor\u00eb t\u00eb Kllokotit jan\u00eb mbledhur p\u00ebrpara shkoll\u00ebs fillore \u201cSh\u00ebn Sava\u201d p\u00ebr t\u00eb protestuar p\u00ebr disa arsye: shkarkimin e drejtorit<\/p>\n","protected":false},"author":7,"featured_media":18051,"comment_status":"open","ping_status":"open","sticky":false,"template":"","format":"standard","meta":{"footnotes":""},"categories":[58],"tags":[],"class_list":["post-18050","post","type-post","status-publish","format-standard","has-post-thumbnail","hentry","category-politike-sq"],"yoast_head":"<!-- This site is optimized with the Yoast SEO plugin v25.3.1 - https:\/\/yoast.com\/wordpress\/plugins\/seo\/ -->\n<title>Kllokot: K\u00ebrc\u00ebnime dhe presione ndaj serb\u00ebve nga Lista Serbe, para raundit t\u00eb dyt\u00eb t\u00eb zgjedhjeve lokale -<\/title>\n<meta name=\"robots\" content=\"index, follow, max-snippet:-1, max-image-preview:large, max-video-preview:-1\" \/>\n<link rel=\"canonical\" href=\"https:\/\/veritasinfo.org\/?p=18050\" \/>\n<meta property=\"og:locale\" content=\"en_US\" \/>\n<meta property=\"og:type\" content=\"article\" \/>\n<meta property=\"og:title\" content=\"Kllokot: K\u00ebrc\u00ebnime dhe presione ndaj serb\u00ebve nga Lista Serbe, para raundit t\u00eb dyt\u00eb t\u00eb zgjedhjeve lokale -\" \/>\n<meta property=\"og:description\" content=\"Kllokot, 28 tetor 2025 Rreth nj\u00ebzet banor\u00eb t\u00eb Kllokotit jan\u00eb mbledhur p\u00ebrpara shkoll\u00ebs fillore \u201cSh\u00ebn Sava\u201d p\u00ebr t\u00eb protestuar p\u00ebr disa arsye: shkarkimin e drejtorit\" \/>\n<meta property=\"og:url\" content=\"https:\/\/veritasinfo.org\/?p=18050\" \/>\n<meta property=\"article:published_time\" content=\"2025-10-28T15:15:50+00:00\" \/>\n<meta property=\"og:image\" content=\"https:\/\/veritasinfo.org\/wp-content\/uploads\/2025\/10\/Screenshot-2025-10-28-160444.jpg\" \/>\n\t<meta property=\"og:image:width\" content=\"774\" \/>\n\t<meta property=\"og:image:height\" content=\"304\" \/>\n\t<meta property=\"og:image:type\" content=\"image\/jpeg\" \/>\n<meta name=\"author\" content=\"US6\" \/>\n<meta name=\"twitter:card\" content=\"summary_large_image\" \/>\n<meta name=\"twitter:label1\" content=\"Written by\" \/>\n\t<meta name=\"twitter:data1\" content=\"US6\" \/>\n\t<meta name=\"twitter:label2\" content=\"Est. reading time\" \/>\n\t<meta name=\"twitter:data2\" content=\"6 minutes\" \/>\n<script type=\"application\/ld+json\" class=\"yoast-schema-graph\">{\"@context\":\"https:\/\/schema.org\",\"@graph\":[{\"@type\":\"WebPage\",\"@id\":\"https:\/\/veritasinfo.org\/?p=18050\",\"url\":\"https:\/\/veritasinfo.org\/?p=18050\",\"name\":\"Kllokot: K\u00ebrc\u00ebnime dhe presione ndaj serb\u00ebve nga Lista Serbe, para raundit t\u00eb dyt\u00eb t\u00eb zgjedhjeve lokale -\",\"isPartOf\":{\"@id\":\"https:\/\/veritasinfo.org\/#website\"},\"primaryImageOfPage\":{\"@id\":\"https:\/\/veritasinfo.org\/?p=18050#primaryimage\"},\"image\":{\"@id\":\"https:\/\/veritasinfo.org\/?p=18050#primaryimage\"},\"thumbnailUrl\":\"https:\/\/veritasinfo.org\/wp-content\/uploads\/2025\/10\/Screenshot-2025-10-28-160444.jpg\",\"datePublished\":\"2025-10-28T15:15:50+00:00\",\"author\":{\"@id\":\"https:\/\/veritasinfo.org\/#\/schema\/person\/fe199eede04c3937362892b7444747cc\"},\"breadcrumb\":{\"@id\":\"https:\/\/veritasinfo.org\/?p=18050#breadcrumb\"},\"inLanguage\":\"en-US\",\"potentialAction\":[{\"@type\":\"ReadAction\",\"target\":[\"https:\/\/veritasinfo.org\/?p=18050\"]}]},{\"@type\":\"ImageObject\",\"inLanguage\":\"en-US\",\"@id\":\"https:\/\/veritasinfo.org\/?p=18050#primaryimage\",\"url\":\"https:\/\/veritasinfo.org\/wp-content\/uploads\/2025\/10\/Screenshot-2025-10-28-160444.jpg\",\"contentUrl\":\"https:\/\/veritasinfo.org\/wp-content\/uploads\/2025\/10\/Screenshot-2025-10-28-160444.jpg\",\"width\":774,\"height\":304},{\"@type\":\"BreadcrumbList\",\"@id\":\"https:\/\/veritasinfo.org\/?p=18050#breadcrumb\",\"itemListElement\":[{\"@type\":\"ListItem\",\"position\":1,\"name\":\"Home\",\"item\":\"https:\/\/veritasinfo.org\/\"},{\"@type\":\"ListItem\",\"position\":2,\"name\":\"Kllokot: K\u00ebrc\u00ebnime dhe presione ndaj serb\u00ebve nga Lista Serbe, para raundit t\u00eb dyt\u00eb t\u00eb zgjedhjeve lokale\"}]},{\"@type\":\"WebSite\",\"@id\":\"https:\/\/veritasinfo.org\/#website\",\"url\":\"https:\/\/veritasinfo.org\/\",\"name\":\"\",\"description\":\"\",\"potentialAction\":[{\"@type\":\"SearchAction\",\"target\":{\"@type\":\"EntryPoint\",\"urlTemplate\":\"https:\/\/veritasinfo.org\/?s={search_term_string}\"},\"query-input\":{\"@type\":\"PropertyValueSpecification\",\"valueRequired\":true,\"valueName\":\"search_term_string\"}}],\"inLanguage\":\"en-US\"},{\"@type\":\"Person\",\"@id\":\"https:\/\/veritasinfo.org\/#\/schema\/person\/fe199eede04c3937362892b7444747cc\",\"name\":\"US6\",\"image\":{\"@type\":\"ImageObject\",\"inLanguage\":\"en-US\",\"@id\":\"https:\/\/veritasinfo.org\/#\/schema\/person\/image\/\",\"url\":\"https:\/\/secure.gravatar.com\/avatar\/cb16c3c31c9d23b9b8c705964598220b3014e42ff51eb540ff23cefa3ae8c15f?s=96&d=mm&r=g\",\"contentUrl\":\"https:\/\/secure.gravatar.com\/avatar\/cb16c3c31c9d23b9b8c705964598220b3014e42ff51eb540ff23cefa3ae8c15f?s=96&d=mm&r=g\",\"caption\":\"US6\"},\"url\":\"https:\/\/veritasinfo.org\/?author=7\"}]}<\/script>\n<!-- \/ Yoast SEO plugin. -->","yoast_head_json":{"title":"Kllokot: K\u00ebrc\u00ebnime dhe presione ndaj serb\u00ebve nga Lista Serbe, para raundit t\u00eb dyt\u00eb t\u00eb zgjedhjeve lokale -","robots":{"index":"index","follow":"follow","max-snippet":"max-snippet:-1","max-image-preview":"max-image-preview:large","max-video-preview":"max-video-preview:-1"},"canonical":"https:\/\/veritasinfo.org\/?p=18050","og_locale":"en_US","og_type":"article","og_title":"Kllokot: K\u00ebrc\u00ebnime dhe presione ndaj serb\u00ebve nga Lista Serbe, para raundit t\u00eb dyt\u00eb t\u00eb zgjedhjeve lokale -","og_description":"Kllokot, 28 tetor 2025 Rreth nj\u00ebzet banor\u00eb t\u00eb Kllokotit jan\u00eb mbledhur p\u00ebrpara shkoll\u00ebs fillore \u201cSh\u00ebn Sava\u201d p\u00ebr t\u00eb protestuar p\u00ebr disa arsye: shkarkimin e drejtorit","og_url":"https:\/\/veritasinfo.org\/?p=18050","article_published_time":"2025-10-28T15:15:50+00:00","og_image":[{"width":774,"height":304,"url":"https:\/\/veritasinfo.org\/wp-content\/uploads\/2025\/10\/Screenshot-2025-10-28-160444.jpg","type":"image\/jpeg"}],"author":"US6","twitter_card":"summary_large_image","twitter_misc":{"Written by":"US6","Est. reading time":"6 minutes"},"schema":{"@context":"https:\/\/schema.org","@graph":[{"@type":"WebPage","@id":"https:\/\/veritasinfo.org\/?p=18050","url":"https:\/\/veritasinfo.org\/?p=18050","name":"Kllokot: K\u00ebrc\u00ebnime dhe presione ndaj serb\u00ebve nga Lista Serbe, para raundit t\u00eb dyt\u00eb t\u00eb zgjedhjeve lokale -","isPartOf":{"@id":"https:\/\/veritasinfo.org\/#website"},"primaryImageOfPage":{"@id":"https:\/\/veritasinfo.org\/?p=18050#primaryimage"},"image":{"@id":"https:\/\/veritasinfo.org\/?p=18050#primaryimage"},"thumbnailUrl":"https:\/\/veritasinfo.org\/wp-content\/uploads\/2025\/10\/Screenshot-2025-10-28-160444.jpg","datePublished":"2025-10-28T15:15:50+00:00","author":{"@id":"https:\/\/veritasinfo.org\/#\/schema\/person\/fe199eede04c3937362892b7444747cc"},"breadcrumb":{"@id":"https:\/\/veritasinfo.org\/?p=18050#breadcrumb"},"inLanguage":"en-US","potentialAction":[{"@type":"ReadAction","target":["https:\/\/veritasinfo.org\/?p=18050"]}]},{"@type":"ImageObject","inLanguage":"en-US","@id":"https:\/\/veritasinfo.org\/?p=18050#primaryimage","url":"https:\/\/veritasinfo.org\/wp-content\/uploads\/2025\/10\/Screenshot-2025-10-28-160444.jpg","contentUrl":"https:\/\/veritasinfo.org\/wp-content\/uploads\/2025\/10\/Screenshot-2025-10-28-160444.jpg","width":774,"height":304},{"@type":"BreadcrumbList","@id":"https:\/\/veritasinfo.org\/?p=18050#breadcrumb","itemListElement":[{"@type":"ListItem","position":1,"name":"Home","item":"https:\/\/veritasinfo.org\/"},{"@type":"ListItem","position":2,"name":"Kllokot: K\u00ebrc\u00ebnime dhe presione ndaj serb\u00ebve nga Lista Serbe, para raundit t\u00eb dyt\u00eb t\u00eb zgjedhjeve lokale"}]},{"@type":"WebSite","@id":"https:\/\/veritasinfo.org\/#website","url":"https:\/\/veritasinfo.org\/","name":"","description":"","potentialAction":[{"@type":"SearchAction","target":{"@type":"EntryPoint","urlTemplate":"https:\/\/veritasinfo.org\/?s={search_term_string}"},"query-input":{"@type":"PropertyValueSpecification","valueRequired":true,"valueName":"search_term_string"}}],"inLanguage":"en-US"},{"@type":"Person","@id":"https:\/\/veritasinfo.org\/#\/schema\/person\/fe199eede04c3937362892b7444747cc","name":"US6","image":{"@type":"ImageObject","inLanguage":"en-US","@id":"https:\/\/veritasinfo.org\/#\/schema\/person\/image\/","url":"https:\/\/secure.gravatar.com\/avatar\/cb16c3c31c9d23b9b8c705964598220b3014e42ff51eb540ff23cefa3ae8c15f?s=96&d=mm&r=g","contentUrl":"https:\/\/secure.gravatar.com\/avatar\/cb16c3c31c9d23b9b8c705964598220b3014e42ff51eb540ff23cefa3ae8c15f?s=96&d=mm&r=g","caption":"US6"},"url":"https:\/\/veritasinfo.org\/?author=7"}]}},"featured_image_urls":{"full":["https:\/\/veritasinfo.org\/wp-content\/uploads\/2025\/10\/Screenshot-2025-10-28-160444.jpg",774,304,false],"thumbnail":["https:\/\/veritasinfo.org\/wp-content\/uploads\/2025\/10\/Screenshot-2025-10-28-160444-150x150.jpg",150,150,true],"medium":["https:\/\/veritasinfo.org\/wp-content\/uploads\/2025\/10\/Screenshot-2025-10-28-160444-300x118.jpg",300,118,true],"medium_large":["https:\/\/veritasinfo.org\/wp-content\/uploads\/2025\/10\/Screenshot-2025-10-28-160444-768x302.jpg",640,252,true],"large":["https:\/\/veritasinfo.org\/wp-content\/uploads\/2025\/10\/Screenshot-2025-10-28-160444.jpg",640,251,false],"1536x1536":["https:\/\/veritasinfo.org\/wp-content\/uploads\/2025\/10\/Screenshot-2025-10-28-160444.jpg",774,304,false],"2048x2048":["https:\/\/veritasinfo.org\/wp-content\/uploads\/2025\/10\/Screenshot-2025-10-28-160444.jpg",774,304,false],"kreeti-slider-full":["https:\/\/veritasinfo.org\/wp-content\/uploads\/2025\/10\/Screenshot-2025-10-28-160444.jpg",774,304,false],"kreeti-featured":["https:\/\/veritasinfo.org\/wp-content\/uploads\/2025\/10\/Screenshot-2025-10-28-160444.jpg",774,304,false],"kreeti-medium":["https:\/\/veritasinfo.org\/wp-content\/uploads\/2025\/10\/Screenshot-2025-10-28-160444.jpg",720,283,false],"kreeti-medium-square":["https:\/\/veritasinfo.org\/wp-content\/uploads\/2025\/10\/Screenshot-2025-10-28-160444.jpg",350,137,false]},"author_info":{"info":["US6"]},"category_info":"<a href=\"https:\/\/veritasinfo.org\/?cat=58\" rel=\"category\">Politik\u00eb<\/a>","tag_info":"Politik\u00eb","comment_count":"0","_links":{"self":[{"href":"https:\/\/veritasinfo.org\/index.php?rest_route=\/wp\/v2\/posts\/18050","targetHints":{"allow":["GET"]}}],"collection":[{"href":"https:\/\/veritasinfo.org\/index.php?rest_route=\/wp\/v2\/posts"}],"about":[{"href":"https:\/\/veritasinfo.org\/index.php?rest_route=\/wp\/v2\/types\/post"}],"author":[{"embeddable":true,"href":"https:\/\/veritasinfo.org\/index.php?rest_route=\/wp\/v2\/users\/7"}],"replies":[{"embeddable":true,"href":"https:\/\/veritasinfo.org\/index.php?rest_route=%2Fwp%2Fv2%2Fcomments&post=18050"}],"version-history":[{"count":1,"href":"https:\/\/veritasinfo.org\/index.php?rest_route=\/wp\/v2\/posts\/18050\/revisions"}],"predecessor-version":[{"id":18052,"href":"https:\/\/veritasinfo.org\/index.php?rest_route=\/wp\/v2\/posts\/18050\/revisions\/18052"}],"wp:featuredmedia":[{"embeddable":true,"href":"https:\/\/veritasinfo.org\/index.php?rest_route=\/wp\/v2\/media\/18051"}],"wp:attachment":[{"href":"https:\/\/veritasinfo.org\/index.php?rest_route=%2Fwp%2Fv2%2Fmedia&parent=18050"}],"wp:term":[{"taxonomy":"category","embeddable":true,"href":"https:\/\/veritasinfo.org\/index.php?rest_route=%2Fwp%2Fv2%2Fcategories&post=18050"},{"taxonomy":"post_tag","embeddable":true,"href":"https:\/\/veritasinfo.org\/index.php?rest_route=%2Fwp%2Fv2%2Ftags&post=18050"}],"curies":[{"name":"wp","href":"https:\/\/api.w.org\/{rel}","templated":true}]}}