{"id":18026,"date":"2025-10-28T13:46:33","date_gmt":"2025-10-28T12:46:33","guid":{"rendered":"https:\/\/veritasinfo.org\/?p=18026"},"modified":"2025-10-28T13:46:33","modified_gmt":"2025-10-28T12:46:33","slug":"diplomatja-gjermane-zbarkon-ne-lugine-diskuton-per-gjendjen-e-shqiptareve","status":"publish","type":"post","link":"https:\/\/veritasinfo.org\/?p=18026","title":{"rendered":"Diplomatja gjermane zbarkon n\u00eb Lugin\u00eb, diskuton p\u00ebr gjendjen e shqiptar\u00ebve"},"content":{"rendered":"<p>Prishtin\u00eb, 28 tetor 2025<\/p>\n<p>Ambasadoren e Gjermanis\u00eb n\u00eb Serbi, Anke Konrad, ka shkuar sot p\u00ebr vizit\u00eb n\u00eb Lugin\u00eb t\u00eb Preshev\u00ebs. N\u00eb ambientet e K\u00ebshillit Komb\u00ebtar Shqiptar ajo u prit nga kreu i k\u00ebtij k\u00ebshilli, Enkel Rexhepi, me t\u00eb cilin kan\u00eb folur mbi gjenjden e shqiptar\u00ebve atje.<\/p>\n<p>Lajmi p\u00ebr k\u00ebt\u00eb vizit\u00eb u b\u00eb i ditur nga Rexhepi me an\u00eb t\u00eb nj\u00eb postimi n\u00eb Facebook.<\/p>\n<p>\u201cSot n\u00eb ambientet e K\u00ebshillit Komb\u00ebtar Shqiptar mir\u00ebprit\u00ebm Ambasadoren e Republik\u00ebs Federale t\u00eb Gjermanis\u00eb n\u00eb Beograd, znj. Anke Konrad, me t\u00eb cil\u00ebn zhvilluam nj\u00eb takim t\u00eb gjat\u00eb mbi gjendjen e shqiptar\u00ebve n\u00eb Lugin\u00ebn e Preshev\u00ebs. Diskutuam hapur p\u00ebr diskriminimin e vazhduesh\u00ebm shtet\u00ebror, me theks t\u00eb ve\u00e7ant\u00eb n\u00eb fush\u00ebn e arsimit, ku mungesa e teksteve m\u00ebsimore n\u00eb gjuh\u00ebn shqipe dhe mosnjohja e diplomave nga Kosova vazhdojn\u00eb t\u00eb jen\u00eb pengesat m\u00eb serioze p\u00ebr t\u00eb rinjt\u00eb shqiptar\u00eb\u201d.<\/p>\n<p>\u201cTheksuam r\u00ebnd\u00ebsin\u00eb q\u00eb Plani 7 Pik\u00ebsh t\u00eb zbatohet si dokument baz\u00eb p\u00ebr afirmimin e t\u00eb drejtave t\u00eb shqiptar\u00ebve dhe p\u00ebr zgjidhjen e \u00e7\u00ebshtjeve t\u00eb hapura n\u00eb Lugin\u00eb. Po ashtu, ngrit\u00ebm shqet\u00ebsimin p\u00ebr procesin e pasivizimit t\u00eb adresave, munges\u00ebn e p\u00ebrfaq\u00ebsimit t\u00eb drejt\u00eb n\u00eb institucionet publike dhe diskriminimin n\u00eb ndarjen e fondeve p\u00ebr kultur\u00eb e media, ku shpesh anashkalohen iniciativat q\u00eb punojn\u00eb n\u00eb gjuh\u00ebn shqipe\u201d.<\/p>\n<p>\u201cN\u00eb k\u00ebt\u00eb kontekst, n\u00ebnvizuam se mb\u00ebshtetja e Gjermanis\u00eb dhe faktorit nd\u00ebrkomb\u00ebtar \u00ebsht\u00eb thelb\u00ebsore p\u00ebr t\u00eb siguruar zbatim real t\u00eb marr\u00ebveshjeve dhe ndalimin e praktikave diskriminuese. K\u00ebshilli Komb\u00ebtar Shqiptar do t\u00eb vazhdoj\u00eb t\u00eb jet\u00eb z\u00ebri institucional i shqiptar\u00ebve t\u00eb Lugin\u00ebs s\u00eb Preshev\u00ebs\u201d, shkruan ai.<\/p>\n","protected":false},"excerpt":{"rendered":"<p>Prishtin\u00eb, 28 tetor 2025 Ambasadoren e Gjermanis\u00eb n\u00eb Serbi, Anke Konrad, ka shkuar sot p\u00ebr vizit\u00eb n\u00eb Lugin\u00eb t\u00eb Preshev\u00ebs. N\u00eb ambientet e K\u00ebshillit Komb\u00ebtar<\/p>\n","protected":false},"author":7,"featured_media":18031,"comment_status":"open","ping_status":"open","sticky":false,"template":"","format":"standard","meta":{"footnotes":""},"categories":[58],"tags":[],"class_list":["post-18026","post","type-post","status-publish","format-standard","has-post-thumbnail","hentry","category-politike-sq"],"yoast_head":"<!-- This site is optimized with the Yoast SEO plugin v25.3.1 - https:\/\/yoast.com\/wordpress\/plugins\/seo\/ -->\n<title>Diplomatja gjermane zbarkon n\u00eb Lugin\u00eb, diskuton p\u00ebr gjendjen e shqiptar\u00ebve -<\/title>\n<meta name=\"robots\" content=\"index, follow, max-snippet:-1, max-image-preview:large, max-video-preview:-1\" \/>\n<link rel=\"canonical\" href=\"https:\/\/veritasinfo.org\/?p=18026\" \/>\n<meta property=\"og:locale\" content=\"en_US\" \/>\n<meta property=\"og:type\" content=\"article\" \/>\n<meta property=\"og:title\" content=\"Diplomatja gjermane zbarkon n\u00eb Lugin\u00eb, diskuton p\u00ebr gjendjen e shqiptar\u00ebve -\" \/>\n<meta property=\"og:description\" content=\"Prishtin\u00eb, 28 tetor 2025 Ambasadoren e Gjermanis\u00eb n\u00eb Serbi, Anke Konrad, ka shkuar sot p\u00ebr vizit\u00eb n\u00eb Lugin\u00eb t\u00eb Preshev\u00ebs. N\u00eb ambientet e K\u00ebshillit Komb\u00ebtar\" \/>\n<meta property=\"og:url\" content=\"https:\/\/veritasinfo.org\/?p=18026\" \/>\n<meta property=\"article:published_time\" content=\"2025-10-28T12:46:33+00:00\" \/>\n<meta property=\"og:image\" content=\"https:\/\/veritasinfo.org\/wp-content\/uploads\/2025\/10\/571189808_25209832785315754_6281661642822559568_n.jpg\" \/>\n\t<meta property=\"og:image:width\" content=\"1600\" \/>\n\t<meta property=\"og:image:height\" content=\"1066\" \/>\n\t<meta property=\"og:image:type\" content=\"image\/jpeg\" \/>\n<meta name=\"author\" content=\"US6\" \/>\n<meta name=\"twitter:card\" content=\"summary_large_image\" \/>\n<meta name=\"twitter:label1\" content=\"Written by\" \/>\n\t<meta name=\"twitter:data1\" content=\"US6\" \/>\n\t<meta name=\"twitter:label2\" content=\"Est. reading time\" \/>\n\t<meta name=\"twitter:data2\" content=\"2 minutes\" \/>\n<script type=\"application\/ld+json\" class=\"yoast-schema-graph\">{\"@context\":\"https:\/\/schema.org\",\"@graph\":[{\"@type\":\"WebPage\",\"@id\":\"https:\/\/veritasinfo.org\/?p=18026\",\"url\":\"https:\/\/veritasinfo.org\/?p=18026\",\"name\":\"Diplomatja gjermane zbarkon n\u00eb Lugin\u00eb, diskuton p\u00ebr gjendjen e shqiptar\u00ebve -\",\"isPartOf\":{\"@id\":\"https:\/\/veritasinfo.org\/#website\"},\"primaryImageOfPage\":{\"@id\":\"https:\/\/veritasinfo.org\/?p=18026#primaryimage\"},\"image\":{\"@id\":\"https:\/\/veritasinfo.org\/?p=18026#primaryimage\"},\"thumbnailUrl\":\"https:\/\/veritasinfo.org\/wp-content\/uploads\/2025\/10\/571189808_25209832785315754_6281661642822559568_n.jpg\",\"datePublished\":\"2025-10-28T12:46:33+00:00\",\"author\":{\"@id\":\"https:\/\/veritasinfo.org\/#\/schema\/person\/fe199eede04c3937362892b7444747cc\"},\"breadcrumb\":{\"@id\":\"https:\/\/veritasinfo.org\/?p=18026#breadcrumb\"},\"inLanguage\":\"en-US\",\"potentialAction\":[{\"@type\":\"ReadAction\",\"target\":[\"https:\/\/veritasinfo.org\/?p=18026\"]}]},{\"@type\":\"ImageObject\",\"inLanguage\":\"en-US\",\"@id\":\"https:\/\/veritasinfo.org\/?p=18026#primaryimage\",\"url\":\"https:\/\/veritasinfo.org\/wp-content\/uploads\/2025\/10\/571189808_25209832785315754_6281661642822559568_n.jpg\",\"contentUrl\":\"https:\/\/veritasinfo.org\/wp-content\/uploads\/2025\/10\/571189808_25209832785315754_6281661642822559568_n.jpg\",\"width\":1600,\"height\":1066},{\"@type\":\"BreadcrumbList\",\"@id\":\"https:\/\/veritasinfo.org\/?p=18026#breadcrumb\",\"itemListElement\":[{\"@type\":\"ListItem\",\"position\":1,\"name\":\"Home\",\"item\":\"https:\/\/veritasinfo.org\/\"},{\"@type\":\"ListItem\",\"position\":2,\"name\":\"Diplomatja gjermane zbarkon n\u00eb Lugin\u00eb, diskuton p\u00ebr gjendjen e shqiptar\u00ebve\"}]},{\"@type\":\"WebSite\",\"@id\":\"https:\/\/veritasinfo.org\/#website\",\"url\":\"https:\/\/veritasinfo.org\/\",\"name\":\"\",\"description\":\"\",\"potentialAction\":[{\"@type\":\"SearchAction\",\"target\":{\"@type\":\"EntryPoint\",\"urlTemplate\":\"https:\/\/veritasinfo.org\/?s={search_term_string}\"},\"query-input\":{\"@type\":\"PropertyValueSpecification\",\"valueRequired\":true,\"valueName\":\"search_term_string\"}}],\"inLanguage\":\"en-US\"},{\"@type\":\"Person\",\"@id\":\"https:\/\/veritasinfo.org\/#\/schema\/person\/fe199eede04c3937362892b7444747cc\",\"name\":\"US6\",\"image\":{\"@type\":\"ImageObject\",\"inLanguage\":\"en-US\",\"@id\":\"https:\/\/veritasinfo.org\/#\/schema\/person\/image\/\",\"url\":\"https:\/\/secure.gravatar.com\/avatar\/cb16c3c31c9d23b9b8c705964598220b3014e42ff51eb540ff23cefa3ae8c15f?s=96&d=mm&r=g\",\"contentUrl\":\"https:\/\/secure.gravatar.com\/avatar\/cb16c3c31c9d23b9b8c705964598220b3014e42ff51eb540ff23cefa3ae8c15f?s=96&d=mm&r=g\",\"caption\":\"US6\"},\"url\":\"https:\/\/veritasinfo.org\/?author=7\"}]}<\/script>\n<!-- \/ Yoast SEO plugin. -->","yoast_head_json":{"title":"Diplomatja gjermane zbarkon n\u00eb Lugin\u00eb, diskuton p\u00ebr gjendjen e shqiptar\u00ebve -","robots":{"index":"index","follow":"follow","max-snippet":"max-snippet:-1","max-image-preview":"max-image-preview:large","max-video-preview":"max-video-preview:-1"},"canonical":"https:\/\/veritasinfo.org\/?p=18026","og_locale":"en_US","og_type":"article","og_title":"Diplomatja gjermane zbarkon n\u00eb Lugin\u00eb, diskuton p\u00ebr gjendjen e shqiptar\u00ebve -","og_description":"Prishtin\u00eb, 28 tetor 2025 Ambasadoren e Gjermanis\u00eb n\u00eb Serbi, Anke Konrad, ka shkuar sot p\u00ebr vizit\u00eb n\u00eb Lugin\u00eb t\u00eb Preshev\u00ebs. N\u00eb ambientet e K\u00ebshillit Komb\u00ebtar","og_url":"https:\/\/veritasinfo.org\/?p=18026","article_published_time":"2025-10-28T12:46:33+00:00","og_image":[{"width":1600,"height":1066,"url":"https:\/\/veritasinfo.org\/wp-content\/uploads\/2025\/10\/571189808_25209832785315754_6281661642822559568_n.jpg","type":"image\/jpeg"}],"author":"US6","twitter_card":"summary_large_image","twitter_misc":{"Written by":"US6","Est. reading time":"2 minutes"},"schema":{"@context":"https:\/\/schema.org","@graph":[{"@type":"WebPage","@id":"https:\/\/veritasinfo.org\/?p=18026","url":"https:\/\/veritasinfo.org\/?p=18026","name":"Diplomatja gjermane zbarkon n\u00eb Lugin\u00eb, diskuton p\u00ebr gjendjen e shqiptar\u00ebve -","isPartOf":{"@id":"https:\/\/veritasinfo.org\/#website"},"primaryImageOfPage":{"@id":"https:\/\/veritasinfo.org\/?p=18026#primaryimage"},"image":{"@id":"https:\/\/veritasinfo.org\/?p=18026#primaryimage"},"thumbnailUrl":"https:\/\/veritasinfo.org\/wp-content\/uploads\/2025\/10\/571189808_25209832785315754_6281661642822559568_n.jpg","datePublished":"2025-10-28T12:46:33+00:00","author":{"@id":"https:\/\/veritasinfo.org\/#\/schema\/person\/fe199eede04c3937362892b7444747cc"},"breadcrumb":{"@id":"https:\/\/veritasinfo.org\/?p=18026#breadcrumb"},"inLanguage":"en-US","potentialAction":[{"@type":"ReadAction","target":["https:\/\/veritasinfo.org\/?p=18026"]}]},{"@type":"ImageObject","inLanguage":"en-US","@id":"https:\/\/veritasinfo.org\/?p=18026#primaryimage","url":"https:\/\/veritasinfo.org\/wp-content\/uploads\/2025\/10\/571189808_25209832785315754_6281661642822559568_n.jpg","contentUrl":"https:\/\/veritasinfo.org\/wp-content\/uploads\/2025\/10\/571189808_25209832785315754_6281661642822559568_n.jpg","width":1600,"height":1066},{"@type":"BreadcrumbList","@id":"https:\/\/veritasinfo.org\/?p=18026#breadcrumb","itemListElement":[{"@type":"ListItem","position":1,"name":"Home","item":"https:\/\/veritasinfo.org\/"},{"@type":"ListItem","position":2,"name":"Diplomatja gjermane zbarkon n\u00eb Lugin\u00eb, diskuton p\u00ebr gjendjen e shqiptar\u00ebve"}]},{"@type":"WebSite","@id":"https:\/\/veritasinfo.org\/#website","url":"https:\/\/veritasinfo.org\/","name":"","description":"","potentialAction":[{"@type":"SearchAction","target":{"@type":"EntryPoint","urlTemplate":"https:\/\/veritasinfo.org\/?s={search_term_string}"},"query-input":{"@type":"PropertyValueSpecification","valueRequired":true,"valueName":"search_term_string"}}],"inLanguage":"en-US"},{"@type":"Person","@id":"https:\/\/veritasinfo.org\/#\/schema\/person\/fe199eede04c3937362892b7444747cc","name":"US6","image":{"@type":"ImageObject","inLanguage":"en-US","@id":"https:\/\/veritasinfo.org\/#\/schema\/person\/image\/","url":"https:\/\/secure.gravatar.com\/avatar\/cb16c3c31c9d23b9b8c705964598220b3014e42ff51eb540ff23cefa3ae8c15f?s=96&d=mm&r=g","contentUrl":"https:\/\/secure.gravatar.com\/avatar\/cb16c3c31c9d23b9b8c705964598220b3014e42ff51eb540ff23cefa3ae8c15f?s=96&d=mm&r=g","caption":"US6"},"url":"https:\/\/veritasinfo.org\/?author=7"}]}},"featured_image_urls":{"full":["https:\/\/veritasinfo.org\/wp-content\/uploads\/2025\/10\/571189808_25209832785315754_6281661642822559568_n.jpg",1600,1066,false],"thumbnail":["https:\/\/veritasinfo.org\/wp-content\/uploads\/2025\/10\/571189808_25209832785315754_6281661642822559568_n-150x150.jpg",150,150,true],"medium":["https:\/\/veritasinfo.org\/wp-content\/uploads\/2025\/10\/571189808_25209832785315754_6281661642822559568_n-300x200.jpg",300,200,true],"medium_large":["https:\/\/veritasinfo.org\/wp-content\/uploads\/2025\/10\/571189808_25209832785315754_6281661642822559568_n-768x512.jpg",640,427,true],"large":["https:\/\/veritasinfo.org\/wp-content\/uploads\/2025\/10\/571189808_25209832785315754_6281661642822559568_n-1024x682.jpg",640,426,true],"1536x1536":["https:\/\/veritasinfo.org\/wp-content\/uploads\/2025\/10\/571189808_25209832785315754_6281661642822559568_n-1536x1023.jpg",1536,1023,true],"2048x2048":["https:\/\/veritasinfo.org\/wp-content\/uploads\/2025\/10\/571189808_25209832785315754_6281661642822559568_n.jpg",1600,1066,false],"kreeti-slider-full":["https:\/\/veritasinfo.org\/wp-content\/uploads\/2025\/10\/571189808_25209832785315754_6281661642822559568_n.jpg",1081,720,false],"kreeti-featured":["https:\/\/veritasinfo.org\/wp-content\/uploads\/2025\/10\/571189808_25209832785315754_6281661642822559568_n.jpg",1024,682,false],"kreeti-medium":["https:\/\/veritasinfo.org\/wp-content\/uploads\/2025\/10\/571189808_25209832785315754_6281661642822559568_n.jpg",720,480,false],"kreeti-medium-square":["https:\/\/veritasinfo.org\/wp-content\/uploads\/2025\/10\/571189808_25209832785315754_6281661642822559568_n.jpg",350,233,false]},"author_info":{"info":["US6"]},"category_info":"<a href=\"https:\/\/veritasinfo.org\/?cat=58\" rel=\"category\">Politik\u00eb<\/a>","tag_info":"Politik\u00eb","comment_count":"0","_links":{"self":[{"href":"https:\/\/veritasinfo.org\/index.php?rest_route=\/wp\/v2\/posts\/18026","targetHints":{"allow":["GET"]}}],"collection":[{"href":"https:\/\/veritasinfo.org\/index.php?rest_route=\/wp\/v2\/posts"}],"about":[{"href":"https:\/\/veritasinfo.org\/index.php?rest_route=\/wp\/v2\/types\/post"}],"author":[{"embeddable":true,"href":"https:\/\/veritasinfo.org\/index.php?rest_route=\/wp\/v2\/users\/7"}],"replies":[{"embeddable":true,"href":"https:\/\/veritasinfo.org\/index.php?rest_route=%2Fwp%2Fv2%2Fcomments&post=18026"}],"version-history":[{"count":1,"href":"https:\/\/veritasinfo.org\/index.php?rest_route=\/wp\/v2\/posts\/18026\/revisions"}],"predecessor-version":[{"id":18032,"href":"https:\/\/veritasinfo.org\/index.php?rest_route=\/wp\/v2\/posts\/18026\/revisions\/18032"}],"wp:featuredmedia":[{"embeddable":true,"href":"https:\/\/veritasinfo.org\/index.php?rest_route=\/wp\/v2\/media\/18031"}],"wp:attachment":[{"href":"https:\/\/veritasinfo.org\/index.php?rest_route=%2Fwp%2Fv2%2Fmedia&parent=18026"}],"wp:term":[{"taxonomy":"category","embeddable":true,"href":"https:\/\/veritasinfo.org\/index.php?rest_route=%2Fwp%2Fv2%2Fcategories&post=18026"},{"taxonomy":"post_tag","embeddable":true,"href":"https:\/\/veritasinfo.org\/index.php?rest_route=%2Fwp%2Fv2%2Ftags&post=18026"}],"curies":[{"name":"wp","href":"https:\/\/api.w.org\/{rel}","templated":true}]}}