{"id":18021,"date":"2025-10-28T13:19:13","date_gmt":"2025-10-28T12:19:13","guid":{"rendered":"https:\/\/veritasinfo.org\/?p=18021"},"modified":"2025-10-28T13:19:13","modified_gmt":"2025-10-28T12:19:13","slug":"osmani-kosova-synon-epoke-te-re-teknologjike-ne-partneritet-me-arabine","status":"publish","type":"post","link":"https:\/\/veritasinfo.org\/?p=18021","title":{"rendered":"Osmani: Kosova synon epok\u00eb t\u00eb re teknologjike n\u00eb partneritet me Arabin\u00eb"},"content":{"rendered":"<p>Prishtin\u00eb 28 Tetor 2025<\/p>\n<p><strong>Presidentja e Kosov\u00ebs Vjosa Osmani, tha se Kosova dhe Arabia Saudite mund t\u00eb nd\u00ebrtojn\u00eb mbi themelet tashm\u00eb t\u00eb forta t\u00eb miq\u00ebsis\u00eb s\u00eb tyre p\u00ebrmes bashk\u00ebpunimit t\u00eb ri n\u00eb fush\u00ebn e teknologjis\u00eb dhe inovacionit.<\/strong><\/p>\n<p>&nbsp;<\/p>\n<p><a href=\"https:\/\/www.arabnews.com\/node\/2620456\/saudi-arabia\"><strong>Presidentja Vjosa Osmani p\u00ebr Arab News g<\/strong><\/a>jat\u00eb nj\u00eb vizite n\u00eb Riad p\u00ebr edicionin e 9-t\u00eb t\u00eb Future Investment Initiative (FII), tha se gjat\u00eb viteve kemi zhvilluar marr\u00ebdh\u00ebnie t\u00eb shk\u00eblqyera, sepse Arabia Saudite ishte nj\u00eb nga vendet e para q\u00eb njohu pavar\u00ebsin\u00eb ton\u00eb, q\u00eb njohu luft\u00ebn ton\u00eb p\u00ebr liri dhe q\u00eb na mb\u00ebshtet.<\/p>\n<p>Nd\u00ebrsa lider\u00eb bot\u00ebror\u00eb, sip\u00ebrmarr\u00ebs dhe investitor\u00eb mblidhen k\u00ebt\u00eb jav\u00eb n\u00eb kryeqytetin saudit p\u00ebr FII \u2014 q\u00eb shpesh quhet \u201cDavos-i i shkret\u00ebtir\u00ebs\u201d \u2014 Osmani tha se ky event do t\u00eb \u201chap\u00eb kapituj t\u00eb rinj bashk\u00ebpunimi\u201d mes dy vendeve.<\/p>\n<p>Pjes\u00ebmarrja e Kosov\u00ebs p\u00ebrb\u00ebn nj\u00eb mund\u00ebsi t\u00eb vlefshme p\u00ebr t\u00eb krijuar lidhje biznesi, p\u00ebr t\u00eb t\u00ebrhequr investime dhe p\u00ebr t\u00eb shk\u00ebmbyer ekspertiz\u00eb me Mbret\u00ebrin\u00eb, t\u00eb cil\u00ebn ajo e p\u00ebrshkroi si \u201cnj\u00eb nga udh\u00ebheq\u00ebset bot\u00ebrore kur b\u00ebhet fjal\u00eb p\u00ebr p\u00ebrparimin teknologjik dhe inteligjenc\u00ebn artificiale.\u201d<\/p>\n<p>\u201cNdjehemi shum\u00eb t\u00eb bekuar p\u00ebr marr\u00ebdh\u00ebniet dypal\u00ebshe q\u00eb kemi me Arabin\u00eb Saudite,\u201d tha Osmani.<\/p>\n<p>\u201c\u00cbsht\u00eb nj\u00eb nga vendet q\u00eb ka mb\u00ebshtetur popullin e Kosov\u00ebs gjat\u00eb or\u00ebve m\u00eb t\u00eb err\u00ebta t\u00eb historis\u00eb son\u00eb, por gjithashtu ka q\u00ebndruar pran\u00eb nesh n\u00eb \u00e7do hap t\u00eb rrug\u00ebtimit ton\u00eb si nj\u00eb vend q\u00eb tani jeton n\u00eb liri, pavar\u00ebsi dhe mir\u00ebqenie.\u201d<\/p>\n<p>Arabia Saudite ishte nj\u00eb nga vendet e para q\u00eb njohu pavar\u00ebsin\u00eb e Kosov\u00ebs n\u00eb vitin 2008, pas nd\u00ebrhyrjes s\u00eb NATO-s n\u00eb vitin 1999 dhe nj\u00eb periudhe administrimi nga OKB-ja, nj\u00eb gjest q\u00eb mbetet thell\u00ebsisht dometh\u00ebn\u00ebs p\u00ebr Prishtin\u00ebn.<\/p>\n<p>\u201cGjat\u00eb viteve kemi zhvilluar marr\u00ebdh\u00ebnie t\u00eb shk\u00eblqyera, sepse Arabia Saudite ishte nj\u00eb nga vendet e para q\u00eb njohu pavar\u00ebsin\u00eb ton\u00eb, q\u00eb njohu luft\u00ebn ton\u00eb p\u00ebr liri dhe q\u00eb na mb\u00ebshteti,\u201d tha ajo.<\/p>\n<p>\u201cUn\u00eb besoj se tani kjo vizit\u00eb do t\u00eb sh\u00ebrbej\u00eb p\u00ebr t\u00eb hapur kapituj t\u00eb rinj bashk\u00ebpunimi dhe, shpresoj, p\u00ebr ta \u00e7uar k\u00ebt\u00eb marr\u00ebdh\u00ebnie midis dy vendeve n\u00eb nivele t\u00eb reja.\u201d<\/p>\n<p>FII, tashm\u00eb n\u00eb vitin e tij t\u00eb n\u00ebnt\u00eb, \u00ebsht\u00eb b\u00ebr\u00eb nj\u00eb nga forumet m\u00eb me ndikim n\u00eb bot\u00eb p\u00ebr investime dhe inovacion global.<\/p>\n<p>Osmani tha se p\u00ebrfshirja e Kosov\u00ebs nd\u00ebr vendet pjes\u00ebmarr\u00ebse \u00ebsht\u00eb nj\u00eb nder dhe nj\u00eb njohje e potencialit t\u00eb vendit n\u00eb ekonomin\u00eb digjitale.<\/p>\n<p>\u201cKa nj\u00eb potencial t\u00eb jasht\u00ebzakonsh\u00ebm q\u00eb mund ta shohim k\u00ebtu n\u00eb FII,\u201d tha ajo. \u201cEdhe pse \u00ebsht\u00eb nj\u00eb forum mjaft i ri krahasuar me shum\u00eb forume bot\u00ebrore, ai ka arritur t\u00eb t\u00ebrheq\u00eb mij\u00ebra e mij\u00ebra p\u00ebrfaq\u00ebsues, qofshin ata politik\u00eb apo biznesi.<\/p>\n<p>\u201cDhe mendoj se ky lloj kombinimi na lejon ne, si udh\u00ebheq\u00ebs politik\u00eb, t\u00eb m\u00ebsojm\u00eb shum\u00eb nga spektri i biznesit p\u00ebr m\u00ebnyr\u00ebn se si mund t\u2019i forcojm\u00eb marr\u00ebdh\u00ebniet dhe t\u00eb sigurohemi q\u00eb si marr\u00ebdh\u00ebniet politike, ashtu edhe ato ekonomike t\u00eb jen\u00eb n\u00eb dobi t\u00eb njer\u00ebzve q\u00eb p\u00ebrfaq\u00ebsojm\u00eb.<\/p>\n<p>\u201cNga ajo q\u00eb kemi par\u00eb, FII \u00ebsht\u00eb nj\u00eb vend ku marr\u00ebdh\u00ebniet nuk mbarojn\u00eb me p\u00ebrfundimin e forumit, por vazhdojn\u00eb menj\u00ebher\u00eb pas tij me shum\u00eb kontrata t\u00eb n\u00ebnshkruara, marr\u00ebveshje t\u00eb negociuara dhe marr\u00ebdh\u00ebnie politike t\u00eb thelluara.\u201d<\/p>\n<p>Kosova, nj\u00eb republik\u00eb e re me nj\u00eb nga popullsit\u00eb m\u00eb t\u00eb afta digjitalisht n\u00eb Evrop\u00eb, ka nisur programin ambicioz \u201cDigital Agenda Kosovo 2030\u201d (DAK 2030) p\u00ebr t\u2019u b\u00ebr\u00eb nj\u00eb \u201cshoq\u00ebri gigabit\u201d e fuqizuar nga lidhja 5G, qeverisja elektronike dhe inovacioni n\u00eb inteligjenc\u00ebn artificiale (IA).<\/p>\n<p>Osmani beson se partneriteti me Arabin\u00eb Saudite \u2014 e cila vet\u00eb po zgjeron agjend\u00ebn e saj digjitale dhe t\u00eb IA-s\u00eb n\u00eb kuad\u00ebr t\u00eb Vision 2030 \u2014 mund t\u00eb jet\u00eb transformues.<\/p>\n<p>\u201cNe mund t\u00eb shohim se Arabia Saudite po shnd\u00ebrrohet n\u00eb nj\u00eb nga udh\u00ebheq\u00ebset globale sa i p\u00ebrket p\u00ebrparimit teknologjik dhe ve\u00e7an\u00ebrisht n\u00eb fush\u00ebn e inteligjenc\u00ebs artificiale,\u201d tha ajo.<\/p>\n<p>\u201cDuke marr\u00eb parasysh q\u00eb Kosova \u00ebsht\u00eb lider n\u00eb rajonin ton\u00eb p\u00ebr t\u00eb dytin vit me radh\u00eb, vendi me nivelin m\u00eb t\u00eb lart\u00eb t\u00eb konkurrueshm\u00ebris\u00eb n\u00eb IT dhe me nj\u00eb popullsi t\u00eb re, t\u00eb aft\u00eb dhe inovative n\u00eb teknologji\u2026 ne besojm\u00eb fuqish\u00ebm se ekziston nj\u00eb potencial i madh p\u00ebr t\u00eb t\u00ebrhequr investime t\u00eb huaja direkte n\u00eb k\u00ebt\u00eb fush\u00eb p\u00ebr t\u00eb ardhur n\u00eb Kosov\u00eb.\u201d<\/p>\n<p>Ajo shtoi: \u201cP\u00ebr shum\u00eb p\u00ebrfaq\u00ebsues k\u00ebtu, qofshin politik\u00eb apo biznesi, Kosova mund t\u00eb jet\u00eb nj\u00eb destinacion t\u00ebrheq\u00ebs p\u00ebr investime apo bashk\u00ebpunim biznesi me kompanit\u00eb tona lokale.<\/p>\n<p>\u201cNe besojm\u00eb fuqish\u00ebm se zhvillimi i teknologjis\u00eb dhe i inteligjenc\u00ebs artificiale duhet t\u00eb jet\u00eb n\u00eb dobi t\u00eb njer\u00ebzimit \u2014 p\u00ebr ta b\u00ebr\u00eb rritjen ekonomike m\u00eb t\u00eb q\u00ebndrueshme, p\u00ebr t\u00eb gjetur kura p\u00ebr shum\u00eb s\u00ebmundje dhe p\u00ebr t\u00eb siguruar q\u00eb cil\u00ebsia e arsimit dhe e sh\u00ebndet\u00ebsis\u00eb t\u00eb p\u00ebrmir\u00ebsohet.\u201d<\/p>\n<p>Osmani gjithashtu vuri n\u00eb dukje mb\u00ebshtetjen e hershme t\u00eb Arabis\u00eb Saudite p\u00ebr popullsin\u00eb shumic\u00eb myslimane t\u00eb Kosov\u00ebs, duke theksuar se rreth 1,500 kosovar\u00eb kryejn\u00eb \u00e7do vit pelegrinazhin Haxh n\u00eb Mek\u00eb dhe Medin\u00eb.<\/p>\n<p>\u201cNe jemi mir\u00ebnjoh\u00ebs ndaj Arabis\u00eb Saudite p\u00ebr bashk\u00ebpunimin e tyre n\u00eb k\u00ebt\u00eb drejtim,\u201d tha ajo. \u201cPopulli i Kosov\u00ebs ka pasur gjithmon\u00eb nj\u00eb p\u00ebrvoj\u00eb shum\u00eb pasuruese dhe shpirt\u00ebrore sa her\u00eb q\u00eb ka ardhur k\u00ebtu.<\/p>\n<p>\u201cKjo ka qen\u00eb nj\u00eb nga fushat ku kreu i Bashk\u00ebsis\u00eb Islame, myftiu yn\u00eb, z. T\u00ebrnava, ka bashk\u00ebpunuar shum\u00eb mir\u00eb me Arabin\u00eb Saudite dhe me Ministrin\u00eb tuaj t\u00eb Haxhit.<\/p>\n<p>\u201cKemi pasur vizita nga Arabia Saudite p\u00ebr t\u00eb diskutuar m\u00ebnyrat se si mund t\u00eb forcojm\u00eb bashk\u00ebpunimin n\u00eb k\u00ebt\u00eb aspekt. Dhe jemi shum\u00eb mir\u00ebnjoh\u00ebs p\u00ebr mb\u00ebshtetjen e tyre, me shpres\u00ebn se mund ta rrisim at\u00eb n\u00eb t\u00eb ardhmen.\u201d<\/p>\n<p>Osmani vler\u00ebsoi gjithashtu \u201croli gjithnj\u00eb e m\u00eb i madh i Arabis\u00eb Saudite p\u00ebr paqe dhe stabilitet, jo vet\u00ebm n\u00eb k\u00ebt\u00eb rajon, por edhe n\u00eb bot\u00eb,\u201d duke iu referuar p\u00ebrpjekjeve t\u00eb Mbret\u00ebris\u00eb n\u00eb nd\u00ebrmjet\u00ebsimin e konflikteve si Izrael-Palestin\u00eb dhe Rusi-Ukrain\u00eb, nd\u00ebr t\u00eb tjera.<\/p>\n<p>Ajo tha se Kosova mb\u00ebshtet udh\u00ebheqjen e Mbret\u00ebris\u00eb \u201cn\u00eb p\u00ebrpjekjet p\u00ebr t\u2019u siguruar q\u00eb ajo jo vet\u00ebm t\u00eb nd\u00ebrmjet\u00ebsoj\u00eb n\u00eb nivel global, por edhe t\u00eb arrij\u00eb sukses, sepse sigurimi i paqes n\u00eb t\u00eb gjith\u00eb bot\u00ebn \u00ebsht\u00eb nj\u00eb nga misionet m\u00eb fisnike n\u00eb t\u00eb cilat mund t\u00eb angazhohet dikush.\u201d<\/p>\n<p>P\u00ebr Osmanin, paqja dhe stabiliteti nuk jan\u00eb ideale abstrakte, por realitete t\u00eb p\u00ebrjetuara, t\u00eb rr\u00ebnjosura n\u00eb historin\u00eb e dhimbshme t\u00eb Kosov\u00ebs me konfliktin.<\/p>\n<p>\u201cUn\u00eb besoj se p\u00ebrpjekjet p\u00ebr nd\u00ebrmjet\u00ebsim funksionojn\u00eb,\u201d tha ajo. \u201cNd\u00ebrsa p\u00ebr disa njer\u00ebz paqja \u00ebsht\u00eb di\u00e7ka e shkruar n\u00eb let\u00ebr, p\u00ebr ne ajo lidhet me vet\u00eb jet\u00ebt tona.<\/p>\n<p>\u201cNe jemi rritur si f\u00ebmij\u00eb t\u00eb luft\u00ebs. Duhej t\u00eb kalonim nj\u00eb luft\u00eb gjenocidale. Dhe \u00e7do brez, p\u00ebrfshir\u00eb at\u00eb t\u00eb prind\u00ebrve tan\u00eb, gjysh\u00ebrve e st\u00ebrgjysh\u00ebrve, kan\u00eb kaluar n\u00ebp\u00ebr luft\u00ebra.<\/p>\n<p>\u201cF\u00ebmij\u00ebt tan\u00eb jan\u00eb brezi i par\u00eb n\u00eb historin\u00eb e kombit ton\u00eb q\u00eb po jeton n\u00eb paqe. Nuk ka asgj\u00eb m\u00eb t\u00eb r\u00ebnd\u00ebsishme sesa t\u00eb sigurohesh q\u00eb f\u00ebmija yt dhe t\u00eb gjith\u00eb f\u00ebmij\u00ebt n\u00eb vendin t\u00ebnd mund t\u00eb flen\u00eb n\u00eb qet\u00ebsi, pa frik\u00ebn e luft\u00ebs.\u201d<\/p>\n<p>Ajo shtoi: \u201cNe do t\u00eb jemi gjithmon\u00eb mir\u00ebnjoh\u00ebs ndaj t\u00eb gjith\u00ebve n\u00eb bot\u00eb q\u00eb q\u00ebndruan pran\u00eb nesh p\u00ebr t\u00eb na shp\u00ebtuar jet\u00ebn, p\u00ebr t\u00eb na \u00e7liruar vendin dhe m\u00eb pas p\u00ebr t\u00eb na mb\u00ebshtetur q\u00eb t\u00eb rind\u00ebrtojm\u00eb nga hiri i luft\u00ebs.<\/p>\n<p>\u201cTani jemi nj\u00eb vend q\u00eb \u00ebsht\u00eb rim\u00ebk\u00ebmbur, nj\u00eb vend q\u00eb lul\u00ebzon, q\u00eb po zhvillohet ekonomikisht, n\u00ebn sundimin e ligjit dhe n\u00eb harmoni me marr\u00ebdh\u00ebniet nd\u00ebrkomb\u00ebtare.\u201d<\/p>\n<p>Osmani vler\u00ebsoi \u201cp\u00ebrpjekjet dhe udh\u00ebheqjen e Lartmadh\u00ebris\u00eb s\u00eb Tij Mbret\u00ebrore (Princit t\u00eb Kuror\u00ebs Mohammed bin Salman), n\u00eb bashk\u00ebpunim me presidentin e SHBA-s\u00eb dhe shum\u00eb lider\u00eb t\u00eb tjer\u00eb bot\u00ebror\u00eb,\u201d duke iu referuar arm\u00ebpushimit t\u00eb fundit n\u00eb Gaza.<\/p>\n<p>Ajo tha se Kosova \u201ce mb\u00ebshtet plot\u00ebsisht k\u00ebt\u00eb p\u00ebrpjekje, sepse ne e kuptojm\u00eb sa e \u00e7muar \u00ebsht\u00eb paqja dhe sa me fat jan\u00eb kombet q\u00eb jetojn\u00eb n\u00eb paqe \u2014 sepse kjo \u00ebsht\u00eb e vetmja m\u00ebnyr\u00eb p\u00ebr t\u00eb arritur mir\u00ebqenie.\u201d<\/p>\n<p>P\u00ebrtej politik\u00ebs dhe investimeve, Osmani theksoi r\u00ebnd\u00ebsin\u00eb e kontakteve t\u00eb drejtp\u00ebrdrejta midis popujve t\u00eb Arabis\u00eb Saudite dhe Kosov\u00ebs \u2014 p\u00ebrmes arsimit, kultur\u00ebs dhe programeve t\u00eb udh\u00ebtimit p\u00ebr t\u00eb rinjt\u00eb.<\/p>\n<p>\u201c\u00cbsht\u00eb e v\u00ebrtet\u00eb q\u00eb lidhjet midis njer\u00ebzve kan\u00eb qen\u00eb gjithmon\u00eb t\u00eb forta,\u201d tha ajo. \u201cDuhet t\u00eb gjejm\u00eb m\u00ebnyra t\u00eb reja q\u00eb kjo marr\u00ebdh\u00ebnie t\u00eb lul\u00ebzoj\u00eb dhe t\u00eb zgjerohet m\u00eb tej, qoft\u00eb n\u00eb arsim, n\u00eb kultur\u00eb apo n\u00eb fusha t\u00eb tjera.<\/p>\n<p>\u201cKa nj\u00eb mund\u00ebsi t\u00eb jasht\u00ebzakonshme, dhe kjo \u00ebsht\u00eb arsyeja pse jam k\u00ebtu \u2014 p\u00ebr t\u2019u siguruar q\u00eb i zgjerojm\u00eb k\u00ebto mund\u00ebsi.\u201d<\/p>\n<p>Ajo shtoi: \u201cDo t\u00eb inkurajoj gjenerat\u00ebn ton\u00eb t\u00eb re q\u00eb t\u00eb vij\u00eb dhe t\u00eb vizitoj\u00eb Arabin\u00eb Saudite, dhe do t\u00eb doja t\u00eb inkurajoja t\u00eb rinjt\u00eb saudit\u00eb t\u00eb vizitojn\u00eb Kosov\u00ebn. Duke u takuar, duke ndar\u00eb ide dhe p\u00ebrvoja, k\u00ebshtu nd\u00ebrtohen k\u00ebto marr\u00ebdh\u00ebnie.\u201d<\/p>\n<p>Osmani gjithashtu b\u00ebri nj\u00eb ftes\u00eb p\u00ebr udh\u00ebheqjen saudite. \u201cDo t\u00eb ishim t\u00eb nderuar n\u00ebse Lartmadh\u00ebria e Tij Mbret\u00ebrore do t\u00eb vizitonte gjithashtu Republik\u00ebn e Kosov\u00ebs n\u00eb koh\u00ebn q\u00eb e gjen t\u00eb p\u00ebrshtatshme, n\u00eb m\u00ebnyr\u00eb q\u00eb populli i Kosov\u00ebs t\u00eb ket\u00eb mund\u00ebsin\u00eb t\u00eb fal\u00ebnderoj\u00eb udh\u00ebheqjen dhe popullin e Arabis\u00eb Saudite p\u00ebr mb\u00ebshtetjen e dh\u00ebn\u00eb\u201d, tha ajo.<\/p>\n<p>P\u00ebr Osmanin, investimi te t\u00eb rinjt\u00eb \u00ebsht\u00eb \u00e7el\u00ebsi p\u00ebr ta mbajtur marr\u00ebdh\u00ebnien gjall\u00eb.<\/p>\n<p>\u201cQ\u00eb dy vende dhe dy popuj t\u00eb ken\u00eb marr\u00ebdh\u00ebnie t\u00eb shk\u00eblqyera, gjithmon\u00eb duhet t\u00eb p\u00ebrfshish gjenerat\u00ebn e re,\u201d tha ajo. \u201cAta kan\u00eb m\u00eb shum\u00eb energji dhe mund t\u00eb b\u00ebjn\u00eb pun\u00ebn m\u00eb t\u00eb mir\u00eb p\u00ebr t\u2019u siguruar q\u00eb k\u00ebto lidhje njer\u00ebzore t\u00eb b\u00ebhen edhe m\u00eb t\u00eb forta\u201d, tha ajo.<\/p>\n","protected":false},"excerpt":{"rendered":"<p>Prishtin\u00eb 28 Tetor 2025 Presidentja e Kosov\u00ebs Vjosa Osmani, tha se Kosova dhe Arabia Saudite mund t\u00eb nd\u00ebrtojn\u00eb mbi themelet tashm\u00eb t\u00eb forta t\u00eb miq\u00ebsis\u00eb<\/p>\n","protected":false},"author":6,"featured_media":18022,"comment_status":"open","ping_status":"open","sticky":false,"template":"","format":"standard","meta":{"footnotes":""},"categories":[58],"tags":[],"class_list":["post-18021","post","type-post","status-publish","format-standard","has-post-thumbnail","hentry","category-politike-sq"],"yoast_head":"<!-- This site is optimized with the Yoast SEO plugin v25.3.1 - https:\/\/yoast.com\/wordpress\/plugins\/seo\/ -->\n<title>Osmani: Kosova synon epok\u00eb t\u00eb re teknologjike n\u00eb partneritet me Arabin\u00eb -<\/title>\n<meta name=\"robots\" content=\"index, follow, max-snippet:-1, max-image-preview:large, max-video-preview:-1\" \/>\n<link rel=\"canonical\" href=\"https:\/\/veritasinfo.org\/?p=18021\" \/>\n<meta property=\"og:locale\" content=\"en_US\" \/>\n<meta property=\"og:type\" content=\"article\" \/>\n<meta property=\"og:title\" content=\"Osmani: Kosova synon epok\u00eb t\u00eb re teknologjike n\u00eb partneritet me Arabin\u00eb -\" \/>\n<meta property=\"og:description\" content=\"Prishtin\u00eb 28 Tetor 2025 Presidentja e Kosov\u00ebs Vjosa Osmani, tha se Kosova dhe Arabia Saudite mund t\u00eb nd\u00ebrtojn\u00eb mbi themelet tashm\u00eb t\u00eb forta t\u00eb miq\u00ebsis\u00eb\" \/>\n<meta property=\"og:url\" content=\"https:\/\/veritasinfo.org\/?p=18021\" \/>\n<meta property=\"article:published_time\" content=\"2025-10-28T12:19:13+00:00\" \/>\n<meta property=\"og:image\" content=\"https:\/\/veritasinfo.org\/wp-content\/uploads\/2025\/10\/IMG_8203.jpeg\" \/>\n\t<meta property=\"og:image:width\" content=\"780\" \/>\n\t<meta property=\"og:image:height\" content=\"500\" \/>\n\t<meta property=\"og:image:type\" content=\"image\/jpeg\" \/>\n<meta name=\"author\" content=\"US5\" \/>\n<meta name=\"twitter:card\" content=\"summary_large_image\" \/>\n<meta name=\"twitter:label1\" content=\"Written by\" \/>\n\t<meta name=\"twitter:data1\" content=\"US5\" \/>\n\t<meta name=\"twitter:label2\" content=\"Est. reading time\" \/>\n\t<meta name=\"twitter:data2\" content=\"7 minutes\" \/>\n<script type=\"application\/ld+json\" class=\"yoast-schema-graph\">{\"@context\":\"https:\/\/schema.org\",\"@graph\":[{\"@type\":\"WebPage\",\"@id\":\"https:\/\/veritasinfo.org\/?p=18021\",\"url\":\"https:\/\/veritasinfo.org\/?p=18021\",\"name\":\"Osmani: Kosova synon epok\u00eb t\u00eb re teknologjike n\u00eb partneritet me Arabin\u00eb -\",\"isPartOf\":{\"@id\":\"https:\/\/veritasinfo.org\/#website\"},\"primaryImageOfPage\":{\"@id\":\"https:\/\/veritasinfo.org\/?p=18021#primaryimage\"},\"image\":{\"@id\":\"https:\/\/veritasinfo.org\/?p=18021#primaryimage\"},\"thumbnailUrl\":\"https:\/\/veritasinfo.org\/wp-content\/uploads\/2025\/10\/IMG_8203.jpeg\",\"datePublished\":\"2025-10-28T12:19:13+00:00\",\"author\":{\"@id\":\"https:\/\/veritasinfo.org\/#\/schema\/person\/bc442336e35414d04494ab8fb45db4c6\"},\"breadcrumb\":{\"@id\":\"https:\/\/veritasinfo.org\/?p=18021#breadcrumb\"},\"inLanguage\":\"en-US\",\"potentialAction\":[{\"@type\":\"ReadAction\",\"target\":[\"https:\/\/veritasinfo.org\/?p=18021\"]}]},{\"@type\":\"ImageObject\",\"inLanguage\":\"en-US\",\"@id\":\"https:\/\/veritasinfo.org\/?p=18021#primaryimage\",\"url\":\"https:\/\/veritasinfo.org\/wp-content\/uploads\/2025\/10\/IMG_8203.jpeg\",\"contentUrl\":\"https:\/\/veritasinfo.org\/wp-content\/uploads\/2025\/10\/IMG_8203.jpeg\",\"width\":780,\"height\":500},{\"@type\":\"BreadcrumbList\",\"@id\":\"https:\/\/veritasinfo.org\/?p=18021#breadcrumb\",\"itemListElement\":[{\"@type\":\"ListItem\",\"position\":1,\"name\":\"Home\",\"item\":\"https:\/\/veritasinfo.org\/\"},{\"@type\":\"ListItem\",\"position\":2,\"name\":\"Osmani: Kosova synon epok\u00eb t\u00eb re teknologjike n\u00eb partneritet me Arabin\u00eb\"}]},{\"@type\":\"WebSite\",\"@id\":\"https:\/\/veritasinfo.org\/#website\",\"url\":\"https:\/\/veritasinfo.org\/\",\"name\":\"\",\"description\":\"\",\"potentialAction\":[{\"@type\":\"SearchAction\",\"target\":{\"@type\":\"EntryPoint\",\"urlTemplate\":\"https:\/\/veritasinfo.org\/?s={search_term_string}\"},\"query-input\":{\"@type\":\"PropertyValueSpecification\",\"valueRequired\":true,\"valueName\":\"search_term_string\"}}],\"inLanguage\":\"en-US\"},{\"@type\":\"Person\",\"@id\":\"https:\/\/veritasinfo.org\/#\/schema\/person\/bc442336e35414d04494ab8fb45db4c6\",\"name\":\"US5\",\"image\":{\"@type\":\"ImageObject\",\"inLanguage\":\"en-US\",\"@id\":\"https:\/\/veritasinfo.org\/#\/schema\/person\/image\/\",\"url\":\"https:\/\/secure.gravatar.com\/avatar\/16a61e7272a0c5d001121ebb9e60e925d5816e4ac1e443ed3e640d9a6ae55d0c?s=96&d=mm&r=g\",\"contentUrl\":\"https:\/\/secure.gravatar.com\/avatar\/16a61e7272a0c5d001121ebb9e60e925d5816e4ac1e443ed3e640d9a6ae55d0c?s=96&d=mm&r=g\",\"caption\":\"US5\"},\"url\":\"https:\/\/veritasinfo.org\/?author=6\"}]}<\/script>\n<!-- \/ Yoast SEO plugin. -->","yoast_head_json":{"title":"Osmani: Kosova synon epok\u00eb t\u00eb re teknologjike n\u00eb partneritet me Arabin\u00eb -","robots":{"index":"index","follow":"follow","max-snippet":"max-snippet:-1","max-image-preview":"max-image-preview:large","max-video-preview":"max-video-preview:-1"},"canonical":"https:\/\/veritasinfo.org\/?p=18021","og_locale":"en_US","og_type":"article","og_title":"Osmani: Kosova synon epok\u00eb t\u00eb re teknologjike n\u00eb partneritet me Arabin\u00eb -","og_description":"Prishtin\u00eb 28 Tetor 2025 Presidentja e Kosov\u00ebs Vjosa Osmani, tha se Kosova dhe Arabia Saudite mund t\u00eb nd\u00ebrtojn\u00eb mbi themelet tashm\u00eb t\u00eb forta t\u00eb miq\u00ebsis\u00eb","og_url":"https:\/\/veritasinfo.org\/?p=18021","article_published_time":"2025-10-28T12:19:13+00:00","og_image":[{"width":780,"height":500,"url":"https:\/\/veritasinfo.org\/wp-content\/uploads\/2025\/10\/IMG_8203.jpeg","type":"image\/jpeg"}],"author":"US5","twitter_card":"summary_large_image","twitter_misc":{"Written by":"US5","Est. reading time":"7 minutes"},"schema":{"@context":"https:\/\/schema.org","@graph":[{"@type":"WebPage","@id":"https:\/\/veritasinfo.org\/?p=18021","url":"https:\/\/veritasinfo.org\/?p=18021","name":"Osmani: Kosova synon epok\u00eb t\u00eb re teknologjike n\u00eb partneritet me Arabin\u00eb -","isPartOf":{"@id":"https:\/\/veritasinfo.org\/#website"},"primaryImageOfPage":{"@id":"https:\/\/veritasinfo.org\/?p=18021#primaryimage"},"image":{"@id":"https:\/\/veritasinfo.org\/?p=18021#primaryimage"},"thumbnailUrl":"https:\/\/veritasinfo.org\/wp-content\/uploads\/2025\/10\/IMG_8203.jpeg","datePublished":"2025-10-28T12:19:13+00:00","author":{"@id":"https:\/\/veritasinfo.org\/#\/schema\/person\/bc442336e35414d04494ab8fb45db4c6"},"breadcrumb":{"@id":"https:\/\/veritasinfo.org\/?p=18021#breadcrumb"},"inLanguage":"en-US","potentialAction":[{"@type":"ReadAction","target":["https:\/\/veritasinfo.org\/?p=18021"]}]},{"@type":"ImageObject","inLanguage":"en-US","@id":"https:\/\/veritasinfo.org\/?p=18021#primaryimage","url":"https:\/\/veritasinfo.org\/wp-content\/uploads\/2025\/10\/IMG_8203.jpeg","contentUrl":"https:\/\/veritasinfo.org\/wp-content\/uploads\/2025\/10\/IMG_8203.jpeg","width":780,"height":500},{"@type":"BreadcrumbList","@id":"https:\/\/veritasinfo.org\/?p=18021#breadcrumb","itemListElement":[{"@type":"ListItem","position":1,"name":"Home","item":"https:\/\/veritasinfo.org\/"},{"@type":"ListItem","position":2,"name":"Osmani: Kosova synon epok\u00eb t\u00eb re teknologjike n\u00eb partneritet me Arabin\u00eb"}]},{"@type":"WebSite","@id":"https:\/\/veritasinfo.org\/#website","url":"https:\/\/veritasinfo.org\/","name":"","description":"","potentialAction":[{"@type":"SearchAction","target":{"@type":"EntryPoint","urlTemplate":"https:\/\/veritasinfo.org\/?s={search_term_string}"},"query-input":{"@type":"PropertyValueSpecification","valueRequired":true,"valueName":"search_term_string"}}],"inLanguage":"en-US"},{"@type":"Person","@id":"https:\/\/veritasinfo.org\/#\/schema\/person\/bc442336e35414d04494ab8fb45db4c6","name":"US5","image":{"@type":"ImageObject","inLanguage":"en-US","@id":"https:\/\/veritasinfo.org\/#\/schema\/person\/image\/","url":"https:\/\/secure.gravatar.com\/avatar\/16a61e7272a0c5d001121ebb9e60e925d5816e4ac1e443ed3e640d9a6ae55d0c?s=96&d=mm&r=g","contentUrl":"https:\/\/secure.gravatar.com\/avatar\/16a61e7272a0c5d001121ebb9e60e925d5816e4ac1e443ed3e640d9a6ae55d0c?s=96&d=mm&r=g","caption":"US5"},"url":"https:\/\/veritasinfo.org\/?author=6"}]}},"featured_image_urls":{"full":["https:\/\/veritasinfo.org\/wp-content\/uploads\/2025\/10\/IMG_8203.jpeg",780,500,false],"thumbnail":["https:\/\/veritasinfo.org\/wp-content\/uploads\/2025\/10\/IMG_8203-150x150.jpeg",150,150,true],"medium":["https:\/\/veritasinfo.org\/wp-content\/uploads\/2025\/10\/IMG_8203-300x192.jpeg",300,192,true],"medium_large":["https:\/\/veritasinfo.org\/wp-content\/uploads\/2025\/10\/IMG_8203-768x492.jpeg",640,410,true],"large":["https:\/\/veritasinfo.org\/wp-content\/uploads\/2025\/10\/IMG_8203.jpeg",640,410,false],"1536x1536":["https:\/\/veritasinfo.org\/wp-content\/uploads\/2025\/10\/IMG_8203.jpeg",780,500,false],"2048x2048":["https:\/\/veritasinfo.org\/wp-content\/uploads\/2025\/10\/IMG_8203.jpeg",780,500,false],"kreeti-slider-full":["https:\/\/veritasinfo.org\/wp-content\/uploads\/2025\/10\/IMG_8203.jpeg",780,500,false],"kreeti-featured":["https:\/\/veritasinfo.org\/wp-content\/uploads\/2025\/10\/IMG_8203.jpeg",780,500,false],"kreeti-medium":["https:\/\/veritasinfo.org\/wp-content\/uploads\/2025\/10\/IMG_8203.jpeg",720,462,false],"kreeti-medium-square":["https:\/\/veritasinfo.org\/wp-content\/uploads\/2025\/10\/IMG_8203.jpeg",350,224,false]},"author_info":{"info":["US5"]},"category_info":"<a href=\"https:\/\/veritasinfo.org\/?cat=58\" rel=\"category\">Politik\u00eb<\/a>","tag_info":"Politik\u00eb","comment_count":"0","_links":{"self":[{"href":"https:\/\/veritasinfo.org\/index.php?rest_route=\/wp\/v2\/posts\/18021","targetHints":{"allow":["GET"]}}],"collection":[{"href":"https:\/\/veritasinfo.org\/index.php?rest_route=\/wp\/v2\/posts"}],"about":[{"href":"https:\/\/veritasinfo.org\/index.php?rest_route=\/wp\/v2\/types\/post"}],"author":[{"embeddable":true,"href":"https:\/\/veritasinfo.org\/index.php?rest_route=\/wp\/v2\/users\/6"}],"replies":[{"embeddable":true,"href":"https:\/\/veritasinfo.org\/index.php?rest_route=%2Fwp%2Fv2%2Fcomments&post=18021"}],"version-history":[{"count":1,"href":"https:\/\/veritasinfo.org\/index.php?rest_route=\/wp\/v2\/posts\/18021\/revisions"}],"predecessor-version":[{"id":18023,"href":"https:\/\/veritasinfo.org\/index.php?rest_route=\/wp\/v2\/posts\/18021\/revisions\/18023"}],"wp:featuredmedia":[{"embeddable":true,"href":"https:\/\/veritasinfo.org\/index.php?rest_route=\/wp\/v2\/media\/18022"}],"wp:attachment":[{"href":"https:\/\/veritasinfo.org\/index.php?rest_route=%2Fwp%2Fv2%2Fmedia&parent=18021"}],"wp:term":[{"taxonomy":"category","embeddable":true,"href":"https:\/\/veritasinfo.org\/index.php?rest_route=%2Fwp%2Fv2%2Fcategories&post=18021"},{"taxonomy":"post_tag","embeddable":true,"href":"https:\/\/veritasinfo.org\/index.php?rest_route=%2Fwp%2Fv2%2Ftags&post=18021"}],"curies":[{"name":"wp","href":"https:\/\/api.w.org\/{rel}","templated":true}]}}