{"id":1795,"date":"2025-06-28T07:29:42","date_gmt":"2025-06-28T05:29:42","guid":{"rendered":"https:\/\/veritasinfo.org\/?p=1795"},"modified":"2025-06-28T07:29:42","modified_gmt":"2025-06-28T05:29:42","slug":"vuciq-per-shenimin-e-vidovdanit-ne-kosove-do-te-vije-dita-kur-do-te-veshim-fanella-serbe-lirshem","status":"publish","type":"post","link":"https:\/\/veritasinfo.org\/?p=1795","title":{"rendered":"Vu\u00e7iq p\u00ebr sh\u00ebnimin e Vidovdanit n\u00eb Kosov\u00eb: Do t\u00eb vij\u00eb dita kur do t\u00eb veshim fanella serbe lirsh\u00ebm"},"content":{"rendered":"<p>Beograd, 28 Qershor 2025<\/p>\n<p>Presidenti i Serbis\u00eb, Aleksandar Vu\u00e7iq, ka th\u00ebn\u00eb se \u201cdo t\u00eb vij\u00eb dita kur serb\u00ebt do t\u00eb jen\u00eb n\u00eb gjendje t\u00eb veshin fanella serbe dhe t\u00eb bartin flamuj serb\u00eb kudo dhe krejt t\u00eb lir\u00eb\u201d, tek i ka komentuar paralajm\u00ebrimet e autoriteteve t\u00eb Kosov\u00ebs p\u00ebr sh\u00ebnimin e Vidovdanit n\u00eb Gazimestan.<\/p>\n<div class=\"instream-video\">\n<div data-id=\"2kQm8Ze4251g\">\n<div class=\"orp-player-wrapper orp-aspectRateFixed orp-tiny-size orp-player-ipm orp-force-hide-player\"><\/div>\n<\/div>\n<\/div>\n<p>T\u00eb premten, kryeministri n\u00eb detyr\u00eb i Kosov\u00ebs, Albin Kurti, ka paralajm\u00ebruar se tubimi i t\u00eb shtun\u00ebs p\u00ebr Vidovdan do t\u00eb jet\u00eb masiv dhe se mund t\u00eb shfryt\u00ebzohet nga pushteti n\u00eb Serbi p\u00ebr t\u00eb nxitur incidente n\u00eb Gazimestan. Ai ka th\u00ebn\u00eb se p\u00ebr k\u00ebt\u00eb paralajm\u00ebrim bazohet n\u00eb vler\u00ebsimet e institucioneve t\u00eb siguris\u00eb dhe inteligjenc\u00ebs. Ka shtuar se ka p\u00ebrpjekje q\u00eb tubimi t\u00eb jet\u00eb masiv dhe se jan\u00eb organizuar grupe nga Serbia, Mali i Zi e Bosnj\u00eb-Hercegovina q\u00eb t\u00eb vijn\u00eb n\u00eb Kosov\u00eb. Kurti ka kujtuar se tradicionalisht grupe t\u00eb tilla kan\u00eb qen\u00eb provokuese dhe bartin simbole nacionaliste serbe e ruse.<\/p>\n<p>E Vu\u00e7iqi ka komentuar vendimin e Gjykat\u00ebs Themelore n\u00eb Prishtin\u00eb q\u00eb jav\u00eb m\u00eb par\u00eb shfuqizoi vendimin e Komun\u00ebs s\u00eb Gra\u00e7anic\u00ebs p\u00ebr shfaqjen e flamurit t\u00eb Serbis\u00eb p\u00ebr nder t\u00eb Vidovdanit m\u00eb 2024. Ai u ka b\u00ebr\u00eb thirrje qytetar\u00ebve serb\u00eb q\u00eb do t\u00eb vijn\u00eb n\u00eb Kosov\u00eb \u201cq\u00eb t\u00eb mos i japin mund\u00ebsi Kurtit p\u00ebr t\u2019i arrestuar\u201d.<\/p>\n<p>\u201cU k\u00ebrkoj t\u00eb rinjve e t\u00eb rejave nga Serbia q\u00eb do t\u00eb shkojn\u00eb nes\u00ebr n\u00eb Kosov\u00eb q\u00eb t\u00eb mos i japin shans Kurtit p\u00ebr t\u2019i arrestuar. E dini se sa serb\u00eb i kemi nxjerr\u00eb nga burgu dhe kemi pasur v\u00ebshtir\u00ebsi n\u00eb k\u00ebt\u00eb\u201d, ka th\u00ebn\u00eb ai p\u00ebr \u201cTV Pink\u201d duke cituar edhe shembullin e djalit t\u00eb tij, Danilo. Si\u00e7 ka th\u00ebn\u00eb ai, \u201cdo t\u00eb vij\u00eb koha kur t\u00eb gjith\u00eb do t\u00eb mund t\u00eb veshim fanella serbe e t\u00eb bartim flamuj serb\u00eb kudo dhe t\u00ebr\u00ebsisht t\u00eb lir\u00eb\u201d.<\/p>\n<p>N\u00eb arsyetimin e gjykat\u00ebs \u00ebsht\u00eb theksuar se komuna i ka tejkaluar kompetencat e saj dhe ka vepruar n\u00eb kund\u00ebrshtim me ligjet e Kosov\u00ebs, pasi q\u00eb e ka miratuar nj\u00eb vendim p\u00ebr shfaqjen e flamurit t\u00eb Serbis\u00eb m\u00eb 28 qershor, dit\u00eb q\u00eb nuk \u00ebsht\u00eb e p\u00ebrcaktuar si fest\u00eb zyrtare n\u00eb Kosov\u00eb.<\/p>\n<p>Kryeministri n\u00eb detyr\u00eb, Albin Kurti, ka theksuar se tubimet p\u00ebr Vidovdan duhet t\u00eb mbahen n\u00eb p\u00ebrputhje me ligjin, \u201cjo t\u00eb shnd\u00ebrrohen n\u00eb mjet p\u00ebr instrumentalizim politik nga autoritetet n\u00eb Beograd\u201d.<\/p>\n<p>Tubimet e serb\u00ebve p\u00ebr sh\u00ebnimin e Vidovdanit r\u00ebndom jan\u00eb siguruar nga pjes\u00ebtar\u00eb t\u00eb Policis\u00eb s\u00eb Kosov\u00ebs. N\u00eb Polici kan\u00eb njoftuar t\u00eb premten se p\u00ebr ngjarjen e s\u00eb shtun\u00ebs jan\u00eb planifikuar masa, n\u00eb m\u00ebnyr\u00eb q\u00eb ajo t\u00eb kaloj\u00eb e qet\u00eb dhe pa incidente.<\/p>\n<p>Vitin e shkuar, festimet e Vidovdanit n\u00eb Gazimestan kan\u00eb kaluar pa ndonj\u00eb incident. Por, viteve paraprake ka pasur arrestime p\u00ebr nxitje t\u00eb urrejtjes fetare dhe komb\u00ebtare, nd\u00ebrsa m\u00eb 2023, Vidovdani nuk \u00ebsht\u00eb festuar n\u00eb Gazimestan, p\u00ebr shkak t\u00eb p\u00ebrkeq\u00ebsimit t\u00eb situat\u00ebs s\u00eb siguris\u00eb n\u00eb veri.<\/p>\n<p>Gazimestani n\u00eb Kosov\u00eb njihet edhe p\u00ebr fjalimin e ish-presidentit t\u00eb Serbis\u00eb, Sllobodan Millosheviq, i cili m\u00eb 28 qershor 1989 nuk i p\u00ebrjashtoi \u201cbetejat e armatosura\u201d. Ky fjalim u pat par\u00eb nga shum\u00eb njer\u00ebz si paralajm\u00ebrim i luft\u00ebrave q\u00eb kan\u00eb pasuar n\u00eb vitet \u201890 n\u00eb ish-Jugosllavi.<\/p>\n<p>&nbsp;<\/p>\n","protected":false},"excerpt":{"rendered":"<p>Beograd, 28 Qershor 2025 Presidenti i Serbis\u00eb, Aleksandar Vu\u00e7iq, ka th\u00ebn\u00eb se \u201cdo t\u00eb vij\u00eb dita kur serb\u00ebt do t\u00eb jen\u00eb n\u00eb gjendje t\u00eb veshin<\/p>\n","protected":false},"author":1,"featured_media":1485,"comment_status":"open","ping_status":"open","sticky":false,"template":"","format":"standard","meta":{"footnotes":""},"categories":[58],"tags":[],"class_list":["post-1795","post","type-post","status-publish","format-standard","has-post-thumbnail","hentry","category-politike-sq"],"yoast_head":"<!-- This site is optimized with the Yoast SEO plugin v25.3.1 - https:\/\/yoast.com\/wordpress\/plugins\/seo\/ -->\n<title>Vu\u00e7iq p\u00ebr sh\u00ebnimin e Vidovdanit n\u00eb Kosov\u00eb: Do t\u00eb vij\u00eb dita kur do t\u00eb veshim fanella serbe lirsh\u00ebm -<\/title>\n<meta name=\"robots\" content=\"index, follow, max-snippet:-1, max-image-preview:large, max-video-preview:-1\" \/>\n<link rel=\"canonical\" href=\"https:\/\/veritasinfo.org\/?p=1795\" \/>\n<meta property=\"og:locale\" content=\"en_US\" \/>\n<meta property=\"og:type\" content=\"article\" \/>\n<meta property=\"og:title\" content=\"Vu\u00e7iq p\u00ebr sh\u00ebnimin e Vidovdanit n\u00eb Kosov\u00eb: Do t\u00eb vij\u00eb dita kur do t\u00eb veshim fanella serbe lirsh\u00ebm -\" \/>\n<meta property=\"og:description\" content=\"Beograd, 28 Qershor 2025 Presidenti i Serbis\u00eb, Aleksandar Vu\u00e7iq, ka th\u00ebn\u00eb se \u201cdo t\u00eb vij\u00eb dita kur serb\u00ebt do t\u00eb jen\u00eb n\u00eb gjendje t\u00eb veshin\" \/>\n<meta property=\"og:url\" content=\"https:\/\/veritasinfo.org\/?p=1795\" \/>\n<meta property=\"article:published_time\" content=\"2025-06-28T05:29:42+00:00\" \/>\n<meta property=\"og:image\" content=\"https:\/\/veritasinfo.org\/wp-content\/uploads\/2025\/06\/Vuqic.webp\" \/>\n\t<meta property=\"og:image:width\" content=\"680\" \/>\n\t<meta property=\"og:image:height\" content=\"434\" \/>\n\t<meta property=\"og:image:type\" content=\"image\/webp\" \/>\n<meta name=\"author\" content=\"admin\" \/>\n<meta name=\"twitter:card\" content=\"summary_large_image\" \/>\n<meta name=\"twitter:label1\" content=\"Written by\" \/>\n\t<meta name=\"twitter:data1\" content=\"admin\" \/>\n\t<meta name=\"twitter:label2\" content=\"Est. reading time\" \/>\n\t<meta name=\"twitter:data2\" content=\"3 minutes\" \/>\n<script type=\"application\/ld+json\" class=\"yoast-schema-graph\">{\"@context\":\"https:\/\/schema.org\",\"@graph\":[{\"@type\":\"WebPage\",\"@id\":\"https:\/\/veritasinfo.org\/?p=1795\",\"url\":\"https:\/\/veritasinfo.org\/?p=1795\",\"name\":\"Vu\u00e7iq p\u00ebr sh\u00ebnimin e Vidovdanit n\u00eb Kosov\u00eb: Do t\u00eb vij\u00eb dita kur do t\u00eb veshim fanella serbe lirsh\u00ebm -\",\"isPartOf\":{\"@id\":\"https:\/\/veritasinfo.org\/#website\"},\"primaryImageOfPage\":{\"@id\":\"https:\/\/veritasinfo.org\/?p=1795#primaryimage\"},\"image\":{\"@id\":\"https:\/\/veritasinfo.org\/?p=1795#primaryimage\"},\"thumbnailUrl\":\"https:\/\/veritasinfo.org\/wp-content\/uploads\/2025\/06\/Vuqic.webp\",\"datePublished\":\"2025-06-28T05:29:42+00:00\",\"author\":{\"@id\":\"https:\/\/veritasinfo.org\/#\/schema\/person\/7701f8c088bece422266b100a712374f\"},\"breadcrumb\":{\"@id\":\"https:\/\/veritasinfo.org\/?p=1795#breadcrumb\"},\"inLanguage\":\"en-US\",\"potentialAction\":[{\"@type\":\"ReadAction\",\"target\":[\"https:\/\/veritasinfo.org\/?p=1795\"]}]},{\"@type\":\"ImageObject\",\"inLanguage\":\"en-US\",\"@id\":\"https:\/\/veritasinfo.org\/?p=1795#primaryimage\",\"url\":\"https:\/\/veritasinfo.org\/wp-content\/uploads\/2025\/06\/Vuqic.webp\",\"contentUrl\":\"https:\/\/veritasinfo.org\/wp-content\/uploads\/2025\/06\/Vuqic.webp\",\"width\":680,\"height\":434},{\"@type\":\"BreadcrumbList\",\"@id\":\"https:\/\/veritasinfo.org\/?p=1795#breadcrumb\",\"itemListElement\":[{\"@type\":\"ListItem\",\"position\":1,\"name\":\"Home\",\"item\":\"https:\/\/veritasinfo.org\/\"},{\"@type\":\"ListItem\",\"position\":2,\"name\":\"Vu\u00e7iq p\u00ebr sh\u00ebnimin e Vidovdanit n\u00eb Kosov\u00eb: Do t\u00eb vij\u00eb dita kur do t\u00eb veshim fanella serbe lirsh\u00ebm\"}]},{\"@type\":\"WebSite\",\"@id\":\"https:\/\/veritasinfo.org\/#website\",\"url\":\"https:\/\/veritasinfo.org\/\",\"name\":\"\",\"description\":\"\",\"potentialAction\":[{\"@type\":\"SearchAction\",\"target\":{\"@type\":\"EntryPoint\",\"urlTemplate\":\"https:\/\/veritasinfo.org\/?s={search_term_string}\"},\"query-input\":{\"@type\":\"PropertyValueSpecification\",\"valueRequired\":true,\"valueName\":\"search_term_string\"}}],\"inLanguage\":\"en-US\"},{\"@type\":\"Person\",\"@id\":\"https:\/\/veritasinfo.org\/#\/schema\/person\/7701f8c088bece422266b100a712374f\",\"name\":\"admin\",\"image\":{\"@type\":\"ImageObject\",\"inLanguage\":\"en-US\",\"@id\":\"https:\/\/veritasinfo.org\/#\/schema\/person\/image\/\",\"url\":\"https:\/\/secure.gravatar.com\/avatar\/ea53aa3bf6c9a12d5fde8ce4deff43fef3885ae33cf60184161a50d6987cfd2f?s=96&d=mm&r=g\",\"contentUrl\":\"https:\/\/secure.gravatar.com\/avatar\/ea53aa3bf6c9a12d5fde8ce4deff43fef3885ae33cf60184161a50d6987cfd2f?s=96&d=mm&r=g\",\"caption\":\"admin\"},\"sameAs\":[\"https:\/\/veritasinfo.org\"],\"url\":\"https:\/\/veritasinfo.org\/?author=1\"}]}<\/script>\n<!-- \/ Yoast SEO plugin. -->","yoast_head_json":{"title":"Vu\u00e7iq p\u00ebr sh\u00ebnimin e Vidovdanit n\u00eb Kosov\u00eb: Do t\u00eb vij\u00eb dita kur do t\u00eb veshim fanella serbe lirsh\u00ebm -","robots":{"index":"index","follow":"follow","max-snippet":"max-snippet:-1","max-image-preview":"max-image-preview:large","max-video-preview":"max-video-preview:-1"},"canonical":"https:\/\/veritasinfo.org\/?p=1795","og_locale":"en_US","og_type":"article","og_title":"Vu\u00e7iq p\u00ebr sh\u00ebnimin e Vidovdanit n\u00eb Kosov\u00eb: Do t\u00eb vij\u00eb dita kur do t\u00eb veshim fanella serbe lirsh\u00ebm -","og_description":"Beograd, 28 Qershor 2025 Presidenti i Serbis\u00eb, Aleksandar Vu\u00e7iq, ka th\u00ebn\u00eb se \u201cdo t\u00eb vij\u00eb dita kur serb\u00ebt do t\u00eb jen\u00eb n\u00eb gjendje t\u00eb veshin","og_url":"https:\/\/veritasinfo.org\/?p=1795","article_published_time":"2025-06-28T05:29:42+00:00","og_image":[{"width":680,"height":434,"url":"https:\/\/veritasinfo.org\/wp-content\/uploads\/2025\/06\/Vuqic.webp","type":"image\/webp"}],"author":"admin","twitter_card":"summary_large_image","twitter_misc":{"Written by":"admin","Est. reading time":"3 minutes"},"schema":{"@context":"https:\/\/schema.org","@graph":[{"@type":"WebPage","@id":"https:\/\/veritasinfo.org\/?p=1795","url":"https:\/\/veritasinfo.org\/?p=1795","name":"Vu\u00e7iq p\u00ebr sh\u00ebnimin e Vidovdanit n\u00eb Kosov\u00eb: Do t\u00eb vij\u00eb dita kur do t\u00eb veshim fanella serbe lirsh\u00ebm -","isPartOf":{"@id":"https:\/\/veritasinfo.org\/#website"},"primaryImageOfPage":{"@id":"https:\/\/veritasinfo.org\/?p=1795#primaryimage"},"image":{"@id":"https:\/\/veritasinfo.org\/?p=1795#primaryimage"},"thumbnailUrl":"https:\/\/veritasinfo.org\/wp-content\/uploads\/2025\/06\/Vuqic.webp","datePublished":"2025-06-28T05:29:42+00:00","author":{"@id":"https:\/\/veritasinfo.org\/#\/schema\/person\/7701f8c088bece422266b100a712374f"},"breadcrumb":{"@id":"https:\/\/veritasinfo.org\/?p=1795#breadcrumb"},"inLanguage":"en-US","potentialAction":[{"@type":"ReadAction","target":["https:\/\/veritasinfo.org\/?p=1795"]}]},{"@type":"ImageObject","inLanguage":"en-US","@id":"https:\/\/veritasinfo.org\/?p=1795#primaryimage","url":"https:\/\/veritasinfo.org\/wp-content\/uploads\/2025\/06\/Vuqic.webp","contentUrl":"https:\/\/veritasinfo.org\/wp-content\/uploads\/2025\/06\/Vuqic.webp","width":680,"height":434},{"@type":"BreadcrumbList","@id":"https:\/\/veritasinfo.org\/?p=1795#breadcrumb","itemListElement":[{"@type":"ListItem","position":1,"name":"Home","item":"https:\/\/veritasinfo.org\/"},{"@type":"ListItem","position":2,"name":"Vu\u00e7iq p\u00ebr sh\u00ebnimin e Vidovdanit n\u00eb Kosov\u00eb: Do t\u00eb vij\u00eb dita kur do t\u00eb veshim fanella serbe lirsh\u00ebm"}]},{"@type":"WebSite","@id":"https:\/\/veritasinfo.org\/#website","url":"https:\/\/veritasinfo.org\/","name":"","description":"","potentialAction":[{"@type":"SearchAction","target":{"@type":"EntryPoint","urlTemplate":"https:\/\/veritasinfo.org\/?s={search_term_string}"},"query-input":{"@type":"PropertyValueSpecification","valueRequired":true,"valueName":"search_term_string"}}],"inLanguage":"en-US"},{"@type":"Person","@id":"https:\/\/veritasinfo.org\/#\/schema\/person\/7701f8c088bece422266b100a712374f","name":"admin","image":{"@type":"ImageObject","inLanguage":"en-US","@id":"https:\/\/veritasinfo.org\/#\/schema\/person\/image\/","url":"https:\/\/secure.gravatar.com\/avatar\/ea53aa3bf6c9a12d5fde8ce4deff43fef3885ae33cf60184161a50d6987cfd2f?s=96&d=mm&r=g","contentUrl":"https:\/\/secure.gravatar.com\/avatar\/ea53aa3bf6c9a12d5fde8ce4deff43fef3885ae33cf60184161a50d6987cfd2f?s=96&d=mm&r=g","caption":"admin"},"sameAs":["https:\/\/veritasinfo.org"],"url":"https:\/\/veritasinfo.org\/?author=1"}]}},"featured_image_urls":{"full":["https:\/\/veritasinfo.org\/wp-content\/uploads\/2025\/06\/Vuqic.webp",680,434,false],"thumbnail":["https:\/\/veritasinfo.org\/wp-content\/uploads\/2025\/06\/Vuqic-150x150.webp",150,150,true],"medium":["https:\/\/veritasinfo.org\/wp-content\/uploads\/2025\/06\/Vuqic-300x191.webp",300,191,true],"medium_large":["https:\/\/veritasinfo.org\/wp-content\/uploads\/2025\/06\/Vuqic.webp",640,408,false],"large":["https:\/\/veritasinfo.org\/wp-content\/uploads\/2025\/06\/Vuqic.webp",640,408,false],"1536x1536":["https:\/\/veritasinfo.org\/wp-content\/uploads\/2025\/06\/Vuqic.webp",680,434,false],"2048x2048":["https:\/\/veritasinfo.org\/wp-content\/uploads\/2025\/06\/Vuqic.webp",680,434,false],"kreeti-slider-full":["https:\/\/veritasinfo.org\/wp-content\/uploads\/2025\/06\/Vuqic.webp",680,434,false],"kreeti-featured":["https:\/\/veritasinfo.org\/wp-content\/uploads\/2025\/06\/Vuqic.webp",680,434,false],"kreeti-medium":["https:\/\/veritasinfo.org\/wp-content\/uploads\/2025\/06\/Vuqic.webp",680,434,false],"kreeti-medium-square":["https:\/\/veritasinfo.org\/wp-content\/uploads\/2025\/06\/Vuqic.webp",350,223,false]},"author_info":{"info":["admin"]},"category_info":"<a href=\"https:\/\/veritasinfo.org\/?cat=58\" rel=\"category\">Politik\u00eb<\/a>","tag_info":"Politik\u00eb","comment_count":"0","_links":{"self":[{"href":"https:\/\/veritasinfo.org\/index.php?rest_route=\/wp\/v2\/posts\/1795","targetHints":{"allow":["GET"]}}],"collection":[{"href":"https:\/\/veritasinfo.org\/index.php?rest_route=\/wp\/v2\/posts"}],"about":[{"href":"https:\/\/veritasinfo.org\/index.php?rest_route=\/wp\/v2\/types\/post"}],"author":[{"embeddable":true,"href":"https:\/\/veritasinfo.org\/index.php?rest_route=\/wp\/v2\/users\/1"}],"replies":[{"embeddable":true,"href":"https:\/\/veritasinfo.org\/index.php?rest_route=%2Fwp%2Fv2%2Fcomments&post=1795"}],"version-history":[{"count":1,"href":"https:\/\/veritasinfo.org\/index.php?rest_route=\/wp\/v2\/posts\/1795\/revisions"}],"predecessor-version":[{"id":1796,"href":"https:\/\/veritasinfo.org\/index.php?rest_route=\/wp\/v2\/posts\/1795\/revisions\/1796"}],"wp:featuredmedia":[{"embeddable":true,"href":"https:\/\/veritasinfo.org\/index.php?rest_route=\/wp\/v2\/media\/1485"}],"wp:attachment":[{"href":"https:\/\/veritasinfo.org\/index.php?rest_route=%2Fwp%2Fv2%2Fmedia&parent=1795"}],"wp:term":[{"taxonomy":"category","embeddable":true,"href":"https:\/\/veritasinfo.org\/index.php?rest_route=%2Fwp%2Fv2%2Fcategories&post=1795"},{"taxonomy":"post_tag","embeddable":true,"href":"https:\/\/veritasinfo.org\/index.php?rest_route=%2Fwp%2Fv2%2Ftags&post=1795"}],"curies":[{"name":"wp","href":"https:\/\/api.w.org\/{rel}","templated":true}]}}