{"id":17916,"date":"2025-10-27T18:02:55","date_gmt":"2025-10-27T17:02:55","guid":{"rendered":"https:\/\/veritasinfo.org\/?p=17916"},"modified":"2025-10-27T18:02:55","modified_gmt":"2025-10-27T17:02:55","slug":"ceshtja-e-presidentit-kurti-pas-zgjedhjeve-ne-dimer-mund-te-kemi-serish-zgjedhje-ne-pranvere","status":"publish","type":"post","link":"https:\/\/veritasinfo.org\/?p=17916","title":{"rendered":"\u00c7\u00ebshtja e Presidentit, Kurti: Pas zgjedhjeve n\u00eb dim\u00ebr, mund t\u00eb kemi s\u00ebrish zgjedhje n\u00eb pranver\u00eb"},"content":{"rendered":"<p>Prishtin\u00eb, 27 tetor<\/p>\n<p>Kryeministri n\u00eb detyr\u00eb, Albin Kurti, ka deklaruar se L\u00ebvizja Vet\u00ebvendosje nuk ka marr\u00eb ende ftes\u00eb nga presidentja Vjosa Osmani lidhur me mandatarin p\u00ebr formimin e qeveris\u00eb s\u00eb re.<\/p>\n<p>N\u00eb nj\u00eb konferenc\u00eb p\u00ebr media, Kurti tha se, sipas Kushtetut\u00ebs, \u00e7\u00ebshtja e mandatarit p\u00ebr her\u00ebn e dyt\u00eb \u00ebsht\u00eb n\u00eb diskrecionin e presidentes, por shtoi se nga zhvillimet e fundit duket se vendi po shkon drejt zgjedhjeve t\u00eb reja.<\/p>\n<p>\u201cNuk kemi marr\u00eb ftes\u00eb nga presidentja Vjosa Osmani. E dim\u00eb se p\u00ebr her\u00ebn e dyt\u00eb \u00ebsht\u00eb n\u00eb diskrecionin e saj \u00e7\u00ebshtja e mandatarit p\u00ebr formimin e qeveris\u00eb. Nga ajo q\u00eb d\u00ebgjuam dje, duket se t\u00eb gjith\u00eb po p\u00ebrgatiten p\u00ebr zgjedhje t\u00eb reja dhe p\u00ebr balotazhin n\u00eb zgjedhjet lokale\u201d, tha Kurti.<\/p>\n<p>Ai shtoi se \u00ebsht\u00eb p\u00ebr t\u00eb ardhur keq q\u00eb vendi mund t\u00eb p\u00ebrballet me disa pal\u00eb zgjedhje brenda nj\u00eb periudhe t\u00eb shkurt\u00ebr kohore.<\/p>\n<p>\u201cMbase \u00ebsht\u00eb p\u00ebr t\u00eb ardhur keq \u2014 p\u00ebrve\u00e7 balotazhit, edhe dy her\u00eb t\u00eb tjera zgjedhje. Edhe zgjedhje n\u00eb dim\u00ebr edhe zgjedhje n\u00eb pranver\u00eb, sepse kur nuk arrit\u00ebm t\u2019i b\u00ebjm\u00eb 61 deputet\u00eb p\u00ebr nj\u00eb qeveri t\u00eb re, at\u00ebher\u00eb \u00ebsht\u00eb e pamundur t\u2019i b\u00ebjm\u00eb 80 deputet\u00eb p\u00ebr zgjedhjen e presidentes. Kemi mundur s\u00eb paku k\u00ebto zgjedhjet e dhjetorit t\u2019i evitojm\u00eb,\u201d tha ai.<\/p>\n<p>M\u00eb tej duke p\u00ebrmendur Ligjin p\u00ebr Qeverin\u00eb, theksoi se mund t\u00eb propozoj\u00eb projektbuxhetin p\u00ebr vitin 2026, porse nuk do t\u00eb thot\u00eb se puna mbaron aty.<\/p>\n<p>\u201cCili do t\u00eb ishte buxheti q\u00eb do t\u00eb kishte mazhoranc\u00ebn prej 61 votave, e ku dihet se duhet votuar n\u00eb dy lexime projektbuxheti\u201d, tha Kurti.<\/p>\n<p>Kjo deklarat\u00eb e Kurtit vjen pas d\u00ebshtimit t\u00eb Kuvendit p\u00ebr t\u00eb miratuar kabinetin e ri qeveritar t\u00eb propozuar nga Vet\u00ebvendosje, me vet\u00ebm 56 vota p\u00ebr, 52 kund\u00ebr dhe 4 abstenime.<\/p>\n<p>&nbsp;<\/p>\n","protected":false},"excerpt":{"rendered":"<p>Prishtin\u00eb, 27 tetor Kryeministri n\u00eb detyr\u00eb, Albin Kurti, ka deklaruar se L\u00ebvizja Vet\u00ebvendosje nuk ka marr\u00eb ende ftes\u00eb nga presidentja Vjosa Osmani lidhur me mandatarin<\/p>\n","protected":false},"author":7,"featured_media":17917,"comment_status":"open","ping_status":"open","sticky":false,"template":"","format":"standard","meta":{"footnotes":""},"categories":[58],"tags":[],"class_list":["post-17916","post","type-post","status-publish","format-standard","has-post-thumbnail","hentry","category-politike-sq"],"yoast_head":"<!-- This site is optimized with the Yoast SEO plugin v25.3.1 - https:\/\/yoast.com\/wordpress\/plugins\/seo\/ -->\n<title>\u00c7\u00ebshtja e Presidentit, Kurti: Pas zgjedhjeve n\u00eb dim\u00ebr, mund t\u00eb kemi s\u00ebrish zgjedhje n\u00eb pranver\u00eb -<\/title>\n<meta name=\"robots\" content=\"index, follow, max-snippet:-1, max-image-preview:large, max-video-preview:-1\" \/>\n<link rel=\"canonical\" href=\"https:\/\/veritasinfo.org\/?p=17916\" \/>\n<meta property=\"og:locale\" content=\"en_US\" \/>\n<meta property=\"og:type\" content=\"article\" \/>\n<meta property=\"og:title\" content=\"\u00c7\u00ebshtja e Presidentit, Kurti: Pas zgjedhjeve n\u00eb dim\u00ebr, mund t\u00eb kemi s\u00ebrish zgjedhje n\u00eb pranver\u00eb -\" \/>\n<meta property=\"og:description\" content=\"Prishtin\u00eb, 27 tetor Kryeministri n\u00eb detyr\u00eb, Albin Kurti, ka deklaruar se L\u00ebvizja Vet\u00ebvendosje nuk ka marr\u00eb ende ftes\u00eb nga presidentja Vjosa Osmani lidhur me mandatarin\" \/>\n<meta property=\"og:url\" content=\"https:\/\/veritasinfo.org\/?p=17916\" \/>\n<meta property=\"article:published_time\" content=\"2025-10-27T17:02:55+00:00\" \/>\n<meta property=\"og:image\" content=\"https:\/\/veritasinfo.org\/wp-content\/uploads\/2025\/10\/Screenshot-2025-10-27-180218.jpg\" \/>\n\t<meta property=\"og:image:width\" content=\"1009\" \/>\n\t<meta property=\"og:image:height\" content=\"675\" \/>\n\t<meta property=\"og:image:type\" content=\"image\/jpeg\" \/>\n<meta name=\"author\" content=\"US6\" \/>\n<meta name=\"twitter:card\" content=\"summary_large_image\" \/>\n<meta name=\"twitter:label1\" content=\"Written by\" \/>\n\t<meta name=\"twitter:data1\" content=\"US6\" \/>\n\t<meta name=\"twitter:label2\" content=\"Est. reading time\" \/>\n\t<meta name=\"twitter:data2\" content=\"2 minutes\" \/>\n<script type=\"application\/ld+json\" class=\"yoast-schema-graph\">{\"@context\":\"https:\/\/schema.org\",\"@graph\":[{\"@type\":\"WebPage\",\"@id\":\"https:\/\/veritasinfo.org\/?p=17916\",\"url\":\"https:\/\/veritasinfo.org\/?p=17916\",\"name\":\"\u00c7\u00ebshtja e Presidentit, Kurti: Pas zgjedhjeve n\u00eb dim\u00ebr, mund t\u00eb kemi s\u00ebrish zgjedhje n\u00eb pranver\u00eb -\",\"isPartOf\":{\"@id\":\"https:\/\/veritasinfo.org\/#website\"},\"primaryImageOfPage\":{\"@id\":\"https:\/\/veritasinfo.org\/?p=17916#primaryimage\"},\"image\":{\"@id\":\"https:\/\/veritasinfo.org\/?p=17916#primaryimage\"},\"thumbnailUrl\":\"https:\/\/veritasinfo.org\/wp-content\/uploads\/2025\/10\/Screenshot-2025-10-27-180218.jpg\",\"datePublished\":\"2025-10-27T17:02:55+00:00\",\"author\":{\"@id\":\"https:\/\/veritasinfo.org\/#\/schema\/person\/fe199eede04c3937362892b7444747cc\"},\"breadcrumb\":{\"@id\":\"https:\/\/veritasinfo.org\/?p=17916#breadcrumb\"},\"inLanguage\":\"en-US\",\"potentialAction\":[{\"@type\":\"ReadAction\",\"target\":[\"https:\/\/veritasinfo.org\/?p=17916\"]}]},{\"@type\":\"ImageObject\",\"inLanguage\":\"en-US\",\"@id\":\"https:\/\/veritasinfo.org\/?p=17916#primaryimage\",\"url\":\"https:\/\/veritasinfo.org\/wp-content\/uploads\/2025\/10\/Screenshot-2025-10-27-180218.jpg\",\"contentUrl\":\"https:\/\/veritasinfo.org\/wp-content\/uploads\/2025\/10\/Screenshot-2025-10-27-180218.jpg\",\"width\":1009,\"height\":675},{\"@type\":\"BreadcrumbList\",\"@id\":\"https:\/\/veritasinfo.org\/?p=17916#breadcrumb\",\"itemListElement\":[{\"@type\":\"ListItem\",\"position\":1,\"name\":\"Home\",\"item\":\"https:\/\/veritasinfo.org\/\"},{\"@type\":\"ListItem\",\"position\":2,\"name\":\"\u00c7\u00ebshtja e Presidentit, Kurti: Pas zgjedhjeve n\u00eb dim\u00ebr, mund t\u00eb kemi s\u00ebrish zgjedhje n\u00eb pranver\u00eb\"}]},{\"@type\":\"WebSite\",\"@id\":\"https:\/\/veritasinfo.org\/#website\",\"url\":\"https:\/\/veritasinfo.org\/\",\"name\":\"\",\"description\":\"\",\"potentialAction\":[{\"@type\":\"SearchAction\",\"target\":{\"@type\":\"EntryPoint\",\"urlTemplate\":\"https:\/\/veritasinfo.org\/?s={search_term_string}\"},\"query-input\":{\"@type\":\"PropertyValueSpecification\",\"valueRequired\":true,\"valueName\":\"search_term_string\"}}],\"inLanguage\":\"en-US\"},{\"@type\":\"Person\",\"@id\":\"https:\/\/veritasinfo.org\/#\/schema\/person\/fe199eede04c3937362892b7444747cc\",\"name\":\"US6\",\"image\":{\"@type\":\"ImageObject\",\"inLanguage\":\"en-US\",\"@id\":\"https:\/\/veritasinfo.org\/#\/schema\/person\/image\/\",\"url\":\"https:\/\/secure.gravatar.com\/avatar\/cb16c3c31c9d23b9b8c705964598220b3014e42ff51eb540ff23cefa3ae8c15f?s=96&d=mm&r=g\",\"contentUrl\":\"https:\/\/secure.gravatar.com\/avatar\/cb16c3c31c9d23b9b8c705964598220b3014e42ff51eb540ff23cefa3ae8c15f?s=96&d=mm&r=g\",\"caption\":\"US6\"},\"url\":\"https:\/\/veritasinfo.org\/?author=7\"}]}<\/script>\n<!-- \/ Yoast SEO plugin. -->","yoast_head_json":{"title":"\u00c7\u00ebshtja e Presidentit, Kurti: Pas zgjedhjeve n\u00eb dim\u00ebr, mund t\u00eb kemi s\u00ebrish zgjedhje n\u00eb pranver\u00eb -","robots":{"index":"index","follow":"follow","max-snippet":"max-snippet:-1","max-image-preview":"max-image-preview:large","max-video-preview":"max-video-preview:-1"},"canonical":"https:\/\/veritasinfo.org\/?p=17916","og_locale":"en_US","og_type":"article","og_title":"\u00c7\u00ebshtja e Presidentit, Kurti: Pas zgjedhjeve n\u00eb dim\u00ebr, mund t\u00eb kemi s\u00ebrish zgjedhje n\u00eb pranver\u00eb -","og_description":"Prishtin\u00eb, 27 tetor Kryeministri n\u00eb detyr\u00eb, Albin Kurti, ka deklaruar se L\u00ebvizja Vet\u00ebvendosje nuk ka marr\u00eb ende ftes\u00eb nga presidentja Vjosa Osmani lidhur me mandatarin","og_url":"https:\/\/veritasinfo.org\/?p=17916","article_published_time":"2025-10-27T17:02:55+00:00","og_image":[{"width":1009,"height":675,"url":"https:\/\/veritasinfo.org\/wp-content\/uploads\/2025\/10\/Screenshot-2025-10-27-180218.jpg","type":"image\/jpeg"}],"author":"US6","twitter_card":"summary_large_image","twitter_misc":{"Written by":"US6","Est. reading time":"2 minutes"},"schema":{"@context":"https:\/\/schema.org","@graph":[{"@type":"WebPage","@id":"https:\/\/veritasinfo.org\/?p=17916","url":"https:\/\/veritasinfo.org\/?p=17916","name":"\u00c7\u00ebshtja e Presidentit, Kurti: Pas zgjedhjeve n\u00eb dim\u00ebr, mund t\u00eb kemi s\u00ebrish zgjedhje n\u00eb pranver\u00eb -","isPartOf":{"@id":"https:\/\/veritasinfo.org\/#website"},"primaryImageOfPage":{"@id":"https:\/\/veritasinfo.org\/?p=17916#primaryimage"},"image":{"@id":"https:\/\/veritasinfo.org\/?p=17916#primaryimage"},"thumbnailUrl":"https:\/\/veritasinfo.org\/wp-content\/uploads\/2025\/10\/Screenshot-2025-10-27-180218.jpg","datePublished":"2025-10-27T17:02:55+00:00","author":{"@id":"https:\/\/veritasinfo.org\/#\/schema\/person\/fe199eede04c3937362892b7444747cc"},"breadcrumb":{"@id":"https:\/\/veritasinfo.org\/?p=17916#breadcrumb"},"inLanguage":"en-US","potentialAction":[{"@type":"ReadAction","target":["https:\/\/veritasinfo.org\/?p=17916"]}]},{"@type":"ImageObject","inLanguage":"en-US","@id":"https:\/\/veritasinfo.org\/?p=17916#primaryimage","url":"https:\/\/veritasinfo.org\/wp-content\/uploads\/2025\/10\/Screenshot-2025-10-27-180218.jpg","contentUrl":"https:\/\/veritasinfo.org\/wp-content\/uploads\/2025\/10\/Screenshot-2025-10-27-180218.jpg","width":1009,"height":675},{"@type":"BreadcrumbList","@id":"https:\/\/veritasinfo.org\/?p=17916#breadcrumb","itemListElement":[{"@type":"ListItem","position":1,"name":"Home","item":"https:\/\/veritasinfo.org\/"},{"@type":"ListItem","position":2,"name":"\u00c7\u00ebshtja e Presidentit, Kurti: Pas zgjedhjeve n\u00eb dim\u00ebr, mund t\u00eb kemi s\u00ebrish zgjedhje n\u00eb pranver\u00eb"}]},{"@type":"WebSite","@id":"https:\/\/veritasinfo.org\/#website","url":"https:\/\/veritasinfo.org\/","name":"","description":"","potentialAction":[{"@type":"SearchAction","target":{"@type":"EntryPoint","urlTemplate":"https:\/\/veritasinfo.org\/?s={search_term_string}"},"query-input":{"@type":"PropertyValueSpecification","valueRequired":true,"valueName":"search_term_string"}}],"inLanguage":"en-US"},{"@type":"Person","@id":"https:\/\/veritasinfo.org\/#\/schema\/person\/fe199eede04c3937362892b7444747cc","name":"US6","image":{"@type":"ImageObject","inLanguage":"en-US","@id":"https:\/\/veritasinfo.org\/#\/schema\/person\/image\/","url":"https:\/\/secure.gravatar.com\/avatar\/cb16c3c31c9d23b9b8c705964598220b3014e42ff51eb540ff23cefa3ae8c15f?s=96&d=mm&r=g","contentUrl":"https:\/\/secure.gravatar.com\/avatar\/cb16c3c31c9d23b9b8c705964598220b3014e42ff51eb540ff23cefa3ae8c15f?s=96&d=mm&r=g","caption":"US6"},"url":"https:\/\/veritasinfo.org\/?author=7"}]}},"featured_image_urls":{"full":["https:\/\/veritasinfo.org\/wp-content\/uploads\/2025\/10\/Screenshot-2025-10-27-180218.jpg",1009,675,false],"thumbnail":["https:\/\/veritasinfo.org\/wp-content\/uploads\/2025\/10\/Screenshot-2025-10-27-180218-150x150.jpg",150,150,true],"medium":["https:\/\/veritasinfo.org\/wp-content\/uploads\/2025\/10\/Screenshot-2025-10-27-180218-300x201.jpg",300,201,true],"medium_large":["https:\/\/veritasinfo.org\/wp-content\/uploads\/2025\/10\/Screenshot-2025-10-27-180218-768x514.jpg",640,428,true],"large":["https:\/\/veritasinfo.org\/wp-content\/uploads\/2025\/10\/Screenshot-2025-10-27-180218.jpg",640,428,false],"1536x1536":["https:\/\/veritasinfo.org\/wp-content\/uploads\/2025\/10\/Screenshot-2025-10-27-180218.jpg",1009,675,false],"2048x2048":["https:\/\/veritasinfo.org\/wp-content\/uploads\/2025\/10\/Screenshot-2025-10-27-180218.jpg",1009,675,false],"kreeti-slider-full":["https:\/\/veritasinfo.org\/wp-content\/uploads\/2025\/10\/Screenshot-2025-10-27-180218.jpg",1009,675,false],"kreeti-featured":["https:\/\/veritasinfo.org\/wp-content\/uploads\/2025\/10\/Screenshot-2025-10-27-180218.jpg",1009,675,false],"kreeti-medium":["https:\/\/veritasinfo.org\/wp-content\/uploads\/2025\/10\/Screenshot-2025-10-27-180218.jpg",720,482,false],"kreeti-medium-square":["https:\/\/veritasinfo.org\/wp-content\/uploads\/2025\/10\/Screenshot-2025-10-27-180218.jpg",350,234,false]},"author_info":{"info":["US6"]},"category_info":"<a href=\"https:\/\/veritasinfo.org\/?cat=58\" rel=\"category\">Politik\u00eb<\/a>","tag_info":"Politik\u00eb","comment_count":"0","_links":{"self":[{"href":"https:\/\/veritasinfo.org\/index.php?rest_route=\/wp\/v2\/posts\/17916","targetHints":{"allow":["GET"]}}],"collection":[{"href":"https:\/\/veritasinfo.org\/index.php?rest_route=\/wp\/v2\/posts"}],"about":[{"href":"https:\/\/veritasinfo.org\/index.php?rest_route=\/wp\/v2\/types\/post"}],"author":[{"embeddable":true,"href":"https:\/\/veritasinfo.org\/index.php?rest_route=\/wp\/v2\/users\/7"}],"replies":[{"embeddable":true,"href":"https:\/\/veritasinfo.org\/index.php?rest_route=%2Fwp%2Fv2%2Fcomments&post=17916"}],"version-history":[{"count":1,"href":"https:\/\/veritasinfo.org\/index.php?rest_route=\/wp\/v2\/posts\/17916\/revisions"}],"predecessor-version":[{"id":17918,"href":"https:\/\/veritasinfo.org\/index.php?rest_route=\/wp\/v2\/posts\/17916\/revisions\/17918"}],"wp:featuredmedia":[{"embeddable":true,"href":"https:\/\/veritasinfo.org\/index.php?rest_route=\/wp\/v2\/media\/17917"}],"wp:attachment":[{"href":"https:\/\/veritasinfo.org\/index.php?rest_route=%2Fwp%2Fv2%2Fmedia&parent=17916"}],"wp:term":[{"taxonomy":"category","embeddable":true,"href":"https:\/\/veritasinfo.org\/index.php?rest_route=%2Fwp%2Fv2%2Fcategories&post=17916"},{"taxonomy":"post_tag","embeddable":true,"href":"https:\/\/veritasinfo.org\/index.php?rest_route=%2Fwp%2Fv2%2Ftags&post=17916"}],"curies":[{"name":"wp","href":"https:\/\/api.w.org\/{rel}","templated":true}]}}