{"id":1789,"date":"2025-06-28T07:23:33","date_gmt":"2025-06-28T05:23:33","guid":{"rendered":"https:\/\/veritasinfo.org\/?p=1789"},"modified":"2025-06-28T07:27:27","modified_gmt":"2025-06-28T05:27:27","slug":"ushtare-nga-hungaria-dhe-rumania-nderohen-me-medalje-te-nato-s-ne-kosove","status":"publish","type":"post","link":"https:\/\/veritasinfo.org\/?p=1789","title":{"rendered":"Ushtar\u00eb nga Hungaria dhe Rumania nderohen me medalje t\u00eb NATO-s n\u00eb Kosov\u00eb"},"content":{"rendered":"<p>Novo Selo, 28 Qershor 2025<\/p>\n<p><strong>N\u00eb nj\u00eb ceremoni t\u00eb mbajtur dje n\u00eb Kampin Novo Selo, komandanti i misionit t\u00eb udh\u00ebhequr nga NATO n\u00eb Kosov\u00eb (KFOR), Gjeneral Major Enrico Barduani, udh\u00ebhoqi parakalimin ceremonial t\u00eb medaljeve p\u00ebr Batalionin Rezerv\u00eb Taktik Kinetik (KTRBN).<\/strong><\/p>\n<p>Gjat\u00eb k\u00ebsaj ceremonie, ushtar\u00eb nga Hungaria dhe Rumania u dekoruan me Medaljen e NATO-s p\u00ebr Misionet Jo-Neni 5, si shenj\u00eb vler\u00ebsimi p\u00ebr profesionalizmin, p\u00ebrkushtimin dhe sh\u00ebrbimin e tyre ndaj paqes dhe stabilitetit n\u00eb Kosov\u00eb. K\u00ebto cil\u00ebsi p\u00ebrfaq\u00ebsojn\u00eb thelbin e Batalionit KTRBN, nj\u00ebsia me gatishm\u00ebri t\u00eb lart\u00eb e KFOR-it, q\u00eb luan nj\u00eb rol t\u00eb r\u00ebnd\u00ebsish\u00ebm n\u00eb p\u00ebrmbushjen e mandatit t\u00eb k\u00ebtij misioni.<\/p>\n<p>N\u00eb fjal\u00ebn e tij, gjeneral Barduani fal\u00ebnderoi sinqerisht ushtar\u00ebt p\u00ebr kontributin e tyre t\u00eb \u00e7muar: \u201cJam thell\u00ebsisht mir\u00ebnjoh\u00ebs p\u00ebr p\u00ebrkushtimin tuaj ndaj mandatit t\u00eb KFOR-it p\u00ebr t\u00eb ruajtur nj\u00eb ambient t\u00eb sigurt dhe t\u00eb q\u00ebndruesh\u00ebm p\u00ebr t\u00eb gjitha komunitetet n\u00eb Kosov\u00eb.\u201d<\/p>\n<p>KFOR-i vazhdon t\u00eb zbatoj\u00eb mandatin e tij n\u00eb p\u00ebrputhje me Rezolut\u00ebn 1244 t\u00eb K\u00ebshillit t\u00eb Sigurimit t\u00eb OKB-s\u00eb t\u00eb vitit 1999, duke vepruar gjithmon\u00eb n\u00eb m\u00ebnyr\u00eb t\u00eb paanshme dhe n\u00eb bashk\u00ebpunim t\u00eb ngusht\u00eb me Policin\u00eb e Kosov\u00ebs dhe misionin e BE-s\u00eb p\u00ebr sundimin e ligjit n\u00eb Kosov\u00eb (EULEX).<\/p>\n<p>&nbsp;<\/p>\n","protected":false},"excerpt":{"rendered":"<p>Novo Selo, 28 Qershor 2025 N\u00eb nj\u00eb ceremoni t\u00eb mbajtur dje n\u00eb Kampin Novo Selo, komandanti i misionit t\u00eb udh\u00ebhequr nga NATO n\u00eb Kosov\u00eb (KFOR),<\/p>\n","protected":false},"author":1,"featured_media":1790,"comment_status":"open","ping_status":"open","sticky":false,"template":"","format":"standard","meta":{"footnotes":""},"categories":[60],"tags":[],"class_list":["post-1789","post","type-post","status-publish","format-standard","has-post-thumbnail","hentry","category-shoqerore-sq"],"yoast_head":"<!-- This site is optimized with the Yoast SEO plugin v25.3.1 - https:\/\/yoast.com\/wordpress\/plugins\/seo\/ -->\n<title>Ushtar\u00eb nga Hungaria dhe Rumania nderohen me medalje t\u00eb NATO-s n\u00eb Kosov\u00eb -<\/title>\n<meta name=\"robots\" content=\"index, follow, max-snippet:-1, max-image-preview:large, max-video-preview:-1\" \/>\n<link rel=\"canonical\" href=\"https:\/\/veritasinfo.org\/?p=1789\" \/>\n<meta property=\"og:locale\" content=\"en_US\" \/>\n<meta property=\"og:type\" content=\"article\" \/>\n<meta property=\"og:title\" content=\"Ushtar\u00eb nga Hungaria dhe Rumania nderohen me medalje t\u00eb NATO-s n\u00eb Kosov\u00eb -\" \/>\n<meta property=\"og:description\" content=\"Novo Selo, 28 Qershor 2025 N\u00eb nj\u00eb ceremoni t\u00eb mbajtur dje n\u00eb Kampin Novo Selo, komandanti i misionit t\u00eb udh\u00ebhequr nga NATO n\u00eb Kosov\u00eb (KFOR),\" \/>\n<meta property=\"og:url\" content=\"https:\/\/veritasinfo.org\/?p=1789\" \/>\n<meta property=\"article:published_time\" content=\"2025-06-28T05:23:33+00:00\" \/>\n<meta property=\"article:modified_time\" content=\"2025-06-28T05:27:27+00:00\" \/>\n<meta property=\"og:image\" content=\"https:\/\/veritasinfo.org\/wp-content\/uploads\/2025\/06\/IMG_1595.jpeg\" \/>\n\t<meta property=\"og:image:width\" content=\"1152\" \/>\n\t<meta property=\"og:image:height\" content=\"864\" \/>\n\t<meta property=\"og:image:type\" content=\"image\/jpeg\" \/>\n<meta name=\"author\" content=\"admin\" \/>\n<meta name=\"twitter:card\" content=\"summary_large_image\" \/>\n<meta name=\"twitter:label1\" content=\"Written by\" \/>\n\t<meta name=\"twitter:data1\" content=\"admin\" \/>\n\t<meta name=\"twitter:label2\" content=\"Est. reading time\" \/>\n\t<meta name=\"twitter:data2\" content=\"2 minutes\" \/>\n<script type=\"application\/ld+json\" class=\"yoast-schema-graph\">{\"@context\":\"https:\/\/schema.org\",\"@graph\":[{\"@type\":\"WebPage\",\"@id\":\"https:\/\/veritasinfo.org\/?p=1789\",\"url\":\"https:\/\/veritasinfo.org\/?p=1789\",\"name\":\"Ushtar\u00eb nga Hungaria dhe Rumania nderohen me medalje t\u00eb NATO-s n\u00eb Kosov\u00eb -\",\"isPartOf\":{\"@id\":\"https:\/\/veritasinfo.org\/#website\"},\"primaryImageOfPage\":{\"@id\":\"https:\/\/veritasinfo.org\/?p=1789#primaryimage\"},\"image\":{\"@id\":\"https:\/\/veritasinfo.org\/?p=1789#primaryimage\"},\"thumbnailUrl\":\"https:\/\/veritasinfo.org\/wp-content\/uploads\/2025\/06\/IMG_1595.jpeg\",\"datePublished\":\"2025-06-28T05:23:33+00:00\",\"dateModified\":\"2025-06-28T05:27:27+00:00\",\"author\":{\"@id\":\"https:\/\/veritasinfo.org\/#\/schema\/person\/7701f8c088bece422266b100a712374f\"},\"breadcrumb\":{\"@id\":\"https:\/\/veritasinfo.org\/?p=1789#breadcrumb\"},\"inLanguage\":\"en-US\",\"potentialAction\":[{\"@type\":\"ReadAction\",\"target\":[\"https:\/\/veritasinfo.org\/?p=1789\"]}]},{\"@type\":\"ImageObject\",\"inLanguage\":\"en-US\",\"@id\":\"https:\/\/veritasinfo.org\/?p=1789#primaryimage\",\"url\":\"https:\/\/veritasinfo.org\/wp-content\/uploads\/2025\/06\/IMG_1595.jpeg\",\"contentUrl\":\"https:\/\/veritasinfo.org\/wp-content\/uploads\/2025\/06\/IMG_1595.jpeg\",\"width\":1152,\"height\":864},{\"@type\":\"BreadcrumbList\",\"@id\":\"https:\/\/veritasinfo.org\/?p=1789#breadcrumb\",\"itemListElement\":[{\"@type\":\"ListItem\",\"position\":1,\"name\":\"Home\",\"item\":\"https:\/\/veritasinfo.org\/\"},{\"@type\":\"ListItem\",\"position\":2,\"name\":\"Ushtar\u00eb nga Hungaria dhe Rumania nderohen me medalje t\u00eb NATO-s n\u00eb Kosov\u00eb\"}]},{\"@type\":\"WebSite\",\"@id\":\"https:\/\/veritasinfo.org\/#website\",\"url\":\"https:\/\/veritasinfo.org\/\",\"name\":\"\",\"description\":\"\",\"potentialAction\":[{\"@type\":\"SearchAction\",\"target\":{\"@type\":\"EntryPoint\",\"urlTemplate\":\"https:\/\/veritasinfo.org\/?s={search_term_string}\"},\"query-input\":{\"@type\":\"PropertyValueSpecification\",\"valueRequired\":true,\"valueName\":\"search_term_string\"}}],\"inLanguage\":\"en-US\"},{\"@type\":\"Person\",\"@id\":\"https:\/\/veritasinfo.org\/#\/schema\/person\/7701f8c088bece422266b100a712374f\",\"name\":\"admin\",\"image\":{\"@type\":\"ImageObject\",\"inLanguage\":\"en-US\",\"@id\":\"https:\/\/veritasinfo.org\/#\/schema\/person\/image\/\",\"url\":\"https:\/\/secure.gravatar.com\/avatar\/ea53aa3bf6c9a12d5fde8ce4deff43fef3885ae33cf60184161a50d6987cfd2f?s=96&d=mm&r=g\",\"contentUrl\":\"https:\/\/secure.gravatar.com\/avatar\/ea53aa3bf6c9a12d5fde8ce4deff43fef3885ae33cf60184161a50d6987cfd2f?s=96&d=mm&r=g\",\"caption\":\"admin\"},\"sameAs\":[\"https:\/\/veritasinfo.org\"],\"url\":\"https:\/\/veritasinfo.org\/?author=1\"}]}<\/script>\n<!-- \/ Yoast SEO plugin. -->","yoast_head_json":{"title":"Ushtar\u00eb nga Hungaria dhe Rumania nderohen me medalje t\u00eb NATO-s n\u00eb Kosov\u00eb -","robots":{"index":"index","follow":"follow","max-snippet":"max-snippet:-1","max-image-preview":"max-image-preview:large","max-video-preview":"max-video-preview:-1"},"canonical":"https:\/\/veritasinfo.org\/?p=1789","og_locale":"en_US","og_type":"article","og_title":"Ushtar\u00eb nga Hungaria dhe Rumania nderohen me medalje t\u00eb NATO-s n\u00eb Kosov\u00eb -","og_description":"Novo Selo, 28 Qershor 2025 N\u00eb nj\u00eb ceremoni t\u00eb mbajtur dje n\u00eb Kampin Novo Selo, komandanti i misionit t\u00eb udh\u00ebhequr nga NATO n\u00eb Kosov\u00eb (KFOR),","og_url":"https:\/\/veritasinfo.org\/?p=1789","article_published_time":"2025-06-28T05:23:33+00:00","article_modified_time":"2025-06-28T05:27:27+00:00","og_image":[{"width":1152,"height":864,"url":"https:\/\/veritasinfo.org\/wp-content\/uploads\/2025\/06\/IMG_1595.jpeg","type":"image\/jpeg"}],"author":"admin","twitter_card":"summary_large_image","twitter_misc":{"Written by":"admin","Est. reading time":"2 minutes"},"schema":{"@context":"https:\/\/schema.org","@graph":[{"@type":"WebPage","@id":"https:\/\/veritasinfo.org\/?p=1789","url":"https:\/\/veritasinfo.org\/?p=1789","name":"Ushtar\u00eb nga Hungaria dhe Rumania nderohen me medalje t\u00eb NATO-s n\u00eb Kosov\u00eb -","isPartOf":{"@id":"https:\/\/veritasinfo.org\/#website"},"primaryImageOfPage":{"@id":"https:\/\/veritasinfo.org\/?p=1789#primaryimage"},"image":{"@id":"https:\/\/veritasinfo.org\/?p=1789#primaryimage"},"thumbnailUrl":"https:\/\/veritasinfo.org\/wp-content\/uploads\/2025\/06\/IMG_1595.jpeg","datePublished":"2025-06-28T05:23:33+00:00","dateModified":"2025-06-28T05:27:27+00:00","author":{"@id":"https:\/\/veritasinfo.org\/#\/schema\/person\/7701f8c088bece422266b100a712374f"},"breadcrumb":{"@id":"https:\/\/veritasinfo.org\/?p=1789#breadcrumb"},"inLanguage":"en-US","potentialAction":[{"@type":"ReadAction","target":["https:\/\/veritasinfo.org\/?p=1789"]}]},{"@type":"ImageObject","inLanguage":"en-US","@id":"https:\/\/veritasinfo.org\/?p=1789#primaryimage","url":"https:\/\/veritasinfo.org\/wp-content\/uploads\/2025\/06\/IMG_1595.jpeg","contentUrl":"https:\/\/veritasinfo.org\/wp-content\/uploads\/2025\/06\/IMG_1595.jpeg","width":1152,"height":864},{"@type":"BreadcrumbList","@id":"https:\/\/veritasinfo.org\/?p=1789#breadcrumb","itemListElement":[{"@type":"ListItem","position":1,"name":"Home","item":"https:\/\/veritasinfo.org\/"},{"@type":"ListItem","position":2,"name":"Ushtar\u00eb nga Hungaria dhe Rumania nderohen me medalje t\u00eb NATO-s n\u00eb Kosov\u00eb"}]},{"@type":"WebSite","@id":"https:\/\/veritasinfo.org\/#website","url":"https:\/\/veritasinfo.org\/","name":"","description":"","potentialAction":[{"@type":"SearchAction","target":{"@type":"EntryPoint","urlTemplate":"https:\/\/veritasinfo.org\/?s={search_term_string}"},"query-input":{"@type":"PropertyValueSpecification","valueRequired":true,"valueName":"search_term_string"}}],"inLanguage":"en-US"},{"@type":"Person","@id":"https:\/\/veritasinfo.org\/#\/schema\/person\/7701f8c088bece422266b100a712374f","name":"admin","image":{"@type":"ImageObject","inLanguage":"en-US","@id":"https:\/\/veritasinfo.org\/#\/schema\/person\/image\/","url":"https:\/\/secure.gravatar.com\/avatar\/ea53aa3bf6c9a12d5fde8ce4deff43fef3885ae33cf60184161a50d6987cfd2f?s=96&d=mm&r=g","contentUrl":"https:\/\/secure.gravatar.com\/avatar\/ea53aa3bf6c9a12d5fde8ce4deff43fef3885ae33cf60184161a50d6987cfd2f?s=96&d=mm&r=g","caption":"admin"},"sameAs":["https:\/\/veritasinfo.org"],"url":"https:\/\/veritasinfo.org\/?author=1"}]}},"featured_image_urls":{"full":["https:\/\/veritasinfo.org\/wp-content\/uploads\/2025\/06\/IMG_1595.jpeg",1152,864,false],"thumbnail":["https:\/\/veritasinfo.org\/wp-content\/uploads\/2025\/06\/IMG_1595-150x150.jpeg",150,150,true],"medium":["https:\/\/veritasinfo.org\/wp-content\/uploads\/2025\/06\/IMG_1595-300x225.jpeg",300,225,true],"medium_large":["https:\/\/veritasinfo.org\/wp-content\/uploads\/2025\/06\/IMG_1595-768x576.jpeg",640,480,true],"large":["https:\/\/veritasinfo.org\/wp-content\/uploads\/2025\/06\/IMG_1595-1024x768.jpeg",640,480,true],"1536x1536":["https:\/\/veritasinfo.org\/wp-content\/uploads\/2025\/06\/IMG_1595.jpeg",1152,864,false],"2048x2048":["https:\/\/veritasinfo.org\/wp-content\/uploads\/2025\/06\/IMG_1595.jpeg",1152,864,false],"kreeti-slider-full":["https:\/\/veritasinfo.org\/wp-content\/uploads\/2025\/06\/IMG_1595.jpeg",960,720,false],"kreeti-featured":["https:\/\/veritasinfo.org\/wp-content\/uploads\/2025\/06\/IMG_1595.jpeg",1024,768,false],"kreeti-medium":["https:\/\/veritasinfo.org\/wp-content\/uploads\/2025\/06\/IMG_1595.jpeg",707,530,false],"kreeti-medium-square":["https:\/\/veritasinfo.org\/wp-content\/uploads\/2025\/06\/IMG_1595.jpeg",350,263,false]},"author_info":{"info":["admin"]},"category_info":"<a href=\"https:\/\/veritasinfo.org\/?cat=60\" rel=\"category\">Shoq\u00ebrore<\/a>","tag_info":"Shoq\u00ebrore","comment_count":"0","_links":{"self":[{"href":"https:\/\/veritasinfo.org\/index.php?rest_route=\/wp\/v2\/posts\/1789","targetHints":{"allow":["GET"]}}],"collection":[{"href":"https:\/\/veritasinfo.org\/index.php?rest_route=\/wp\/v2\/posts"}],"about":[{"href":"https:\/\/veritasinfo.org\/index.php?rest_route=\/wp\/v2\/types\/post"}],"author":[{"embeddable":true,"href":"https:\/\/veritasinfo.org\/index.php?rest_route=\/wp\/v2\/users\/1"}],"replies":[{"embeddable":true,"href":"https:\/\/veritasinfo.org\/index.php?rest_route=%2Fwp%2Fv2%2Fcomments&post=1789"}],"version-history":[{"count":2,"href":"https:\/\/veritasinfo.org\/index.php?rest_route=\/wp\/v2\/posts\/1789\/revisions"}],"predecessor-version":[{"id":1794,"href":"https:\/\/veritasinfo.org\/index.php?rest_route=\/wp\/v2\/posts\/1789\/revisions\/1794"}],"wp:featuredmedia":[{"embeddable":true,"href":"https:\/\/veritasinfo.org\/index.php?rest_route=\/wp\/v2\/media\/1790"}],"wp:attachment":[{"href":"https:\/\/veritasinfo.org\/index.php?rest_route=%2Fwp%2Fv2%2Fmedia&parent=1789"}],"wp:term":[{"taxonomy":"category","embeddable":true,"href":"https:\/\/veritasinfo.org\/index.php?rest_route=%2Fwp%2Fv2%2Fcategories&post=1789"},{"taxonomy":"post_tag","embeddable":true,"href":"https:\/\/veritasinfo.org\/index.php?rest_route=%2Fwp%2Fv2%2Ftags&post=1789"}],"curies":[{"name":"wp","href":"https:\/\/api.w.org\/{rel}","templated":true}]}}