{"id":17871,"date":"2025-10-27T12:00:46","date_gmt":"2025-10-27T11:00:46","guid":{"rendered":"https:\/\/veritasinfo.org\/?p=17871"},"modified":"2025-10-27T12:00:46","modified_gmt":"2025-10-27T11:00:46","slug":"ndertimi-i-botes-serbe-ndikimi-i-serbise-mbi-sigurine-dhe-stabilitetin-e-ballkanit-perendimor","status":"publish","type":"post","link":"https:\/\/veritasinfo.org\/?p=17871","title":{"rendered":"Nd\u00ebrtimi i \u201cbot\u00ebs serbe\u201d: Ndikimi i Serbis\u00eb mbi sigurin\u00eb dhe stabilitetin e Ballkanit Per\u00ebndimor"},"content":{"rendered":"<p>Prishtin\u00eb, 27 tetor 2025<\/p>\n<p>N\u00eb nj\u00eb tryez\u00eb t\u00eb organizuar n\u00eb Podgoric\u00eb, mbi sigurin\u00eb dhe stabilitetin e Ballkanit Per\u00ebndimor, nga Qendra Digjitale p\u00ebr Forenzik\u00eb, n\u00eb bashk\u00ebpunim me Shoqat\u00ebn p\u00ebr Marr\u00ebdh\u00ebnie Nd\u00ebrkomb\u00ebtare (AMO) nga Praga, ku po merrnin pjes\u00eb ekspert\u00eb lokal\u00eb dhe rajonal\u00eb, p\u00ebrfaq\u00ebsues t\u00eb shoq\u00ebris\u00eb civile, gazetar\u00eb, aktor\u00eb politik\u00eb dhe subjekte t\u00eb tjera relevante, u theksua se Serbia ka disa kanale p\u00ebrmes t\u00eb cilave ushtron ndikimin e saj n\u00eb Malin e Zi.<\/p>\n<p>Si\u00e7 u theksua n\u00eb k\u00ebt\u00eb tryz\u00eb t\u00eb rrumbullak\u00ebt, k\u00ebto kanale lidhen me disa parti politike, media, grupe ekstremiste t\u00eb djathta dhe organizata fetare.<\/p>\n<p>Ky diskutim, q\u00eb \u00ebsht\u00eb pjes\u00eb e projektit \u201cNd\u00ebrtimi i bot\u00ebs serbe\u2019 \u2013 Ndikimi i Serbis\u00eb mbi sigurin\u00eb dhe stablitetin e Ballkanit Per\u00ebndimor, dhe q\u00eb mb\u00ebshtetet financiarisht nga Fondi Nd\u00ebrkomb\u00ebtar i Vishegradit, vuri n\u00eb pah dy n\u00eb Mal t\u00eb Zi zhvillohen dy procese paralele: procesi i integrimit evropian dhe procesi i integrimit t\u00eb Malit t\u00eb Zi n\u00eb t\u00eb ashtuquajtur\u00ebn \u2018bot\u00eb serbe\u2019.<\/p>\n<p>\u201cAktor\u00ebt lokal\u00eb shpesh veprojn\u00eb si nd\u00ebrmjet\u00ebs p\u00ebr realizimin e ndikimit serb, por edhe atij rus. Pjes\u00ebmarr\u00ebsit theksuan se thelbi i ndikimit serb n\u00eb Mal t\u00eb Zi bazohet n\u00eb \u00e7\u00ebshtje t\u00eb identitetit dhe narrativa q\u00eb minojn\u00eb shtet\u00ebsin\u00eb malazeze, simbolet shtet\u00ebrore, gjuh\u00ebn, historin\u00eb dhe kultur\u00ebn\u201d, thuhet n\u00eb komunikat\u00ebn organizatorit t\u00eb ngjarjes p\u00ebr media.<\/p>\n<p>P\u00ebrve\u00e7 ndikimeve tjera negative p\u00ebr Malin e Zi, ndikimi i Serbis\u00eb n\u00eb republik\u00ebn malazeze, ka edhe n\u00eb aspektin e mb\u00ebshtetjes p\u00ebr an\u00ebtar\u00ebsim t\u00eb Malit t\u00eb Zi n\u00eb Bashkimin Evropian.<\/p>\n<p>\u201cNarrativa mbi \u2018vlerat tradicionale\u2019, q\u00eb promovon aktivisht Kisha Ortodokse Serbe, n\u00eb thelb ka karakter anti-evropian. Ajo p\u00ebrdoret si mjet p\u00ebr t\u00eb krijuar nj\u00eb kontekst negativ rreth integrimeve evropiane, duke paraqitur vlerat evropiane si k\u00ebrc\u00ebnim p\u00ebr identitetin, fen\u00eb dhe tradit\u00ebn e shoq\u00ebris\u00eb malazeze\u201d, \u00ebsht\u00eb th\u00ebn\u00eb gjat\u00eb tryez\u00ebs.<\/p>\n<p>Projekti, theksuan, do t\u00eb vazhdoj\u00eb edhe n\u00eb periudh\u00ebn e ardhshme, nd\u00ebrsa debati i zhvilluar n\u00eb k\u00ebt\u00eb tryez\u00eb do t\u00eb sh\u00ebrbej\u00eb si baz\u00eb p\u00ebr p\u00ebrgatitjen e nj\u00eb raporti t\u00eb detajuar mbi ndikimin serb n\u00eb Mal t\u00eb Zi, i cili do t\u00eb publikohet n\u00eb fillim t\u00eb vitit t\u00eb ardhsh\u00ebm.<\/p>\n<p>\u201cKy projekt \u00ebsht\u00eb bashk\u00ebfinancuar nga qeverit\u00eb e \u00c7ekis\u00eb, Hungaris\u00eb, Polonis\u00eb dhe Sllovakis\u00eb p\u00ebrmes granteve t\u00eb Vi\u0161egradit nga Fondi Nd\u00ebrkomb\u00ebtar i Vi\u0161egradit. Misioni i fondit \u00ebsht\u00eb p\u00ebrparimi i ideve p\u00ebr bashk\u00ebpunim rajonal t\u00eb q\u00ebndruesh\u00ebm n\u00eb Evrop\u00ebn Qendrore\u201d, p\u00ebrfundoi komunikata.<\/p>\n","protected":false},"excerpt":{"rendered":"<p>Prishtin\u00eb, 27 tetor 2025 N\u00eb nj\u00eb tryez\u00eb t\u00eb organizuar n\u00eb Podgoric\u00eb, mbi sigurin\u00eb dhe stabilitetin e Ballkanit Per\u00ebndimor, nga Qendra Digjitale p\u00ebr Forenzik\u00eb, n\u00eb bashk\u00ebpunim<\/p>\n","protected":false},"author":7,"featured_media":17872,"comment_status":"open","ping_status":"open","sticky":false,"template":"","format":"standard","meta":{"footnotes":""},"categories":[58],"tags":[],"class_list":["post-17871","post","type-post","status-publish","format-standard","has-post-thumbnail","hentry","category-politike-sq"],"yoast_head":"<!-- This site is optimized with the Yoast SEO plugin v25.3.1 - https:\/\/yoast.com\/wordpress\/plugins\/seo\/ -->\n<title>Nd\u00ebrtimi i \u201cbot\u00ebs serbe\u201d: Ndikimi i Serbis\u00eb mbi sigurin\u00eb dhe stabilitetin e Ballkanit Per\u00ebndimor -<\/title>\n<meta name=\"robots\" content=\"index, follow, max-snippet:-1, max-image-preview:large, max-video-preview:-1\" \/>\n<link rel=\"canonical\" href=\"https:\/\/veritasinfo.org\/?p=17871\" \/>\n<meta property=\"og:locale\" content=\"en_US\" \/>\n<meta property=\"og:type\" content=\"article\" \/>\n<meta property=\"og:title\" content=\"Nd\u00ebrtimi i \u201cbot\u00ebs serbe\u201d: Ndikimi i Serbis\u00eb mbi sigurin\u00eb dhe stabilitetin e Ballkanit Per\u00ebndimor -\" \/>\n<meta property=\"og:description\" content=\"Prishtin\u00eb, 27 tetor 2025 N\u00eb nj\u00eb tryez\u00eb t\u00eb organizuar n\u00eb Podgoric\u00eb, mbi sigurin\u00eb dhe stabilitetin e Ballkanit Per\u00ebndimor, nga Qendra Digjitale p\u00ebr Forenzik\u00eb, n\u00eb bashk\u00ebpunim\" \/>\n<meta property=\"og:url\" content=\"https:\/\/veritasinfo.org\/?p=17871\" \/>\n<meta property=\"article:published_time\" content=\"2025-10-27T11:00:46+00:00\" \/>\n<meta property=\"og:image\" content=\"https:\/\/veritasinfo.org\/wp-content\/uploads\/2025\/10\/1761553463u4kv7rw1ghwkephv-i_1068x712.jpg\" \/>\n\t<meta property=\"og:image:width\" content=\"1068\" \/>\n\t<meta property=\"og:image:height\" content=\"712\" \/>\n\t<meta property=\"og:image:type\" content=\"image\/jpeg\" \/>\n<meta name=\"author\" content=\"US6\" \/>\n<meta name=\"twitter:card\" content=\"summary_large_image\" \/>\n<meta name=\"twitter:label1\" content=\"Written by\" \/>\n\t<meta name=\"twitter:data1\" content=\"US6\" \/>\n\t<meta name=\"twitter:label2\" content=\"Est. reading time\" \/>\n\t<meta name=\"twitter:data2\" content=\"2 minutes\" \/>\n<script type=\"application\/ld+json\" class=\"yoast-schema-graph\">{\"@context\":\"https:\/\/schema.org\",\"@graph\":[{\"@type\":\"WebPage\",\"@id\":\"https:\/\/veritasinfo.org\/?p=17871\",\"url\":\"https:\/\/veritasinfo.org\/?p=17871\",\"name\":\"Nd\u00ebrtimi i \u201cbot\u00ebs serbe\u201d: Ndikimi i Serbis\u00eb mbi sigurin\u00eb dhe stabilitetin e Ballkanit Per\u00ebndimor -\",\"isPartOf\":{\"@id\":\"https:\/\/veritasinfo.org\/#website\"},\"primaryImageOfPage\":{\"@id\":\"https:\/\/veritasinfo.org\/?p=17871#primaryimage\"},\"image\":{\"@id\":\"https:\/\/veritasinfo.org\/?p=17871#primaryimage\"},\"thumbnailUrl\":\"https:\/\/veritasinfo.org\/wp-content\/uploads\/2025\/10\/1761553463u4kv7rw1ghwkephv-i_1068x712.jpg\",\"datePublished\":\"2025-10-27T11:00:46+00:00\",\"author\":{\"@id\":\"https:\/\/veritasinfo.org\/#\/schema\/person\/fe199eede04c3937362892b7444747cc\"},\"breadcrumb\":{\"@id\":\"https:\/\/veritasinfo.org\/?p=17871#breadcrumb\"},\"inLanguage\":\"en-US\",\"potentialAction\":[{\"@type\":\"ReadAction\",\"target\":[\"https:\/\/veritasinfo.org\/?p=17871\"]}]},{\"@type\":\"ImageObject\",\"inLanguage\":\"en-US\",\"@id\":\"https:\/\/veritasinfo.org\/?p=17871#primaryimage\",\"url\":\"https:\/\/veritasinfo.org\/wp-content\/uploads\/2025\/10\/1761553463u4kv7rw1ghwkephv-i_1068x712.jpg\",\"contentUrl\":\"https:\/\/veritasinfo.org\/wp-content\/uploads\/2025\/10\/1761553463u4kv7rw1ghwkephv-i_1068x712.jpg\",\"width\":1068,\"height\":712},{\"@type\":\"BreadcrumbList\",\"@id\":\"https:\/\/veritasinfo.org\/?p=17871#breadcrumb\",\"itemListElement\":[{\"@type\":\"ListItem\",\"position\":1,\"name\":\"Home\",\"item\":\"https:\/\/veritasinfo.org\/\"},{\"@type\":\"ListItem\",\"position\":2,\"name\":\"Nd\u00ebrtimi i \u201cbot\u00ebs serbe\u201d: Ndikimi i Serbis\u00eb mbi sigurin\u00eb dhe stabilitetin e Ballkanit Per\u00ebndimor\"}]},{\"@type\":\"WebSite\",\"@id\":\"https:\/\/veritasinfo.org\/#website\",\"url\":\"https:\/\/veritasinfo.org\/\",\"name\":\"\",\"description\":\"\",\"potentialAction\":[{\"@type\":\"SearchAction\",\"target\":{\"@type\":\"EntryPoint\",\"urlTemplate\":\"https:\/\/veritasinfo.org\/?s={search_term_string}\"},\"query-input\":{\"@type\":\"PropertyValueSpecification\",\"valueRequired\":true,\"valueName\":\"search_term_string\"}}],\"inLanguage\":\"en-US\"},{\"@type\":\"Person\",\"@id\":\"https:\/\/veritasinfo.org\/#\/schema\/person\/fe199eede04c3937362892b7444747cc\",\"name\":\"US6\",\"image\":{\"@type\":\"ImageObject\",\"inLanguage\":\"en-US\",\"@id\":\"https:\/\/veritasinfo.org\/#\/schema\/person\/image\/\",\"url\":\"https:\/\/secure.gravatar.com\/avatar\/cb16c3c31c9d23b9b8c705964598220b3014e42ff51eb540ff23cefa3ae8c15f?s=96&d=mm&r=g\",\"contentUrl\":\"https:\/\/secure.gravatar.com\/avatar\/cb16c3c31c9d23b9b8c705964598220b3014e42ff51eb540ff23cefa3ae8c15f?s=96&d=mm&r=g\",\"caption\":\"US6\"},\"url\":\"https:\/\/veritasinfo.org\/?author=7\"}]}<\/script>\n<!-- \/ Yoast SEO plugin. -->","yoast_head_json":{"title":"Nd\u00ebrtimi i \u201cbot\u00ebs serbe\u201d: Ndikimi i Serbis\u00eb mbi sigurin\u00eb dhe stabilitetin e Ballkanit Per\u00ebndimor -","robots":{"index":"index","follow":"follow","max-snippet":"max-snippet:-1","max-image-preview":"max-image-preview:large","max-video-preview":"max-video-preview:-1"},"canonical":"https:\/\/veritasinfo.org\/?p=17871","og_locale":"en_US","og_type":"article","og_title":"Nd\u00ebrtimi i \u201cbot\u00ebs serbe\u201d: Ndikimi i Serbis\u00eb mbi sigurin\u00eb dhe stabilitetin e Ballkanit Per\u00ebndimor -","og_description":"Prishtin\u00eb, 27 tetor 2025 N\u00eb nj\u00eb tryez\u00eb t\u00eb organizuar n\u00eb Podgoric\u00eb, mbi sigurin\u00eb dhe stabilitetin e Ballkanit Per\u00ebndimor, nga Qendra Digjitale p\u00ebr Forenzik\u00eb, n\u00eb bashk\u00ebpunim","og_url":"https:\/\/veritasinfo.org\/?p=17871","article_published_time":"2025-10-27T11:00:46+00:00","og_image":[{"width":1068,"height":712,"url":"https:\/\/veritasinfo.org\/wp-content\/uploads\/2025\/10\/1761553463u4kv7rw1ghwkephv-i_1068x712.jpg","type":"image\/jpeg"}],"author":"US6","twitter_card":"summary_large_image","twitter_misc":{"Written by":"US6","Est. reading time":"2 minutes"},"schema":{"@context":"https:\/\/schema.org","@graph":[{"@type":"WebPage","@id":"https:\/\/veritasinfo.org\/?p=17871","url":"https:\/\/veritasinfo.org\/?p=17871","name":"Nd\u00ebrtimi i \u201cbot\u00ebs serbe\u201d: Ndikimi i Serbis\u00eb mbi sigurin\u00eb dhe stabilitetin e Ballkanit Per\u00ebndimor -","isPartOf":{"@id":"https:\/\/veritasinfo.org\/#website"},"primaryImageOfPage":{"@id":"https:\/\/veritasinfo.org\/?p=17871#primaryimage"},"image":{"@id":"https:\/\/veritasinfo.org\/?p=17871#primaryimage"},"thumbnailUrl":"https:\/\/veritasinfo.org\/wp-content\/uploads\/2025\/10\/1761553463u4kv7rw1ghwkephv-i_1068x712.jpg","datePublished":"2025-10-27T11:00:46+00:00","author":{"@id":"https:\/\/veritasinfo.org\/#\/schema\/person\/fe199eede04c3937362892b7444747cc"},"breadcrumb":{"@id":"https:\/\/veritasinfo.org\/?p=17871#breadcrumb"},"inLanguage":"en-US","potentialAction":[{"@type":"ReadAction","target":["https:\/\/veritasinfo.org\/?p=17871"]}]},{"@type":"ImageObject","inLanguage":"en-US","@id":"https:\/\/veritasinfo.org\/?p=17871#primaryimage","url":"https:\/\/veritasinfo.org\/wp-content\/uploads\/2025\/10\/1761553463u4kv7rw1ghwkephv-i_1068x712.jpg","contentUrl":"https:\/\/veritasinfo.org\/wp-content\/uploads\/2025\/10\/1761553463u4kv7rw1ghwkephv-i_1068x712.jpg","width":1068,"height":712},{"@type":"BreadcrumbList","@id":"https:\/\/veritasinfo.org\/?p=17871#breadcrumb","itemListElement":[{"@type":"ListItem","position":1,"name":"Home","item":"https:\/\/veritasinfo.org\/"},{"@type":"ListItem","position":2,"name":"Nd\u00ebrtimi i \u201cbot\u00ebs serbe\u201d: Ndikimi i Serbis\u00eb mbi sigurin\u00eb dhe stabilitetin e Ballkanit Per\u00ebndimor"}]},{"@type":"WebSite","@id":"https:\/\/veritasinfo.org\/#website","url":"https:\/\/veritasinfo.org\/","name":"","description":"","potentialAction":[{"@type":"SearchAction","target":{"@type":"EntryPoint","urlTemplate":"https:\/\/veritasinfo.org\/?s={search_term_string}"},"query-input":{"@type":"PropertyValueSpecification","valueRequired":true,"valueName":"search_term_string"}}],"inLanguage":"en-US"},{"@type":"Person","@id":"https:\/\/veritasinfo.org\/#\/schema\/person\/fe199eede04c3937362892b7444747cc","name":"US6","image":{"@type":"ImageObject","inLanguage":"en-US","@id":"https:\/\/veritasinfo.org\/#\/schema\/person\/image\/","url":"https:\/\/secure.gravatar.com\/avatar\/cb16c3c31c9d23b9b8c705964598220b3014e42ff51eb540ff23cefa3ae8c15f?s=96&d=mm&r=g","contentUrl":"https:\/\/secure.gravatar.com\/avatar\/cb16c3c31c9d23b9b8c705964598220b3014e42ff51eb540ff23cefa3ae8c15f?s=96&d=mm&r=g","caption":"US6"},"url":"https:\/\/veritasinfo.org\/?author=7"}]}},"featured_image_urls":{"full":["https:\/\/veritasinfo.org\/wp-content\/uploads\/2025\/10\/1761553463u4kv7rw1ghwkephv-i_1068x712.jpg",1068,712,false],"thumbnail":["https:\/\/veritasinfo.org\/wp-content\/uploads\/2025\/10\/1761553463u4kv7rw1ghwkephv-i_1068x712-150x150.jpg",150,150,true],"medium":["https:\/\/veritasinfo.org\/wp-content\/uploads\/2025\/10\/1761553463u4kv7rw1ghwkephv-i_1068x712-300x200.jpg",300,200,true],"medium_large":["https:\/\/veritasinfo.org\/wp-content\/uploads\/2025\/10\/1761553463u4kv7rw1ghwkephv-i_1068x712-768x512.jpg",640,427,true],"large":["https:\/\/veritasinfo.org\/wp-content\/uploads\/2025\/10\/1761553463u4kv7rw1ghwkephv-i_1068x712-1024x683.jpg",640,427,true],"1536x1536":["https:\/\/veritasinfo.org\/wp-content\/uploads\/2025\/10\/1761553463u4kv7rw1ghwkephv-i_1068x712.jpg",1068,712,false],"2048x2048":["https:\/\/veritasinfo.org\/wp-content\/uploads\/2025\/10\/1761553463u4kv7rw1ghwkephv-i_1068x712.jpg",1068,712,false],"kreeti-slider-full":["https:\/\/veritasinfo.org\/wp-content\/uploads\/2025\/10\/1761553463u4kv7rw1ghwkephv-i_1068x712.jpg",1068,712,false],"kreeti-featured":["https:\/\/veritasinfo.org\/wp-content\/uploads\/2025\/10\/1761553463u4kv7rw1ghwkephv-i_1068x712.jpg",1024,683,false],"kreeti-medium":["https:\/\/veritasinfo.org\/wp-content\/uploads\/2025\/10\/1761553463u4kv7rw1ghwkephv-i_1068x712.jpg",720,480,false],"kreeti-medium-square":["https:\/\/veritasinfo.org\/wp-content\/uploads\/2025\/10\/1761553463u4kv7rw1ghwkephv-i_1068x712.jpg",350,233,false]},"author_info":{"info":["US6"]},"category_info":"<a href=\"https:\/\/veritasinfo.org\/?cat=58\" rel=\"category\">Politik\u00eb<\/a>","tag_info":"Politik\u00eb","comment_count":"0","_links":{"self":[{"href":"https:\/\/veritasinfo.org\/index.php?rest_route=\/wp\/v2\/posts\/17871","targetHints":{"allow":["GET"]}}],"collection":[{"href":"https:\/\/veritasinfo.org\/index.php?rest_route=\/wp\/v2\/posts"}],"about":[{"href":"https:\/\/veritasinfo.org\/index.php?rest_route=\/wp\/v2\/types\/post"}],"author":[{"embeddable":true,"href":"https:\/\/veritasinfo.org\/index.php?rest_route=\/wp\/v2\/users\/7"}],"replies":[{"embeddable":true,"href":"https:\/\/veritasinfo.org\/index.php?rest_route=%2Fwp%2Fv2%2Fcomments&post=17871"}],"version-history":[{"count":1,"href":"https:\/\/veritasinfo.org\/index.php?rest_route=\/wp\/v2\/posts\/17871\/revisions"}],"predecessor-version":[{"id":17873,"href":"https:\/\/veritasinfo.org\/index.php?rest_route=\/wp\/v2\/posts\/17871\/revisions\/17873"}],"wp:featuredmedia":[{"embeddable":true,"href":"https:\/\/veritasinfo.org\/index.php?rest_route=\/wp\/v2\/media\/17872"}],"wp:attachment":[{"href":"https:\/\/veritasinfo.org\/index.php?rest_route=%2Fwp%2Fv2%2Fmedia&parent=17871"}],"wp:term":[{"taxonomy":"category","embeddable":true,"href":"https:\/\/veritasinfo.org\/index.php?rest_route=%2Fwp%2Fv2%2Fcategories&post=17871"},{"taxonomy":"post_tag","embeddable":true,"href":"https:\/\/veritasinfo.org\/index.php?rest_route=%2Fwp%2Fv2%2Ftags&post=17871"}],"curies":[{"name":"wp","href":"https:\/\/api.w.org\/{rel}","templated":true}]}}