{"id":17861,"date":"2025-10-27T11:22:02","date_gmt":"2025-10-27T10:22:02","guid":{"rendered":"https:\/\/veritasinfo.org\/?p=17861"},"modified":"2025-10-27T11:22:02","modified_gmt":"2025-10-27T10:22:02","slug":"komuna-e-gjilanit-vendos-kamera-ne-qytet-qe-ekzistojne-vetem-ne-londer-dhe-new-york","status":"publish","type":"post","link":"https:\/\/veritasinfo.org\/?p=17861","title":{"rendered":"Komuna e Gjilanit vendos kamera n\u00eb qytet, \u201cq\u00eb ekzistojn\u00eb vet\u00ebm n\u00eb Lond\u00ebr dhe New York\u201d"},"content":{"rendered":"<p>Gjilan 27 Tetor 2025<\/p>\n<p>Komuna e Gjilanit ka njoftuar se ka vendosur sisteme kamerash n\u00eb rrug\u00ebt publike t\u00eb teknologjis\u00eb s\u00eb fundit.<br \/>\nSipas njoftimit t\u00eb komun\u00ebs ky sistem i kamerave q\u00eb ekziston vet\u00ebm n\u00eb Lond\u00ebr e New York mund\u00ebson identifikimin automatik t\u00eb targave t\u00eb automjeteve (ANPR) dhe integron t\u00eb gjitha kamerat n\u00eb nj\u00eb platform\u00eb t\u00eb vetme menaxhimi.<br \/>\nKryetari i Komun\u00ebs s\u00eb Gjilanit, Alban Hyseni, tha se tash ka m\u00eb shum\u00eb siguri p\u00ebr Gjilanin ton\u00eb.<br \/>\n\u201cKemi pranuar nj\u00eb donacion t\u00eb r\u00ebnd\u00ebsish\u00ebm nga miqt\u00eb tan\u00eb n\u00eb Angli p\u00ebr zgjerimin dhe modernizimin e rrjetit t\u00eb kamerave n\u00eb qytet\u201d, tha Alban Hyseni.<br \/>\nI pari i Gjilanit, theksoi se ky sistem i gjenerat\u00ebs s\u00eb fundit, me rezolucion t\u00eb lart\u00eb dhe inteligjenc\u00eb artificiale (AI), mund\u00ebson identifikimin automatik t\u00eb targave t\u00eb automjeteve (ANPR) dhe integron t\u00eb gjitha kamerat n\u00eb nj\u00eb platform\u00eb t\u00eb vetme menaxhimi.<br \/>\n\u201cP\u00ebr momentin, k\u00ebto sisteme kamerash ekzistojn\u00eb vet\u00ebm n\u00eb Lond\u00ebr e New York, e nga sot edhe n\u00eb Gjilanin ton\u00eb\u201d, tha Hyseni, thuhet n\u00eb komunikat\u00eb.<br \/>\nKryetari i Gjilanit, m\u00eb tej shtoi se nj\u00eb donacion shum\u00eb i vlefsh\u00ebm si ky, do ta rris\u00eb duksh\u00ebm sigurin\u00eb publike t\u00eb qytetit ton\u00eb dhe \u00ebsht\u00eb hap i madh p\u00ebr nj\u00eb Gjilan m\u00eb t\u00eb sigurt dhe m\u00eb modern.<br \/>\nAi fal\u00ebnderoi nga zemra p\u00ebr donacionin miqt\u00eb nga Anglia.<\/p>\n","protected":false},"excerpt":{"rendered":"<p>Gjilan 27 Tetor 2025 Komuna e Gjilanit ka njoftuar se ka vendosur sisteme kamerash n\u00eb rrug\u00ebt publike t\u00eb teknologjis\u00eb s\u00eb fundit. Sipas njoftimit t\u00eb komun\u00ebs<\/p>\n","protected":false},"author":6,"featured_media":17862,"comment_status":"open","ping_status":"open","sticky":false,"template":"","format":"standard","meta":{"footnotes":""},"categories":[52],"tags":[],"class_list":["post-17861","post","type-post","status-publish","format-standard","has-post-thumbnail","hentry","category-komunat-sq"],"yoast_head":"<!-- This site is optimized with the Yoast SEO plugin v25.3.1 - https:\/\/yoast.com\/wordpress\/plugins\/seo\/ -->\n<title>Komuna e Gjilanit vendos kamera n\u00eb qytet, \u201cq\u00eb ekzistojn\u00eb vet\u00ebm n\u00eb Lond\u00ebr dhe New York\u201d -<\/title>\n<meta name=\"robots\" content=\"index, follow, max-snippet:-1, max-image-preview:large, max-video-preview:-1\" \/>\n<link rel=\"canonical\" href=\"https:\/\/veritasinfo.org\/?p=17861\" \/>\n<meta property=\"og:locale\" content=\"en_US\" \/>\n<meta property=\"og:type\" content=\"article\" \/>\n<meta property=\"og:title\" content=\"Komuna e Gjilanit vendos kamera n\u00eb qytet, \u201cq\u00eb ekzistojn\u00eb vet\u00ebm n\u00eb Lond\u00ebr dhe New York\u201d -\" \/>\n<meta property=\"og:description\" content=\"Gjilan 27 Tetor 2025 Komuna e Gjilanit ka njoftuar se ka vendosur sisteme kamerash n\u00eb rrug\u00ebt publike t\u00eb teknologjis\u00eb s\u00eb fundit. Sipas njoftimit t\u00eb komun\u00ebs\" \/>\n<meta property=\"og:url\" content=\"https:\/\/veritasinfo.org\/?p=17861\" \/>\n<meta property=\"article:published_time\" content=\"2025-10-27T10:22:02+00:00\" \/>\n<meta property=\"og:image\" content=\"https:\/\/veritasinfo.org\/wp-content\/uploads\/2025\/10\/IMG-20251027-WA0018.jpg\" \/>\n\t<meta property=\"og:image:width\" content=\"628\" \/>\n\t<meta property=\"og:image:height\" content=\"328\" \/>\n\t<meta property=\"og:image:type\" content=\"image\/jpeg\" \/>\n<meta name=\"author\" content=\"US5\" \/>\n<meta name=\"twitter:card\" content=\"summary_large_image\" \/>\n<meta name=\"twitter:label1\" content=\"Written by\" \/>\n\t<meta name=\"twitter:data1\" content=\"US5\" \/>\n\t<meta name=\"twitter:label2\" content=\"Est. reading time\" \/>\n\t<meta name=\"twitter:data2\" content=\"1 minute\" \/>\n<script type=\"application\/ld+json\" class=\"yoast-schema-graph\">{\"@context\":\"https:\/\/schema.org\",\"@graph\":[{\"@type\":\"WebPage\",\"@id\":\"https:\/\/veritasinfo.org\/?p=17861\",\"url\":\"https:\/\/veritasinfo.org\/?p=17861\",\"name\":\"Komuna e Gjilanit vendos kamera n\u00eb qytet, \u201cq\u00eb ekzistojn\u00eb vet\u00ebm n\u00eb Lond\u00ebr dhe New York\u201d -\",\"isPartOf\":{\"@id\":\"https:\/\/veritasinfo.org\/#website\"},\"primaryImageOfPage\":{\"@id\":\"https:\/\/veritasinfo.org\/?p=17861#primaryimage\"},\"image\":{\"@id\":\"https:\/\/veritasinfo.org\/?p=17861#primaryimage\"},\"thumbnailUrl\":\"https:\/\/veritasinfo.org\/wp-content\/uploads\/2025\/10\/IMG-20251027-WA0018.jpg\",\"datePublished\":\"2025-10-27T10:22:02+00:00\",\"author\":{\"@id\":\"https:\/\/veritasinfo.org\/#\/schema\/person\/bc442336e35414d04494ab8fb45db4c6\"},\"breadcrumb\":{\"@id\":\"https:\/\/veritasinfo.org\/?p=17861#breadcrumb\"},\"inLanguage\":\"en-US\",\"potentialAction\":[{\"@type\":\"ReadAction\",\"target\":[\"https:\/\/veritasinfo.org\/?p=17861\"]}]},{\"@type\":\"ImageObject\",\"inLanguage\":\"en-US\",\"@id\":\"https:\/\/veritasinfo.org\/?p=17861#primaryimage\",\"url\":\"https:\/\/veritasinfo.org\/wp-content\/uploads\/2025\/10\/IMG-20251027-WA0018.jpg\",\"contentUrl\":\"https:\/\/veritasinfo.org\/wp-content\/uploads\/2025\/10\/IMG-20251027-WA0018.jpg\",\"width\":628,\"height\":328},{\"@type\":\"BreadcrumbList\",\"@id\":\"https:\/\/veritasinfo.org\/?p=17861#breadcrumb\",\"itemListElement\":[{\"@type\":\"ListItem\",\"position\":1,\"name\":\"Home\",\"item\":\"https:\/\/veritasinfo.org\/\"},{\"@type\":\"ListItem\",\"position\":2,\"name\":\"Komuna e Gjilanit vendos kamera n\u00eb qytet, \u201cq\u00eb ekzistojn\u00eb vet\u00ebm n\u00eb Lond\u00ebr dhe New York\u201d\"}]},{\"@type\":\"WebSite\",\"@id\":\"https:\/\/veritasinfo.org\/#website\",\"url\":\"https:\/\/veritasinfo.org\/\",\"name\":\"\",\"description\":\"\",\"potentialAction\":[{\"@type\":\"SearchAction\",\"target\":{\"@type\":\"EntryPoint\",\"urlTemplate\":\"https:\/\/veritasinfo.org\/?s={search_term_string}\"},\"query-input\":{\"@type\":\"PropertyValueSpecification\",\"valueRequired\":true,\"valueName\":\"search_term_string\"}}],\"inLanguage\":\"en-US\"},{\"@type\":\"Person\",\"@id\":\"https:\/\/veritasinfo.org\/#\/schema\/person\/bc442336e35414d04494ab8fb45db4c6\",\"name\":\"US5\",\"image\":{\"@type\":\"ImageObject\",\"inLanguage\":\"en-US\",\"@id\":\"https:\/\/veritasinfo.org\/#\/schema\/person\/image\/\",\"url\":\"https:\/\/secure.gravatar.com\/avatar\/16a61e7272a0c5d001121ebb9e60e925d5816e4ac1e443ed3e640d9a6ae55d0c?s=96&d=mm&r=g\",\"contentUrl\":\"https:\/\/secure.gravatar.com\/avatar\/16a61e7272a0c5d001121ebb9e60e925d5816e4ac1e443ed3e640d9a6ae55d0c?s=96&d=mm&r=g\",\"caption\":\"US5\"},\"url\":\"https:\/\/veritasinfo.org\/?author=6\"}]}<\/script>\n<!-- \/ Yoast SEO plugin. -->","yoast_head_json":{"title":"Komuna e Gjilanit vendos kamera n\u00eb qytet, \u201cq\u00eb ekzistojn\u00eb vet\u00ebm n\u00eb Lond\u00ebr dhe New York\u201d -","robots":{"index":"index","follow":"follow","max-snippet":"max-snippet:-1","max-image-preview":"max-image-preview:large","max-video-preview":"max-video-preview:-1"},"canonical":"https:\/\/veritasinfo.org\/?p=17861","og_locale":"en_US","og_type":"article","og_title":"Komuna e Gjilanit vendos kamera n\u00eb qytet, \u201cq\u00eb ekzistojn\u00eb vet\u00ebm n\u00eb Lond\u00ebr dhe New York\u201d -","og_description":"Gjilan 27 Tetor 2025 Komuna e Gjilanit ka njoftuar se ka vendosur sisteme kamerash n\u00eb rrug\u00ebt publike t\u00eb teknologjis\u00eb s\u00eb fundit. Sipas njoftimit t\u00eb komun\u00ebs","og_url":"https:\/\/veritasinfo.org\/?p=17861","article_published_time":"2025-10-27T10:22:02+00:00","og_image":[{"width":628,"height":328,"url":"https:\/\/veritasinfo.org\/wp-content\/uploads\/2025\/10\/IMG-20251027-WA0018.jpg","type":"image\/jpeg"}],"author":"US5","twitter_card":"summary_large_image","twitter_misc":{"Written by":"US5","Est. reading time":"1 minute"},"schema":{"@context":"https:\/\/schema.org","@graph":[{"@type":"WebPage","@id":"https:\/\/veritasinfo.org\/?p=17861","url":"https:\/\/veritasinfo.org\/?p=17861","name":"Komuna e Gjilanit vendos kamera n\u00eb qytet, \u201cq\u00eb ekzistojn\u00eb vet\u00ebm n\u00eb Lond\u00ebr dhe New York\u201d -","isPartOf":{"@id":"https:\/\/veritasinfo.org\/#website"},"primaryImageOfPage":{"@id":"https:\/\/veritasinfo.org\/?p=17861#primaryimage"},"image":{"@id":"https:\/\/veritasinfo.org\/?p=17861#primaryimage"},"thumbnailUrl":"https:\/\/veritasinfo.org\/wp-content\/uploads\/2025\/10\/IMG-20251027-WA0018.jpg","datePublished":"2025-10-27T10:22:02+00:00","author":{"@id":"https:\/\/veritasinfo.org\/#\/schema\/person\/bc442336e35414d04494ab8fb45db4c6"},"breadcrumb":{"@id":"https:\/\/veritasinfo.org\/?p=17861#breadcrumb"},"inLanguage":"en-US","potentialAction":[{"@type":"ReadAction","target":["https:\/\/veritasinfo.org\/?p=17861"]}]},{"@type":"ImageObject","inLanguage":"en-US","@id":"https:\/\/veritasinfo.org\/?p=17861#primaryimage","url":"https:\/\/veritasinfo.org\/wp-content\/uploads\/2025\/10\/IMG-20251027-WA0018.jpg","contentUrl":"https:\/\/veritasinfo.org\/wp-content\/uploads\/2025\/10\/IMG-20251027-WA0018.jpg","width":628,"height":328},{"@type":"BreadcrumbList","@id":"https:\/\/veritasinfo.org\/?p=17861#breadcrumb","itemListElement":[{"@type":"ListItem","position":1,"name":"Home","item":"https:\/\/veritasinfo.org\/"},{"@type":"ListItem","position":2,"name":"Komuna e Gjilanit vendos kamera n\u00eb qytet, \u201cq\u00eb ekzistojn\u00eb vet\u00ebm n\u00eb Lond\u00ebr dhe New York\u201d"}]},{"@type":"WebSite","@id":"https:\/\/veritasinfo.org\/#website","url":"https:\/\/veritasinfo.org\/","name":"","description":"","potentialAction":[{"@type":"SearchAction","target":{"@type":"EntryPoint","urlTemplate":"https:\/\/veritasinfo.org\/?s={search_term_string}"},"query-input":{"@type":"PropertyValueSpecification","valueRequired":true,"valueName":"search_term_string"}}],"inLanguage":"en-US"},{"@type":"Person","@id":"https:\/\/veritasinfo.org\/#\/schema\/person\/bc442336e35414d04494ab8fb45db4c6","name":"US5","image":{"@type":"ImageObject","inLanguage":"en-US","@id":"https:\/\/veritasinfo.org\/#\/schema\/person\/image\/","url":"https:\/\/secure.gravatar.com\/avatar\/16a61e7272a0c5d001121ebb9e60e925d5816e4ac1e443ed3e640d9a6ae55d0c?s=96&d=mm&r=g","contentUrl":"https:\/\/secure.gravatar.com\/avatar\/16a61e7272a0c5d001121ebb9e60e925d5816e4ac1e443ed3e640d9a6ae55d0c?s=96&d=mm&r=g","caption":"US5"},"url":"https:\/\/veritasinfo.org\/?author=6"}]}},"featured_image_urls":{"full":["https:\/\/veritasinfo.org\/wp-content\/uploads\/2025\/10\/IMG-20251027-WA0018.jpg",628,328,false],"thumbnail":["https:\/\/veritasinfo.org\/wp-content\/uploads\/2025\/10\/IMG-20251027-WA0018-150x150.jpg",150,150,true],"medium":["https:\/\/veritasinfo.org\/wp-content\/uploads\/2025\/10\/IMG-20251027-WA0018-300x157.jpg",300,157,true],"medium_large":["https:\/\/veritasinfo.org\/wp-content\/uploads\/2025\/10\/IMG-20251027-WA0018.jpg",628,328,false],"large":["https:\/\/veritasinfo.org\/wp-content\/uploads\/2025\/10\/IMG-20251027-WA0018.jpg",628,328,false],"1536x1536":["https:\/\/veritasinfo.org\/wp-content\/uploads\/2025\/10\/IMG-20251027-WA0018.jpg",628,328,false],"2048x2048":["https:\/\/veritasinfo.org\/wp-content\/uploads\/2025\/10\/IMG-20251027-WA0018.jpg",628,328,false],"kreeti-slider-full":["https:\/\/veritasinfo.org\/wp-content\/uploads\/2025\/10\/IMG-20251027-WA0018.jpg",628,328,false],"kreeti-featured":["https:\/\/veritasinfo.org\/wp-content\/uploads\/2025\/10\/IMG-20251027-WA0018.jpg",628,328,false],"kreeti-medium":["https:\/\/veritasinfo.org\/wp-content\/uploads\/2025\/10\/IMG-20251027-WA0018.jpg",628,328,false],"kreeti-medium-square":["https:\/\/veritasinfo.org\/wp-content\/uploads\/2025\/10\/IMG-20251027-WA0018.jpg",350,183,false]},"author_info":{"info":["US5"]},"category_info":"<a href=\"https:\/\/veritasinfo.org\/?cat=52\" rel=\"category\">Komunat<\/a>","tag_info":"Komunat","comment_count":"0","_links":{"self":[{"href":"https:\/\/veritasinfo.org\/index.php?rest_route=\/wp\/v2\/posts\/17861","targetHints":{"allow":["GET"]}}],"collection":[{"href":"https:\/\/veritasinfo.org\/index.php?rest_route=\/wp\/v2\/posts"}],"about":[{"href":"https:\/\/veritasinfo.org\/index.php?rest_route=\/wp\/v2\/types\/post"}],"author":[{"embeddable":true,"href":"https:\/\/veritasinfo.org\/index.php?rest_route=\/wp\/v2\/users\/6"}],"replies":[{"embeddable":true,"href":"https:\/\/veritasinfo.org\/index.php?rest_route=%2Fwp%2Fv2%2Fcomments&post=17861"}],"version-history":[{"count":1,"href":"https:\/\/veritasinfo.org\/index.php?rest_route=\/wp\/v2\/posts\/17861\/revisions"}],"predecessor-version":[{"id":17863,"href":"https:\/\/veritasinfo.org\/index.php?rest_route=\/wp\/v2\/posts\/17861\/revisions\/17863"}],"wp:featuredmedia":[{"embeddable":true,"href":"https:\/\/veritasinfo.org\/index.php?rest_route=\/wp\/v2\/media\/17862"}],"wp:attachment":[{"href":"https:\/\/veritasinfo.org\/index.php?rest_route=%2Fwp%2Fv2%2Fmedia&parent=17861"}],"wp:term":[{"taxonomy":"category","embeddable":true,"href":"https:\/\/veritasinfo.org\/index.php?rest_route=%2Fwp%2Fv2%2Fcategories&post=17861"},{"taxonomy":"post_tag","embeddable":true,"href":"https:\/\/veritasinfo.org\/index.php?rest_route=%2Fwp%2Fv2%2Ftags&post=17861"}],"curies":[{"name":"wp","href":"https:\/\/api.w.org\/{rel}","templated":true}]}}