{"id":17830,"date":"2025-10-27T08:37:21","date_gmt":"2025-10-27T07:37:21","guid":{"rendered":"https:\/\/veritasinfo.org\/?p=17830"},"modified":"2025-10-27T08:37:21","modified_gmt":"2025-10-27T07:37:21","slug":"mitrovica-e-veriut-rrit-ndjeshem-te-hyrat-vetanake","status":"publish","type":"post","link":"https:\/\/veritasinfo.org\/?p=17830","title":{"rendered":"Mitrovica e Veriut rrit ndjesh\u00ebm t\u00eb hyrat vetanake"},"content":{"rendered":"<p>Mitrovic\u00eb e Veriut, 27 tetor 2025<\/p>\n<p>Sipas t\u00eb dh\u00ebnave t\u00eb Drejtoris\u00eb p\u00ebr Buxhet dhe Financa t\u00eb Komun\u00ebs s\u00eb Mitrovic\u00ebs s\u00eb Veriut, gjat\u00eb k\u00ebtij viti \u00ebsht\u00eb sh\u00ebnuar nj\u00eb rritje e ndjeshme e t\u00eb hyrave vetanake krahasuar me dy vitet e m\u00ebparshme.<br \/>\nT\u00eb hyrat e p\u00ebrgjithshme p\u00ebr vitin 2025 arrijn\u00eb n\u00eb 147.849 euro, q\u00eb \u00ebsht\u00eb m\u00eb shum\u00eb se dyfish n\u00eb krahasim me vitin 2024, kur t\u00eb hyrat ishin 73.939 euro, dhe madje m\u00eb shum\u00eb se pes\u00ebfish krahasuar me vitin 2023.<\/p>\n<p>Rritja m\u00eb e madhe \u00ebsht\u00eb regjistruar n\u00eb muajin shtator, kur t\u00eb hyrat vetanake arrit\u00ebn n\u00eb 58.337 euro, q\u00eb paraqet nj\u00eb rritje prej 417% krahasuar me t\u00eb nj\u00ebjtin muaj t\u00eb vitit t\u00eb kaluar. Nj\u00eb rritje e konsiderueshme \u00ebsht\u00eb v\u00ebrejtur edhe gjat\u00eb muajve korrik dhe gusht, kur t\u00eb hyrat ishin mbi 200% m\u00eb t\u00eb larta n\u00eb krahasim me vitin 2024.<\/p>\n<p>K\u00ebto rezultate tregojn\u00eb p\u00ebr p\u00ebrmir\u00ebsim t\u00eb disiplin\u00ebs fiskale, mbledhje m\u00eb efikase t\u00eb taksave lokale, si dhe p\u00ebr forcim t\u00eb ekonomis\u00eb lokale. Rritja e t\u00eb hyrave vetanake i mund\u00ebson komun\u00ebs t\u00eb investoj\u00eb m\u00eb shum\u00eb n\u00eb infrastruktur\u00eb, sh\u00ebrbime publike dhe projekte zhvillimore me r\u00ebnd\u00ebsi p\u00ebr qytetar\u00ebt.<\/p>\n<p>Drejtoria p\u00ebr Buxhet dhe Zhvillim Ekonomik thekson se \u00ebsht\u00eb planifikuar q\u00eb deri n\u00eb fund t\u00eb vitit t\u00eb arrihet nj\u00eb nivel edhe m\u00eb i lart\u00eb i mbledhjes s\u00eb t\u00eb hyrave, me \u00e7\u2019rast Mitrovica e Veriut do t\u00eb forcoj\u00eb m\u00eb tej pavar\u00ebsin\u00eb financiare dhe stabilitetin e financave publike lokale.<\/p>\n","protected":false},"excerpt":{"rendered":"<p>Mitrovic\u00eb e Veriut, 27 tetor 2025 Sipas t\u00eb dh\u00ebnave t\u00eb Drejtoris\u00eb p\u00ebr Buxhet dhe Financa t\u00eb Komun\u00ebs s\u00eb Mitrovic\u00ebs s\u00eb Veriut, gjat\u00eb k\u00ebtij viti \u00ebsht\u00eb<\/p>\n","protected":false},"author":7,"featured_media":17831,"comment_status":"open","ping_status":"open","sticky":false,"template":"","format":"standard","meta":{"footnotes":""},"categories":[52],"tags":[],"class_list":["post-17830","post","type-post","status-publish","format-standard","has-post-thumbnail","hentry","category-komunat-sq"],"yoast_head":"<!-- This site is optimized with the Yoast SEO plugin v25.3.1 - https:\/\/yoast.com\/wordpress\/plugins\/seo\/ -->\n<title>Mitrovica e Veriut rrit ndjesh\u00ebm t\u00eb hyrat vetanake -<\/title>\n<meta name=\"robots\" content=\"index, follow, max-snippet:-1, max-image-preview:large, max-video-preview:-1\" \/>\n<link rel=\"canonical\" href=\"https:\/\/veritasinfo.org\/?p=17830\" \/>\n<meta property=\"og:locale\" content=\"en_US\" \/>\n<meta property=\"og:type\" content=\"article\" \/>\n<meta property=\"og:title\" content=\"Mitrovica e Veriut rrit ndjesh\u00ebm t\u00eb hyrat vetanake -\" \/>\n<meta property=\"og:description\" content=\"Mitrovic\u00eb e Veriut, 27 tetor 2025 Sipas t\u00eb dh\u00ebnave t\u00eb Drejtoris\u00eb p\u00ebr Buxhet dhe Financa t\u00eb Komun\u00ebs s\u00eb Mitrovic\u00ebs s\u00eb Veriut, gjat\u00eb k\u00ebtij viti \u00ebsht\u00eb\" \/>\n<meta property=\"og:url\" content=\"https:\/\/veritasinfo.org\/?p=17830\" \/>\n<meta property=\"article:published_time\" content=\"2025-10-27T07:37:21+00:00\" \/>\n<meta property=\"og:image\" content=\"https:\/\/veritasinfo.org\/wp-content\/uploads\/2025\/10\/komuna-mitrovica-veriore-720x472-1.png\" \/>\n\t<meta property=\"og:image:width\" content=\"720\" \/>\n\t<meta property=\"og:image:height\" content=\"472\" \/>\n\t<meta property=\"og:image:type\" content=\"image\/png\" \/>\n<meta name=\"author\" content=\"US6\" \/>\n<meta name=\"twitter:card\" content=\"summary_large_image\" \/>\n<meta name=\"twitter:label1\" content=\"Written by\" \/>\n\t<meta name=\"twitter:data1\" content=\"US6\" \/>\n\t<meta name=\"twitter:label2\" content=\"Est. reading time\" \/>\n\t<meta name=\"twitter:data2\" content=\"2 minutes\" \/>\n<script type=\"application\/ld+json\" class=\"yoast-schema-graph\">{\"@context\":\"https:\/\/schema.org\",\"@graph\":[{\"@type\":\"WebPage\",\"@id\":\"https:\/\/veritasinfo.org\/?p=17830\",\"url\":\"https:\/\/veritasinfo.org\/?p=17830\",\"name\":\"Mitrovica e Veriut rrit ndjesh\u00ebm t\u00eb hyrat vetanake -\",\"isPartOf\":{\"@id\":\"https:\/\/veritasinfo.org\/#website\"},\"primaryImageOfPage\":{\"@id\":\"https:\/\/veritasinfo.org\/?p=17830#primaryimage\"},\"image\":{\"@id\":\"https:\/\/veritasinfo.org\/?p=17830#primaryimage\"},\"thumbnailUrl\":\"https:\/\/veritasinfo.org\/wp-content\/uploads\/2025\/10\/komuna-mitrovica-veriore-720x472-1.png\",\"datePublished\":\"2025-10-27T07:37:21+00:00\",\"author\":{\"@id\":\"https:\/\/veritasinfo.org\/#\/schema\/person\/fe199eede04c3937362892b7444747cc\"},\"breadcrumb\":{\"@id\":\"https:\/\/veritasinfo.org\/?p=17830#breadcrumb\"},\"inLanguage\":\"en-US\",\"potentialAction\":[{\"@type\":\"ReadAction\",\"target\":[\"https:\/\/veritasinfo.org\/?p=17830\"]}]},{\"@type\":\"ImageObject\",\"inLanguage\":\"en-US\",\"@id\":\"https:\/\/veritasinfo.org\/?p=17830#primaryimage\",\"url\":\"https:\/\/veritasinfo.org\/wp-content\/uploads\/2025\/10\/komuna-mitrovica-veriore-720x472-1.png\",\"contentUrl\":\"https:\/\/veritasinfo.org\/wp-content\/uploads\/2025\/10\/komuna-mitrovica-veriore-720x472-1.png\",\"width\":720,\"height\":472},{\"@type\":\"BreadcrumbList\",\"@id\":\"https:\/\/veritasinfo.org\/?p=17830#breadcrumb\",\"itemListElement\":[{\"@type\":\"ListItem\",\"position\":1,\"name\":\"Home\",\"item\":\"https:\/\/veritasinfo.org\/\"},{\"@type\":\"ListItem\",\"position\":2,\"name\":\"Mitrovica e Veriut rrit ndjesh\u00ebm t\u00eb hyrat vetanake\"}]},{\"@type\":\"WebSite\",\"@id\":\"https:\/\/veritasinfo.org\/#website\",\"url\":\"https:\/\/veritasinfo.org\/\",\"name\":\"\",\"description\":\"\",\"potentialAction\":[{\"@type\":\"SearchAction\",\"target\":{\"@type\":\"EntryPoint\",\"urlTemplate\":\"https:\/\/veritasinfo.org\/?s={search_term_string}\"},\"query-input\":{\"@type\":\"PropertyValueSpecification\",\"valueRequired\":true,\"valueName\":\"search_term_string\"}}],\"inLanguage\":\"en-US\"},{\"@type\":\"Person\",\"@id\":\"https:\/\/veritasinfo.org\/#\/schema\/person\/fe199eede04c3937362892b7444747cc\",\"name\":\"US6\",\"image\":{\"@type\":\"ImageObject\",\"inLanguage\":\"en-US\",\"@id\":\"https:\/\/veritasinfo.org\/#\/schema\/person\/image\/\",\"url\":\"https:\/\/secure.gravatar.com\/avatar\/cb16c3c31c9d23b9b8c705964598220b3014e42ff51eb540ff23cefa3ae8c15f?s=96&d=mm&r=g\",\"contentUrl\":\"https:\/\/secure.gravatar.com\/avatar\/cb16c3c31c9d23b9b8c705964598220b3014e42ff51eb540ff23cefa3ae8c15f?s=96&d=mm&r=g\",\"caption\":\"US6\"},\"url\":\"https:\/\/veritasinfo.org\/?author=7\"}]}<\/script>\n<!-- \/ Yoast SEO plugin. -->","yoast_head_json":{"title":"Mitrovica e Veriut rrit ndjesh\u00ebm t\u00eb hyrat vetanake -","robots":{"index":"index","follow":"follow","max-snippet":"max-snippet:-1","max-image-preview":"max-image-preview:large","max-video-preview":"max-video-preview:-1"},"canonical":"https:\/\/veritasinfo.org\/?p=17830","og_locale":"en_US","og_type":"article","og_title":"Mitrovica e Veriut rrit ndjesh\u00ebm t\u00eb hyrat vetanake -","og_description":"Mitrovic\u00eb e Veriut, 27 tetor 2025 Sipas t\u00eb dh\u00ebnave t\u00eb Drejtoris\u00eb p\u00ebr Buxhet dhe Financa t\u00eb Komun\u00ebs s\u00eb Mitrovic\u00ebs s\u00eb Veriut, gjat\u00eb k\u00ebtij viti \u00ebsht\u00eb","og_url":"https:\/\/veritasinfo.org\/?p=17830","article_published_time":"2025-10-27T07:37:21+00:00","og_image":[{"width":720,"height":472,"url":"https:\/\/veritasinfo.org\/wp-content\/uploads\/2025\/10\/komuna-mitrovica-veriore-720x472-1.png","type":"image\/png"}],"author":"US6","twitter_card":"summary_large_image","twitter_misc":{"Written by":"US6","Est. reading time":"2 minutes"},"schema":{"@context":"https:\/\/schema.org","@graph":[{"@type":"WebPage","@id":"https:\/\/veritasinfo.org\/?p=17830","url":"https:\/\/veritasinfo.org\/?p=17830","name":"Mitrovica e Veriut rrit ndjesh\u00ebm t\u00eb hyrat vetanake -","isPartOf":{"@id":"https:\/\/veritasinfo.org\/#website"},"primaryImageOfPage":{"@id":"https:\/\/veritasinfo.org\/?p=17830#primaryimage"},"image":{"@id":"https:\/\/veritasinfo.org\/?p=17830#primaryimage"},"thumbnailUrl":"https:\/\/veritasinfo.org\/wp-content\/uploads\/2025\/10\/komuna-mitrovica-veriore-720x472-1.png","datePublished":"2025-10-27T07:37:21+00:00","author":{"@id":"https:\/\/veritasinfo.org\/#\/schema\/person\/fe199eede04c3937362892b7444747cc"},"breadcrumb":{"@id":"https:\/\/veritasinfo.org\/?p=17830#breadcrumb"},"inLanguage":"en-US","potentialAction":[{"@type":"ReadAction","target":["https:\/\/veritasinfo.org\/?p=17830"]}]},{"@type":"ImageObject","inLanguage":"en-US","@id":"https:\/\/veritasinfo.org\/?p=17830#primaryimage","url":"https:\/\/veritasinfo.org\/wp-content\/uploads\/2025\/10\/komuna-mitrovica-veriore-720x472-1.png","contentUrl":"https:\/\/veritasinfo.org\/wp-content\/uploads\/2025\/10\/komuna-mitrovica-veriore-720x472-1.png","width":720,"height":472},{"@type":"BreadcrumbList","@id":"https:\/\/veritasinfo.org\/?p=17830#breadcrumb","itemListElement":[{"@type":"ListItem","position":1,"name":"Home","item":"https:\/\/veritasinfo.org\/"},{"@type":"ListItem","position":2,"name":"Mitrovica e Veriut rrit ndjesh\u00ebm t\u00eb hyrat vetanake"}]},{"@type":"WebSite","@id":"https:\/\/veritasinfo.org\/#website","url":"https:\/\/veritasinfo.org\/","name":"","description":"","potentialAction":[{"@type":"SearchAction","target":{"@type":"EntryPoint","urlTemplate":"https:\/\/veritasinfo.org\/?s={search_term_string}"},"query-input":{"@type":"PropertyValueSpecification","valueRequired":true,"valueName":"search_term_string"}}],"inLanguage":"en-US"},{"@type":"Person","@id":"https:\/\/veritasinfo.org\/#\/schema\/person\/fe199eede04c3937362892b7444747cc","name":"US6","image":{"@type":"ImageObject","inLanguage":"en-US","@id":"https:\/\/veritasinfo.org\/#\/schema\/person\/image\/","url":"https:\/\/secure.gravatar.com\/avatar\/cb16c3c31c9d23b9b8c705964598220b3014e42ff51eb540ff23cefa3ae8c15f?s=96&d=mm&r=g","contentUrl":"https:\/\/secure.gravatar.com\/avatar\/cb16c3c31c9d23b9b8c705964598220b3014e42ff51eb540ff23cefa3ae8c15f?s=96&d=mm&r=g","caption":"US6"},"url":"https:\/\/veritasinfo.org\/?author=7"}]}},"featured_image_urls":{"full":["https:\/\/veritasinfo.org\/wp-content\/uploads\/2025\/10\/komuna-mitrovica-veriore-720x472-1.png",720,472,false],"thumbnail":["https:\/\/veritasinfo.org\/wp-content\/uploads\/2025\/10\/komuna-mitrovica-veriore-720x472-1-150x150.png",150,150,true],"medium":["https:\/\/veritasinfo.org\/wp-content\/uploads\/2025\/10\/komuna-mitrovica-veriore-720x472-1-300x197.png",300,197,true],"medium_large":["https:\/\/veritasinfo.org\/wp-content\/uploads\/2025\/10\/komuna-mitrovica-veriore-720x472-1.png",640,420,false],"large":["https:\/\/veritasinfo.org\/wp-content\/uploads\/2025\/10\/komuna-mitrovica-veriore-720x472-1.png",640,420,false],"1536x1536":["https:\/\/veritasinfo.org\/wp-content\/uploads\/2025\/10\/komuna-mitrovica-veriore-720x472-1.png",720,472,false],"2048x2048":["https:\/\/veritasinfo.org\/wp-content\/uploads\/2025\/10\/komuna-mitrovica-veriore-720x472-1.png",720,472,false],"kreeti-slider-full":["https:\/\/veritasinfo.org\/wp-content\/uploads\/2025\/10\/komuna-mitrovica-veriore-720x472-1.png",720,472,false],"kreeti-featured":["https:\/\/veritasinfo.org\/wp-content\/uploads\/2025\/10\/komuna-mitrovica-veriore-720x472-1.png",720,472,false],"kreeti-medium":["https:\/\/veritasinfo.org\/wp-content\/uploads\/2025\/10\/komuna-mitrovica-veriore-720x472-1.png",720,472,false],"kreeti-medium-square":["https:\/\/veritasinfo.org\/wp-content\/uploads\/2025\/10\/komuna-mitrovica-veriore-720x472-1.png",350,229,false]},"author_info":{"info":["US6"]},"category_info":"<a href=\"https:\/\/veritasinfo.org\/?cat=52\" rel=\"category\">Komunat<\/a>","tag_info":"Komunat","comment_count":"0","_links":{"self":[{"href":"https:\/\/veritasinfo.org\/index.php?rest_route=\/wp\/v2\/posts\/17830","targetHints":{"allow":["GET"]}}],"collection":[{"href":"https:\/\/veritasinfo.org\/index.php?rest_route=\/wp\/v2\/posts"}],"about":[{"href":"https:\/\/veritasinfo.org\/index.php?rest_route=\/wp\/v2\/types\/post"}],"author":[{"embeddable":true,"href":"https:\/\/veritasinfo.org\/index.php?rest_route=\/wp\/v2\/users\/7"}],"replies":[{"embeddable":true,"href":"https:\/\/veritasinfo.org\/index.php?rest_route=%2Fwp%2Fv2%2Fcomments&post=17830"}],"version-history":[{"count":1,"href":"https:\/\/veritasinfo.org\/index.php?rest_route=\/wp\/v2\/posts\/17830\/revisions"}],"predecessor-version":[{"id":17832,"href":"https:\/\/veritasinfo.org\/index.php?rest_route=\/wp\/v2\/posts\/17830\/revisions\/17832"}],"wp:featuredmedia":[{"embeddable":true,"href":"https:\/\/veritasinfo.org\/index.php?rest_route=\/wp\/v2\/media\/17831"}],"wp:attachment":[{"href":"https:\/\/veritasinfo.org\/index.php?rest_route=%2Fwp%2Fv2%2Fmedia&parent=17830"}],"wp:term":[{"taxonomy":"category","embeddable":true,"href":"https:\/\/veritasinfo.org\/index.php?rest_route=%2Fwp%2Fv2%2Fcategories&post=17830"},{"taxonomy":"post_tag","embeddable":true,"href":"https:\/\/veritasinfo.org\/index.php?rest_route=%2Fwp%2Fv2%2Ftags&post=17830"}],"curies":[{"name":"wp","href":"https:\/\/api.w.org\/{rel}","templated":true}]}}