{"id":1782,"date":"2025-06-27T21:48:37","date_gmt":"2025-06-27T19:48:37","guid":{"rendered":"https:\/\/veritasinfo.org\/?p=1782"},"modified":"2025-06-27T22:14:34","modified_gmt":"2025-06-27T20:14:34","slug":"vucic-studentima-vas-ultimatum-nije-prihvacen","status":"publish","type":"post","link":"https:\/\/veritasinfo.org\/?p=1782&lang=sr","title":{"rendered":"Vu\u010di\u0107 studentima: Va\u0161 ultimatum nije prihva\u0107en"},"content":{"rendered":"<p>Beograd, 27. jun 2025<\/p>\n<p>Predsednik Srbije Aleksandar Vu\u010di\u0107 izjavio je u petak, dan pre najavljene studentske protestne \u0161etnje u Beogradu, da \u201eSrbija nije prihvatila ultimatum\u201c.<\/p>\n<p>\u201eSrpska dr\u017eava se mnogo puta suo\u010dila sa ultimatumima velikih stranih sila. I ovog puta, strane sile su nam poslale ultimatum preko svojih saradnika u zemlji. Odgovor dr\u017eave Srbije je uvek bio isti\u201c, rekao je Vu\u010di\u0107 za televiziju Pink.<\/p>\n<p>Pred protest povodom Vidovdana, zakazan za 28. jun, studenti koji ve\u0107 neko vreme blokiraju fakultete u Beogradu, postavili su ultimatum srpskim vlastima.<\/p>\n<p>Oni su izneli dva zahteva: prvi je raspisivanje vanrednih parlamentarnih izbora.<\/p>\n<p>Drugi zahtev je prekid okupljanja u centru Beograda, gde su poslednja tri meseca kampovali protivnici studentskih blokada.<\/p>\n<p>Ova grupa demonstranata u centru Beograda sebe naziva \u201estudenti koji \u017eele da u\u010de\u201c.<\/p>\n<p>Protestni studenti su poru\u010dili da, ukoliko se ovi zahtevi ne ispune do 28. juna u 21:00 \u010dasova, o\u010dekuju da \u201egra\u0111ani budu spremni da preduzmu svaku postoje\u0107u meru gra\u0111anske neposlu\u0161nosti\u201c.<\/p>\n<p>\u201eUltimatum nije prihva\u0107en, tako da ne treba da \u010dekate do sutra u 21:00\u201c, rekao je Vu\u010di\u0107.<\/p>\n<p>Od najave odr\u017eavanja protesta u subotu, predstavnici vlasti u Srbiji su izjavili da studenti i u\u010desnici ovog protesta planiraju da izazovu nerede na ulicama.<\/p>\n<p>S druge strane, protestni studenti su poru\u010dili da su svojim dosada\u0161njim delovanjem pokazali da su protiv svake forme nasilja.<\/p>\n<p>Vi\u0161e od sedam meseci, studenti su organizovali proteste \u0161irom Srbije, uglavnom zahtevaju\u0107i utvr\u0111ivanje politi\u010dke i krivi\u010dne odgovornosti za smrt 16 osoba usled uru\u0161avanja betonskog nadstre\u0161nica na \u017delezni\u010dkoj stanici u Novom Sadu.<\/p>\n<p>Stanica je bila rekonstruisana i zvani\u010dno inaugurisana nekoliko meseci pre uru\u0161avanja.<\/p>\n<p>Protesti su postali simbol \u0161ireg nezadovoljstva stanjem vladavine prava u Srbiji, postavljaju\u0107i pitanje da li je nesre\u0107a u Novom Sadu posledica neodgovornosti i korupcije u sistemu.<\/p>\n<p>&nbsp;<\/p>\n<p>&nbsp;<\/p>\n<p>&nbsp;<\/p>\n<p>&nbsp;<\/p>\n<p>&nbsp;<\/p>\n<p>&nbsp;<\/p>\n<p>&nbsp;<\/p>\n<p>&nbsp;<\/p>\n<p>&nbsp;<\/p>\n","protected":false},"excerpt":{"rendered":"<p>Beograd, 27. jun 2025 Predsednik Srbije Aleksandar Vu\u010di\u0107 izjavio je u petak, dan pre najavljene studentske protestne \u0161etnje u Beogradu, da \u201eSrbija nije prihvatila ultimatum\u201c.<\/p>\n","protected":false},"author":1,"featured_media":1780,"comment_status":"open","ping_status":"open","sticky":false,"template":"","format":"standard","meta":{"footnotes":""},"categories":[28],"tags":[],"class_list":["post-1782","post","type-post","status-publish","format-standard","has-post-thumbnail","hentry","category-politika"],"yoast_head":"<!-- This site is optimized with the Yoast SEO plugin v25.3.1 - https:\/\/yoast.com\/wordpress\/plugins\/seo\/ -->\n<title>Vu\u010di\u0107 studentima: Va\u0161 ultimatum nije prihva\u0107en -<\/title>\n<meta name=\"robots\" content=\"index, follow, max-snippet:-1, max-image-preview:large, max-video-preview:-1\" \/>\n<link rel=\"canonical\" href=\"https:\/\/veritasinfo.org\/?p=1782&lang=sr\" \/>\n<meta property=\"og:locale\" content=\"en_US\" \/>\n<meta property=\"og:type\" content=\"article\" \/>\n<meta property=\"og:title\" content=\"Vu\u010di\u0107 studentima: Va\u0161 ultimatum nije prihva\u0107en -\" \/>\n<meta property=\"og:description\" content=\"Beograd, 27. jun 2025 Predsednik Srbije Aleksandar Vu\u010di\u0107 izjavio je u petak, dan pre najavljene studentske protestne \u0161etnje u Beogradu, da \u201eSrbija nije prihvatila ultimatum\u201c.\" \/>\n<meta property=\"og:url\" content=\"https:\/\/veritasinfo.org\/?p=1782&amp;lang=sr\" \/>\n<meta property=\"article:published_time\" content=\"2025-06-27T19:48:37+00:00\" \/>\n<meta property=\"article:modified_time\" content=\"2025-06-27T20:14:34+00:00\" \/>\n<meta property=\"og:image\" content=\"https:\/\/veritasinfo.org\/wp-content\/uploads\/2025\/06\/IMG_0197.jpeg\" \/>\n\t<meta property=\"og:image:width\" content=\"640\" \/>\n\t<meta property=\"og:image:height\" content=\"336\" \/>\n\t<meta property=\"og:image:type\" content=\"image\/jpeg\" \/>\n<meta name=\"author\" content=\"admin\" \/>\n<meta name=\"twitter:card\" content=\"summary_large_image\" \/>\n<meta name=\"twitter:label1\" content=\"Written by\" \/>\n\t<meta name=\"twitter:data1\" content=\"admin\" \/>\n\t<meta name=\"twitter:label2\" content=\"Est. reading time\" \/>\n\t<meta name=\"twitter:data2\" content=\"2 minutes\" \/>\n<script type=\"application\/ld+json\" class=\"yoast-schema-graph\">{\"@context\":\"https:\/\/schema.org\",\"@graph\":[{\"@type\":\"WebPage\",\"@id\":\"https:\/\/veritasinfo.org\/?p=1782&lang=sr\",\"url\":\"https:\/\/veritasinfo.org\/?p=1782&lang=sr\",\"name\":\"Vu\u010di\u0107 studentima: Va\u0161 ultimatum nije prihva\u0107en -\",\"isPartOf\":{\"@id\":\"https:\/\/veritasinfo.org\/#website\"},\"primaryImageOfPage\":{\"@id\":\"https:\/\/veritasinfo.org\/?p=1782&lang=sr#primaryimage\"},\"image\":{\"@id\":\"https:\/\/veritasinfo.org\/?p=1782&lang=sr#primaryimage\"},\"thumbnailUrl\":\"https:\/\/veritasinfo.org\/wp-content\/uploads\/2025\/06\/IMG_0197.jpeg\",\"datePublished\":\"2025-06-27T19:48:37+00:00\",\"dateModified\":\"2025-06-27T20:14:34+00:00\",\"author\":{\"@id\":\"https:\/\/veritasinfo.org\/#\/schema\/person\/7701f8c088bece422266b100a712374f\"},\"breadcrumb\":{\"@id\":\"https:\/\/veritasinfo.org\/?p=1782&lang=sr#breadcrumb\"},\"inLanguage\":\"en-US\",\"potentialAction\":[{\"@type\":\"ReadAction\",\"target\":[\"https:\/\/veritasinfo.org\/?p=1782&lang=sr\"]}]},{\"@type\":\"ImageObject\",\"inLanguage\":\"en-US\",\"@id\":\"https:\/\/veritasinfo.org\/?p=1782&lang=sr#primaryimage\",\"url\":\"https:\/\/veritasinfo.org\/wp-content\/uploads\/2025\/06\/IMG_0197.jpeg\",\"contentUrl\":\"https:\/\/veritasinfo.org\/wp-content\/uploads\/2025\/06\/IMG_0197.jpeg\",\"width\":640,\"height\":336},{\"@type\":\"BreadcrumbList\",\"@id\":\"https:\/\/veritasinfo.org\/?p=1782&lang=sr#breadcrumb\",\"itemListElement\":[{\"@type\":\"ListItem\",\"position\":1,\"name\":\"Home\",\"item\":\"https:\/\/veritasinfo.org\/\"},{\"@type\":\"ListItem\",\"position\":2,\"name\":\"Vu\u010di\u0107 studentima: Va\u0161 ultimatum nije prihva\u0107en\"}]},{\"@type\":\"WebSite\",\"@id\":\"https:\/\/veritasinfo.org\/#website\",\"url\":\"https:\/\/veritasinfo.org\/\",\"name\":\"\",\"description\":\"\",\"potentialAction\":[{\"@type\":\"SearchAction\",\"target\":{\"@type\":\"EntryPoint\",\"urlTemplate\":\"https:\/\/veritasinfo.org\/?s={search_term_string}\"},\"query-input\":{\"@type\":\"PropertyValueSpecification\",\"valueRequired\":true,\"valueName\":\"search_term_string\"}}],\"inLanguage\":\"en-US\"},{\"@type\":\"Person\",\"@id\":\"https:\/\/veritasinfo.org\/#\/schema\/person\/7701f8c088bece422266b100a712374f\",\"name\":\"admin\",\"image\":{\"@type\":\"ImageObject\",\"inLanguage\":\"en-US\",\"@id\":\"https:\/\/veritasinfo.org\/#\/schema\/person\/image\/\",\"url\":\"https:\/\/secure.gravatar.com\/avatar\/ea53aa3bf6c9a12d5fde8ce4deff43fef3885ae33cf60184161a50d6987cfd2f?s=96&d=mm&r=g\",\"contentUrl\":\"https:\/\/secure.gravatar.com\/avatar\/ea53aa3bf6c9a12d5fde8ce4deff43fef3885ae33cf60184161a50d6987cfd2f?s=96&d=mm&r=g\",\"caption\":\"admin\"},\"sameAs\":[\"https:\/\/veritasinfo.org\"],\"url\":\"https:\/\/veritasinfo.org\/?author=1\"}]}<\/script>\n<!-- \/ Yoast SEO plugin. -->","yoast_head_json":{"title":"Vu\u010di\u0107 studentima: Va\u0161 ultimatum nije prihva\u0107en -","robots":{"index":"index","follow":"follow","max-snippet":"max-snippet:-1","max-image-preview":"max-image-preview:large","max-video-preview":"max-video-preview:-1"},"canonical":"https:\/\/veritasinfo.org\/?p=1782&lang=sr","og_locale":"en_US","og_type":"article","og_title":"Vu\u010di\u0107 studentima: Va\u0161 ultimatum nije prihva\u0107en -","og_description":"Beograd, 27. jun 2025 Predsednik Srbije Aleksandar Vu\u010di\u0107 izjavio je u petak, dan pre najavljene studentske protestne \u0161etnje u Beogradu, da \u201eSrbija nije prihvatila ultimatum\u201c.","og_url":"https:\/\/veritasinfo.org\/?p=1782&lang=sr","article_published_time":"2025-06-27T19:48:37+00:00","article_modified_time":"2025-06-27T20:14:34+00:00","og_image":[{"width":640,"height":336,"url":"https:\/\/veritasinfo.org\/wp-content\/uploads\/2025\/06\/IMG_0197.jpeg","type":"image\/jpeg"}],"author":"admin","twitter_card":"summary_large_image","twitter_misc":{"Written by":"admin","Est. reading time":"2 minutes"},"schema":{"@context":"https:\/\/schema.org","@graph":[{"@type":"WebPage","@id":"https:\/\/veritasinfo.org\/?p=1782&lang=sr","url":"https:\/\/veritasinfo.org\/?p=1782&lang=sr","name":"Vu\u010di\u0107 studentima: Va\u0161 ultimatum nije prihva\u0107en -","isPartOf":{"@id":"https:\/\/veritasinfo.org\/#website"},"primaryImageOfPage":{"@id":"https:\/\/veritasinfo.org\/?p=1782&lang=sr#primaryimage"},"image":{"@id":"https:\/\/veritasinfo.org\/?p=1782&lang=sr#primaryimage"},"thumbnailUrl":"https:\/\/veritasinfo.org\/wp-content\/uploads\/2025\/06\/IMG_0197.jpeg","datePublished":"2025-06-27T19:48:37+00:00","dateModified":"2025-06-27T20:14:34+00:00","author":{"@id":"https:\/\/veritasinfo.org\/#\/schema\/person\/7701f8c088bece422266b100a712374f"},"breadcrumb":{"@id":"https:\/\/veritasinfo.org\/?p=1782&lang=sr#breadcrumb"},"inLanguage":"en-US","potentialAction":[{"@type":"ReadAction","target":["https:\/\/veritasinfo.org\/?p=1782&lang=sr"]}]},{"@type":"ImageObject","inLanguage":"en-US","@id":"https:\/\/veritasinfo.org\/?p=1782&lang=sr#primaryimage","url":"https:\/\/veritasinfo.org\/wp-content\/uploads\/2025\/06\/IMG_0197.jpeg","contentUrl":"https:\/\/veritasinfo.org\/wp-content\/uploads\/2025\/06\/IMG_0197.jpeg","width":640,"height":336},{"@type":"BreadcrumbList","@id":"https:\/\/veritasinfo.org\/?p=1782&lang=sr#breadcrumb","itemListElement":[{"@type":"ListItem","position":1,"name":"Home","item":"https:\/\/veritasinfo.org\/"},{"@type":"ListItem","position":2,"name":"Vu\u010di\u0107 studentima: Va\u0161 ultimatum nije prihva\u0107en"}]},{"@type":"WebSite","@id":"https:\/\/veritasinfo.org\/#website","url":"https:\/\/veritasinfo.org\/","name":"","description":"","potentialAction":[{"@type":"SearchAction","target":{"@type":"EntryPoint","urlTemplate":"https:\/\/veritasinfo.org\/?s={search_term_string}"},"query-input":{"@type":"PropertyValueSpecification","valueRequired":true,"valueName":"search_term_string"}}],"inLanguage":"en-US"},{"@type":"Person","@id":"https:\/\/veritasinfo.org\/#\/schema\/person\/7701f8c088bece422266b100a712374f","name":"admin","image":{"@type":"ImageObject","inLanguage":"en-US","@id":"https:\/\/veritasinfo.org\/#\/schema\/person\/image\/","url":"https:\/\/secure.gravatar.com\/avatar\/ea53aa3bf6c9a12d5fde8ce4deff43fef3885ae33cf60184161a50d6987cfd2f?s=96&d=mm&r=g","contentUrl":"https:\/\/secure.gravatar.com\/avatar\/ea53aa3bf6c9a12d5fde8ce4deff43fef3885ae33cf60184161a50d6987cfd2f?s=96&d=mm&r=g","caption":"admin"},"sameAs":["https:\/\/veritasinfo.org"],"url":"https:\/\/veritasinfo.org\/?author=1"}]}},"featured_image_urls":{"full":["https:\/\/veritasinfo.org\/wp-content\/uploads\/2025\/06\/IMG_0197.jpeg",640,336,false],"thumbnail":["https:\/\/veritasinfo.org\/wp-content\/uploads\/2025\/06\/IMG_0197-150x150.jpeg",150,150,true],"medium":["https:\/\/veritasinfo.org\/wp-content\/uploads\/2025\/06\/IMG_0197-300x158.jpeg",300,158,true],"medium_large":["https:\/\/veritasinfo.org\/wp-content\/uploads\/2025\/06\/IMG_0197.jpeg",640,336,false],"large":["https:\/\/veritasinfo.org\/wp-content\/uploads\/2025\/06\/IMG_0197.jpeg",640,336,false],"1536x1536":["https:\/\/veritasinfo.org\/wp-content\/uploads\/2025\/06\/IMG_0197.jpeg",640,336,false],"2048x2048":["https:\/\/veritasinfo.org\/wp-content\/uploads\/2025\/06\/IMG_0197.jpeg",640,336,false],"kreeti-slider-full":["https:\/\/veritasinfo.org\/wp-content\/uploads\/2025\/06\/IMG_0197.jpeg",640,336,false],"kreeti-featured":["https:\/\/veritasinfo.org\/wp-content\/uploads\/2025\/06\/IMG_0197.jpeg",640,336,false],"kreeti-medium":["https:\/\/veritasinfo.org\/wp-content\/uploads\/2025\/06\/IMG_0197.jpeg",640,336,false],"kreeti-medium-square":["https:\/\/veritasinfo.org\/wp-content\/uploads\/2025\/06\/IMG_0197.jpeg",350,184,false]},"author_info":{"info":["admin"]},"category_info":"<a href=\"https:\/\/veritasinfo.org\/?cat=28&#038;lang=sr\" rel=\"category\">Politika<\/a>","tag_info":"Politika","comment_count":"0","_links":{"self":[{"href":"https:\/\/veritasinfo.org\/index.php?rest_route=\/wp\/v2\/posts\/1782","targetHints":{"allow":["GET"]}}],"collection":[{"href":"https:\/\/veritasinfo.org\/index.php?rest_route=\/wp\/v2\/posts"}],"about":[{"href":"https:\/\/veritasinfo.org\/index.php?rest_route=\/wp\/v2\/types\/post"}],"author":[{"embeddable":true,"href":"https:\/\/veritasinfo.org\/index.php?rest_route=\/wp\/v2\/users\/1"}],"replies":[{"embeddable":true,"href":"https:\/\/veritasinfo.org\/index.php?rest_route=%2Fwp%2Fv2%2Fcomments&post=1782"}],"version-history":[{"count":4,"href":"https:\/\/veritasinfo.org\/index.php?rest_route=\/wp\/v2\/posts\/1782\/revisions"}],"predecessor-version":[{"id":1787,"href":"https:\/\/veritasinfo.org\/index.php?rest_route=\/wp\/v2\/posts\/1782\/revisions\/1787"}],"wp:featuredmedia":[{"embeddable":true,"href":"https:\/\/veritasinfo.org\/index.php?rest_route=\/wp\/v2\/media\/1780"}],"wp:attachment":[{"href":"https:\/\/veritasinfo.org\/index.php?rest_route=%2Fwp%2Fv2%2Fmedia&parent=1782"}],"wp:term":[{"taxonomy":"category","embeddable":true,"href":"https:\/\/veritasinfo.org\/index.php?rest_route=%2Fwp%2Fv2%2Fcategories&post=1782"},{"taxonomy":"post_tag","embeddable":true,"href":"https:\/\/veritasinfo.org\/index.php?rest_route=%2Fwp%2Fv2%2Ftags&post=1782"}],"curies":[{"name":"wp","href":"https:\/\/api.w.org\/{rel}","templated":true}]}}