{"id":1779,"date":"2025-06-27T21:43:17","date_gmt":"2025-06-27T19:43:17","guid":{"rendered":"https:\/\/veritasinfo.org\/?p=1779"},"modified":"2025-06-27T22:16:18","modified_gmt":"2025-06-27T20:16:18","slug":"vucic-u-drejtohet-studenteve-protestues-ultimatumi-juaj-nuk-eshte-pranuar","status":"publish","type":"post","link":"https:\/\/veritasinfo.org\/?p=1779","title":{"rendered":"Vu\u00e7i\u00e7 u drejtohet student\u00ebve protestues: Ultimatumi juaj nuk \u00ebsht\u00eb pranuar"},"content":{"rendered":"<p>Beograd, 27.06.2025<\/p>\n<p>Presidenti i Serbis\u00eb, Aleksandar Vu\u00e7iq, deklaroi t\u00eb premten, nj\u00eb dit\u00eb para protest\u00ebs n\u00eb Beograd t\u00eb thirrur nga student\u00ebt protesues, se \u201cSerbia nuk e ka pranuar ultimatumin\u201d.<\/p>\n<p>\u201cShteti serb \u00ebsht\u00eb p\u00ebrballur shum\u00eb her\u00eb me ultimatume nga fuqit\u00eb e m\u00ebdha t\u00eb huaja. Edhe k\u00ebsaj radhe, fuqit\u00eb e huaja na kan\u00eb d\u00ebrguar ultimatum p\u00ebrmes bashk\u00ebpun\u00ebtor\u00ebve t\u00eb tyre vendas.<\/p>\n<p>P\u00ebrgjigja e shtetit serb ka qen\u00eb gjithmon\u00eb e nj\u00ebjt\u00eb\u201d, tha udh\u00ebheq\u00ebsi serb p\u00ebr televizionin Pink.<\/p>\n<p>Para protest\u00ebs s\u00eb Vidovdanit m\u00eb 28 qershor, student\u00ebt q\u00eb bllokojn\u00eb fakultetet n\u00eb Beograd i kan\u00eb dh\u00ebn\u00eb nj\u00eb ultimatum autoriteteve n\u00eb Serbi.<\/p>\n<p>Ata kan\u00eb k\u00ebrkuar p\u00ebrmbushjen e dy k\u00ebrkesave: e para \u00ebsht\u00eb shpallja e zgjedhjeve t\u00eb jasht\u00ebzakonshme parlamentare.<\/p>\n<p>K\u00ebrkesa e dyt\u00eb \u00ebsht\u00eb nd\u00ebrprerja e tubimit n\u00eb qend\u00ebr t\u00eb Beogradit, ku gjat\u00eb tre muajve t\u00eb fundit kan\u00eb kampuar kund\u00ebrshtar\u00ebt e bllokadave nga student\u00ebt.<\/p>\n<p>Ky grup i protestuesve n\u00eb qend\u00ebr t\u00eb Beogradit e quan veten \u201cstudent\u00ebt q\u00eb duan t\u00eb m\u00ebsojn\u00eb\u201d.<\/p>\n<p>Student\u00ebt protestues kan\u00eb th\u00ebn\u00eb se n\u00ebse k\u00ebto k\u00ebrkesa nuk plot\u00ebsohen deri m\u00eb 28 qershor n\u00eb or\u00ebn 21:00, presin q\u00eb \u201cqytetar\u00ebt t\u00eb jen\u00eb t\u00eb gatsh\u00ebm t\u00eb nd\u00ebrmarrin \u00e7do mas\u00eb ekzistuese t\u00eb mosbindjes civile\u201d.<\/p>\n<p>\u201cUltimatumi nuk \u00ebsht\u00eb pranuar, k\u00ebshtu q\u00eb nuk duhet t\u00eb prisni deri nes\u00ebr n\u00eb or\u00ebn 21:00\u201d, tha Vu\u00e7iq.<\/p>\n<p>Q\u00eb nga njoftimi p\u00ebr mbajtjen e protest\u00ebs t\u00eb shtun\u00ebn, p\u00ebrfaq\u00ebsuesit e pushtetit n\u00eb Serbi kan\u00eb deklaruar se student\u00ebt dhe pjes\u00ebmarr\u00ebsit n\u00eb k\u00ebt\u00eb protest\u00eb po planifikojn\u00eb t\u00eb b\u00ebjn\u00eb trazira n\u00eb rrug\u00eb.<\/p>\n<p>Nd\u00ebrkaq, student\u00ebt protestues kan\u00eb deklaruar se me veprimet e tyre deri tani kan\u00eb treguar se jan\u00eb kund\u00ebr \u00e7do forme t\u00eb dhun\u00ebs.<\/p>\n<p>P\u00ebr m\u00eb shum\u00eb se shtat\u00eb muaj, student\u00ebt kan\u00eb organizuar protesta n\u00eb t\u00eb gjith\u00eb Serbin\u00eb, duke k\u00ebrkuar kryesisht q\u00eb t\u00eb p\u00ebrcaktohet p\u00ebrgjegj\u00ebsia politike dhe penale p\u00ebr vdekjen e 16 personave nga shembja e streh\u00ebs s\u00eb betonit n\u00eb Stacionin Hekurudhor n\u00eb Novi Sad.<\/p>\n<p>Stacioni ishte rikonstruktuar dhe u inaugurua zyrtarisht disa muaj para shembjes.<\/p>\n<p>Protestat jan\u00eb b\u00ebr\u00eb simbol i pak\u00ebnaq\u00ebsis\u00eb m\u00eb t\u00eb gjer\u00eb p\u00ebr sundimin e ligjit n\u00eb Serbi, duke ngritur pyetjen n\u00ebse aksidenti n\u00eb Novi Sad ishte pasoj\u00eb e pap\u00ebrgjegjshm\u00ebris\u00eb dhe korrupsionit n\u00eb sistem.<\/p>\n","protected":false},"excerpt":{"rendered":"<p>Beograd, 27.06.2025 Presidenti i Serbis\u00eb, Aleksandar Vu\u00e7iq, deklaroi t\u00eb premten, nj\u00eb dit\u00eb para protest\u00ebs n\u00eb Beograd t\u00eb thirrur nga student\u00ebt protesues, se \u201cSerbia nuk e<\/p>\n","protected":false},"author":1,"featured_media":1780,"comment_status":"open","ping_status":"open","sticky":false,"template":"","format":"standard","meta":{"footnotes":""},"categories":[58],"tags":[],"class_list":["post-1779","post","type-post","status-publish","format-standard","has-post-thumbnail","hentry","category-politike-sq"],"yoast_head":"<!-- This site is optimized with the Yoast SEO plugin v25.3.1 - https:\/\/yoast.com\/wordpress\/plugins\/seo\/ -->\n<title>Vu\u00e7i\u00e7 u drejtohet student\u00ebve protestues: Ultimatumi juaj nuk \u00ebsht\u00eb pranuar -<\/title>\n<meta name=\"robots\" content=\"index, follow, max-snippet:-1, max-image-preview:large, max-video-preview:-1\" \/>\n<link rel=\"canonical\" href=\"https:\/\/veritasinfo.org\/?p=1779\" \/>\n<meta property=\"og:locale\" content=\"en_US\" \/>\n<meta property=\"og:type\" content=\"article\" \/>\n<meta property=\"og:title\" content=\"Vu\u00e7i\u00e7 u drejtohet student\u00ebve protestues: Ultimatumi juaj nuk \u00ebsht\u00eb pranuar -\" \/>\n<meta property=\"og:description\" content=\"Beograd, 27.06.2025 Presidenti i Serbis\u00eb, Aleksandar Vu\u00e7iq, deklaroi t\u00eb premten, nj\u00eb dit\u00eb para protest\u00ebs n\u00eb Beograd t\u00eb thirrur nga student\u00ebt protesues, se \u201cSerbia nuk e\" \/>\n<meta property=\"og:url\" content=\"https:\/\/veritasinfo.org\/?p=1779\" \/>\n<meta property=\"article:published_time\" content=\"2025-06-27T19:43:17+00:00\" \/>\n<meta property=\"article:modified_time\" content=\"2025-06-27T20:16:18+00:00\" \/>\n<meta property=\"og:image\" content=\"https:\/\/veritasinfo.org\/wp-content\/uploads\/2025\/06\/IMG_0197.jpeg\" \/>\n\t<meta property=\"og:image:width\" content=\"640\" \/>\n\t<meta property=\"og:image:height\" content=\"336\" \/>\n\t<meta property=\"og:image:type\" content=\"image\/jpeg\" \/>\n<meta name=\"author\" content=\"admin\" \/>\n<meta name=\"twitter:card\" content=\"summary_large_image\" \/>\n<meta name=\"twitter:label1\" content=\"Written by\" \/>\n\t<meta name=\"twitter:data1\" content=\"admin\" \/>\n\t<meta name=\"twitter:label2\" content=\"Est. reading time\" \/>\n\t<meta name=\"twitter:data2\" content=\"2 minutes\" \/>\n<script type=\"application\/ld+json\" class=\"yoast-schema-graph\">{\"@context\":\"https:\/\/schema.org\",\"@graph\":[{\"@type\":\"WebPage\",\"@id\":\"https:\/\/veritasinfo.org\/?p=1779\",\"url\":\"https:\/\/veritasinfo.org\/?p=1779\",\"name\":\"Vu\u00e7i\u00e7 u drejtohet student\u00ebve protestues: Ultimatumi juaj nuk \u00ebsht\u00eb pranuar -\",\"isPartOf\":{\"@id\":\"https:\/\/veritasinfo.org\/#website\"},\"primaryImageOfPage\":{\"@id\":\"https:\/\/veritasinfo.org\/?p=1779#primaryimage\"},\"image\":{\"@id\":\"https:\/\/veritasinfo.org\/?p=1779#primaryimage\"},\"thumbnailUrl\":\"https:\/\/veritasinfo.org\/wp-content\/uploads\/2025\/06\/IMG_0197.jpeg\",\"datePublished\":\"2025-06-27T19:43:17+00:00\",\"dateModified\":\"2025-06-27T20:16:18+00:00\",\"author\":{\"@id\":\"https:\/\/veritasinfo.org\/#\/schema\/person\/7701f8c088bece422266b100a712374f\"},\"breadcrumb\":{\"@id\":\"https:\/\/veritasinfo.org\/?p=1779#breadcrumb\"},\"inLanguage\":\"en-US\",\"potentialAction\":[{\"@type\":\"ReadAction\",\"target\":[\"https:\/\/veritasinfo.org\/?p=1779\"]}]},{\"@type\":\"ImageObject\",\"inLanguage\":\"en-US\",\"@id\":\"https:\/\/veritasinfo.org\/?p=1779#primaryimage\",\"url\":\"https:\/\/veritasinfo.org\/wp-content\/uploads\/2025\/06\/IMG_0197.jpeg\",\"contentUrl\":\"https:\/\/veritasinfo.org\/wp-content\/uploads\/2025\/06\/IMG_0197.jpeg\",\"width\":640,\"height\":336},{\"@type\":\"BreadcrumbList\",\"@id\":\"https:\/\/veritasinfo.org\/?p=1779#breadcrumb\",\"itemListElement\":[{\"@type\":\"ListItem\",\"position\":1,\"name\":\"Home\",\"item\":\"https:\/\/veritasinfo.org\/\"},{\"@type\":\"ListItem\",\"position\":2,\"name\":\"Vu\u00e7i\u00e7 u drejtohet student\u00ebve protestues: Ultimatumi juaj nuk \u00ebsht\u00eb pranuar\"}]},{\"@type\":\"WebSite\",\"@id\":\"https:\/\/veritasinfo.org\/#website\",\"url\":\"https:\/\/veritasinfo.org\/\",\"name\":\"\",\"description\":\"\",\"potentialAction\":[{\"@type\":\"SearchAction\",\"target\":{\"@type\":\"EntryPoint\",\"urlTemplate\":\"https:\/\/veritasinfo.org\/?s={search_term_string}\"},\"query-input\":{\"@type\":\"PropertyValueSpecification\",\"valueRequired\":true,\"valueName\":\"search_term_string\"}}],\"inLanguage\":\"en-US\"},{\"@type\":\"Person\",\"@id\":\"https:\/\/veritasinfo.org\/#\/schema\/person\/7701f8c088bece422266b100a712374f\",\"name\":\"admin\",\"image\":{\"@type\":\"ImageObject\",\"inLanguage\":\"en-US\",\"@id\":\"https:\/\/veritasinfo.org\/#\/schema\/person\/image\/\",\"url\":\"https:\/\/secure.gravatar.com\/avatar\/ea53aa3bf6c9a12d5fde8ce4deff43fef3885ae33cf60184161a50d6987cfd2f?s=96&d=mm&r=g\",\"contentUrl\":\"https:\/\/secure.gravatar.com\/avatar\/ea53aa3bf6c9a12d5fde8ce4deff43fef3885ae33cf60184161a50d6987cfd2f?s=96&d=mm&r=g\",\"caption\":\"admin\"},\"sameAs\":[\"https:\/\/veritasinfo.org\"],\"url\":\"https:\/\/veritasinfo.org\/?author=1\"}]}<\/script>\n<!-- \/ Yoast SEO plugin. -->","yoast_head_json":{"title":"Vu\u00e7i\u00e7 u drejtohet student\u00ebve protestues: Ultimatumi juaj nuk \u00ebsht\u00eb pranuar -","robots":{"index":"index","follow":"follow","max-snippet":"max-snippet:-1","max-image-preview":"max-image-preview:large","max-video-preview":"max-video-preview:-1"},"canonical":"https:\/\/veritasinfo.org\/?p=1779","og_locale":"en_US","og_type":"article","og_title":"Vu\u00e7i\u00e7 u drejtohet student\u00ebve protestues: Ultimatumi juaj nuk \u00ebsht\u00eb pranuar -","og_description":"Beograd, 27.06.2025 Presidenti i Serbis\u00eb, Aleksandar Vu\u00e7iq, deklaroi t\u00eb premten, nj\u00eb dit\u00eb para protest\u00ebs n\u00eb Beograd t\u00eb thirrur nga student\u00ebt protesues, se \u201cSerbia nuk e","og_url":"https:\/\/veritasinfo.org\/?p=1779","article_published_time":"2025-06-27T19:43:17+00:00","article_modified_time":"2025-06-27T20:16:18+00:00","og_image":[{"width":640,"height":336,"url":"https:\/\/veritasinfo.org\/wp-content\/uploads\/2025\/06\/IMG_0197.jpeg","type":"image\/jpeg"}],"author":"admin","twitter_card":"summary_large_image","twitter_misc":{"Written by":"admin","Est. reading time":"2 minutes"},"schema":{"@context":"https:\/\/schema.org","@graph":[{"@type":"WebPage","@id":"https:\/\/veritasinfo.org\/?p=1779","url":"https:\/\/veritasinfo.org\/?p=1779","name":"Vu\u00e7i\u00e7 u drejtohet student\u00ebve protestues: Ultimatumi juaj nuk \u00ebsht\u00eb pranuar -","isPartOf":{"@id":"https:\/\/veritasinfo.org\/#website"},"primaryImageOfPage":{"@id":"https:\/\/veritasinfo.org\/?p=1779#primaryimage"},"image":{"@id":"https:\/\/veritasinfo.org\/?p=1779#primaryimage"},"thumbnailUrl":"https:\/\/veritasinfo.org\/wp-content\/uploads\/2025\/06\/IMG_0197.jpeg","datePublished":"2025-06-27T19:43:17+00:00","dateModified":"2025-06-27T20:16:18+00:00","author":{"@id":"https:\/\/veritasinfo.org\/#\/schema\/person\/7701f8c088bece422266b100a712374f"},"breadcrumb":{"@id":"https:\/\/veritasinfo.org\/?p=1779#breadcrumb"},"inLanguage":"en-US","potentialAction":[{"@type":"ReadAction","target":["https:\/\/veritasinfo.org\/?p=1779"]}]},{"@type":"ImageObject","inLanguage":"en-US","@id":"https:\/\/veritasinfo.org\/?p=1779#primaryimage","url":"https:\/\/veritasinfo.org\/wp-content\/uploads\/2025\/06\/IMG_0197.jpeg","contentUrl":"https:\/\/veritasinfo.org\/wp-content\/uploads\/2025\/06\/IMG_0197.jpeg","width":640,"height":336},{"@type":"BreadcrumbList","@id":"https:\/\/veritasinfo.org\/?p=1779#breadcrumb","itemListElement":[{"@type":"ListItem","position":1,"name":"Home","item":"https:\/\/veritasinfo.org\/"},{"@type":"ListItem","position":2,"name":"Vu\u00e7i\u00e7 u drejtohet student\u00ebve protestues: Ultimatumi juaj nuk \u00ebsht\u00eb pranuar"}]},{"@type":"WebSite","@id":"https:\/\/veritasinfo.org\/#website","url":"https:\/\/veritasinfo.org\/","name":"","description":"","potentialAction":[{"@type":"SearchAction","target":{"@type":"EntryPoint","urlTemplate":"https:\/\/veritasinfo.org\/?s={search_term_string}"},"query-input":{"@type":"PropertyValueSpecification","valueRequired":true,"valueName":"search_term_string"}}],"inLanguage":"en-US"},{"@type":"Person","@id":"https:\/\/veritasinfo.org\/#\/schema\/person\/7701f8c088bece422266b100a712374f","name":"admin","image":{"@type":"ImageObject","inLanguage":"en-US","@id":"https:\/\/veritasinfo.org\/#\/schema\/person\/image\/","url":"https:\/\/secure.gravatar.com\/avatar\/ea53aa3bf6c9a12d5fde8ce4deff43fef3885ae33cf60184161a50d6987cfd2f?s=96&d=mm&r=g","contentUrl":"https:\/\/secure.gravatar.com\/avatar\/ea53aa3bf6c9a12d5fde8ce4deff43fef3885ae33cf60184161a50d6987cfd2f?s=96&d=mm&r=g","caption":"admin"},"sameAs":["https:\/\/veritasinfo.org"],"url":"https:\/\/veritasinfo.org\/?author=1"}]}},"featured_image_urls":{"full":["https:\/\/veritasinfo.org\/wp-content\/uploads\/2025\/06\/IMG_0197.jpeg",640,336,false],"thumbnail":["https:\/\/veritasinfo.org\/wp-content\/uploads\/2025\/06\/IMG_0197-150x150.jpeg",150,150,true],"medium":["https:\/\/veritasinfo.org\/wp-content\/uploads\/2025\/06\/IMG_0197-300x158.jpeg",300,158,true],"medium_large":["https:\/\/veritasinfo.org\/wp-content\/uploads\/2025\/06\/IMG_0197.jpeg",640,336,false],"large":["https:\/\/veritasinfo.org\/wp-content\/uploads\/2025\/06\/IMG_0197.jpeg",640,336,false],"1536x1536":["https:\/\/veritasinfo.org\/wp-content\/uploads\/2025\/06\/IMG_0197.jpeg",640,336,false],"2048x2048":["https:\/\/veritasinfo.org\/wp-content\/uploads\/2025\/06\/IMG_0197.jpeg",640,336,false],"kreeti-slider-full":["https:\/\/veritasinfo.org\/wp-content\/uploads\/2025\/06\/IMG_0197.jpeg",640,336,false],"kreeti-featured":["https:\/\/veritasinfo.org\/wp-content\/uploads\/2025\/06\/IMG_0197.jpeg",640,336,false],"kreeti-medium":["https:\/\/veritasinfo.org\/wp-content\/uploads\/2025\/06\/IMG_0197.jpeg",640,336,false],"kreeti-medium-square":["https:\/\/veritasinfo.org\/wp-content\/uploads\/2025\/06\/IMG_0197.jpeg",350,184,false]},"author_info":{"info":["admin"]},"category_info":"<a href=\"https:\/\/veritasinfo.org\/?cat=58\" rel=\"category\">Politik\u00eb<\/a>","tag_info":"Politik\u00eb","comment_count":"0","_links":{"self":[{"href":"https:\/\/veritasinfo.org\/index.php?rest_route=\/wp\/v2\/posts\/1779","targetHints":{"allow":["GET"]}}],"collection":[{"href":"https:\/\/veritasinfo.org\/index.php?rest_route=\/wp\/v2\/posts"}],"about":[{"href":"https:\/\/veritasinfo.org\/index.php?rest_route=\/wp\/v2\/types\/post"}],"author":[{"embeddable":true,"href":"https:\/\/veritasinfo.org\/index.php?rest_route=\/wp\/v2\/users\/1"}],"replies":[{"embeddable":true,"href":"https:\/\/veritasinfo.org\/index.php?rest_route=%2Fwp%2Fv2%2Fcomments&post=1779"}],"version-history":[{"count":3,"href":"https:\/\/veritasinfo.org\/index.php?rest_route=\/wp\/v2\/posts\/1779\/revisions"}],"predecessor-version":[{"id":1788,"href":"https:\/\/veritasinfo.org\/index.php?rest_route=\/wp\/v2\/posts\/1779\/revisions\/1788"}],"wp:featuredmedia":[{"embeddable":true,"href":"https:\/\/veritasinfo.org\/index.php?rest_route=\/wp\/v2\/media\/1780"}],"wp:attachment":[{"href":"https:\/\/veritasinfo.org\/index.php?rest_route=%2Fwp%2Fv2%2Fmedia&parent=1779"}],"wp:term":[{"taxonomy":"category","embeddable":true,"href":"https:\/\/veritasinfo.org\/index.php?rest_route=%2Fwp%2Fv2%2Fcategories&post=1779"},{"taxonomy":"post_tag","embeddable":true,"href":"https:\/\/veritasinfo.org\/index.php?rest_route=%2Fwp%2Fv2%2Ftags&post=1779"}],"curies":[{"name":"wp","href":"https:\/\/api.w.org\/{rel}","templated":true}]}}