{"id":17734,"date":"2025-10-26T07:39:28","date_gmt":"2025-10-26T06:39:28","guid":{"rendered":"https:\/\/veritasinfo.org\/?p=17734"},"modified":"2025-10-26T07:40:51","modified_gmt":"2025-10-26T06:40:51","slug":"picula-serbia-nuk-mundet-ne-be-pa-e-njohur-kosoven-dhe-te-heqe-dore-nga-bota-serbe","status":"publish","type":"post","link":"https:\/\/veritasinfo.org\/?p=17734","title":{"rendered":"\u200bPicula: Serbia nuk mundet n\u00eb BE pa e njohur Kosov\u00ebn dhe t\u00eb heq\u00eb dor\u00eb nga \u2018bota serbe\u2019"},"content":{"rendered":"<p>Prishtin\u00eb, 26 tetor 2025<\/p>\n<p>Raportuesi i Parlamentit Evropian p\u00ebr Serbin\u00eb, Tonino Picula, deklaroi se Serbia nuk do t\u00eb mund t\u00eb an\u00ebtar\u00ebsohet n\u00eb BE pa e njohur Kosov\u00ebn shtet dhe t\u00eb heq\u00eb dor\u00eb nga \u201cbota serbe\u201d.<\/p>\n<p>Eurodeputeti kroat tha se pa normalizim t\u00eb plot\u00eb t\u00eb marr\u00ebdh\u00ebnieve midis Kosov\u00ebs dhe Serbis\u00eb nuk do t\u00eb ket\u00eb integrim n\u00eb BE.<\/p>\n<p>Ai shtoi se integrimi i t\u00eb dyja vendeve n\u00eb familjen e madhe evropiane \u00ebsht\u00eb i lidhur ngusht\u00eb me dialogun, i cili duhet t\u00eb p\u00ebrfundoj\u00eb me nj\u00eb marr\u00ebveshje ligj\u00ebrisht obliguese gjith\u00ebp\u00ebrfshir\u00ebse p\u00ebr normalizimin raportesh mes dy shteteve.<\/p>\n<p>Ndon\u00ebse dialogu u rip\u00ebrt\u00ebri m\u00eb 2023, ai tha se \u201cn\u00eb vend q\u00eb kapet momentumi, erdhi te nj\u00eb seri e v\u00ebrtet\u00eb t\u00eb krizave, q\u00eb m\u00eb seriozja ishte sulmi i forcave paramilitare serbe n\u00eb veri t\u00eb Kosov\u00ebs\u201d.<\/p>\n<p>Picula tha se sulmi i grupit terrorist me n\u00eb krye Milan Radoi\u00e7iq n\u00eb Banjska, paraqet cenimin serioz t\u00eb paqes n\u00eb Kosov\u00eb.<\/p>\n<p>\u201cNe kemi k\u00ebrkuar q\u00eb raportet e Beogradit ndaj sulmuesve n\u00eb Banjsk\u00eb t\u00eb jet\u00eb nj\u00ebri nga kriteret p\u00ebr vler\u00ebsimin e plot\u00eb situat\u00ebs n\u00eb Serbi dhe aft\u00ebsis\u00eb s\u00eb e Beogradit q\u00eb t\u00eb ec\u00eb n\u00eb rrug\u00ebn evropiane. Edhe Zyra e BE-s\u00eb n\u00eb Kosov\u00eb, mendoj rishtazi u ka th\u00ebn\u00eb autoriteteve n\u00eb Beograd, se pret s\u00eb shpejti arrestimin dhe procedimin e atyre q\u00eb kryen sulmin n\u00eb Banjska, e t\u00eb cil\u00ebt ndodhen n\u00eb Serbi. P\u00ebr fat t\u00eb keq, Beogradi edhe m\u00eb tutje injoron k\u00ebrkesat p\u00ebr trajtimin e k\u00ebsaj \u00e7\u00ebshtjeje. Mendoj se k\u00ebtu kemi t\u00eb b\u00ebjm\u00eb me pengim t\u00eb procesit gjyq\u00ebsor q\u00eb pritet dhe ka shum\u00eb gjas\u00eb q\u00eb kjo po ndodh me urdhrin e kreut shtet\u00ebror\u201d, tha Picula.<\/p>\n","protected":false},"excerpt":{"rendered":"<p>Prishtin\u00eb, 26 tetor 2025 Raportuesi i Parlamentit Evropian p\u00ebr Serbin\u00eb, Tonino Picula, deklaroi se Serbia nuk do t\u00eb mund t\u00eb an\u00ebtar\u00ebsohet n\u00eb BE pa e<\/p>\n","protected":false},"author":7,"featured_media":17735,"comment_status":"open","ping_status":"open","sticky":false,"template":"","format":"standard","meta":{"footnotes":""},"categories":[58],"tags":[],"class_list":["post-17734","post","type-post","status-publish","format-standard","has-post-thumbnail","hentry","category-politike-sq"],"yoast_head":"<!-- This site is optimized with the Yoast SEO plugin v25.3.1 - https:\/\/yoast.com\/wordpress\/plugins\/seo\/ -->\n<title>\u200bPicula: Serbia nuk mundet n\u00eb BE pa e njohur Kosov\u00ebn dhe t\u00eb heq\u00eb dor\u00eb nga \u2018bota serbe\u2019 -<\/title>\n<meta name=\"robots\" content=\"index, follow, max-snippet:-1, max-image-preview:large, max-video-preview:-1\" \/>\n<link rel=\"canonical\" href=\"https:\/\/veritasinfo.org\/?p=17734\" \/>\n<meta property=\"og:locale\" content=\"en_US\" \/>\n<meta property=\"og:type\" content=\"article\" \/>\n<meta property=\"og:title\" content=\"\u200bPicula: Serbia nuk mundet n\u00eb BE pa e njohur Kosov\u00ebn dhe t\u00eb heq\u00eb dor\u00eb nga \u2018bota serbe\u2019 -\" \/>\n<meta property=\"og:description\" content=\"Prishtin\u00eb, 26 tetor 2025 Raportuesi i Parlamentit Evropian p\u00ebr Serbin\u00eb, Tonino Picula, deklaroi se Serbia nuk do t\u00eb mund t\u00eb an\u00ebtar\u00ebsohet n\u00eb BE pa e\" \/>\n<meta property=\"og:url\" content=\"https:\/\/veritasinfo.org\/?p=17734\" \/>\n<meta property=\"article:published_time\" content=\"2025-10-26T06:39:28+00:00\" \/>\n<meta property=\"article:modified_time\" content=\"2025-10-26T06:40:51+00:00\" \/>\n<meta property=\"og:image\" content=\"https:\/\/veritasinfo.org\/wp-content\/uploads\/2025\/10\/Screenshot-2025-10-26-073829.jpg\" \/>\n\t<meta property=\"og:image:width\" content=\"869\" \/>\n\t<meta property=\"og:image:height\" content=\"447\" \/>\n\t<meta property=\"og:image:type\" content=\"image\/jpeg\" \/>\n<meta name=\"author\" content=\"US6\" \/>\n<meta name=\"twitter:card\" content=\"summary_large_image\" \/>\n<meta name=\"twitter:label1\" content=\"Written by\" \/>\n\t<meta name=\"twitter:data1\" content=\"US6\" \/>\n\t<meta name=\"twitter:label2\" content=\"Est. reading time\" \/>\n\t<meta name=\"twitter:data2\" content=\"2 minutes\" \/>\n<script type=\"application\/ld+json\" class=\"yoast-schema-graph\">{\"@context\":\"https:\/\/schema.org\",\"@graph\":[{\"@type\":\"WebPage\",\"@id\":\"https:\/\/veritasinfo.org\/?p=17734\",\"url\":\"https:\/\/veritasinfo.org\/?p=17734\",\"name\":\"\u200bPicula: Serbia nuk mundet n\u00eb BE pa e njohur Kosov\u00ebn dhe t\u00eb heq\u00eb dor\u00eb nga \u2018bota serbe\u2019 -\",\"isPartOf\":{\"@id\":\"https:\/\/veritasinfo.org\/#website\"},\"primaryImageOfPage\":{\"@id\":\"https:\/\/veritasinfo.org\/?p=17734#primaryimage\"},\"image\":{\"@id\":\"https:\/\/veritasinfo.org\/?p=17734#primaryimage\"},\"thumbnailUrl\":\"https:\/\/veritasinfo.org\/wp-content\/uploads\/2025\/10\/Screenshot-2025-10-26-073829.jpg\",\"datePublished\":\"2025-10-26T06:39:28+00:00\",\"dateModified\":\"2025-10-26T06:40:51+00:00\",\"author\":{\"@id\":\"https:\/\/veritasinfo.org\/#\/schema\/person\/fe199eede04c3937362892b7444747cc\"},\"breadcrumb\":{\"@id\":\"https:\/\/veritasinfo.org\/?p=17734#breadcrumb\"},\"inLanguage\":\"en-US\",\"potentialAction\":[{\"@type\":\"ReadAction\",\"target\":[\"https:\/\/veritasinfo.org\/?p=17734\"]}]},{\"@type\":\"ImageObject\",\"inLanguage\":\"en-US\",\"@id\":\"https:\/\/veritasinfo.org\/?p=17734#primaryimage\",\"url\":\"https:\/\/veritasinfo.org\/wp-content\/uploads\/2025\/10\/Screenshot-2025-10-26-073829.jpg\",\"contentUrl\":\"https:\/\/veritasinfo.org\/wp-content\/uploads\/2025\/10\/Screenshot-2025-10-26-073829.jpg\",\"width\":869,\"height\":447},{\"@type\":\"BreadcrumbList\",\"@id\":\"https:\/\/veritasinfo.org\/?p=17734#breadcrumb\",\"itemListElement\":[{\"@type\":\"ListItem\",\"position\":1,\"name\":\"Home\",\"item\":\"https:\/\/veritasinfo.org\/\"},{\"@type\":\"ListItem\",\"position\":2,\"name\":\"\u200bPicula: Serbia nuk mundet n\u00eb BE pa e njohur Kosov\u00ebn dhe t\u00eb heq\u00eb dor\u00eb nga \u2018bota serbe\u2019\"}]},{\"@type\":\"WebSite\",\"@id\":\"https:\/\/veritasinfo.org\/#website\",\"url\":\"https:\/\/veritasinfo.org\/\",\"name\":\"\",\"description\":\"\",\"potentialAction\":[{\"@type\":\"SearchAction\",\"target\":{\"@type\":\"EntryPoint\",\"urlTemplate\":\"https:\/\/veritasinfo.org\/?s={search_term_string}\"},\"query-input\":{\"@type\":\"PropertyValueSpecification\",\"valueRequired\":true,\"valueName\":\"search_term_string\"}}],\"inLanguage\":\"en-US\"},{\"@type\":\"Person\",\"@id\":\"https:\/\/veritasinfo.org\/#\/schema\/person\/fe199eede04c3937362892b7444747cc\",\"name\":\"US6\",\"image\":{\"@type\":\"ImageObject\",\"inLanguage\":\"en-US\",\"@id\":\"https:\/\/veritasinfo.org\/#\/schema\/person\/image\/\",\"url\":\"https:\/\/secure.gravatar.com\/avatar\/cb16c3c31c9d23b9b8c705964598220b3014e42ff51eb540ff23cefa3ae8c15f?s=96&d=mm&r=g\",\"contentUrl\":\"https:\/\/secure.gravatar.com\/avatar\/cb16c3c31c9d23b9b8c705964598220b3014e42ff51eb540ff23cefa3ae8c15f?s=96&d=mm&r=g\",\"caption\":\"US6\"},\"url\":\"https:\/\/veritasinfo.org\/?author=7\"}]}<\/script>\n<!-- \/ Yoast SEO plugin. -->","yoast_head_json":{"title":"\u200bPicula: Serbia nuk mundet n\u00eb BE pa e njohur Kosov\u00ebn dhe t\u00eb heq\u00eb dor\u00eb nga \u2018bota serbe\u2019 -","robots":{"index":"index","follow":"follow","max-snippet":"max-snippet:-1","max-image-preview":"max-image-preview:large","max-video-preview":"max-video-preview:-1"},"canonical":"https:\/\/veritasinfo.org\/?p=17734","og_locale":"en_US","og_type":"article","og_title":"\u200bPicula: Serbia nuk mundet n\u00eb BE pa e njohur Kosov\u00ebn dhe t\u00eb heq\u00eb dor\u00eb nga \u2018bota serbe\u2019 -","og_description":"Prishtin\u00eb, 26 tetor 2025 Raportuesi i Parlamentit Evropian p\u00ebr Serbin\u00eb, Tonino Picula, deklaroi se Serbia nuk do t\u00eb mund t\u00eb an\u00ebtar\u00ebsohet n\u00eb BE pa e","og_url":"https:\/\/veritasinfo.org\/?p=17734","article_published_time":"2025-10-26T06:39:28+00:00","article_modified_time":"2025-10-26T06:40:51+00:00","og_image":[{"width":869,"height":447,"url":"https:\/\/veritasinfo.org\/wp-content\/uploads\/2025\/10\/Screenshot-2025-10-26-073829.jpg","type":"image\/jpeg"}],"author":"US6","twitter_card":"summary_large_image","twitter_misc":{"Written by":"US6","Est. reading time":"2 minutes"},"schema":{"@context":"https:\/\/schema.org","@graph":[{"@type":"WebPage","@id":"https:\/\/veritasinfo.org\/?p=17734","url":"https:\/\/veritasinfo.org\/?p=17734","name":"\u200bPicula: Serbia nuk mundet n\u00eb BE pa e njohur Kosov\u00ebn dhe t\u00eb heq\u00eb dor\u00eb nga \u2018bota serbe\u2019 -","isPartOf":{"@id":"https:\/\/veritasinfo.org\/#website"},"primaryImageOfPage":{"@id":"https:\/\/veritasinfo.org\/?p=17734#primaryimage"},"image":{"@id":"https:\/\/veritasinfo.org\/?p=17734#primaryimage"},"thumbnailUrl":"https:\/\/veritasinfo.org\/wp-content\/uploads\/2025\/10\/Screenshot-2025-10-26-073829.jpg","datePublished":"2025-10-26T06:39:28+00:00","dateModified":"2025-10-26T06:40:51+00:00","author":{"@id":"https:\/\/veritasinfo.org\/#\/schema\/person\/fe199eede04c3937362892b7444747cc"},"breadcrumb":{"@id":"https:\/\/veritasinfo.org\/?p=17734#breadcrumb"},"inLanguage":"en-US","potentialAction":[{"@type":"ReadAction","target":["https:\/\/veritasinfo.org\/?p=17734"]}]},{"@type":"ImageObject","inLanguage":"en-US","@id":"https:\/\/veritasinfo.org\/?p=17734#primaryimage","url":"https:\/\/veritasinfo.org\/wp-content\/uploads\/2025\/10\/Screenshot-2025-10-26-073829.jpg","contentUrl":"https:\/\/veritasinfo.org\/wp-content\/uploads\/2025\/10\/Screenshot-2025-10-26-073829.jpg","width":869,"height":447},{"@type":"BreadcrumbList","@id":"https:\/\/veritasinfo.org\/?p=17734#breadcrumb","itemListElement":[{"@type":"ListItem","position":1,"name":"Home","item":"https:\/\/veritasinfo.org\/"},{"@type":"ListItem","position":2,"name":"\u200bPicula: Serbia nuk mundet n\u00eb BE pa e njohur Kosov\u00ebn dhe t\u00eb heq\u00eb dor\u00eb nga \u2018bota serbe\u2019"}]},{"@type":"WebSite","@id":"https:\/\/veritasinfo.org\/#website","url":"https:\/\/veritasinfo.org\/","name":"","description":"","potentialAction":[{"@type":"SearchAction","target":{"@type":"EntryPoint","urlTemplate":"https:\/\/veritasinfo.org\/?s={search_term_string}"},"query-input":{"@type":"PropertyValueSpecification","valueRequired":true,"valueName":"search_term_string"}}],"inLanguage":"en-US"},{"@type":"Person","@id":"https:\/\/veritasinfo.org\/#\/schema\/person\/fe199eede04c3937362892b7444747cc","name":"US6","image":{"@type":"ImageObject","inLanguage":"en-US","@id":"https:\/\/veritasinfo.org\/#\/schema\/person\/image\/","url":"https:\/\/secure.gravatar.com\/avatar\/cb16c3c31c9d23b9b8c705964598220b3014e42ff51eb540ff23cefa3ae8c15f?s=96&d=mm&r=g","contentUrl":"https:\/\/secure.gravatar.com\/avatar\/cb16c3c31c9d23b9b8c705964598220b3014e42ff51eb540ff23cefa3ae8c15f?s=96&d=mm&r=g","caption":"US6"},"url":"https:\/\/veritasinfo.org\/?author=7"}]}},"featured_image_urls":{"full":["https:\/\/veritasinfo.org\/wp-content\/uploads\/2025\/10\/Screenshot-2025-10-26-073829.jpg",869,447,false],"thumbnail":["https:\/\/veritasinfo.org\/wp-content\/uploads\/2025\/10\/Screenshot-2025-10-26-073829-150x150.jpg",150,150,true],"medium":["https:\/\/veritasinfo.org\/wp-content\/uploads\/2025\/10\/Screenshot-2025-10-26-073829-300x154.jpg",300,154,true],"medium_large":["https:\/\/veritasinfo.org\/wp-content\/uploads\/2025\/10\/Screenshot-2025-10-26-073829-768x395.jpg",640,329,true],"large":["https:\/\/veritasinfo.org\/wp-content\/uploads\/2025\/10\/Screenshot-2025-10-26-073829.jpg",640,329,false],"1536x1536":["https:\/\/veritasinfo.org\/wp-content\/uploads\/2025\/10\/Screenshot-2025-10-26-073829.jpg",869,447,false],"2048x2048":["https:\/\/veritasinfo.org\/wp-content\/uploads\/2025\/10\/Screenshot-2025-10-26-073829.jpg",869,447,false],"kreeti-slider-full":["https:\/\/veritasinfo.org\/wp-content\/uploads\/2025\/10\/Screenshot-2025-10-26-073829.jpg",869,447,false],"kreeti-featured":["https:\/\/veritasinfo.org\/wp-content\/uploads\/2025\/10\/Screenshot-2025-10-26-073829.jpg",869,447,false],"kreeti-medium":["https:\/\/veritasinfo.org\/wp-content\/uploads\/2025\/10\/Screenshot-2025-10-26-073829.jpg",720,370,false],"kreeti-medium-square":["https:\/\/veritasinfo.org\/wp-content\/uploads\/2025\/10\/Screenshot-2025-10-26-073829.jpg",350,180,false]},"author_info":{"info":["US6"]},"category_info":"<a href=\"https:\/\/veritasinfo.org\/?cat=58\" rel=\"category\">Politik\u00eb<\/a>","tag_info":"Politik\u00eb","comment_count":"0","_links":{"self":[{"href":"https:\/\/veritasinfo.org\/index.php?rest_route=\/wp\/v2\/posts\/17734","targetHints":{"allow":["GET"]}}],"collection":[{"href":"https:\/\/veritasinfo.org\/index.php?rest_route=\/wp\/v2\/posts"}],"about":[{"href":"https:\/\/veritasinfo.org\/index.php?rest_route=\/wp\/v2\/types\/post"}],"author":[{"embeddable":true,"href":"https:\/\/veritasinfo.org\/index.php?rest_route=\/wp\/v2\/users\/7"}],"replies":[{"embeddable":true,"href":"https:\/\/veritasinfo.org\/index.php?rest_route=%2Fwp%2Fv2%2Fcomments&post=17734"}],"version-history":[{"count":2,"href":"https:\/\/veritasinfo.org\/index.php?rest_route=\/wp\/v2\/posts\/17734\/revisions"}],"predecessor-version":[{"id":17739,"href":"https:\/\/veritasinfo.org\/index.php?rest_route=\/wp\/v2\/posts\/17734\/revisions\/17739"}],"wp:featuredmedia":[{"embeddable":true,"href":"https:\/\/veritasinfo.org\/index.php?rest_route=\/wp\/v2\/media\/17735"}],"wp:attachment":[{"href":"https:\/\/veritasinfo.org\/index.php?rest_route=%2Fwp%2Fv2%2Fmedia&parent=17734"}],"wp:term":[{"taxonomy":"category","embeddable":true,"href":"https:\/\/veritasinfo.org\/index.php?rest_route=%2Fwp%2Fv2%2Fcategories&post=17734"},{"taxonomy":"post_tag","embeddable":true,"href":"https:\/\/veritasinfo.org\/index.php?rest_route=%2Fwp%2Fv2%2Ftags&post=17734"}],"curies":[{"name":"wp","href":"https:\/\/api.w.org\/{rel}","templated":true}]}}