{"id":17683,"date":"2025-10-25T12:16:18","date_gmt":"2025-10-25T10:16:18","guid":{"rendered":"https:\/\/veritasinfo.org\/?p=17683"},"modified":"2025-10-25T12:16:18","modified_gmt":"2025-10-25T10:16:18","slug":"kosovo-umetnosti-u-palati-kralja-charlesa-iii","status":"publish","type":"post","link":"https:\/\/veritasinfo.org\/?p=17683&lang=sr","title":{"rendered":"Kosovo umetnosti u palati kralja Charlesa III"},"content":{"rendered":"<p>Pri\u0161tina, 25. oktobar 2025.<\/p>\n<p>Poziv kralja Charlesa III upu\u0107en umetnicima i vo\u0111ama organizacija predstavlja jo\u0161 jednu potvrdu me\u0111unarodnog priznanja kosovske kulturne scene. Kosovo je u kraljevskoj palati \u201eSt. James\u2019s Palace\u201c bilo predstavljeno pri\u010dom o umetnosti i kulturi putem \u201eDokuFesta\u201c i \u201eAutostrada Biennala\u201c, kao i umetnikom Jakupom Ferrijem.<br \/>\n\u201eBio je to trenutak u kojem smo, kao Kosovo, trebali da se ose\u0107amo veoma ponosno na u\u010de\u0161\u0107e, jer sam ulazak u prostoriju gde se odr\u017eavao prijem i trenutak kada smo videli radove Jakupa Ferrija izlo\u017eene tamo, bio je zaista dirljiv\u201c, rekao je Eroll Biljibani, jedan od organizatora \u201eDokuFesta\u201c.<\/p>\n<p>Kreativna industrija Kosova ve\u0107 du\u017ee vreme dokazuje svoj kvalitet na me\u0111unarodnoj sceni. Filmski festivali, vizuelne umetni\u010dke manifestacije i pojedinci izvan kulturnih institucija probili su se preko granica zemlje i u\u010dinili je prepoznatljivom u svetu. Time su doprineli me\u0111udr\u017eavnoj diplomatiji i ostvarili ono \u0161to politika jo\u0161 nije uspela.<\/p>\n<p>Poziv kralja Charlesa III umetnicima i liderima organizacija bio je najnovija potvrda me\u0111unarodnog priznanja. Kao platforma osnovana 2014. godine radi ja\u010danja saradnje izme\u0111u zemalja Zapadnog Balkana i onih uklju\u010denih u Berlinski proces, ovaj doga\u0111aj se organizuje najmanje jednom godi\u0161nje. Ove godine, po prvi put, pored lidera svih \u0161est balkanskih dr\u017eava, na prijemu odr\u017eanom u utorak uve\u010de pozvani su i pojedinci i predstavnici organizacija iz kreativne industrije.<\/p>\n<p>Ovo priznanje kralja Charlesa III u najvi\u0161oj kraljevskoj palati u Velikoj Britaniji, \u201eSt. James\u2019s Palace\u201c, dodeljeno je me\u0111unarodnom festivalu dokumentarnog i kratkog filma \u201eDokuFest\u201c, bienalu savremene umetnosti \u201eAutostrada Biennale\u201c i umetniku Jakupu Ferriju.<\/p>\n<p>U video-snimku objavljenom na dru\u0161tvenim mre\u017eama, britanski monarh se vidi kako razgovara s umetnikom Jakupom Ferrijem o njegovim delima, dok mu Ferri obja\u0161njava motive i inspiraciju iz svoje zemlje \u2013 svakodnevni \u017eivot prikazan u njegovim crte\u017eima i tapiserijama koje vezu \u017eene s Kosova. Njegova dela su deo vizuelne umetni\u010dke scene i u Engleskoj; u Lidsu, u okviru \u201eHarewood Bienniala\u201c, pro\u0161le godine je prikazao oko 70 svojih radova, u okviru najva\u017enijeg bienala zanatske umetnosti van Londona.<\/p>\n<p>Eroll Bilibani, jedan od organizatora \u201eDokuFesta\u201c, rekao je da je poziv na ovako va\u017ean doga\u0111aj velika \u010dast i priznanje za organizaciju koja se smatra jednom od vode\u0107ih u kreativnoj industriji Zapadnog Balkana.<br \/>\n\u201eBio je to zaista veliki trenutak. Ovo je tre\u0107i put da je \u2018DokuFest\u2019 uklju\u010den u sastanke koji se odnose na Berlinski proces. Prethodno sam u\u010destvovao u Kotoru, u Crnoj Gori, na Konferenciji ministara kulture Zapadnog Balkana, gde sam odr\u017eao govor pred ministarskim stolom. Kasnije, 9. oktobra, poslao sam video-poruku na sastanak ministara spoljnih poslova Zapadnog Balkana u Belfastu, jer nisam mogao da putujem\u201c, rekao je Biljibani, isti\u010du\u0107i da prijem kod kralja smatra priznanjem njihovog delovanja.<\/p>\n<p>\u201eOvo je bio tre\u0107i sastanak \u2013 glavni doga\u0111aj koji je kralj Charles III organizovao za premijere zemalja Zapadnog Balkana i lidere kreativnih industrija u regionu, dakle organizacije i pojedince koji se isti\u010du svojim radom, uticajem na zajednice i \u0161ire\u201c, dodao je on u razgovoru za KOHEN.<\/p>\n<p>Biljibani je naglasio da je susret s delima Jakupa Ferrija u prostoriji za prijem bio trenutak ponosa.<br \/>\n\u201eBio je to trenutak kada smo, kao Kosovo, trebali da se ose\u0107amo veoma ponosno. Sam ulazak u prostoriju gde se odr\u017eavao prijem i pogled na izlo\u017eene radove Jakupa Ferrija bio je zaista emotivan. Broj u\u010desnika iz Kosova, iako smo jedna od najmanjih dr\u017eava regiona, bio je prili\u010dno dobar. Kada se govori o kreativnosti, zaista smo lideri u regionu\u201c, rekao je Biljibani.<\/p>\n<p>On je istakao da je to bio poseban trenutak i vrlo va\u017eno priznanje za kreativnu industriju, jer se Kosovo \u201epokazalo kao motor ekonomskog razvoja, ali i regionalne saradnje\u201c.<\/p>\n<p>\u201eSvi u\u010desnici su bili pa\u017eljivo odabrani. Prisustvovali su premijeri zemalja Zapadnog Balkana, britanski premijer, \u010dlanovi britanskog parlamenta, kao i organizacije i pojedinci koji predstavljaju svoj rad ili institucije\u201c, naveo je on.<\/p>\n<p>Kralj Charles III posetio je Kosovo dva puta \u2013 prvi put u septembru 1999. godine i drugi put u martu 2016. Tokom druge posete, tada\u0161nji princ Charles i vojvotkinja Camilla do\u010dekani su uz visoke dr\u017eavne po\u010dasti. Tada\u0161nja predsednica Atifete Jahjaga odlikovala je sada\u0161njeg kralja Charlesa III \u201eOrdenom za mir, demokratiju i humanizam Dr. Ibrahim Rugova\u201c za njegov \u017eivotni doprinos miru, harmoniji i razumevanju me\u0111u narodima Kosova i \u0161ire. Tokom prve posete 1999. godine, Charles je u vojnoj uniformi posetio britanske trupe KFOR-a.<\/p>\n<p>Biljibani je istakao da monarh i dalje ima sve\u017ee uspomene sa svoje poslednje posete Kosovu, dodaju\u0107i da se u razgovoru s kraljem nadao da \u0107e ponovo posetiti Prizren, grad koji mu je ostao u lepom se\u0107anju.<br \/>\n\u201eRekao sam mu da mi je drago \u0161to ga ponovo vidim, sada u njegovoj ku\u0107i, jer smo pre deset godina bili njegovi doma\u0107ini kada je posetio Kosovo i kada smo ga sreli u Prizrenu, gde smo mu uru\u010dili kaldrmu \u2013 nagradu \u2018DokuFesta\u2019. Bilo je impresivno jer se se\u0107ao Prizrena kao grada koji ga je duboko dojmio i rekao je da se nada da \u0107e ga ponovo posetiti. Uputio sam mu poziv da se vrati u Prizren\u201c, rekao je Biljibani.<\/p>\n<p>Suosniva\u010dica \u201eAutostrada Biennala\u201c i jedna od tri rukovodioca centra za savremenu umetnost \u201eAutostrada Hangar\u201c, Vatra Abra\u0161i, izjavila je da je prijem bio priznanje institucijama i pojedincima koji doprinose kreativnoj industriji svojih zemalja.<br \/>\n\u201eBili smo veoma sre\u0107ni i ponosni \u0161to smo dobili takav poziv, jer se Berlinski proces odr\u017eava svake godine. Ovoga puta, po prvi put, kreativna i kulturna industrija bila je deo njega. Ceo prijem koji je organizovao kralj bio je posve\u0107en odavanju po\u010dasti organizacijama i institucijama koje doprinose kreativnoj i kulturnoj industriji svojih zemalja na Zapadnom Balkanu\u201c, rekla je ona u telefonskom razgovoru iz Hamburga.<\/p>\n<p>Abra\u0161i je dodala da je prisustvo i predstavljanje njihove institucije rezultat uspeha postignutih kod ku\u0107e i na me\u0111unarodnoj umetni\u010dkoj sceni.<br \/>\n\u201eBili smo veoma sre\u0107ni \u0161to smo predstavljali Kosovo kao \u2018Autostrada Biennale\u2019, koje je prepoznato po svom uticaju tokom bienala, ali i kao \u2018Autostrada Hangar\u2019, koji je me\u0111u deset najboljih izlo\u017ebenih prostora u Evropi prema \u010dasopisu Frieze iz Londona. Sve to doprinelo je da \u2018Autostrada\u2019 bude deo ovog doga\u0111aja. Bio je to odli\u010dan doga\u0111aj i prilika da se sretnemo s partnerima iz regiona i Britanije, da ostvarimo nova poznanstva i saradnje\u201c, kazala je Abra\u0161i.<\/p>\n<p>Ona je tako\u0111e potvrdila interesovanje kralja Charlesa III za Kosovo.<br \/>\n\u201eSreli smo kralja i bio je to dostojanstven susret. Pokazao je veliko interesovanje za Kosovo i izrazio \u017eelju da ga poseti, \u0161to nas je jako obradovalo. Verujem da je to bio vrlo dobar i plodonosan sastanak, koji \u0107e doneti konkretne rezultate i doprine\u0107e na\u0161em kraju. Predstavljanje Kosova na tom nivou bilo je izuzetno zadovoljstvo i \u010dast za nas\u201c, rekla je Vatra Abra\u0161i.<\/p>\n<p>Berlinski proces je osnovan 2014. godine kao platforma za ja\u010danje saradnje izme\u0111u zemalja Zapadnog Balkana i Evropske unije. Me\u0111u liderima regiona koji su prisustvovali bio je i premijer Kosova Aljbin Kurti, kao i premijer Albanije Edi Rama.<\/p>\n<p>&nbsp;<\/p>\n","protected":false},"excerpt":{"rendered":"<p>Pri\u0161tina, 25. oktobar 2025. Poziv kralja Charlesa III upu\u0107en umetnicima i vo\u0111ama organizacija predstavlja jo\u0161 jednu potvrdu me\u0111unarodnog priznanja kosovske kulturne scene. Kosovo je u<\/p>\n","protected":false},"author":7,"featured_media":17681,"comment_status":"open","ping_status":"open","sticky":false,"template":"","format":"standard","meta":{"footnotes":""},"categories":[34],"tags":[],"class_list":["post-17683","post","type-post","status-publish","format-standard","has-post-thumbnail","hentry","category-kultura"],"yoast_head":"<!-- This site is optimized with the Yoast SEO plugin v25.3.1 - https:\/\/yoast.com\/wordpress\/plugins\/seo\/ -->\n<title>Kosovo umetnosti u palati kralja Charlesa III -<\/title>\n<meta name=\"robots\" content=\"index, follow, max-snippet:-1, max-image-preview:large, max-video-preview:-1\" \/>\n<link rel=\"canonical\" href=\"https:\/\/veritasinfo.org\/?p=17683&lang=sr\" \/>\n<meta property=\"og:locale\" content=\"en_US\" \/>\n<meta property=\"og:type\" content=\"article\" \/>\n<meta property=\"og:title\" content=\"Kosovo umetnosti u palati kralja Charlesa III -\" \/>\n<meta property=\"og:description\" content=\"Pri\u0161tina, 25. oktobar 2025. Poziv kralja Charlesa III upu\u0107en umetnicima i vo\u0111ama organizacija predstavlja jo\u0161 jednu potvrdu me\u0111unarodnog priznanja kosovske kulturne scene. Kosovo je u\" \/>\n<meta property=\"og:url\" content=\"https:\/\/veritasinfo.org\/?p=17683&amp;lang=sr\" \/>\n<meta property=\"article:published_time\" content=\"2025-10-25T10:16:18+00:00\" \/>\n<meta property=\"og:image\" content=\"https:\/\/veritasinfo.org\/wp-content\/uploads\/2025\/10\/1-8.jpg\" \/>\n\t<meta property=\"og:image:width\" content=\"762\" \/>\n\t<meta property=\"og:image:height\" content=\"485\" \/>\n\t<meta property=\"og:image:type\" content=\"image\/jpeg\" \/>\n<meta name=\"author\" content=\"US6\" \/>\n<meta name=\"twitter:card\" content=\"summary_large_image\" \/>\n<meta name=\"twitter:label1\" content=\"Written by\" \/>\n\t<meta name=\"twitter:data1\" content=\"US6\" \/>\n\t<meta name=\"twitter:label2\" content=\"Est. reading time\" \/>\n\t<meta name=\"twitter:data2\" content=\"6 minutes\" \/>\n<script type=\"application\/ld+json\" class=\"yoast-schema-graph\">{\"@context\":\"https:\/\/schema.org\",\"@graph\":[{\"@type\":\"WebPage\",\"@id\":\"https:\/\/veritasinfo.org\/?p=17683&lang=sr\",\"url\":\"https:\/\/veritasinfo.org\/?p=17683&lang=sr\",\"name\":\"Kosovo umetnosti u palati kralja Charlesa III -\",\"isPartOf\":{\"@id\":\"https:\/\/veritasinfo.org\/#website\"},\"primaryImageOfPage\":{\"@id\":\"https:\/\/veritasinfo.org\/?p=17683&lang=sr#primaryimage\"},\"image\":{\"@id\":\"https:\/\/veritasinfo.org\/?p=17683&lang=sr#primaryimage\"},\"thumbnailUrl\":\"https:\/\/veritasinfo.org\/wp-content\/uploads\/2025\/10\/1-8.jpg\",\"datePublished\":\"2025-10-25T10:16:18+00:00\",\"author\":{\"@id\":\"https:\/\/veritasinfo.org\/#\/schema\/person\/fe199eede04c3937362892b7444747cc\"},\"breadcrumb\":{\"@id\":\"https:\/\/veritasinfo.org\/?p=17683&lang=sr#breadcrumb\"},\"inLanguage\":\"en-US\",\"potentialAction\":[{\"@type\":\"ReadAction\",\"target\":[\"https:\/\/veritasinfo.org\/?p=17683&lang=sr\"]}]},{\"@type\":\"ImageObject\",\"inLanguage\":\"en-US\",\"@id\":\"https:\/\/veritasinfo.org\/?p=17683&lang=sr#primaryimage\",\"url\":\"https:\/\/veritasinfo.org\/wp-content\/uploads\/2025\/10\/1-8.jpg\",\"contentUrl\":\"https:\/\/veritasinfo.org\/wp-content\/uploads\/2025\/10\/1-8.jpg\",\"width\":762,\"height\":485},{\"@type\":\"BreadcrumbList\",\"@id\":\"https:\/\/veritasinfo.org\/?p=17683&lang=sr#breadcrumb\",\"itemListElement\":[{\"@type\":\"ListItem\",\"position\":1,\"name\":\"Home\",\"item\":\"https:\/\/veritasinfo.org\/\"},{\"@type\":\"ListItem\",\"position\":2,\"name\":\"Kosovo umetnosti u palati kralja Charlesa III\"}]},{\"@type\":\"WebSite\",\"@id\":\"https:\/\/veritasinfo.org\/#website\",\"url\":\"https:\/\/veritasinfo.org\/\",\"name\":\"\",\"description\":\"\",\"potentialAction\":[{\"@type\":\"SearchAction\",\"target\":{\"@type\":\"EntryPoint\",\"urlTemplate\":\"https:\/\/veritasinfo.org\/?s={search_term_string}\"},\"query-input\":{\"@type\":\"PropertyValueSpecification\",\"valueRequired\":true,\"valueName\":\"search_term_string\"}}],\"inLanguage\":\"en-US\"},{\"@type\":\"Person\",\"@id\":\"https:\/\/veritasinfo.org\/#\/schema\/person\/fe199eede04c3937362892b7444747cc\",\"name\":\"US6\",\"image\":{\"@type\":\"ImageObject\",\"inLanguage\":\"en-US\",\"@id\":\"https:\/\/veritasinfo.org\/#\/schema\/person\/image\/\",\"url\":\"https:\/\/secure.gravatar.com\/avatar\/cb16c3c31c9d23b9b8c705964598220b3014e42ff51eb540ff23cefa3ae8c15f?s=96&d=mm&r=g\",\"contentUrl\":\"https:\/\/secure.gravatar.com\/avatar\/cb16c3c31c9d23b9b8c705964598220b3014e42ff51eb540ff23cefa3ae8c15f?s=96&d=mm&r=g\",\"caption\":\"US6\"},\"url\":\"https:\/\/veritasinfo.org\/?author=7\"}]}<\/script>\n<!-- \/ Yoast SEO plugin. -->","yoast_head_json":{"title":"Kosovo umetnosti u palati kralja Charlesa III -","robots":{"index":"index","follow":"follow","max-snippet":"max-snippet:-1","max-image-preview":"max-image-preview:large","max-video-preview":"max-video-preview:-1"},"canonical":"https:\/\/veritasinfo.org\/?p=17683&lang=sr","og_locale":"en_US","og_type":"article","og_title":"Kosovo umetnosti u palati kralja Charlesa III -","og_description":"Pri\u0161tina, 25. oktobar 2025. Poziv kralja Charlesa III upu\u0107en umetnicima i vo\u0111ama organizacija predstavlja jo\u0161 jednu potvrdu me\u0111unarodnog priznanja kosovske kulturne scene. Kosovo je u","og_url":"https:\/\/veritasinfo.org\/?p=17683&lang=sr","article_published_time":"2025-10-25T10:16:18+00:00","og_image":[{"width":762,"height":485,"url":"https:\/\/veritasinfo.org\/wp-content\/uploads\/2025\/10\/1-8.jpg","type":"image\/jpeg"}],"author":"US6","twitter_card":"summary_large_image","twitter_misc":{"Written by":"US6","Est. reading time":"6 minutes"},"schema":{"@context":"https:\/\/schema.org","@graph":[{"@type":"WebPage","@id":"https:\/\/veritasinfo.org\/?p=17683&lang=sr","url":"https:\/\/veritasinfo.org\/?p=17683&lang=sr","name":"Kosovo umetnosti u palati kralja Charlesa III -","isPartOf":{"@id":"https:\/\/veritasinfo.org\/#website"},"primaryImageOfPage":{"@id":"https:\/\/veritasinfo.org\/?p=17683&lang=sr#primaryimage"},"image":{"@id":"https:\/\/veritasinfo.org\/?p=17683&lang=sr#primaryimage"},"thumbnailUrl":"https:\/\/veritasinfo.org\/wp-content\/uploads\/2025\/10\/1-8.jpg","datePublished":"2025-10-25T10:16:18+00:00","author":{"@id":"https:\/\/veritasinfo.org\/#\/schema\/person\/fe199eede04c3937362892b7444747cc"},"breadcrumb":{"@id":"https:\/\/veritasinfo.org\/?p=17683&lang=sr#breadcrumb"},"inLanguage":"en-US","potentialAction":[{"@type":"ReadAction","target":["https:\/\/veritasinfo.org\/?p=17683&lang=sr"]}]},{"@type":"ImageObject","inLanguage":"en-US","@id":"https:\/\/veritasinfo.org\/?p=17683&lang=sr#primaryimage","url":"https:\/\/veritasinfo.org\/wp-content\/uploads\/2025\/10\/1-8.jpg","contentUrl":"https:\/\/veritasinfo.org\/wp-content\/uploads\/2025\/10\/1-8.jpg","width":762,"height":485},{"@type":"BreadcrumbList","@id":"https:\/\/veritasinfo.org\/?p=17683&lang=sr#breadcrumb","itemListElement":[{"@type":"ListItem","position":1,"name":"Home","item":"https:\/\/veritasinfo.org\/"},{"@type":"ListItem","position":2,"name":"Kosovo umetnosti u palati kralja Charlesa III"}]},{"@type":"WebSite","@id":"https:\/\/veritasinfo.org\/#website","url":"https:\/\/veritasinfo.org\/","name":"","description":"","potentialAction":[{"@type":"SearchAction","target":{"@type":"EntryPoint","urlTemplate":"https:\/\/veritasinfo.org\/?s={search_term_string}"},"query-input":{"@type":"PropertyValueSpecification","valueRequired":true,"valueName":"search_term_string"}}],"inLanguage":"en-US"},{"@type":"Person","@id":"https:\/\/veritasinfo.org\/#\/schema\/person\/fe199eede04c3937362892b7444747cc","name":"US6","image":{"@type":"ImageObject","inLanguage":"en-US","@id":"https:\/\/veritasinfo.org\/#\/schema\/person\/image\/","url":"https:\/\/secure.gravatar.com\/avatar\/cb16c3c31c9d23b9b8c705964598220b3014e42ff51eb540ff23cefa3ae8c15f?s=96&d=mm&r=g","contentUrl":"https:\/\/secure.gravatar.com\/avatar\/cb16c3c31c9d23b9b8c705964598220b3014e42ff51eb540ff23cefa3ae8c15f?s=96&d=mm&r=g","caption":"US6"},"url":"https:\/\/veritasinfo.org\/?author=7"}]}},"featured_image_urls":{"full":["https:\/\/veritasinfo.org\/wp-content\/uploads\/2025\/10\/1-8.jpg",762,485,false],"thumbnail":["https:\/\/veritasinfo.org\/wp-content\/uploads\/2025\/10\/1-8-150x150.jpg",150,150,true],"medium":["https:\/\/veritasinfo.org\/wp-content\/uploads\/2025\/10\/1-8-300x191.jpg",300,191,true],"medium_large":["https:\/\/veritasinfo.org\/wp-content\/uploads\/2025\/10\/1-8.jpg",640,407,false],"large":["https:\/\/veritasinfo.org\/wp-content\/uploads\/2025\/10\/1-8.jpg",640,407,false],"1536x1536":["https:\/\/veritasinfo.org\/wp-content\/uploads\/2025\/10\/1-8.jpg",762,485,false],"2048x2048":["https:\/\/veritasinfo.org\/wp-content\/uploads\/2025\/10\/1-8.jpg",762,485,false],"kreeti-slider-full":["https:\/\/veritasinfo.org\/wp-content\/uploads\/2025\/10\/1-8.jpg",762,485,false],"kreeti-featured":["https:\/\/veritasinfo.org\/wp-content\/uploads\/2025\/10\/1-8.jpg",762,485,false],"kreeti-medium":["https:\/\/veritasinfo.org\/wp-content\/uploads\/2025\/10\/1-8.jpg",720,458,false],"kreeti-medium-square":["https:\/\/veritasinfo.org\/wp-content\/uploads\/2025\/10\/1-8.jpg",350,223,false]},"author_info":{"info":["US6"]},"category_info":"<a href=\"https:\/\/veritasinfo.org\/?cat=34&#038;lang=sr\" rel=\"category\">Kultura<\/a>","tag_info":"Kultura","comment_count":"0","_links":{"self":[{"href":"https:\/\/veritasinfo.org\/index.php?rest_route=\/wp\/v2\/posts\/17683","targetHints":{"allow":["GET"]}}],"collection":[{"href":"https:\/\/veritasinfo.org\/index.php?rest_route=\/wp\/v2\/posts"}],"about":[{"href":"https:\/\/veritasinfo.org\/index.php?rest_route=\/wp\/v2\/types\/post"}],"author":[{"embeddable":true,"href":"https:\/\/veritasinfo.org\/index.php?rest_route=\/wp\/v2\/users\/7"}],"replies":[{"embeddable":true,"href":"https:\/\/veritasinfo.org\/index.php?rest_route=%2Fwp%2Fv2%2Fcomments&post=17683"}],"version-history":[{"count":1,"href":"https:\/\/veritasinfo.org\/index.php?rest_route=\/wp\/v2\/posts\/17683\/revisions"}],"predecessor-version":[{"id":17685,"href":"https:\/\/veritasinfo.org\/index.php?rest_route=\/wp\/v2\/posts\/17683\/revisions\/17685"}],"wp:featuredmedia":[{"embeddable":true,"href":"https:\/\/veritasinfo.org\/index.php?rest_route=\/wp\/v2\/media\/17681"}],"wp:attachment":[{"href":"https:\/\/veritasinfo.org\/index.php?rest_route=%2Fwp%2Fv2%2Fmedia&parent=17683"}],"wp:term":[{"taxonomy":"category","embeddable":true,"href":"https:\/\/veritasinfo.org\/index.php?rest_route=%2Fwp%2Fv2%2Fcategories&post=17683"},{"taxonomy":"post_tag","embeddable":true,"href":"https:\/\/veritasinfo.org\/index.php?rest_route=%2Fwp%2Fv2%2Ftags&post=17683"}],"curies":[{"name":"wp","href":"https:\/\/api.w.org\/{rel}","templated":true}]}}