{"id":17656,"date":"2025-10-25T10:10:54","date_gmt":"2025-10-25T08:10:54","guid":{"rendered":"https:\/\/veritasinfo.org\/?p=17656"},"modified":"2025-10-25T10:10:54","modified_gmt":"2025-10-25T08:10:54","slug":"ekspertet-unmik-u-duhet-te-largohet-nga-kosova-nderhyrja-serbe-nuk-mund-te-vazhdoje","status":"publish","type":"post","link":"https:\/\/veritasinfo.org\/?p=17656","title":{"rendered":"Ekspert\u00ebt: UNMIK-u duhet t\u00eb largohet nga Kosova, nd\u00ebrhyrja serbe nuk mund t\u00eb vazhdoj\u00eb"},"content":{"rendered":"<p>Diplomat\u00ebt dhe njoh\u00ebsit e siguris\u00eb, vler\u00ebsojn\u00eb se misioni i UNMIK-ut n\u00eb Kosov\u00eb \u00ebsht\u00eb i tejkaluar dhe nuk ka m\u00eb funksion t\u00eb nevojsh\u00ebm p\u00ebr stabilitetin dhe sovranitetin e vendit.<\/p>\n<p>Ish-ambasadori i Kosov\u00ebs n\u00eb Shqip\u00ebri, Syl\u00eb Ukshini, vler\u00ebson se misioni i UNMIK-ut n\u00eb Kosov\u00eb ka humbur funksionin dhe \u00ebsht\u00eb b\u00ebr\u00eb nj\u00eb relikt q\u00eb nuk sh\u00ebrben m\u00eb p\u00ebr institucionet e vendit.<\/p>\n<p>Ai thot\u00eb se UNMIK-u nuk ka asnj\u00eb veprim konkret ekzekutiv, policor apo gjyq\u00ebsor dhe i konsideron nd\u00ebrhyrjet e tij t\u00eb tejkaluara pas shpalljes s\u00eb pavar\u00ebsis\u00eb s\u00eb Kosov\u00ebs.<\/p>\n<p>\u201cN\u00eb fakt n\u00ebse mund ta themi n\u00eb m\u00ebnyr\u00eb lapidare q\u00eb m\u00eb n\u00eb fund kushtet p\u00ebr me u largu UNMIK jan\u00eb plot\u00ebsuar menj\u00ebher\u00eb me shpalljen e pavar\u00ebsis\u00eb dhe si\u00e7 ka qen\u00eb at\u00ebher\u00eb e parapar\u00eb n\u00eb planin e Ahtisarit 120 dit\u00eb tranzitore. Por ka qen\u00eb Rusia e cila e ka v\u00ebshtir\u00ebsuar pun\u00ebn e Kosov\u00ebs dhe t\u00eb per\u00ebndimit insistojn\u00eb q\u00eb t\u00eb mbetet n\u00eb fuqi kjo rezolut\u00eb. Mendoj fakti q\u00eb UNMIK-u nuk ka as nj\u00eb veprim konkret ekzekutiv, as policor, as gjyq\u00ebsor. UNMIK-u \u00ebsht\u00eb faktikisht nj\u00eb relikt i vjet\u00ebr, nj\u00eb administrat\u00eb q\u00eb g\u00eblltit taksapaguesit e antar\u00ebve t\u00eb OKB-s\u00eb. Par\u00eb nga kjo perspektiv\u00eb, mendoj q\u00eb duhet t\u00eb shnd\u00ebrrohet n\u00eb nj\u00eb zyr\u00eb p\u00ebrfaq\u00ebsuese t\u00eb OKB-s\u00eb n\u00eb Kosov\u00eb, e cila do t\u00eb nd\u00ebrtonte nj\u00eb komunikim krejt tjet\u00ebr\u201d, tha Ukshini.<\/p>\n<p>Ai shtoi se p\u00ebrfitimet nga largimi i UNMIK-ut do t\u00eb jen\u00eb t\u00eb dukshme.<\/p>\n<p>\u201cKjo tregon q\u00eb Kosova edhe nj\u00eb her\u00eb konfirmohet q\u00eb \u00ebsht\u00eb shtet i pavarur, qeveriset vet\u00eb, \u00ebsht\u00eb e aft\u00eb ta administroj\u00eb pushtetin vet\u00eb. Ne e kemi k\u00ebtu edhe nj\u00eb mision t\u00eb EULEX-it, i cili ka ardhur gjoja p\u00ebr t\u2019i ndihmuar institucionet e Kosov\u00ebs, por \u00ebsht\u00eb edhe ky nj\u00eb mision krejt kot, n\u00eb fakt Kosova nuk ka nevoj\u00eb pos p\u00ebr prezenc\u00ebn ushtarake t\u00eb KFOR-it, p\u00ebr t\u00eb tjerat prezenca nuk ka nevoj\u00eb\u201d, tha Ukshini.<\/p>\n<p>Nga ana tjet\u00ebr, drejtori i Institutit p\u00ebr Studime t\u00eb Luft\u00ebs Hibride \u201cOctopus\u201d, Arben Fetoshi, theksoi se UNMIK-u ka humbur funksionin dhe ka sh\u00ebrbyer kryesisht interesave juridike t\u00eb Serbis\u00eb kund\u00ebr Kosov\u00ebs.<\/p>\n<p>\u201cKosova nuk ka nevoj\u00eb m\u00eb tutje p\u00ebr UNMIK-un, UNMIK i takon historis\u00eb p\u00ebr shkak se kjo \u00ebsht\u00eb paradoksale n\u00eb qoft\u00eb se kemi parasysh faktin q\u00eb nga 17 shkurti 2008 Kosova e ka shpallur pavar\u00ebsin\u00eb dhe realisht misioni i UNMIK, jo vet\u00ebm q\u00eb i sh\u00ebrben luft\u00ebs juridike nd\u00ebrkomb\u00ebtare t\u00eb Serbis\u00eb kund\u00ebr Kosov\u00ebs, por aq m\u00eb tep\u00ebr \u00ebsht\u00eb nj\u00eb mision i cili nga raportimet e fundit \u00ebsht\u00eb p\u00ebrfshir\u00eb edhe nga korrupsioni e nepotizmi e aferave t\u00eb tjera, p\u00ebr shkak se nuk ka asnj\u00eb logjik\u00eb q\u00eb t\u00eb jet\u00eb aktiv m\u00eb tutje duke u bazuar n\u00eb rezolut\u00ebn e tejkaluar t\u00eb K\u00ebshillit t\u00eb Sigurimit 1244\u201d, tha ai.<\/p>\n<p>Fetoshi n\u00ebnvizoi se prania e UNMIK-ut pas shpalljes s\u00eb pavar\u00ebsis\u00eb p\u00ebrb\u00ebn nd\u00ebrhyrje n\u00eb sovranitetin e Kosov\u00ebs.<\/p>\n<p>\u201cDo t\u00eb ishte elementi m\u00eb i r\u00ebnd\u00ebsish\u00ebm n\u00eb drejtim t\u00eb konsolidimit t\u00eb shtetit t\u00eb Kosov\u00ebs, p\u00ebr shkak se UNMIK \u00ebsht\u00eb bazuar n\u00eb nj\u00eb rezolut\u00eb e cila tashm\u00eb \u00ebsht\u00eb tejkaluar. Mandati i UNMIK n\u00eb Kosov\u00eb lidhet me rezolut\u00ebn 1244 t\u00eb K\u00ebshillit t\u00eb Sigurimit t\u00eb OKB-s\u00eb, dhe pas shpalljes s\u00eb pavar\u00ebsis\u00eb praktikisht UNMIK n\u00eb Kosov\u00eb \u00ebsht\u00eb nj\u00eb nd\u00ebrhyrje n\u00eb sovranitetin e Kosov\u00ebs\u201d, tha ai.<\/p>\n<p>M\u00eb 21 tetor, n\u00eb K\u00ebshillin e Sigurimit t\u00eb OKB-s\u00eb \u00ebsht\u00eb diskutuar p\u00ebr Kosov\u00ebn, ku SHBA-ja dhe disa vende t\u00eb tjera kan\u00eb deklaruar se misioni i UNMIK-ut nuk \u00ebsht\u00eb m\u00eb i nevojsh\u00ebm dhe po shpenzon shum\u00eb pa pasur ndikim real n\u00eb Kosov\u00eb.<\/p>\n","protected":false},"excerpt":{"rendered":"<p>Diplomat\u00ebt dhe njoh\u00ebsit e siguris\u00eb, vler\u00ebsojn\u00eb se misioni i UNMIK-ut n\u00eb Kosov\u00eb \u00ebsht\u00eb i tejkaluar dhe nuk ka m\u00eb funksion t\u00eb nevojsh\u00ebm p\u00ebr stabilitetin dhe<\/p>\n","protected":false},"author":6,"featured_media":17659,"comment_status":"open","ping_status":"open","sticky":false,"template":"","format":"standard","meta":{"footnotes":""},"categories":[58],"tags":[],"class_list":["post-17656","post","type-post","status-publish","format-standard","has-post-thumbnail","hentry","category-politike-sq"],"yoast_head":"<!-- This site is optimized with the Yoast SEO plugin v25.3.1 - https:\/\/yoast.com\/wordpress\/plugins\/seo\/ -->\n<title>Ekspert\u00ebt: UNMIK-u duhet t\u00eb largohet nga Kosova, nd\u00ebrhyrja serbe nuk mund t\u00eb vazhdoj\u00eb -<\/title>\n<meta name=\"robots\" content=\"index, follow, max-snippet:-1, max-image-preview:large, max-video-preview:-1\" \/>\n<link rel=\"canonical\" href=\"https:\/\/veritasinfo.org\/?p=17656\" \/>\n<meta property=\"og:locale\" content=\"en_US\" \/>\n<meta property=\"og:type\" content=\"article\" \/>\n<meta property=\"og:title\" content=\"Ekspert\u00ebt: UNMIK-u duhet t\u00eb largohet nga Kosova, nd\u00ebrhyrja serbe nuk mund t\u00eb vazhdoj\u00eb -\" \/>\n<meta property=\"og:description\" content=\"Diplomat\u00ebt dhe njoh\u00ebsit e siguris\u00eb, vler\u00ebsojn\u00eb se misioni i UNMIK-ut n\u00eb Kosov\u00eb \u00ebsht\u00eb i tejkaluar dhe nuk ka m\u00eb funksion t\u00eb nevojsh\u00ebm p\u00ebr stabilitetin dhe\" \/>\n<meta property=\"og:url\" content=\"https:\/\/veritasinfo.org\/?p=17656\" \/>\n<meta property=\"article:published_time\" content=\"2025-10-25T08:10:54+00:00\" \/>\n<meta property=\"og:image\" content=\"https:\/\/veritasinfo.org\/wp-content\/uploads\/2025\/10\/4444-48.jpg\" \/>\n\t<meta property=\"og:image:width\" content=\"500\" \/>\n\t<meta property=\"og:image:height\" content=\"261\" \/>\n\t<meta property=\"og:image:type\" content=\"image\/jpeg\" \/>\n<meta name=\"author\" content=\"US5\" \/>\n<meta name=\"twitter:card\" content=\"summary_large_image\" \/>\n<meta name=\"twitter:label1\" content=\"Written by\" \/>\n\t<meta name=\"twitter:data1\" content=\"US5\" \/>\n\t<meta name=\"twitter:label2\" content=\"Est. reading time\" \/>\n\t<meta name=\"twitter:data2\" content=\"1 minute\" \/>\n<script type=\"application\/ld+json\" class=\"yoast-schema-graph\">{\"@context\":\"https:\/\/schema.org\",\"@graph\":[{\"@type\":\"WebPage\",\"@id\":\"https:\/\/veritasinfo.org\/?p=17656\",\"url\":\"https:\/\/veritasinfo.org\/?p=17656\",\"name\":\"Ekspert\u00ebt: UNMIK-u duhet t\u00eb largohet nga Kosova, nd\u00ebrhyrja serbe nuk mund t\u00eb vazhdoj\u00eb -\",\"isPartOf\":{\"@id\":\"https:\/\/veritasinfo.org\/#website\"},\"primaryImageOfPage\":{\"@id\":\"https:\/\/veritasinfo.org\/?p=17656#primaryimage\"},\"image\":{\"@id\":\"https:\/\/veritasinfo.org\/?p=17656#primaryimage\"},\"thumbnailUrl\":\"https:\/\/veritasinfo.org\/wp-content\/uploads\/2025\/10\/4444-48.jpg\",\"datePublished\":\"2025-10-25T08:10:54+00:00\",\"author\":{\"@id\":\"https:\/\/veritasinfo.org\/#\/schema\/person\/bc442336e35414d04494ab8fb45db4c6\"},\"breadcrumb\":{\"@id\":\"https:\/\/veritasinfo.org\/?p=17656#breadcrumb\"},\"inLanguage\":\"en-US\",\"potentialAction\":[{\"@type\":\"ReadAction\",\"target\":[\"https:\/\/veritasinfo.org\/?p=17656\"]}]},{\"@type\":\"ImageObject\",\"inLanguage\":\"en-US\",\"@id\":\"https:\/\/veritasinfo.org\/?p=17656#primaryimage\",\"url\":\"https:\/\/veritasinfo.org\/wp-content\/uploads\/2025\/10\/4444-48.jpg\",\"contentUrl\":\"https:\/\/veritasinfo.org\/wp-content\/uploads\/2025\/10\/4444-48.jpg\",\"width\":500,\"height\":261},{\"@type\":\"BreadcrumbList\",\"@id\":\"https:\/\/veritasinfo.org\/?p=17656#breadcrumb\",\"itemListElement\":[{\"@type\":\"ListItem\",\"position\":1,\"name\":\"Home\",\"item\":\"https:\/\/veritasinfo.org\/\"},{\"@type\":\"ListItem\",\"position\":2,\"name\":\"Ekspert\u00ebt: UNMIK-u duhet t\u00eb largohet nga Kosova, nd\u00ebrhyrja serbe nuk mund t\u00eb vazhdoj\u00eb\"}]},{\"@type\":\"WebSite\",\"@id\":\"https:\/\/veritasinfo.org\/#website\",\"url\":\"https:\/\/veritasinfo.org\/\",\"name\":\"\",\"description\":\"\",\"potentialAction\":[{\"@type\":\"SearchAction\",\"target\":{\"@type\":\"EntryPoint\",\"urlTemplate\":\"https:\/\/veritasinfo.org\/?s={search_term_string}\"},\"query-input\":{\"@type\":\"PropertyValueSpecification\",\"valueRequired\":true,\"valueName\":\"search_term_string\"}}],\"inLanguage\":\"en-US\"},{\"@type\":\"Person\",\"@id\":\"https:\/\/veritasinfo.org\/#\/schema\/person\/bc442336e35414d04494ab8fb45db4c6\",\"name\":\"US5\",\"image\":{\"@type\":\"ImageObject\",\"inLanguage\":\"en-US\",\"@id\":\"https:\/\/veritasinfo.org\/#\/schema\/person\/image\/\",\"url\":\"https:\/\/secure.gravatar.com\/avatar\/16a61e7272a0c5d001121ebb9e60e925d5816e4ac1e443ed3e640d9a6ae55d0c?s=96&d=mm&r=g\",\"contentUrl\":\"https:\/\/secure.gravatar.com\/avatar\/16a61e7272a0c5d001121ebb9e60e925d5816e4ac1e443ed3e640d9a6ae55d0c?s=96&d=mm&r=g\",\"caption\":\"US5\"},\"url\":\"https:\/\/veritasinfo.org\/?author=6\"}]}<\/script>\n<!-- \/ Yoast SEO plugin. -->","yoast_head_json":{"title":"Ekspert\u00ebt: UNMIK-u duhet t\u00eb largohet nga Kosova, nd\u00ebrhyrja serbe nuk mund t\u00eb vazhdoj\u00eb -","robots":{"index":"index","follow":"follow","max-snippet":"max-snippet:-1","max-image-preview":"max-image-preview:large","max-video-preview":"max-video-preview:-1"},"canonical":"https:\/\/veritasinfo.org\/?p=17656","og_locale":"en_US","og_type":"article","og_title":"Ekspert\u00ebt: UNMIK-u duhet t\u00eb largohet nga Kosova, nd\u00ebrhyrja serbe nuk mund t\u00eb vazhdoj\u00eb -","og_description":"Diplomat\u00ebt dhe njoh\u00ebsit e siguris\u00eb, vler\u00ebsojn\u00eb se misioni i UNMIK-ut n\u00eb Kosov\u00eb \u00ebsht\u00eb i tejkaluar dhe nuk ka m\u00eb funksion t\u00eb nevojsh\u00ebm p\u00ebr stabilitetin dhe","og_url":"https:\/\/veritasinfo.org\/?p=17656","article_published_time":"2025-10-25T08:10:54+00:00","og_image":[{"width":500,"height":261,"url":"https:\/\/veritasinfo.org\/wp-content\/uploads\/2025\/10\/4444-48.jpg","type":"image\/jpeg"}],"author":"US5","twitter_card":"summary_large_image","twitter_misc":{"Written by":"US5","Est. reading time":"1 minute"},"schema":{"@context":"https:\/\/schema.org","@graph":[{"@type":"WebPage","@id":"https:\/\/veritasinfo.org\/?p=17656","url":"https:\/\/veritasinfo.org\/?p=17656","name":"Ekspert\u00ebt: UNMIK-u duhet t\u00eb largohet nga Kosova, nd\u00ebrhyrja serbe nuk mund t\u00eb vazhdoj\u00eb -","isPartOf":{"@id":"https:\/\/veritasinfo.org\/#website"},"primaryImageOfPage":{"@id":"https:\/\/veritasinfo.org\/?p=17656#primaryimage"},"image":{"@id":"https:\/\/veritasinfo.org\/?p=17656#primaryimage"},"thumbnailUrl":"https:\/\/veritasinfo.org\/wp-content\/uploads\/2025\/10\/4444-48.jpg","datePublished":"2025-10-25T08:10:54+00:00","author":{"@id":"https:\/\/veritasinfo.org\/#\/schema\/person\/bc442336e35414d04494ab8fb45db4c6"},"breadcrumb":{"@id":"https:\/\/veritasinfo.org\/?p=17656#breadcrumb"},"inLanguage":"en-US","potentialAction":[{"@type":"ReadAction","target":["https:\/\/veritasinfo.org\/?p=17656"]}]},{"@type":"ImageObject","inLanguage":"en-US","@id":"https:\/\/veritasinfo.org\/?p=17656#primaryimage","url":"https:\/\/veritasinfo.org\/wp-content\/uploads\/2025\/10\/4444-48.jpg","contentUrl":"https:\/\/veritasinfo.org\/wp-content\/uploads\/2025\/10\/4444-48.jpg","width":500,"height":261},{"@type":"BreadcrumbList","@id":"https:\/\/veritasinfo.org\/?p=17656#breadcrumb","itemListElement":[{"@type":"ListItem","position":1,"name":"Home","item":"https:\/\/veritasinfo.org\/"},{"@type":"ListItem","position":2,"name":"Ekspert\u00ebt: UNMIK-u duhet t\u00eb largohet nga Kosova, nd\u00ebrhyrja serbe nuk mund t\u00eb vazhdoj\u00eb"}]},{"@type":"WebSite","@id":"https:\/\/veritasinfo.org\/#website","url":"https:\/\/veritasinfo.org\/","name":"","description":"","potentialAction":[{"@type":"SearchAction","target":{"@type":"EntryPoint","urlTemplate":"https:\/\/veritasinfo.org\/?s={search_term_string}"},"query-input":{"@type":"PropertyValueSpecification","valueRequired":true,"valueName":"search_term_string"}}],"inLanguage":"en-US"},{"@type":"Person","@id":"https:\/\/veritasinfo.org\/#\/schema\/person\/bc442336e35414d04494ab8fb45db4c6","name":"US5","image":{"@type":"ImageObject","inLanguage":"en-US","@id":"https:\/\/veritasinfo.org\/#\/schema\/person\/image\/","url":"https:\/\/secure.gravatar.com\/avatar\/16a61e7272a0c5d001121ebb9e60e925d5816e4ac1e443ed3e640d9a6ae55d0c?s=96&d=mm&r=g","contentUrl":"https:\/\/secure.gravatar.com\/avatar\/16a61e7272a0c5d001121ebb9e60e925d5816e4ac1e443ed3e640d9a6ae55d0c?s=96&d=mm&r=g","caption":"US5"},"url":"https:\/\/veritasinfo.org\/?author=6"}]}},"featured_image_urls":{"full":["https:\/\/veritasinfo.org\/wp-content\/uploads\/2025\/10\/4444-48.jpg",500,261,false],"thumbnail":["https:\/\/veritasinfo.org\/wp-content\/uploads\/2025\/10\/4444-48-150x150.jpg",150,150,true],"medium":["https:\/\/veritasinfo.org\/wp-content\/uploads\/2025\/10\/4444-48-300x157.jpg",300,157,true],"medium_large":["https:\/\/veritasinfo.org\/wp-content\/uploads\/2025\/10\/4444-48.jpg",500,261,false],"large":["https:\/\/veritasinfo.org\/wp-content\/uploads\/2025\/10\/4444-48.jpg",500,261,false],"1536x1536":["https:\/\/veritasinfo.org\/wp-content\/uploads\/2025\/10\/4444-48.jpg",500,261,false],"2048x2048":["https:\/\/veritasinfo.org\/wp-content\/uploads\/2025\/10\/4444-48.jpg",500,261,false],"kreeti-slider-full":["https:\/\/veritasinfo.org\/wp-content\/uploads\/2025\/10\/4444-48.jpg",500,261,false],"kreeti-featured":["https:\/\/veritasinfo.org\/wp-content\/uploads\/2025\/10\/4444-48.jpg",500,261,false],"kreeti-medium":["https:\/\/veritasinfo.org\/wp-content\/uploads\/2025\/10\/4444-48.jpg",500,261,false],"kreeti-medium-square":["https:\/\/veritasinfo.org\/wp-content\/uploads\/2025\/10\/4444-48.jpg",350,183,false]},"author_info":{"info":["US5"]},"category_info":"<a href=\"https:\/\/veritasinfo.org\/?cat=58\" rel=\"category\">Politik\u00eb<\/a>","tag_info":"Politik\u00eb","comment_count":"0","_links":{"self":[{"href":"https:\/\/veritasinfo.org\/index.php?rest_route=\/wp\/v2\/posts\/17656","targetHints":{"allow":["GET"]}}],"collection":[{"href":"https:\/\/veritasinfo.org\/index.php?rest_route=\/wp\/v2\/posts"}],"about":[{"href":"https:\/\/veritasinfo.org\/index.php?rest_route=\/wp\/v2\/types\/post"}],"author":[{"embeddable":true,"href":"https:\/\/veritasinfo.org\/index.php?rest_route=\/wp\/v2\/users\/6"}],"replies":[{"embeddable":true,"href":"https:\/\/veritasinfo.org\/index.php?rest_route=%2Fwp%2Fv2%2Fcomments&post=17656"}],"version-history":[{"count":1,"href":"https:\/\/veritasinfo.org\/index.php?rest_route=\/wp\/v2\/posts\/17656\/revisions"}],"predecessor-version":[{"id":17660,"href":"https:\/\/veritasinfo.org\/index.php?rest_route=\/wp\/v2\/posts\/17656\/revisions\/17660"}],"wp:featuredmedia":[{"embeddable":true,"href":"https:\/\/veritasinfo.org\/index.php?rest_route=\/wp\/v2\/media\/17659"}],"wp:attachment":[{"href":"https:\/\/veritasinfo.org\/index.php?rest_route=%2Fwp%2Fv2%2Fmedia&parent=17656"}],"wp:term":[{"taxonomy":"category","embeddable":true,"href":"https:\/\/veritasinfo.org\/index.php?rest_route=%2Fwp%2Fv2%2Fcategories&post=17656"},{"taxonomy":"post_tag","embeddable":true,"href":"https:\/\/veritasinfo.org\/index.php?rest_route=%2Fwp%2Fv2%2Ftags&post=17656"}],"curies":[{"name":"wp","href":"https:\/\/api.w.org\/{rel}","templated":true}]}}